{"id":57046,"date":"2026-03-11T14:26:34","date_gmt":"2026-03-11T19:26:34","guid":{"rendered":"https:\/\/ciudadyregion.com.co\/?p=57046"},"modified":"2026-03-11T14:26:34","modified_gmt":"2026-03-11T19:26:34","slug":"las-ninas-ninos-y-adolescentes-del-espinal-tambien-tienen-voz","status":"publish","type":"post","link":"https:\/\/ciudadyregion.com.co\/index.php\/las-ninas-ninos-y-adolescentes-del-espinal-tambien-tienen-voz\/regional\/","title":{"rendered":"\u00a1Las ni\u00f1as, ni\u00f1os y adolescentes del Espinal tambi\u00e9n tienen voz!"},"content":{"rendered":"<div class=\"xdj266r x14z9mp xat24cr x1lziwak x1vvkbs x126k92a\">\n<div dir=\"auto\">Si tienes entre 9 y 16 a\u00f1os, esta es tu oportunidad para hacer parte de este importante proceso de participaci\u00f3n.<\/div>\n<\/div>\n<div class=\"x14z9mp xat24cr x1lziwak x1vvkbs xtlvy1s x126k92a\">\n<div dir=\"auto\"><\/div>\n<\/div>\n<div class=\"x14z9mp xat24cr x1lziwak x1vvkbs xtlvy1s x126k92a\">\n<div dir=\"auto\"><span class=\"html-span xexx8yu xyri2b x18d9i69 x1c1uobl x1hl2dhg x16tdsg8 x1vvkbs x3nfvp2 x1j61x8r x1fcty0u xdj266r xat24cr xm2jcoa x1mpyi22 xxymvpz xlup9mm x1kky2od\"><img loading=\"lazy\" decoding=\"async\" class=\"xz74otr x15mokao x1ga7v0g x16uus16 xbiv7yw\" src=\"https:\/\/static.xx.fbcdn.net\/images\/emoji.php\/v9\/tac\/1\/16\/1f4cc.png\" alt=\"\ud83d\udccc\" width=\"16\" height=\"16\" \/><\/span> Inscr\u00edbete aqu\u00ed: <span class=\"html-span xdj266r x14z9mp xat24cr x1lziwak xexx8yu xyri2b x18d9i69 x1c1uobl x1hl2dhg x16tdsg8 x1vvkbs\"><a class=\"x1i10hfl xjbqb8w x1ejq31n x18oe1m7 x1sy0etr xstzfhl x972fbf x10w94by x1qhh985 x14e42zd x9f619 x1ypdohk xt0psk2 x3ct3a4 xdj266r x14z9mp xat24cr x1lziwak xexx8yu xyri2b x18d9i69 x1c1uobl x16tdsg8 x1hl2dhg xggy1nq x1a2a7pz xkrqix3 x1sur9pj x1fey0fg x1s688f\" tabindex=\"0\" role=\"link\" href=\"https:\/\/docs.google.com\/forms\/d\/e\/1FAIpQLSfHK-Rz0b9XIJw3KLsT21jrT_Z-P5J5a8R-xLgBzSDhYKWPeQ\/viewform?usp=header&amp;fbclid=IwZXh0bgNhZW0CMTAAYnJpZBExVHg1bUZ0dE5ZbHVZMzB0cXNydGMGYXBwX2lkEDIyMjAzOTE3ODgyMDA4OTIAAR5NUishaA6Uzd6muF49v5YM3XE2pjDlZxE5r2Hzx6H462tLMDBP3ah6yxmegw_aem_140nFT5K9QcJl6MfAcy4hw\" target=\"_blank\" rel=\"nofollow noopener noreferrer\">https:\/\/docs.google.com\/&#8230;\/1FAIpQLSfHK&#8230;\/viewform&#8230;<\/a><\/span><\/div>\n<\/div>\n<div class=\"x14z9mp xat24cr x1lziwak x1vvkbs xtlvy1s x126k92a\">\n<div dir=\"auto\"><span class=\"html-span xexx8yu xyri2b x18d9i69 x1c1uobl x1hl2dhg x16tdsg8 x1vvkbs x3nfvp2 x1j61x8r x1fcty0u xdj266r xat24cr xm2jcoa x1mpyi22 xxymvpz xlup9mm x1kky2od\"><img loading=\"lazy\" decoding=\"async\" class=\"xz74otr x15mokao x1ga7v0g x16uus16 xbiv7yw\" src=\"https:\/\/static.xx.fbcdn.net\/images\/emoji.php\/v9\/t7e\/1\/16\/1f4c5.png\" alt=\"\ud83d\udcc5\" width=\"16\" height=\"16\" \/><\/span> Fecha l\u00edmite de inscripci\u00f3n: 15 de marzo<\/div>\n<\/div>\n<div class=\"x14z9mp xat24cr x1lziwak x1vvkbs xtlvy1s x126k92a\">\n<div dir=\"auto\">\u00a1No te quedes por fuera!<\/div>\n<div dir=\"auto\"><\/div>\n<div dir=\"auto\">Tu voz es importante para seguir construyendo el Espinal que queremos.<\/div>\n<\/div>\n<div dir=\"auto\"><\/div>\n<div dir=\"auto\"><img decoding=\"async\" src=\"https:\/\/scontent.fbog14-1.fna.fbcdn.net\/v\/t39.30808-6\/649110566_1509954660701505_9075581192162721890_n.jpg?_nc_cat=110&amp;ccb=1-7&amp;_nc_sid=7b2446&amp;_nc_eui2=AeE45WL8mh_6Gffd2E91nd5sI6VxHeE5hkEjpXEd4TmGQXRrxfpKxSpPwVvq2YWbMrE7hjJ83qwmRTtuLkLMvxzE&amp;_nc_ohc=5asHa11mQN8Q7kNvwFX6Uzg&amp;_nc_oc=AdkbKTSOdKSJRldRAnX9boFl80zQhl_LxScthW16mKSIrOvk8OCYbeWWepkSoUOE7os&amp;_nc_zt=23&amp;_nc_ht=scontent.fbog14-1.fna&amp;_nc_gid=VqHbOi8nH0LKvDmsGypTnQ&amp;_nc_ss=8&amp;oh=00_AfxQsKoqFAeHZnX1ATnC2zwquoHfVc1AgfcL4osV30rnuQ&amp;oe=69B7AD1A\" alt=\"Puede ser una imagen de una o varias personas y texto que dice &quot;CAA INRH Mmmanan mrmi HaTKp 9 \u12ec\u123d Mesa de Infancia y Adolescencia Participa Inscr\u00edbete a trav\u00e9s del c\u00f3digo QR Requisitos: Tener edad entre los 9-16 a\u00f1os. Fecha de finalizaci\u00f3n: 15 de marzo \u00a1No te pierdas esta oportunidad de hacer escuchar tu voz! 1\u6708\u4e94\u65e5 ELESPINAL NDPL Espinal CRECE Secretaria de Desarroll llo Social Direcci\u00f3n Administrativa de Programas Socialos&quot;\" \/><\/div>\n","protected":false},"excerpt":{"rendered":"<p>Si tienes entre 9 y 16 a\u00f1os, esta es tu oportunidad para hacer parte de este importante proceso de participaci\u00f3n. Inscr\u00edbete aqu\u00ed: https:\/\/docs.google.com\/&#8230;\/1FAIpQLSfHK&#8230;\/viewform&#8230; Fecha l\u00edmite de inscripci\u00f3n: 15 de marzo \u00a1No te quedes por fuera! Tu voz es importante para seguir construyendo el Espinal que queremos.<span class=\"more-link\"><a href=\"https:\/\/ciudadyregion.com.co\/index.php\/las-ninas-ninos-y-adolescentes-del-espinal-tambien-tienen-voz\/regional\/\">Continuar Leyendo<\/a><\/span><\/p>\n","protected":false},"author":2,"featured_media":57047,"comment_status":"open","ping_status":"open","sticky":false,"template":"","format":"standard","meta":{"_uf_show_specific_survey":0,"_uf_disable_surveys":false,"_jetpack_memberships_contains_paid_content":false,"footnotes":"","jetpack_publicize_message":"","jetpack_publicize_feature_enabled":true,"jetpack_social_post_already_shared":true,"jetpack_social_options":{"image_generator_settings":{"template":"highway","enabled":false},"version":2}},"categories":[13],"tags":[],"class_list":["entry","author-diegoaguirre","post-57046","post","type-post","status-publish","format-standard","has-post-thumbnail","category-regional"],"jetpack_publicize_connections":[],"yoast_head":"<!-- This site is optimized with the Yoast SEO plugin v24.3 - https:\/\/yoast.com\/wordpress\/plugins\/seo\/ -->\n<title>\u00a1Las ni\u00f1as, ni\u00f1os y adolescentes del Espinal tambi\u00e9n tienen voz! - Ciudad y Region<\/title>\n<meta name=\"robots\" content=\"index, follow, max-snippet:-1, max-image-preview:large, max-video-preview:-1\" \/>\n<link rel=\"canonical\" href=\"https:\/\/ciudadyregion.com.co\/index.php\/las-ninas-ninos-y-adolescentes-del-espinal-tambien-tienen-voz\/regional\/\" \/>\n<meta property=\"og:locale\" content=\"es_ES\" \/>\n<meta property=\"og:type\" content=\"article\" \/>\n<meta property=\"og:title\" content=\"\u00a1Las ni\u00f1as, ni\u00f1os y adolescentes del Espinal tambi\u00e9n tienen voz! - Ciudad y Region\" \/>\n<meta property=\"og:description\" content=\"Si tienes entre 9 y 16 a\u00f1os, esta es tu oportunidad para hacer parte de este importante proceso de participaci\u00f3n. Inscr\u00edbete aqu\u00ed: https:\/\/docs.google.com\/&#8230;\/1FAIpQLSfHK&#8230;\/viewform&#8230; Fecha l\u00edmite de inscripci\u00f3n: 15 de marzo \u00a1No te quedes por fuera! Tu voz es importante para seguir construyendo el Espinal que queremos.Continuar Leyendo\" \/>\n<meta property=\"og:url\" content=\"https:\/\/ciudadyregion.com.co\/index.php\/las-ninas-ninos-y-adolescentes-del-espinal-tambien-tienen-voz\/regional\/\" \/>\n<meta property=\"og:site_name\" content=\"Ciudad y Region\" \/>\n<meta property=\"article:published_time\" content=\"2026-03-11T19:26:34+00:00\" \/>\n<meta property=\"og:image\" content=\"https:\/\/ciudadyregion.com.co\/wp-content\/uploads\/2026\/03\/a-13-1.jpg\" \/>\n\t<meta property=\"og:image:width\" content=\"800\" \/>\n\t<meta property=\"og:image:height\" content=\"445\" \/>\n\t<meta property=\"og:image:type\" content=\"image\/jpeg\" \/>\n<meta name=\"author\" content=\"David Andr\u00e9s Aguirre\" \/>\n<meta name=\"twitter:card\" content=\"summary_large_image\" \/>\n<meta name=\"twitter:label1\" content=\"Escrito por\" \/>\n\t<meta name=\"twitter:data1\" content=\"David Andr\u00e9s Aguirre\" \/>\n\t<meta name=\"twitter:label2\" content=\"Tiempo de lectura\" \/>\n\t<meta name=\"twitter:data2\" content=\"2 minutos\" \/>\n<script type=\"application\/ld+json\" class=\"yoast-schema-graph\">{\"@context\":\"https:\/\/schema.org\",\"@graph\":[{\"@type\":\"WebPage\",\"@id\":\"https:\/\/ciudadyregion.com.co\/index.php\/las-ninas-ninos-y-adolescentes-del-espinal-tambien-tienen-voz\/regional\/\",\"url\":\"https:\/\/ciudadyregion.com.co\/index.php\/las-ninas-ninos-y-adolescentes-del-espinal-tambien-tienen-voz\/regional\/\",\"name\":\"\u00a1Las ni\u00f1as, ni\u00f1os y adolescentes del Espinal tambi\u00e9n tienen voz! - Ciudad y Region\",\"isPartOf\":{\"@id\":\"https:\/\/ciudadyregion.com.co\/#website\"},\"primaryImageOfPage\":{\"@id\":\"https:\/\/ciudadyregion.com.co\/index.php\/las-ninas-ninos-y-adolescentes-del-espinal-tambien-tienen-voz\/regional\/#primaryimage\"},\"image\":{\"@id\":\"https:\/\/ciudadyregion.com.co\/index.php\/las-ninas-ninos-y-adolescentes-del-espinal-tambien-tienen-voz\/regional\/#primaryimage\"},\"thumbnailUrl\":\"https:\/\/i0.wp.com\/ciudadyregion.com.co\/wp-content\/uploads\/2026\/03\/a-13-1.jpg?fit=800%2C445&ssl=1\",\"datePublished\":\"2026-03-11T19:26:34+00:00\",\"dateModified\":\"2026-03-11T19:26:34+00:00\",\"author\":{\"@id\":\"https:\/\/ciudadyregion.com.co\/#\/schema\/person\/04a4954373ebc4051f46e8c65ff78622\"},\"breadcrumb\":{\"@id\":\"https:\/\/ciudadyregion.com.co\/index.php\/las-ninas-ninos-y-adolescentes-del-espinal-tambien-tienen-voz\/regional\/#breadcrumb\"},\"inLanguage\":\"es\",\"potentialAction\":[{\"@type\":\"ReadAction\",\"target\":[\"https:\/\/ciudadyregion.com.co\/index.php\/las-ninas-ninos-y-adolescentes-del-espinal-tambien-tienen-voz\/regional\/\"]}]},{\"@type\":\"ImageObject\",\"inLanguage\":\"es\",\"@id\":\"https:\/\/ciudadyregion.com.co\/index.php\/las-ninas-ninos-y-adolescentes-del-espinal-tambien-tienen-voz\/regional\/#primaryimage\",\"url\":\"https:\/\/i0.wp.com\/ciudadyregion.com.co\/wp-content\/uploads\/2026\/03\/a-13-1.jpg?fit=800%2C445&ssl=1\",\"contentUrl\":\"https:\/\/i0.wp.com\/ciudadyregion.com.co\/wp-content\/uploads\/2026\/03\/a-13-1.jpg?fit=800%2C445&ssl=1\",\"width\":800,\"height\":445},{\"@type\":\"BreadcrumbList\",\"@id\":\"https:\/\/ciudadyregion.com.co\/index.php\/las-ninas-ninos-y-adolescentes-del-espinal-tambien-tienen-voz\/regional\/#breadcrumb\",\"itemListElement\":[{\"@type\":\"ListItem\",\"position\":1,\"name\":\"Portada\",\"item\":\"https:\/\/ciudadyregion.com.co\/\"},{\"@type\":\"ListItem\",\"position\":2,\"name\":\"\u00a1Las ni\u00f1as, ni\u00f1os y adolescentes del Espinal tambi\u00e9n tienen voz!\"}]},{\"@type\":\"WebSite\",\"@id\":\"https:\/\/ciudadyregion.com.co\/#website\",\"url\":\"https:\/\/ciudadyregion.com.co\/\",\"name\":\"Ciudad y Region\",\"description\":\"\",\"potentialAction\":[{\"@type\":\"SearchAction\",\"target\":{\"@type\":\"EntryPoint\",\"urlTemplate\":\"https:\/\/ciudadyregion.com.co\/?s={search_term_string}\"},\"query-input\":{\"@type\":\"PropertyValueSpecification\",\"valueRequired\":true,\"valueName\":\"search_term_string\"}}],\"inLanguage\":\"es\"},{\"@type\":\"Person\",\"@id\":\"https:\/\/ciudadyregion.com.co\/#\/schema\/person\/04a4954373ebc4051f46e8c65ff78622\",\"name\":\"David Andr\u00e9s Aguirre\",\"image\":{\"@type\":\"ImageObject\",\"inLanguage\":\"es\",\"@id\":\"https:\/\/ciudadyregion.com.co\/#\/schema\/person\/image\/\",\"url\":\"https:\/\/secure.gravatar.com\/avatar\/bc3c655860202182ee6d1b5edd042dbe?s=96&d=mm&r=g\",\"contentUrl\":\"https:\/\/secure.gravatar.com\/avatar\/bc3c655860202182ee6d1b5edd042dbe?s=96&d=mm&r=g\",\"caption\":\"David Andr\u00e9s Aguirre\"},\"url\":\"https:\/\/ciudadyregion.com.co\/index.php\/author\/diegoaguirre\/\"}]}<\/script>\n<!-- \/ Yoast SEO plugin. -->","yoast_head_json":{"title":"\u00a1Las ni\u00f1as, ni\u00f1os y adolescentes del Espinal tambi\u00e9n tienen voz! - Ciudad y Region","robots":{"index":"index","follow":"follow","max-snippet":"max-snippet:-1","max-image-preview":"max-image-preview:large","max-video-preview":"max-video-preview:-1"},"canonical":"https:\/\/ciudadyregion.com.co\/index.php\/las-ninas-ninos-y-adolescentes-del-espinal-tambien-tienen-voz\/regional\/","og_locale":"es_ES","og_type":"article","og_title":"\u00a1Las ni\u00f1as, ni\u00f1os y adolescentes del Espinal tambi\u00e9n tienen voz! - Ciudad y Region","og_description":"Si tienes entre 9 y 16 a\u00f1os, esta es tu oportunidad para hacer parte de este importante proceso de participaci\u00f3n. Inscr\u00edbete aqu\u00ed: https:\/\/docs.google.com\/&#8230;\/1FAIpQLSfHK&#8230;\/viewform&#8230; Fecha l\u00edmite de inscripci\u00f3n: 15 de marzo \u00a1No te quedes por fuera! Tu voz es importante para seguir construyendo el Espinal que queremos.Continuar Leyendo","og_url":"https:\/\/ciudadyregion.com.co\/index.php\/las-ninas-ninos-y-adolescentes-del-espinal-tambien-tienen-voz\/regional\/","og_site_name":"Ciudad y Region","article_published_time":"2026-03-11T19:26:34+00:00","og_image":[{"width":800,"height":445,"url":"https:\/\/ciudadyregion.com.co\/wp-content\/uploads\/2026\/03\/a-13-1.jpg","type":"image\/jpeg"}],"author":"David Andr\u00e9s Aguirre","twitter_card":"summary_large_image","twitter_misc":{"Escrito por":"David Andr\u00e9s Aguirre","Tiempo de lectura":"2 minutos"},"schema":{"@context":"https:\/\/schema.org","@graph":[{"@type":"WebPage","@id":"https:\/\/ciudadyregion.com.co\/index.php\/las-ninas-ninos-y-adolescentes-del-espinal-tambien-tienen-voz\/regional\/","url":"https:\/\/ciudadyregion.com.co\/index.php\/las-ninas-ninos-y-adolescentes-del-espinal-tambien-tienen-voz\/regional\/","name":"\u00a1Las ni\u00f1as, ni\u00f1os y adolescentes del Espinal tambi\u00e9n tienen voz! - Ciudad y Region","isPartOf":{"@id":"https:\/\/ciudadyregion.com.co\/#website"},"primaryImageOfPage":{"@id":"https:\/\/ciudadyregion.com.co\/index.php\/las-ninas-ninos-y-adolescentes-del-espinal-tambien-tienen-voz\/regional\/#primaryimage"},"image":{"@id":"https:\/\/ciudadyregion.com.co\/index.php\/las-ninas-ninos-y-adolescentes-del-espinal-tambien-tienen-voz\/regional\/#primaryimage"},"thumbnailUrl":"https:\/\/i0.wp.com\/ciudadyregion.com.co\/wp-content\/uploads\/2026\/03\/a-13-1.jpg?fit=800%2C445&ssl=1","datePublished":"2026-03-11T19:26:34+00:00","dateModified":"2026-03-11T19:26:34+00:00","author":{"@id":"https:\/\/ciudadyregion.com.co\/#\/schema\/person\/04a4954373ebc4051f46e8c65ff78622"},"breadcrumb":{"@id":"https:\/\/ciudadyregion.com.co\/index.php\/las-ninas-ninos-y-adolescentes-del-espinal-tambien-tienen-voz\/regional\/#breadcrumb"},"inLanguage":"es","potentialAction":[{"@type":"ReadAction","target":["https:\/\/ciudadyregion.com.co\/index.php\/las-ninas-ninos-y-adolescentes-del-espinal-tambien-tienen-voz\/regional\/"]}]},{"@type":"ImageObject","inLanguage":"es","@id":"https:\/\/ciudadyregion.com.co\/index.php\/las-ninas-ninos-y-adolescentes-del-espinal-tambien-tienen-voz\/regional\/#primaryimage","url":"https:\/\/i0.wp.com\/ciudadyregion.com.co\/wp-content\/uploads\/2026\/03\/a-13-1.jpg?fit=800%2C445&ssl=1","contentUrl":"https:\/\/i0.wp.com\/ciudadyregion.com.co\/wp-content\/uploads\/2026\/03\/a-13-1.jpg?fit=800%2C445&ssl=1","width":800,"height":445},{"@type":"BreadcrumbList","@id":"https:\/\/ciudadyregion.com.co\/index.php\/las-ninas-ninos-y-adolescentes-del-espinal-tambien-tienen-voz\/regional\/#breadcrumb","itemListElement":[{"@type":"ListItem","position":1,"name":"Portada","item":"https:\/\/ciudadyregion.com.co\/"},{"@type":"ListItem","position":2,"name":"\u00a1Las ni\u00f1as, ni\u00f1os y adolescentes del Espinal tambi\u00e9n tienen voz!"}]},{"@type":"WebSite","@id":"https:\/\/ciudadyregion.com.co\/#website","url":"https:\/\/ciudadyregion.com.co\/","name":"Ciudad y Region","description":"","potentialAction":[{"@type":"SearchAction","target":{"@type":"EntryPoint","urlTemplate":"https:\/\/ciudadyregion.com.co\/?s={search_term_string}"},"query-input":{"@type":"PropertyValueSpecification","valueRequired":true,"valueName":"search_term_string"}}],"inLanguage":"es"},{"@type":"Person","@id":"https:\/\/ciudadyregion.com.co\/#\/schema\/person\/04a4954373ebc4051f46e8c65ff78622","name":"David Andr\u00e9s Aguirre","image":{"@type":"ImageObject","inLanguage":"es","@id":"https:\/\/ciudadyregion.com.co\/#\/schema\/person\/image\/","url":"https:\/\/secure.gravatar.com\/avatar\/bc3c655860202182ee6d1b5edd042dbe?s=96&d=mm&r=g","contentUrl":"https:\/\/secure.gravatar.com\/avatar\/bc3c655860202182ee6d1b5edd042dbe?s=96&d=mm&r=g","caption":"David Andr\u00e9s Aguirre"},"url":"https:\/\/ciudadyregion.com.co\/index.php\/author\/diegoaguirre\/"}]}},"jetpack_featured_media_url":"https:\/\/i0.wp.com\/ciudadyregion.com.co\/wp-content\/uploads\/2026\/03\/a-13-1.jpg?fit=800%2C445&ssl=1","jetpack_sharing_enabled":true,"jetpack_shortlink":"https:\/\/wp.me\/pbS7hh-eQ6","jetpack-related-posts":[],"_links":{"self":[{"href":"https:\/\/ciudadyregion.com.co\/index.php\/wp-json\/wp\/v2\/posts\/57046"}],"collection":[{"href":"https:\/\/ciudadyregion.com.co\/index.php\/wp-json\/wp\/v2\/posts"}],"about":[{"href":"https:\/\/ciudadyregion.com.co\/index.php\/wp-json\/wp\/v2\/types\/post"}],"author":[{"embeddable":true,"href":"https:\/\/ciudadyregion.com.co\/index.php\/wp-json\/wp\/v2\/users\/2"}],"replies":[{"embeddable":true,"href":"https:\/\/ciudadyregion.com.co\/index.php\/wp-json\/wp\/v2\/comments?post=57046"}],"version-history":[{"count":1,"href":"https:\/\/ciudadyregion.com.co\/index.php\/wp-json\/wp\/v2\/posts\/57046\/revisions"}],"predecessor-version":[{"id":57048,"href":"https:\/\/ciudadyregion.com.co\/index.php\/wp-json\/wp\/v2\/posts\/57046\/revisions\/57048"}],"wp:featuredmedia":[{"embeddable":true,"href":"https:\/\/ciudadyregion.com.co\/index.php\/wp-json\/wp\/v2\/media\/57047"}],"wp:attachment":[{"href":"https:\/\/ciudadyregion.com.co\/index.php\/wp-json\/wp\/v2\/media?parent=57046"}],"wp:term":[{"taxonomy":"category","embeddable":true,"href":"https:\/\/ciudadyregion.com.co\/index.php\/wp-json\/wp\/v2\/categories?post=57046"},{"taxonomy":"post_tag","embeddable":true,"href":"https:\/\/ciudadyregion.com.co\/index.php\/wp-json\/wp\/v2\/tags?post=57046"}],"curies":[{"name":"wp","href":"https:\/\/api.w.org\/{rel}","templated":true}]}}