{"id":57036,"date":"2026-03-11T14:10:27","date_gmt":"2026-03-11T19:10:27","guid":{"rendered":"https:\/\/ciudadyregion.com.co\/?p=57036"},"modified":"2026-03-11T14:10:27","modified_gmt":"2026-03-11T19:10:27","slug":"visitas-tecnicas-por-parte-de-la-alcaldia-a-las-veredas-yarumal-la-linda-de-villahermosa-tolima","status":"publish","type":"post","link":"https:\/\/ciudadyregion.com.co\/index.php\/visitas-tecnicas-por-parte-de-la-alcaldia-a-las-veredas-yarumal-la-linda-de-villahermosa-tolima\/regional\/","title":{"rendered":"Visitas t\u00e9cnicas por parte de la Alcald\u00eda a las veredas Yarumal \u2013 La Linda de Villahermosa, Tolima"},"content":{"rendered":"<div class=\"xdj266r x14z9mp xat24cr x1lziwak x1vvkbs x126k92a\">\n<div dir=\"auto\"><\/div>\n<\/div>\n<div class=\"x14z9mp xat24cr x1lziwak x1vvkbs xtlvy1s x126k92a\">\n<div dir=\"auto\">Se realiz\u00f3 la visita t\u00e9cnica liderada por nuestro alcalde <span class=\"html-span xdj266r x14z9mp xat24cr x1lziwak xexx8yu xyri2b x18d9i69 x1c1uobl x1hl2dhg x16tdsg8 x1vvkbs\"><a class=\"x1i10hfl xjbqb8w x1ejq31n x18oe1m7 x1sy0etr xstzfhl x972fbf x10w94by x1qhh985 x14e42zd x9f619 x1ypdohk xt0psk2 x3ct3a4 xdj266r x14z9mp xat24cr x1lziwak xexx8yu xyri2b x18d9i69 x1c1uobl x16tdsg8 x1hl2dhg xggy1nq x1a2a7pz xkrqix3 x1sur9pj x1fey0fg x1s688f\" tabindex=\"0\" role=\"link\" href=\"https:\/\/www.facebook.com\/IVMPR?__cft__[0]=AZY6a194Ud7Fo2ciq1dL6MwirmsG8LmQZ5Ew-MS5PXzW1RMEbVe7LH9yBTvUrhxlEBBPuu6ZtFUAsCdvDsgdYky7MaHU0aFaNjOv278OxxAR5ehvgAzR2iiw1PeAbZ5lMU53Z6NO23Uw8tYzTu5ZDjR1uk-v6R0rlesT_v3Cp_GvhTNHye2cddboLGqcQrah01K9WxE306xd9yOCyQAZYhwu&amp;__tn__=-]K-R\"><span class=\"xt0psk2\"><span class=\"xjp7ctv\">Ivan Pulido Rodriguez<\/span><\/span><\/a><\/span> en la vereda Yarumal, en el tramo que comunica con la vereda La Linda, con el objetivo de establecer los puntos de intervenci\u00f3n dentro del acuerdo del convenio solidario para el mejoramiento de la v\u00eda.<\/div>\n<div dir=\"auto\"><\/div>\n<\/div>\n<div class=\"x14z9mp xat24cr x1lziwak x1vvkbs xtlvy1s x126k92a\">\n<div dir=\"auto\">Esta intervenci\u00f3n contempla m\u00e1s de 140 metros, con lo cual se busca fortalecer la conectividad vial entre estas veredas y mejorar las condiciones de movilidad para las comunidades rurales.<\/div>\n<div dir=\"auto\"><\/div>\n<\/div>\n<div class=\"x14z9mp xat24cr x1lziwak x1vvkbs xtlvy1s x126k92a\">\n<div dir=\"auto\">Seguimos trabajando de la mano con la comunidad para fortalecer nuestras v\u00edas terciarias, facilitando el transporte, la productividad del campo y el bienestar de las familias campesinas. <span class=\"html-span xexx8yu xyri2b x18d9i69 x1c1uobl x1hl2dhg x16tdsg8 x1vvkbs x3nfvp2 x1j61x8r x1fcty0u xdj266r xat24cr xm2jcoa x1mpyi22 xxymvpz xlup9mm x1kky2od\"><img loading=\"lazy\" decoding=\"async\" class=\"xz74otr x15mokao x1ga7v0g x16uus16 xbiv7yw\" src=\"https:\/\/static.xx.fbcdn.net\/images\/emoji.php\/v9\/t18\/1\/16\/1f69c.png\" alt=\"\ud83d\ude9c\" width=\"16\" height=\"16\" \/><\/span><\/div>\n<\/div>\n<div dir=\"auto\"><\/div>\n<div dir=\"auto\">\n<div style=\"width: 720px;\" class=\"wp-video\"><!--[if lt IE 9]><script>document.createElement('video');<\/script><![endif]-->\n<video class=\"wp-video-shortcode\" id=\"video-57036-1\" width=\"720\" height=\"1280\" preload=\"metadata\" controls=\"controls\"><source type=\"video\/mp4\" src=\"https:\/\/ciudadyregion.com.co\/wp-content\/uploads\/2026\/03\/getmyfb.com_1773255950793.mp4?_=1\" \/><a href=\"https:\/\/ciudadyregion.com.co\/wp-content\/uploads\/2026\/03\/getmyfb.com_1773255950793.mp4\">https:\/\/ciudadyregion.com.co\/wp-content\/uploads\/2026\/03\/getmyfb.com_1773255950793.mp4<\/a><\/video><\/div>\n<\/div>\n","protected":false},"excerpt":{"rendered":"<p>Se realiz\u00f3 la visita t\u00e9cnica liderada por nuestro alcalde Ivan Pulido Rodriguez en la vereda Yarumal, en el tramo que comunica con la vereda La Linda, con el objetivo de establecer los puntos de intervenci\u00f3n dentro del acuerdo del convenio solidario para el mejoramiento de la v\u00eda. Esta intervenci\u00f3n contempla<span class=\"more-link\"><a href=\"https:\/\/ciudadyregion.com.co\/index.php\/visitas-tecnicas-por-parte-de-la-alcaldia-a-las-veredas-yarumal-la-linda-de-villahermosa-tolima\/regional\/\">Continuar Leyendo<\/a><\/span><\/p>\n","protected":false},"author":2,"featured_media":49893,"comment_status":"open","ping_status":"open","sticky":false,"template":"","format":"standard","meta":{"_uf_show_specific_survey":0,"_uf_disable_surveys":false,"_jetpack_memberships_contains_paid_content":false,"footnotes":"","jetpack_publicize_message":"","jetpack_publicize_feature_enabled":true,"jetpack_social_post_already_shared":true,"jetpack_social_options":{"image_generator_settings":{"template":"highway","enabled":false},"version":2}},"categories":[13],"tags":[],"class_list":["entry","author-diegoaguirre","post-57036","post","type-post","status-publish","format-standard","has-post-thumbnail","category-regional"],"jetpack_publicize_connections":[],"yoast_head":"<!-- This site is optimized with the Yoast SEO plugin v24.3 - https:\/\/yoast.com\/wordpress\/plugins\/seo\/ -->\n<title>Visitas t\u00e9cnicas por parte de la Alcald\u00eda a las veredas Yarumal \u2013 La Linda de Villahermosa, Tolima - Ciudad y Region<\/title>\n<meta name=\"robots\" content=\"index, follow, max-snippet:-1, max-image-preview:large, max-video-preview:-1\" \/>\n<link rel=\"canonical\" href=\"https:\/\/ciudadyregion.com.co\/index.php\/visitas-tecnicas-por-parte-de-la-alcaldia-a-las-veredas-yarumal-la-linda-de-villahermosa-tolima\/regional\/\" \/>\n<meta property=\"og:locale\" content=\"es_ES\" \/>\n<meta property=\"og:type\" content=\"article\" \/>\n<meta property=\"og:title\" content=\"Visitas t\u00e9cnicas por parte de la Alcald\u00eda a las veredas Yarumal \u2013 La Linda de Villahermosa, Tolima - Ciudad y Region\" \/>\n<meta property=\"og:description\" content=\"Se realiz\u00f3 la visita t\u00e9cnica liderada por nuestro alcalde Ivan Pulido Rodriguez en la vereda Yarumal, en el tramo que comunica con la vereda La Linda, con el objetivo de establecer los puntos de intervenci\u00f3n dentro del acuerdo del convenio solidario para el mejoramiento de la v\u00eda. Esta intervenci\u00f3n contemplaContinuar Leyendo\" \/>\n<meta property=\"og:url\" content=\"https:\/\/ciudadyregion.com.co\/index.php\/visitas-tecnicas-por-parte-de-la-alcaldia-a-las-veredas-yarumal-la-linda-de-villahermosa-tolima\/regional\/\" \/>\n<meta property=\"og:site_name\" content=\"Ciudad y Region\" \/>\n<meta property=\"article:published_time\" content=\"2026-03-11T19:10:27+00:00\" \/>\n<meta property=\"og:image\" content=\"https:\/\/ciudadyregion.com.co\/wp-content\/uploads\/2025\/11\/villahermosa.jpg\" \/>\n\t<meta property=\"og:image:width\" content=\"800\" \/>\n\t<meta property=\"og:image:height\" content=\"445\" \/>\n\t<meta property=\"og:image:type\" content=\"image\/jpeg\" \/>\n<meta name=\"author\" content=\"David Andr\u00e9s Aguirre\" \/>\n<meta name=\"twitter:card\" content=\"summary_large_image\" \/>\n<meta name=\"twitter:label1\" content=\"Escrito por\" \/>\n\t<meta name=\"twitter:data1\" content=\"David Andr\u00e9s Aguirre\" \/>\n\t<meta name=\"twitter:label2\" content=\"Tiempo de lectura\" \/>\n\t<meta name=\"twitter:data2\" content=\"1 minuto\" \/>\n<script type=\"application\/ld+json\" class=\"yoast-schema-graph\">{\"@context\":\"https:\/\/schema.org\",\"@graph\":[{\"@type\":\"WebPage\",\"@id\":\"https:\/\/ciudadyregion.com.co\/index.php\/visitas-tecnicas-por-parte-de-la-alcaldia-a-las-veredas-yarumal-la-linda-de-villahermosa-tolima\/regional\/\",\"url\":\"https:\/\/ciudadyregion.com.co\/index.php\/visitas-tecnicas-por-parte-de-la-alcaldia-a-las-veredas-yarumal-la-linda-de-villahermosa-tolima\/regional\/\",\"name\":\"Visitas t\u00e9cnicas por parte de la Alcald\u00eda a las veredas Yarumal \u2013 La Linda de Villahermosa, Tolima - Ciudad y Region\",\"isPartOf\":{\"@id\":\"https:\/\/ciudadyregion.com.co\/#website\"},\"primaryImageOfPage\":{\"@id\":\"https:\/\/ciudadyregion.com.co\/index.php\/visitas-tecnicas-por-parte-de-la-alcaldia-a-las-veredas-yarumal-la-linda-de-villahermosa-tolima\/regional\/#primaryimage\"},\"image\":{\"@id\":\"https:\/\/ciudadyregion.com.co\/index.php\/visitas-tecnicas-por-parte-de-la-alcaldia-a-las-veredas-yarumal-la-linda-de-villahermosa-tolima\/regional\/#primaryimage\"},\"thumbnailUrl\":\"https:\/\/i0.wp.com\/ciudadyregion.com.co\/wp-content\/uploads\/2025\/11\/villahermosa.jpg?fit=800%2C445&ssl=1\",\"datePublished\":\"2026-03-11T19:10:27+00:00\",\"dateModified\":\"2026-03-11T19:10:27+00:00\",\"author\":{\"@id\":\"https:\/\/ciudadyregion.com.co\/#\/schema\/person\/04a4954373ebc4051f46e8c65ff78622\"},\"breadcrumb\":{\"@id\":\"https:\/\/ciudadyregion.com.co\/index.php\/visitas-tecnicas-por-parte-de-la-alcaldia-a-las-veredas-yarumal-la-linda-de-villahermosa-tolima\/regional\/#breadcrumb\"},\"inLanguage\":\"es\",\"potentialAction\":[{\"@type\":\"ReadAction\",\"target\":[\"https:\/\/ciudadyregion.com.co\/index.php\/visitas-tecnicas-por-parte-de-la-alcaldia-a-las-veredas-yarumal-la-linda-de-villahermosa-tolima\/regional\/\"]}]},{\"@type\":\"ImageObject\",\"inLanguage\":\"es\",\"@id\":\"https:\/\/ciudadyregion.com.co\/index.php\/visitas-tecnicas-por-parte-de-la-alcaldia-a-las-veredas-yarumal-la-linda-de-villahermosa-tolima\/regional\/#primaryimage\",\"url\":\"https:\/\/i0.wp.com\/ciudadyregion.com.co\/wp-content\/uploads\/2025\/11\/villahermosa.jpg?fit=800%2C445&ssl=1\",\"contentUrl\":\"https:\/\/i0.wp.com\/ciudadyregion.com.co\/wp-content\/uploads\/2025\/11\/villahermosa.jpg?fit=800%2C445&ssl=1\",\"width\":800,\"height\":445},{\"@type\":\"BreadcrumbList\",\"@id\":\"https:\/\/ciudadyregion.com.co\/index.php\/visitas-tecnicas-por-parte-de-la-alcaldia-a-las-veredas-yarumal-la-linda-de-villahermosa-tolima\/regional\/#breadcrumb\",\"itemListElement\":[{\"@type\":\"ListItem\",\"position\":1,\"name\":\"Portada\",\"item\":\"https:\/\/ciudadyregion.com.co\/\"},{\"@type\":\"ListItem\",\"position\":2,\"name\":\"Visitas t\u00e9cnicas por parte de la Alcald\u00eda a las veredas Yarumal \u2013 La Linda de Villahermosa, Tolima\"}]},{\"@type\":\"WebSite\",\"@id\":\"https:\/\/ciudadyregion.com.co\/#website\",\"url\":\"https:\/\/ciudadyregion.com.co\/\",\"name\":\"Ciudad y Region\",\"description\":\"\",\"potentialAction\":[{\"@type\":\"SearchAction\",\"target\":{\"@type\":\"EntryPoint\",\"urlTemplate\":\"https:\/\/ciudadyregion.com.co\/?s={search_term_string}\"},\"query-input\":{\"@type\":\"PropertyValueSpecification\",\"valueRequired\":true,\"valueName\":\"search_term_string\"}}],\"inLanguage\":\"es\"},{\"@type\":\"Person\",\"@id\":\"https:\/\/ciudadyregion.com.co\/#\/schema\/person\/04a4954373ebc4051f46e8c65ff78622\",\"name\":\"David Andr\u00e9s Aguirre\",\"image\":{\"@type\":\"ImageObject\",\"inLanguage\":\"es\",\"@id\":\"https:\/\/ciudadyregion.com.co\/#\/schema\/person\/image\/\",\"url\":\"https:\/\/secure.gravatar.com\/avatar\/bc3c655860202182ee6d1b5edd042dbe?s=96&d=mm&r=g\",\"contentUrl\":\"https:\/\/secure.gravatar.com\/avatar\/bc3c655860202182ee6d1b5edd042dbe?s=96&d=mm&r=g\",\"caption\":\"David Andr\u00e9s Aguirre\"},\"url\":\"https:\/\/ciudadyregion.com.co\/index.php\/author\/diegoaguirre\/\"}]}<\/script>\n<!-- \/ Yoast SEO plugin. -->","yoast_head_json":{"title":"Visitas t\u00e9cnicas por parte de la Alcald\u00eda a las veredas Yarumal \u2013 La Linda de Villahermosa, Tolima - Ciudad y Region","robots":{"index":"index","follow":"follow","max-snippet":"max-snippet:-1","max-image-preview":"max-image-preview:large","max-video-preview":"max-video-preview:-1"},"canonical":"https:\/\/ciudadyregion.com.co\/index.php\/visitas-tecnicas-por-parte-de-la-alcaldia-a-las-veredas-yarumal-la-linda-de-villahermosa-tolima\/regional\/","og_locale":"es_ES","og_type":"article","og_title":"Visitas t\u00e9cnicas por parte de la Alcald\u00eda a las veredas Yarumal \u2013 La Linda de Villahermosa, Tolima - Ciudad y Region","og_description":"Se realiz\u00f3 la visita t\u00e9cnica liderada por nuestro alcalde Ivan Pulido Rodriguez en la vereda Yarumal, en el tramo que comunica con la vereda La Linda, con el objetivo de establecer los puntos de intervenci\u00f3n dentro del acuerdo del convenio solidario para el mejoramiento de la v\u00eda. Esta intervenci\u00f3n contemplaContinuar Leyendo","og_url":"https:\/\/ciudadyregion.com.co\/index.php\/visitas-tecnicas-por-parte-de-la-alcaldia-a-las-veredas-yarumal-la-linda-de-villahermosa-tolima\/regional\/","og_site_name":"Ciudad y Region","article_published_time":"2026-03-11T19:10:27+00:00","og_image":[{"width":800,"height":445,"url":"https:\/\/ciudadyregion.com.co\/wp-content\/uploads\/2025\/11\/villahermosa.jpg","type":"image\/jpeg"}],"author":"David Andr\u00e9s Aguirre","twitter_card":"summary_large_image","twitter_misc":{"Escrito por":"David Andr\u00e9s Aguirre","Tiempo de lectura":"1 minuto"},"schema":{"@context":"https:\/\/schema.org","@graph":[{"@type":"WebPage","@id":"https:\/\/ciudadyregion.com.co\/index.php\/visitas-tecnicas-por-parte-de-la-alcaldia-a-las-veredas-yarumal-la-linda-de-villahermosa-tolima\/regional\/","url":"https:\/\/ciudadyregion.com.co\/index.php\/visitas-tecnicas-por-parte-de-la-alcaldia-a-las-veredas-yarumal-la-linda-de-villahermosa-tolima\/regional\/","name":"Visitas t\u00e9cnicas por parte de la Alcald\u00eda a las veredas Yarumal \u2013 La Linda de Villahermosa, Tolima - Ciudad y Region","isPartOf":{"@id":"https:\/\/ciudadyregion.com.co\/#website"},"primaryImageOfPage":{"@id":"https:\/\/ciudadyregion.com.co\/index.php\/visitas-tecnicas-por-parte-de-la-alcaldia-a-las-veredas-yarumal-la-linda-de-villahermosa-tolima\/regional\/#primaryimage"},"image":{"@id":"https:\/\/ciudadyregion.com.co\/index.php\/visitas-tecnicas-por-parte-de-la-alcaldia-a-las-veredas-yarumal-la-linda-de-villahermosa-tolima\/regional\/#primaryimage"},"thumbnailUrl":"https:\/\/i0.wp.com\/ciudadyregion.com.co\/wp-content\/uploads\/2025\/11\/villahermosa.jpg?fit=800%2C445&ssl=1","datePublished":"2026-03-11T19:10:27+00:00","dateModified":"2026-03-11T19:10:27+00:00","author":{"@id":"https:\/\/ciudadyregion.com.co\/#\/schema\/person\/04a4954373ebc4051f46e8c65ff78622"},"breadcrumb":{"@id":"https:\/\/ciudadyregion.com.co\/index.php\/visitas-tecnicas-por-parte-de-la-alcaldia-a-las-veredas-yarumal-la-linda-de-villahermosa-tolima\/regional\/#breadcrumb"},"inLanguage":"es","potentialAction":[{"@type":"ReadAction","target":["https:\/\/ciudadyregion.com.co\/index.php\/visitas-tecnicas-por-parte-de-la-alcaldia-a-las-veredas-yarumal-la-linda-de-villahermosa-tolima\/regional\/"]}]},{"@type":"ImageObject","inLanguage":"es","@id":"https:\/\/ciudadyregion.com.co\/index.php\/visitas-tecnicas-por-parte-de-la-alcaldia-a-las-veredas-yarumal-la-linda-de-villahermosa-tolima\/regional\/#primaryimage","url":"https:\/\/i0.wp.com\/ciudadyregion.com.co\/wp-content\/uploads\/2025\/11\/villahermosa.jpg?fit=800%2C445&ssl=1","contentUrl":"https:\/\/i0.wp.com\/ciudadyregion.com.co\/wp-content\/uploads\/2025\/11\/villahermosa.jpg?fit=800%2C445&ssl=1","width":800,"height":445},{"@type":"BreadcrumbList","@id":"https:\/\/ciudadyregion.com.co\/index.php\/visitas-tecnicas-por-parte-de-la-alcaldia-a-las-veredas-yarumal-la-linda-de-villahermosa-tolima\/regional\/#breadcrumb","itemListElement":[{"@type":"ListItem","position":1,"name":"Portada","item":"https:\/\/ciudadyregion.com.co\/"},{"@type":"ListItem","position":2,"name":"Visitas t\u00e9cnicas por parte de la Alcald\u00eda a las veredas Yarumal \u2013 La Linda de Villahermosa, Tolima"}]},{"@type":"WebSite","@id":"https:\/\/ciudadyregion.com.co\/#website","url":"https:\/\/ciudadyregion.com.co\/","name":"Ciudad y Region","description":"","potentialAction":[{"@type":"SearchAction","target":{"@type":"EntryPoint","urlTemplate":"https:\/\/ciudadyregion.com.co\/?s={search_term_string}"},"query-input":{"@type":"PropertyValueSpecification","valueRequired":true,"valueName":"search_term_string"}}],"inLanguage":"es"},{"@type":"Person","@id":"https:\/\/ciudadyregion.com.co\/#\/schema\/person\/04a4954373ebc4051f46e8c65ff78622","name":"David Andr\u00e9s Aguirre","image":{"@type":"ImageObject","inLanguage":"es","@id":"https:\/\/ciudadyregion.com.co\/#\/schema\/person\/image\/","url":"https:\/\/secure.gravatar.com\/avatar\/bc3c655860202182ee6d1b5edd042dbe?s=96&d=mm&r=g","contentUrl":"https:\/\/secure.gravatar.com\/avatar\/bc3c655860202182ee6d1b5edd042dbe?s=96&d=mm&r=g","caption":"David Andr\u00e9s Aguirre"},"url":"https:\/\/ciudadyregion.com.co\/index.php\/author\/diegoaguirre\/"}]}},"jetpack_featured_media_url":"https:\/\/i0.wp.com\/ciudadyregion.com.co\/wp-content\/uploads\/2025\/11\/villahermosa.jpg?fit=800%2C445&ssl=1","jetpack_sharing_enabled":true,"jetpack_shortlink":"https:\/\/wp.me\/pbS7hh-ePW","jetpack-related-posts":[],"_links":{"self":[{"href":"https:\/\/ciudadyregion.com.co\/index.php\/wp-json\/wp\/v2\/posts\/57036"}],"collection":[{"href":"https:\/\/ciudadyregion.com.co\/index.php\/wp-json\/wp\/v2\/posts"}],"about":[{"href":"https:\/\/ciudadyregion.com.co\/index.php\/wp-json\/wp\/v2\/types\/post"}],"author":[{"embeddable":true,"href":"https:\/\/ciudadyregion.com.co\/index.php\/wp-json\/wp\/v2\/users\/2"}],"replies":[{"embeddable":true,"href":"https:\/\/ciudadyregion.com.co\/index.php\/wp-json\/wp\/v2\/comments?post=57036"}],"version-history":[{"count":1,"href":"https:\/\/ciudadyregion.com.co\/index.php\/wp-json\/wp\/v2\/posts\/57036\/revisions"}],"predecessor-version":[{"id":57039,"href":"https:\/\/ciudadyregion.com.co\/index.php\/wp-json\/wp\/v2\/posts\/57036\/revisions\/57039"}],"wp:featuredmedia":[{"embeddable":true,"href":"https:\/\/ciudadyregion.com.co\/index.php\/wp-json\/wp\/v2\/media\/49893"}],"wp:attachment":[{"href":"https:\/\/ciudadyregion.com.co\/index.php\/wp-json\/wp\/v2\/media?parent=57036"}],"wp:term":[{"taxonomy":"category","embeddable":true,"href":"https:\/\/ciudadyregion.com.co\/index.php\/wp-json\/wp\/v2\/categories?post=57036"},{"taxonomy":"post_tag","embeddable":true,"href":"https:\/\/ciudadyregion.com.co\/index.php\/wp-json\/wp\/v2\/tags?post=57036"}],"curies":[{"name":"wp","href":"https:\/\/api.w.org\/{rel}","templated":true}]}}