{"id":57030,"date":"2026-03-11T08:56:52","date_gmt":"2026-03-11T13:56:52","guid":{"rendered":"https:\/\/ciudadyregion.com.co\/?p=57030"},"modified":"2026-03-11T08:56:52","modified_gmt":"2026-03-11T13:56:52","slug":"denuncian-comportamiento-coordinado-que-busca-sabotear-y-desacreditar-el-contenido-de-la-gobernadora-del-tolima","status":"publish","type":"post","link":"https:\/\/ciudadyregion.com.co\/index.php\/denuncian-comportamiento-coordinado-que-busca-sabotear-y-desacreditar-el-contenido-de-la-gobernadora-del-tolima\/regional\/","title":{"rendered":"Denuncian comportamiento coordinado que busca sabotear y desacreditar el contenido de la Gobernadora del Tolima"},"content":{"rendered":"<p>DENUNCIA P\u00daBLICA:<\/p>\n<p>Por medio del presente dejamos constancia y realizamos una denuncia p\u00fablica frente a una situaci\u00f3n irregular que viene ocurriendo en una publicaci\u00f3n realizada en la red social Facebook de nuestra gobernadora Adriana Magali Matiz .<\/p>\n<p>Hemos identificado un comportamiento coordinado que busca sabotear y desacreditar el contenido publicado, mediante la utilizaci\u00f3n de reacciones negativas provenientes de perfiles claramente falsos o pertenecientes a lo que com\u00fanmente se conoce como bodegas digitales.<\/p>\n<p>Muchos de estos perfiles presentan caracter\u00edsticas similares: nombres en idiomas asi\u00e1ticos, cuentas sin actividad real, sin interacciones org\u00e1nicas y creadas \u00fanicamente para intervenir de manera masiva en publicaciones espec\u00edficas.<\/p>\n<p>Este tipo de acciones no corresponden a una cr\u00edtica genuina ni a una conversaci\u00f3n aut\u00e9ntica dentro de la comunidad digital; por el contrario, evidencian una estrategia deliberada orientada a manipular la percepci\u00f3n p\u00fablica y a empa\u00f1ar, de manera vil y malintencionada, el trabajo que se viene realizando con transparencia y compromiso.<\/p>\n<p>Hacemos un llamado a la comunidad y a las plataformas digitales para que se investigue este tipo de comportamientos coordinados.<\/p>\n","protected":false},"excerpt":{"rendered":"<p>DENUNCIA P\u00daBLICA: Por medio del presente dejamos constancia y realizamos una denuncia p\u00fablica frente a una situaci\u00f3n irregular que viene ocurriendo en una publicaci\u00f3n realizada en la red social Facebook de nuestra gobernadora Adriana Magali Matiz . Hemos identificado un comportamiento coordinado que busca sabotear y desacreditar el contenido publicado,<span class=\"more-link\"><a href=\"https:\/\/ciudadyregion.com.co\/index.php\/denuncian-comportamiento-coordinado-que-busca-sabotear-y-desacreditar-el-contenido-de-la-gobernadora-del-tolima\/regional\/\">Continuar Leyendo<\/a><\/span><\/p>\n","protected":false},"author":2,"featured_media":57031,"comment_status":"open","ping_status":"open","sticky":false,"template":"","format":"standard","meta":{"_uf_show_specific_survey":0,"_uf_disable_surveys":false,"_jetpack_memberships_contains_paid_content":false,"footnotes":"","jetpack_publicize_message":"","jetpack_publicize_feature_enabled":true,"jetpack_social_post_already_shared":true,"jetpack_social_options":{"image_generator_settings":{"template":"highway","enabled":false},"version":2}},"categories":[13],"tags":[],"class_list":["entry","author-diegoaguirre","post-57030","post","type-post","status-publish","format-standard","has-post-thumbnail","category-regional"],"jetpack_publicize_connections":[],"yoast_head":"<!-- This site is optimized with the Yoast SEO plugin v24.3 - https:\/\/yoast.com\/wordpress\/plugins\/seo\/ -->\n<title>Denuncian comportamiento coordinado que busca sabotear y desacreditar el contenido de la Gobernadora del Tolima - Ciudad y Region<\/title>\n<meta name=\"robots\" content=\"index, follow, max-snippet:-1, max-image-preview:large, max-video-preview:-1\" \/>\n<link rel=\"canonical\" href=\"https:\/\/ciudadyregion.com.co\/index.php\/denuncian-comportamiento-coordinado-que-busca-sabotear-y-desacreditar-el-contenido-de-la-gobernadora-del-tolima\/regional\/\" \/>\n<meta property=\"og:locale\" content=\"es_ES\" \/>\n<meta property=\"og:type\" content=\"article\" \/>\n<meta property=\"og:title\" content=\"Denuncian comportamiento coordinado que busca sabotear y desacreditar el contenido de la Gobernadora del Tolima - Ciudad y Region\" \/>\n<meta property=\"og:description\" content=\"DENUNCIA P\u00daBLICA: Por medio del presente dejamos constancia y realizamos una denuncia p\u00fablica frente a una situaci\u00f3n irregular que viene ocurriendo en una publicaci\u00f3n realizada en la red social Facebook de nuestra gobernadora Adriana Magali Matiz . Hemos identificado un comportamiento coordinado que busca sabotear y desacreditar el contenido publicado,Continuar Leyendo\" \/>\n<meta property=\"og:url\" content=\"https:\/\/ciudadyregion.com.co\/index.php\/denuncian-comportamiento-coordinado-que-busca-sabotear-y-desacreditar-el-contenido-de-la-gobernadora-del-tolima\/regional\/\" \/>\n<meta property=\"og:site_name\" content=\"Ciudad y Region\" \/>\n<meta property=\"article:published_time\" content=\"2026-03-11T13:56:52+00:00\" \/>\n<meta property=\"og:image\" content=\"https:\/\/ciudadyregion.com.co\/wp-content\/uploads\/2026\/03\/Pag-2026-03-11T085553.786.jpg\" \/>\n\t<meta property=\"og:image:width\" content=\"800\" \/>\n\t<meta property=\"og:image:height\" content=\"445\" \/>\n\t<meta property=\"og:image:type\" content=\"image\/jpeg\" \/>\n<meta name=\"author\" content=\"David Andr\u00e9s Aguirre\" \/>\n<meta name=\"twitter:card\" content=\"summary_large_image\" \/>\n<meta name=\"twitter:label1\" content=\"Escrito por\" \/>\n\t<meta name=\"twitter:data1\" content=\"David Andr\u00e9s Aguirre\" \/>\n\t<meta name=\"twitter:label2\" content=\"Tiempo de lectura\" \/>\n\t<meta name=\"twitter:data2\" content=\"1 minuto\" \/>\n<script type=\"application\/ld+json\" class=\"yoast-schema-graph\">{\"@context\":\"https:\/\/schema.org\",\"@graph\":[{\"@type\":\"WebPage\",\"@id\":\"https:\/\/ciudadyregion.com.co\/index.php\/denuncian-comportamiento-coordinado-que-busca-sabotear-y-desacreditar-el-contenido-de-la-gobernadora-del-tolima\/regional\/\",\"url\":\"https:\/\/ciudadyregion.com.co\/index.php\/denuncian-comportamiento-coordinado-que-busca-sabotear-y-desacreditar-el-contenido-de-la-gobernadora-del-tolima\/regional\/\",\"name\":\"Denuncian comportamiento coordinado que busca sabotear y desacreditar el contenido de la Gobernadora del Tolima - Ciudad y Region\",\"isPartOf\":{\"@id\":\"https:\/\/ciudadyregion.com.co\/#website\"},\"primaryImageOfPage\":{\"@id\":\"https:\/\/ciudadyregion.com.co\/index.php\/denuncian-comportamiento-coordinado-que-busca-sabotear-y-desacreditar-el-contenido-de-la-gobernadora-del-tolima\/regional\/#primaryimage\"},\"image\":{\"@id\":\"https:\/\/ciudadyregion.com.co\/index.php\/denuncian-comportamiento-coordinado-que-busca-sabotear-y-desacreditar-el-contenido-de-la-gobernadora-del-tolima\/regional\/#primaryimage\"},\"thumbnailUrl\":\"https:\/\/i0.wp.com\/ciudadyregion.com.co\/wp-content\/uploads\/2026\/03\/Pag-2026-03-11T085553.786.jpg?fit=800%2C445&ssl=1\",\"datePublished\":\"2026-03-11T13:56:52+00:00\",\"dateModified\":\"2026-03-11T13:56:52+00:00\",\"author\":{\"@id\":\"https:\/\/ciudadyregion.com.co\/#\/schema\/person\/04a4954373ebc4051f46e8c65ff78622\"},\"breadcrumb\":{\"@id\":\"https:\/\/ciudadyregion.com.co\/index.php\/denuncian-comportamiento-coordinado-que-busca-sabotear-y-desacreditar-el-contenido-de-la-gobernadora-del-tolima\/regional\/#breadcrumb\"},\"inLanguage\":\"es\",\"potentialAction\":[{\"@type\":\"ReadAction\",\"target\":[\"https:\/\/ciudadyregion.com.co\/index.php\/denuncian-comportamiento-coordinado-que-busca-sabotear-y-desacreditar-el-contenido-de-la-gobernadora-del-tolima\/regional\/\"]}]},{\"@type\":\"ImageObject\",\"inLanguage\":\"es\",\"@id\":\"https:\/\/ciudadyregion.com.co\/index.php\/denuncian-comportamiento-coordinado-que-busca-sabotear-y-desacreditar-el-contenido-de-la-gobernadora-del-tolima\/regional\/#primaryimage\",\"url\":\"https:\/\/i0.wp.com\/ciudadyregion.com.co\/wp-content\/uploads\/2026\/03\/Pag-2026-03-11T085553.786.jpg?fit=800%2C445&ssl=1\",\"contentUrl\":\"https:\/\/i0.wp.com\/ciudadyregion.com.co\/wp-content\/uploads\/2026\/03\/Pag-2026-03-11T085553.786.jpg?fit=800%2C445&ssl=1\",\"width\":800,\"height\":445},{\"@type\":\"BreadcrumbList\",\"@id\":\"https:\/\/ciudadyregion.com.co\/index.php\/denuncian-comportamiento-coordinado-que-busca-sabotear-y-desacreditar-el-contenido-de-la-gobernadora-del-tolima\/regional\/#breadcrumb\",\"itemListElement\":[{\"@type\":\"ListItem\",\"position\":1,\"name\":\"Portada\",\"item\":\"https:\/\/ciudadyregion.com.co\/\"},{\"@type\":\"ListItem\",\"position\":2,\"name\":\"Denuncian comportamiento coordinado que busca sabotear y desacreditar el contenido de la Gobernadora del Tolima\"}]},{\"@type\":\"WebSite\",\"@id\":\"https:\/\/ciudadyregion.com.co\/#website\",\"url\":\"https:\/\/ciudadyregion.com.co\/\",\"name\":\"Ciudad y Region\",\"description\":\"\",\"potentialAction\":[{\"@type\":\"SearchAction\",\"target\":{\"@type\":\"EntryPoint\",\"urlTemplate\":\"https:\/\/ciudadyregion.com.co\/?s={search_term_string}\"},\"query-input\":{\"@type\":\"PropertyValueSpecification\",\"valueRequired\":true,\"valueName\":\"search_term_string\"}}],\"inLanguage\":\"es\"},{\"@type\":\"Person\",\"@id\":\"https:\/\/ciudadyregion.com.co\/#\/schema\/person\/04a4954373ebc4051f46e8c65ff78622\",\"name\":\"David Andr\u00e9s Aguirre\",\"image\":{\"@type\":\"ImageObject\",\"inLanguage\":\"es\",\"@id\":\"https:\/\/ciudadyregion.com.co\/#\/schema\/person\/image\/\",\"url\":\"https:\/\/secure.gravatar.com\/avatar\/bc3c655860202182ee6d1b5edd042dbe?s=96&d=mm&r=g\",\"contentUrl\":\"https:\/\/secure.gravatar.com\/avatar\/bc3c655860202182ee6d1b5edd042dbe?s=96&d=mm&r=g\",\"caption\":\"David Andr\u00e9s Aguirre\"},\"url\":\"https:\/\/ciudadyregion.com.co\/index.php\/author\/diegoaguirre\/\"}]}<\/script>\n<!-- \/ Yoast SEO plugin. -->","yoast_head_json":{"title":"Denuncian comportamiento coordinado que busca sabotear y desacreditar el contenido de la Gobernadora del Tolima - Ciudad y Region","robots":{"index":"index","follow":"follow","max-snippet":"max-snippet:-1","max-image-preview":"max-image-preview:large","max-video-preview":"max-video-preview:-1"},"canonical":"https:\/\/ciudadyregion.com.co\/index.php\/denuncian-comportamiento-coordinado-que-busca-sabotear-y-desacreditar-el-contenido-de-la-gobernadora-del-tolima\/regional\/","og_locale":"es_ES","og_type":"article","og_title":"Denuncian comportamiento coordinado que busca sabotear y desacreditar el contenido de la Gobernadora del Tolima - Ciudad y Region","og_description":"DENUNCIA P\u00daBLICA: Por medio del presente dejamos constancia y realizamos una denuncia p\u00fablica frente a una situaci\u00f3n irregular que viene ocurriendo en una publicaci\u00f3n realizada en la red social Facebook de nuestra gobernadora Adriana Magali Matiz . Hemos identificado un comportamiento coordinado que busca sabotear y desacreditar el contenido publicado,Continuar Leyendo","og_url":"https:\/\/ciudadyregion.com.co\/index.php\/denuncian-comportamiento-coordinado-que-busca-sabotear-y-desacreditar-el-contenido-de-la-gobernadora-del-tolima\/regional\/","og_site_name":"Ciudad y Region","article_published_time":"2026-03-11T13:56:52+00:00","og_image":[{"width":800,"height":445,"url":"https:\/\/ciudadyregion.com.co\/wp-content\/uploads\/2026\/03\/Pag-2026-03-11T085553.786.jpg","type":"image\/jpeg"}],"author":"David Andr\u00e9s Aguirre","twitter_card":"summary_large_image","twitter_misc":{"Escrito por":"David Andr\u00e9s Aguirre","Tiempo de lectura":"1 minuto"},"schema":{"@context":"https:\/\/schema.org","@graph":[{"@type":"WebPage","@id":"https:\/\/ciudadyregion.com.co\/index.php\/denuncian-comportamiento-coordinado-que-busca-sabotear-y-desacreditar-el-contenido-de-la-gobernadora-del-tolima\/regional\/","url":"https:\/\/ciudadyregion.com.co\/index.php\/denuncian-comportamiento-coordinado-que-busca-sabotear-y-desacreditar-el-contenido-de-la-gobernadora-del-tolima\/regional\/","name":"Denuncian comportamiento coordinado que busca sabotear y desacreditar el contenido de la Gobernadora del Tolima - Ciudad y Region","isPartOf":{"@id":"https:\/\/ciudadyregion.com.co\/#website"},"primaryImageOfPage":{"@id":"https:\/\/ciudadyregion.com.co\/index.php\/denuncian-comportamiento-coordinado-que-busca-sabotear-y-desacreditar-el-contenido-de-la-gobernadora-del-tolima\/regional\/#primaryimage"},"image":{"@id":"https:\/\/ciudadyregion.com.co\/index.php\/denuncian-comportamiento-coordinado-que-busca-sabotear-y-desacreditar-el-contenido-de-la-gobernadora-del-tolima\/regional\/#primaryimage"},"thumbnailUrl":"https:\/\/i0.wp.com\/ciudadyregion.com.co\/wp-content\/uploads\/2026\/03\/Pag-2026-03-11T085553.786.jpg?fit=800%2C445&ssl=1","datePublished":"2026-03-11T13:56:52+00:00","dateModified":"2026-03-11T13:56:52+00:00","author":{"@id":"https:\/\/ciudadyregion.com.co\/#\/schema\/person\/04a4954373ebc4051f46e8c65ff78622"},"breadcrumb":{"@id":"https:\/\/ciudadyregion.com.co\/index.php\/denuncian-comportamiento-coordinado-que-busca-sabotear-y-desacreditar-el-contenido-de-la-gobernadora-del-tolima\/regional\/#breadcrumb"},"inLanguage":"es","potentialAction":[{"@type":"ReadAction","target":["https:\/\/ciudadyregion.com.co\/index.php\/denuncian-comportamiento-coordinado-que-busca-sabotear-y-desacreditar-el-contenido-de-la-gobernadora-del-tolima\/regional\/"]}]},{"@type":"ImageObject","inLanguage":"es","@id":"https:\/\/ciudadyregion.com.co\/index.php\/denuncian-comportamiento-coordinado-que-busca-sabotear-y-desacreditar-el-contenido-de-la-gobernadora-del-tolima\/regional\/#primaryimage","url":"https:\/\/i0.wp.com\/ciudadyregion.com.co\/wp-content\/uploads\/2026\/03\/Pag-2026-03-11T085553.786.jpg?fit=800%2C445&ssl=1","contentUrl":"https:\/\/i0.wp.com\/ciudadyregion.com.co\/wp-content\/uploads\/2026\/03\/Pag-2026-03-11T085553.786.jpg?fit=800%2C445&ssl=1","width":800,"height":445},{"@type":"BreadcrumbList","@id":"https:\/\/ciudadyregion.com.co\/index.php\/denuncian-comportamiento-coordinado-que-busca-sabotear-y-desacreditar-el-contenido-de-la-gobernadora-del-tolima\/regional\/#breadcrumb","itemListElement":[{"@type":"ListItem","position":1,"name":"Portada","item":"https:\/\/ciudadyregion.com.co\/"},{"@type":"ListItem","position":2,"name":"Denuncian comportamiento coordinado que busca sabotear y desacreditar el contenido de la Gobernadora del Tolima"}]},{"@type":"WebSite","@id":"https:\/\/ciudadyregion.com.co\/#website","url":"https:\/\/ciudadyregion.com.co\/","name":"Ciudad y Region","description":"","potentialAction":[{"@type":"SearchAction","target":{"@type":"EntryPoint","urlTemplate":"https:\/\/ciudadyregion.com.co\/?s={search_term_string}"},"query-input":{"@type":"PropertyValueSpecification","valueRequired":true,"valueName":"search_term_string"}}],"inLanguage":"es"},{"@type":"Person","@id":"https:\/\/ciudadyregion.com.co\/#\/schema\/person\/04a4954373ebc4051f46e8c65ff78622","name":"David Andr\u00e9s Aguirre","image":{"@type":"ImageObject","inLanguage":"es","@id":"https:\/\/ciudadyregion.com.co\/#\/schema\/person\/image\/","url":"https:\/\/secure.gravatar.com\/avatar\/bc3c655860202182ee6d1b5edd042dbe?s=96&d=mm&r=g","contentUrl":"https:\/\/secure.gravatar.com\/avatar\/bc3c655860202182ee6d1b5edd042dbe?s=96&d=mm&r=g","caption":"David Andr\u00e9s Aguirre"},"url":"https:\/\/ciudadyregion.com.co\/index.php\/author\/diegoaguirre\/"}]}},"jetpack_featured_media_url":"https:\/\/i0.wp.com\/ciudadyregion.com.co\/wp-content\/uploads\/2026\/03\/Pag-2026-03-11T085553.786.jpg?fit=800%2C445&ssl=1","jetpack_sharing_enabled":true,"jetpack_shortlink":"https:\/\/wp.me\/pbS7hh-ePQ","jetpack-related-posts":[],"_links":{"self":[{"href":"https:\/\/ciudadyregion.com.co\/index.php\/wp-json\/wp\/v2\/posts\/57030"}],"collection":[{"href":"https:\/\/ciudadyregion.com.co\/index.php\/wp-json\/wp\/v2\/posts"}],"about":[{"href":"https:\/\/ciudadyregion.com.co\/index.php\/wp-json\/wp\/v2\/types\/post"}],"author":[{"embeddable":true,"href":"https:\/\/ciudadyregion.com.co\/index.php\/wp-json\/wp\/v2\/users\/2"}],"replies":[{"embeddable":true,"href":"https:\/\/ciudadyregion.com.co\/index.php\/wp-json\/wp\/v2\/comments?post=57030"}],"version-history":[{"count":1,"href":"https:\/\/ciudadyregion.com.co\/index.php\/wp-json\/wp\/v2\/posts\/57030\/revisions"}],"predecessor-version":[{"id":57032,"href":"https:\/\/ciudadyregion.com.co\/index.php\/wp-json\/wp\/v2\/posts\/57030\/revisions\/57032"}],"wp:featuredmedia":[{"embeddable":true,"href":"https:\/\/ciudadyregion.com.co\/index.php\/wp-json\/wp\/v2\/media\/57031"}],"wp:attachment":[{"href":"https:\/\/ciudadyregion.com.co\/index.php\/wp-json\/wp\/v2\/media?parent=57030"}],"wp:term":[{"taxonomy":"category","embeddable":true,"href":"https:\/\/ciudadyregion.com.co\/index.php\/wp-json\/wp\/v2\/categories?post=57030"},{"taxonomy":"post_tag","embeddable":true,"href":"https:\/\/ciudadyregion.com.co\/index.php\/wp-json\/wp\/v2\/tags?post=57030"}],"curies":[{"name":"wp","href":"https:\/\/api.w.org\/{rel}","templated":true}]}}