{"id":57027,"date":"2026-03-11T08:48:03","date_gmt":"2026-03-11T13:48:03","guid":{"rendered":"https:\/\/ciudadyregion.com.co\/?p=57027"},"modified":"2026-03-11T08:48:03","modified_gmt":"2026-03-11T13:48:03","slug":"las-reflexiones-de-adriana-matiz-en-el-mes-internacional-de-la-mujer","status":"publish","type":"post","link":"https:\/\/ciudadyregion.com.co\/index.php\/las-reflexiones-de-adriana-matiz-en-el-mes-internacional-de-la-mujer\/regional\/","title":{"rendered":"Las reflexiones de Adriana Matiz en el Mes Internacional de la Mujer"},"content":{"rendered":"<p>La gobernadora del Tolima se reuni\u00f3 con las mujeres que laboran en la Administraci\u00f3n Seccional y las invit\u00f3 a ser m\u00e1s solidarias, m\u00e1s empoderadas y a conocer la Casa de la Mujer donde se realizan muchas actividades.<\/p>\n<p>En un encuentro con mujeres que laboran en el edificio de la Gobernaci\u00f3n del Tolima, la gobernadora Adriana Magali Matiz les entreg\u00f3 una serie de reflexiones sobre el papel que ellas cumplen en una sociedad como la nuestra.<\/p>\n<p>Inicialmente, la mandataria las invit\u00f3 a reflexionar sobre el trato que est\u00e1n teniendo entre ellas mismas como los siguientes cuestionamientos:<\/p>\n<p>\u201c\u00bfC\u00f3mo es el trato entre nosotras mismas? \u00bfC\u00f3mo es el trato que tenemos entre las mismas mujeres? \u00bfSer\u00e1 que a veces nos dejamos llevar del chisme y lo que queremos hacer es hundir a esas mujeres de las que est\u00e1n hablando, de las que hablo? \u00bfO ser\u00e1 que nosotros sencillamente le decimos a esa persona que quiere sembrar esa ciza\u00f1a ah\u00ed para un momento? \u00bfEs otra como nosotros? Y yo quiero que ustedes reflexionen porque entre las mujeres debe existir una solidaridad muy grande\u201d, resalt\u00f3 la ejecutiva seccional.<\/p>\n<p>Seguidamente, las invit\u00f3 a ser solidarias con otras mujeres y con el entorno en el que viven y desarrollan sus actividades cotidianas. \u201cNosotros no podemos dejar de ser solidarias entre nosotras mismas. Y a veces uno encuentra lo contrario, que entre nosotras mismas somos m\u00e1s fuertes y entre nosotras mismas nos damos m\u00e1s duro. Y eso no puede ser. Y yo quiero que esta Gobernaci\u00f3n sea un ejemplo de esa solidaridad que debe existir entre todas las mujeres. Cuando a m\u00ed llegan a hablarme mal de una persona, yo de una vez paro eso. Porque como no me gusta que hablen mal de los dem\u00e1s, tampoco me gusta que hablen mal de m\u00ed\u201d, reflexion\u00f3.<\/p>\n<p>Luego, Adriana Matiz se enfoc\u00f3 en las estad\u00edsticas de las mujeres violentadas: \u201cA m\u00ed me aterra, absolutamente, que haya violencia contra la mujer. Una de cada tres mujeres, una de cada tres es violentada. \u00bfSer\u00e1 que la mujer que est\u00e1 al lado de ustedes es una de esas mujeres? De esas mujeres que no tiene a qui\u00e9n decirle, que no tiene a qui\u00e9n contarle, que lo sufre en silencio. Para eso estamos nosotras ah\u00ed, para tenderle esa mano amiga a esa mujer y decirle t\u00fa lo puedes todo; porque las mujeres somos mujeres valientes y somos mujeres poderosas y lo que nos proponemos lo sacamos adelante\u201d.<\/p>\n<p>Luego, la gobernadora del Tolima invit\u00f3 a todas las mujeres a participar de las actividades conmemorativas en el Mes Internacional de la Mujer con la realizaci\u00f3n de jornadas especiales.<\/p>\n<p>Tambi\u00e9n, Adriana Matiz inform\u00f3 que la Casa de la Mujer del Tolima, tumbada en Ibagu\u00e9 tiene una serie de actividades diarias. \u201cLas invito a que conozcan la Casa de la Mujer. All\u00e1 en esa Casa de la Mujer, durante todo este mes, vamos a hacer nuestras estaciones de poder. \u00bfY qu\u00e9 son estaciones de poder? Son espacios donde las mujeres que quieran ir a hacer yoga, que hagan yoga; que las mujeres que quieran ir a aprender a cocinar, vayan y aprendan a cocinar; quienes quieran saber de postrer\u00eda, quienes quieran saber de pasteler\u00eda puedan realizar esos cursos\u201d, expres\u00f3.<\/p>\n","protected":false},"excerpt":{"rendered":"<p>La gobernadora del Tolima se reuni\u00f3 con las mujeres que laboran en la Administraci\u00f3n Seccional y las invit\u00f3 a ser m\u00e1s solidarias, m\u00e1s empoderadas y a conocer la Casa de la Mujer donde se realizan muchas actividades. En un encuentro con mujeres que laboran en el edificio de la Gobernaci\u00f3n<span class=\"more-link\"><a href=\"https:\/\/ciudadyregion.com.co\/index.php\/las-reflexiones-de-adriana-matiz-en-el-mes-internacional-de-la-mujer\/regional\/\">Continuar Leyendo<\/a><\/span><\/p>\n","protected":false},"author":2,"featured_media":57028,"comment_status":"open","ping_status":"open","sticky":false,"template":"","format":"standard","meta":{"_uf_show_specific_survey":0,"_uf_disable_surveys":false,"_jetpack_memberships_contains_paid_content":false,"footnotes":"","jetpack_publicize_message":"","jetpack_publicize_feature_enabled":true,"jetpack_social_post_already_shared":true,"jetpack_social_options":{"image_generator_settings":{"template":"highway","enabled":false},"version":2}},"categories":[13],"tags":[],"class_list":["entry","author-diegoaguirre","post-57027","post","type-post","status-publish","format-standard","has-post-thumbnail","category-regional"],"jetpack_publicize_connections":[],"yoast_head":"<!-- This site is optimized with the Yoast SEO plugin v24.3 - https:\/\/yoast.com\/wordpress\/plugins\/seo\/ -->\n<title>Las reflexiones de Adriana Matiz en el Mes Internacional de la Mujer - Ciudad y Region<\/title>\n<meta name=\"robots\" content=\"index, follow, max-snippet:-1, max-image-preview:large, max-video-preview:-1\" \/>\n<link rel=\"canonical\" href=\"https:\/\/ciudadyregion.com.co\/index.php\/las-reflexiones-de-adriana-matiz-en-el-mes-internacional-de-la-mujer\/regional\/\" \/>\n<meta property=\"og:locale\" content=\"es_ES\" \/>\n<meta property=\"og:type\" content=\"article\" \/>\n<meta property=\"og:title\" content=\"Las reflexiones de Adriana Matiz en el Mes Internacional de la Mujer - Ciudad y Region\" \/>\n<meta property=\"og:description\" content=\"La gobernadora del Tolima se reuni\u00f3 con las mujeres que laboran en la Administraci\u00f3n Seccional y las invit\u00f3 a ser m\u00e1s solidarias, m\u00e1s empoderadas y a conocer la Casa de la Mujer donde se realizan muchas actividades. En un encuentro con mujeres que laboran en el edificio de la Gobernaci\u00f3nContinuar Leyendo\" \/>\n<meta property=\"og:url\" content=\"https:\/\/ciudadyregion.com.co\/index.php\/las-reflexiones-de-adriana-matiz-en-el-mes-internacional-de-la-mujer\/regional\/\" \/>\n<meta property=\"og:site_name\" content=\"Ciudad y Region\" \/>\n<meta property=\"article:published_time\" content=\"2026-03-11T13:48:03+00:00\" \/>\n<meta property=\"og:image\" content=\"https:\/\/ciudadyregion.com.co\/wp-content\/uploads\/2026\/03\/Pag-2026-03-11T084636.078.jpg\" \/>\n\t<meta property=\"og:image:width\" content=\"800\" \/>\n\t<meta property=\"og:image:height\" content=\"445\" \/>\n\t<meta property=\"og:image:type\" content=\"image\/jpeg\" \/>\n<meta name=\"author\" content=\"David Andr\u00e9s Aguirre\" \/>\n<meta name=\"twitter:card\" content=\"summary_large_image\" \/>\n<meta name=\"twitter:label1\" content=\"Escrito por\" \/>\n\t<meta name=\"twitter:data1\" content=\"David Andr\u00e9s Aguirre\" \/>\n\t<meta name=\"twitter:label2\" content=\"Tiempo de lectura\" \/>\n\t<meta name=\"twitter:data2\" content=\"3 minutos\" \/>\n<script type=\"application\/ld+json\" class=\"yoast-schema-graph\">{\"@context\":\"https:\/\/schema.org\",\"@graph\":[{\"@type\":\"WebPage\",\"@id\":\"https:\/\/ciudadyregion.com.co\/index.php\/las-reflexiones-de-adriana-matiz-en-el-mes-internacional-de-la-mujer\/regional\/\",\"url\":\"https:\/\/ciudadyregion.com.co\/index.php\/las-reflexiones-de-adriana-matiz-en-el-mes-internacional-de-la-mujer\/regional\/\",\"name\":\"Las reflexiones de Adriana Matiz en el Mes Internacional de la Mujer - Ciudad y Region\",\"isPartOf\":{\"@id\":\"https:\/\/ciudadyregion.com.co\/#website\"},\"primaryImageOfPage\":{\"@id\":\"https:\/\/ciudadyregion.com.co\/index.php\/las-reflexiones-de-adriana-matiz-en-el-mes-internacional-de-la-mujer\/regional\/#primaryimage\"},\"image\":{\"@id\":\"https:\/\/ciudadyregion.com.co\/index.php\/las-reflexiones-de-adriana-matiz-en-el-mes-internacional-de-la-mujer\/regional\/#primaryimage\"},\"thumbnailUrl\":\"https:\/\/i0.wp.com\/ciudadyregion.com.co\/wp-content\/uploads\/2026\/03\/Pag-2026-03-11T084636.078.jpg?fit=800%2C445&ssl=1\",\"datePublished\":\"2026-03-11T13:48:03+00:00\",\"dateModified\":\"2026-03-11T13:48:03+00:00\",\"author\":{\"@id\":\"https:\/\/ciudadyregion.com.co\/#\/schema\/person\/04a4954373ebc4051f46e8c65ff78622\"},\"breadcrumb\":{\"@id\":\"https:\/\/ciudadyregion.com.co\/index.php\/las-reflexiones-de-adriana-matiz-en-el-mes-internacional-de-la-mujer\/regional\/#breadcrumb\"},\"inLanguage\":\"es\",\"potentialAction\":[{\"@type\":\"ReadAction\",\"target\":[\"https:\/\/ciudadyregion.com.co\/index.php\/las-reflexiones-de-adriana-matiz-en-el-mes-internacional-de-la-mujer\/regional\/\"]}]},{\"@type\":\"ImageObject\",\"inLanguage\":\"es\",\"@id\":\"https:\/\/ciudadyregion.com.co\/index.php\/las-reflexiones-de-adriana-matiz-en-el-mes-internacional-de-la-mujer\/regional\/#primaryimage\",\"url\":\"https:\/\/i0.wp.com\/ciudadyregion.com.co\/wp-content\/uploads\/2026\/03\/Pag-2026-03-11T084636.078.jpg?fit=800%2C445&ssl=1\",\"contentUrl\":\"https:\/\/i0.wp.com\/ciudadyregion.com.co\/wp-content\/uploads\/2026\/03\/Pag-2026-03-11T084636.078.jpg?fit=800%2C445&ssl=1\",\"width\":800,\"height\":445},{\"@type\":\"BreadcrumbList\",\"@id\":\"https:\/\/ciudadyregion.com.co\/index.php\/las-reflexiones-de-adriana-matiz-en-el-mes-internacional-de-la-mujer\/regional\/#breadcrumb\",\"itemListElement\":[{\"@type\":\"ListItem\",\"position\":1,\"name\":\"Portada\",\"item\":\"https:\/\/ciudadyregion.com.co\/\"},{\"@type\":\"ListItem\",\"position\":2,\"name\":\"Las reflexiones de Adriana Matiz en el Mes Internacional de la Mujer\"}]},{\"@type\":\"WebSite\",\"@id\":\"https:\/\/ciudadyregion.com.co\/#website\",\"url\":\"https:\/\/ciudadyregion.com.co\/\",\"name\":\"Ciudad y Region\",\"description\":\"\",\"potentialAction\":[{\"@type\":\"SearchAction\",\"target\":{\"@type\":\"EntryPoint\",\"urlTemplate\":\"https:\/\/ciudadyregion.com.co\/?s={search_term_string}\"},\"query-input\":{\"@type\":\"PropertyValueSpecification\",\"valueRequired\":true,\"valueName\":\"search_term_string\"}}],\"inLanguage\":\"es\"},{\"@type\":\"Person\",\"@id\":\"https:\/\/ciudadyregion.com.co\/#\/schema\/person\/04a4954373ebc4051f46e8c65ff78622\",\"name\":\"David Andr\u00e9s Aguirre\",\"image\":{\"@type\":\"ImageObject\",\"inLanguage\":\"es\",\"@id\":\"https:\/\/ciudadyregion.com.co\/#\/schema\/person\/image\/\",\"url\":\"https:\/\/secure.gravatar.com\/avatar\/bc3c655860202182ee6d1b5edd042dbe?s=96&d=mm&r=g\",\"contentUrl\":\"https:\/\/secure.gravatar.com\/avatar\/bc3c655860202182ee6d1b5edd042dbe?s=96&d=mm&r=g\",\"caption\":\"David Andr\u00e9s Aguirre\"},\"url\":\"https:\/\/ciudadyregion.com.co\/index.php\/author\/diegoaguirre\/\"}]}<\/script>\n<!-- \/ Yoast SEO plugin. -->","yoast_head_json":{"title":"Las reflexiones de Adriana Matiz en el Mes Internacional de la Mujer - Ciudad y Region","robots":{"index":"index","follow":"follow","max-snippet":"max-snippet:-1","max-image-preview":"max-image-preview:large","max-video-preview":"max-video-preview:-1"},"canonical":"https:\/\/ciudadyregion.com.co\/index.php\/las-reflexiones-de-adriana-matiz-en-el-mes-internacional-de-la-mujer\/regional\/","og_locale":"es_ES","og_type":"article","og_title":"Las reflexiones de Adriana Matiz en el Mes Internacional de la Mujer - Ciudad y Region","og_description":"La gobernadora del Tolima se reuni\u00f3 con las mujeres que laboran en la Administraci\u00f3n Seccional y las invit\u00f3 a ser m\u00e1s solidarias, m\u00e1s empoderadas y a conocer la Casa de la Mujer donde se realizan muchas actividades. En un encuentro con mujeres que laboran en el edificio de la Gobernaci\u00f3nContinuar Leyendo","og_url":"https:\/\/ciudadyregion.com.co\/index.php\/las-reflexiones-de-adriana-matiz-en-el-mes-internacional-de-la-mujer\/regional\/","og_site_name":"Ciudad y Region","article_published_time":"2026-03-11T13:48:03+00:00","og_image":[{"width":800,"height":445,"url":"https:\/\/ciudadyregion.com.co\/wp-content\/uploads\/2026\/03\/Pag-2026-03-11T084636.078.jpg","type":"image\/jpeg"}],"author":"David Andr\u00e9s Aguirre","twitter_card":"summary_large_image","twitter_misc":{"Escrito por":"David Andr\u00e9s Aguirre","Tiempo de lectura":"3 minutos"},"schema":{"@context":"https:\/\/schema.org","@graph":[{"@type":"WebPage","@id":"https:\/\/ciudadyregion.com.co\/index.php\/las-reflexiones-de-adriana-matiz-en-el-mes-internacional-de-la-mujer\/regional\/","url":"https:\/\/ciudadyregion.com.co\/index.php\/las-reflexiones-de-adriana-matiz-en-el-mes-internacional-de-la-mujer\/regional\/","name":"Las reflexiones de Adriana Matiz en el Mes Internacional de la Mujer - Ciudad y Region","isPartOf":{"@id":"https:\/\/ciudadyregion.com.co\/#website"},"primaryImageOfPage":{"@id":"https:\/\/ciudadyregion.com.co\/index.php\/las-reflexiones-de-adriana-matiz-en-el-mes-internacional-de-la-mujer\/regional\/#primaryimage"},"image":{"@id":"https:\/\/ciudadyregion.com.co\/index.php\/las-reflexiones-de-adriana-matiz-en-el-mes-internacional-de-la-mujer\/regional\/#primaryimage"},"thumbnailUrl":"https:\/\/i0.wp.com\/ciudadyregion.com.co\/wp-content\/uploads\/2026\/03\/Pag-2026-03-11T084636.078.jpg?fit=800%2C445&ssl=1","datePublished":"2026-03-11T13:48:03+00:00","dateModified":"2026-03-11T13:48:03+00:00","author":{"@id":"https:\/\/ciudadyregion.com.co\/#\/schema\/person\/04a4954373ebc4051f46e8c65ff78622"},"breadcrumb":{"@id":"https:\/\/ciudadyregion.com.co\/index.php\/las-reflexiones-de-adriana-matiz-en-el-mes-internacional-de-la-mujer\/regional\/#breadcrumb"},"inLanguage":"es","potentialAction":[{"@type":"ReadAction","target":["https:\/\/ciudadyregion.com.co\/index.php\/las-reflexiones-de-adriana-matiz-en-el-mes-internacional-de-la-mujer\/regional\/"]}]},{"@type":"ImageObject","inLanguage":"es","@id":"https:\/\/ciudadyregion.com.co\/index.php\/las-reflexiones-de-adriana-matiz-en-el-mes-internacional-de-la-mujer\/regional\/#primaryimage","url":"https:\/\/i0.wp.com\/ciudadyregion.com.co\/wp-content\/uploads\/2026\/03\/Pag-2026-03-11T084636.078.jpg?fit=800%2C445&ssl=1","contentUrl":"https:\/\/i0.wp.com\/ciudadyregion.com.co\/wp-content\/uploads\/2026\/03\/Pag-2026-03-11T084636.078.jpg?fit=800%2C445&ssl=1","width":800,"height":445},{"@type":"BreadcrumbList","@id":"https:\/\/ciudadyregion.com.co\/index.php\/las-reflexiones-de-adriana-matiz-en-el-mes-internacional-de-la-mujer\/regional\/#breadcrumb","itemListElement":[{"@type":"ListItem","position":1,"name":"Portada","item":"https:\/\/ciudadyregion.com.co\/"},{"@type":"ListItem","position":2,"name":"Las reflexiones de Adriana Matiz en el Mes Internacional de la Mujer"}]},{"@type":"WebSite","@id":"https:\/\/ciudadyregion.com.co\/#website","url":"https:\/\/ciudadyregion.com.co\/","name":"Ciudad y Region","description":"","potentialAction":[{"@type":"SearchAction","target":{"@type":"EntryPoint","urlTemplate":"https:\/\/ciudadyregion.com.co\/?s={search_term_string}"},"query-input":{"@type":"PropertyValueSpecification","valueRequired":true,"valueName":"search_term_string"}}],"inLanguage":"es"},{"@type":"Person","@id":"https:\/\/ciudadyregion.com.co\/#\/schema\/person\/04a4954373ebc4051f46e8c65ff78622","name":"David Andr\u00e9s Aguirre","image":{"@type":"ImageObject","inLanguage":"es","@id":"https:\/\/ciudadyregion.com.co\/#\/schema\/person\/image\/","url":"https:\/\/secure.gravatar.com\/avatar\/bc3c655860202182ee6d1b5edd042dbe?s=96&d=mm&r=g","contentUrl":"https:\/\/secure.gravatar.com\/avatar\/bc3c655860202182ee6d1b5edd042dbe?s=96&d=mm&r=g","caption":"David Andr\u00e9s Aguirre"},"url":"https:\/\/ciudadyregion.com.co\/index.php\/author\/diegoaguirre\/"}]}},"jetpack_featured_media_url":"https:\/\/i0.wp.com\/ciudadyregion.com.co\/wp-content\/uploads\/2026\/03\/Pag-2026-03-11T084636.078.jpg?fit=800%2C445&ssl=1","jetpack_sharing_enabled":true,"jetpack_shortlink":"https:\/\/wp.me\/pbS7hh-ePN","jetpack-related-posts":[],"_links":{"self":[{"href":"https:\/\/ciudadyregion.com.co\/index.php\/wp-json\/wp\/v2\/posts\/57027"}],"collection":[{"href":"https:\/\/ciudadyregion.com.co\/index.php\/wp-json\/wp\/v2\/posts"}],"about":[{"href":"https:\/\/ciudadyregion.com.co\/index.php\/wp-json\/wp\/v2\/types\/post"}],"author":[{"embeddable":true,"href":"https:\/\/ciudadyregion.com.co\/index.php\/wp-json\/wp\/v2\/users\/2"}],"replies":[{"embeddable":true,"href":"https:\/\/ciudadyregion.com.co\/index.php\/wp-json\/wp\/v2\/comments?post=57027"}],"version-history":[{"count":1,"href":"https:\/\/ciudadyregion.com.co\/index.php\/wp-json\/wp\/v2\/posts\/57027\/revisions"}],"predecessor-version":[{"id":57029,"href":"https:\/\/ciudadyregion.com.co\/index.php\/wp-json\/wp\/v2\/posts\/57027\/revisions\/57029"}],"wp:featuredmedia":[{"embeddable":true,"href":"https:\/\/ciudadyregion.com.co\/index.php\/wp-json\/wp\/v2\/media\/57028"}],"wp:attachment":[{"href":"https:\/\/ciudadyregion.com.co\/index.php\/wp-json\/wp\/v2\/media?parent=57027"}],"wp:term":[{"taxonomy":"category","embeddable":true,"href":"https:\/\/ciudadyregion.com.co\/index.php\/wp-json\/wp\/v2\/categories?post=57027"},{"taxonomy":"post_tag","embeddable":true,"href":"https:\/\/ciudadyregion.com.co\/index.php\/wp-json\/wp\/v2\/tags?post=57027"}],"curies":[{"name":"wp","href":"https:\/\/api.w.org\/{rel}","templated":true}]}}