{"id":57018,"date":"2026-03-11T08:34:58","date_gmt":"2026-03-11T13:34:58","guid":{"rendered":"https:\/\/ciudadyregion.com.co\/?p=57018"},"modified":"2026-03-11T08:34:58","modified_gmt":"2026-03-11T13:34:58","slug":"alcaldia-continua-con-controles-por-mal-parqueo-en-paraderos-y-vias-de-ibague","status":"publish","type":"post","link":"https:\/\/ciudadyregion.com.co\/index.php\/alcaldia-continua-con-controles-por-mal-parqueo-en-paraderos-y-vias-de-ibague\/ibague\/","title":{"rendered":"Alcald\u00eda contin\u00faa con controles por mal parqueo en paraderos y v\u00edas de Ibagu\u00e9"},"content":{"rendered":"<p>Esta infracci\u00f3n genera dificultades en el flujo vehicular y pone en riesgo a los pasajeros al momento de ascender y descender del transporte p\u00fablico.<\/p>\n<p>La Alcald\u00eda de Ibagu\u00e9 ha fortalecido los controles por mal parqueo en varios puntos de la ciudad, especialmente en zonas donde se ubican los paraderos del transporte p\u00fablico colectivo. En estos lugares se ha evidenciado que veh\u00edculos particulares se estacionan indebidamente, obstaculizando el pare de los buses y dificultando el ascenso y descenso seguro de los pasajeros.<\/p>\n<p>Estos operativos se vienen realizando en puntos estrat\u00e9gicos como la carrera Quinta, donde inici\u00f3 el plan piloto del Sistema Estrat\u00e9gico de Transporte P\u00fablico, as\u00ed como en sectores como C\u00e1diz, las paralelas del Jord\u00e1n, la zona Centro, entre otros.<\/p>\n<p>Durante la semana comprendida entre el lunes 2 y el s\u00e1bado 7 de marzo, las autoridades de tr\u00e1nsito sancionaron a m\u00e1s de 200 conductores por mal parqueo en v\u00eda p\u00fablica y, en algunos casos, por abandono de veh\u00edculo.<\/p>\n<p>\u201cSeguimos reforzando los controles en toda la ciudad, especialmente en la carrera Quinta, con el objetivo de garantizar el uso adecuado de los paraderos en este sector. Es importante que los ciudadanos entiendan que respetar estos espacios no solo permite una mejor movilidad, sino que tambi\u00e9n garantiza la seguridad de los pasajeros y la agilidad del sistema\u201d, indic\u00f3 Ricardo Rodr\u00edguez, secretario de Movilidad de Ibagu\u00e9.<\/p>\n<p>Desde la Administraci\u00f3n Municipal reiteramos el llamado a la conciencia ciudadana para evitar parquear en zonas prohibidas, ayudando a la movilidad segura de todos.<\/p>\n","protected":false},"excerpt":{"rendered":"<p>Esta infracci\u00f3n genera dificultades en el flujo vehicular y pone en riesgo a los pasajeros al momento de ascender y descender del transporte p\u00fablico. La Alcald\u00eda de Ibagu\u00e9 ha fortalecido los controles por mal parqueo en varios puntos de la ciudad, especialmente en zonas donde se ubican los paraderos del<span class=\"more-link\"><a href=\"https:\/\/ciudadyregion.com.co\/index.php\/alcaldia-continua-con-controles-por-mal-parqueo-en-paraderos-y-vias-de-ibague\/ibague\/\">Continuar Leyendo<\/a><\/span><\/p>\n","protected":false},"author":2,"featured_media":57019,"comment_status":"open","ping_status":"open","sticky":false,"template":"","format":"standard","meta":{"_uf_show_specific_survey":0,"_uf_disable_surveys":false,"_jetpack_memberships_contains_paid_content":false,"footnotes":"","jetpack_publicize_message":"","jetpack_publicize_feature_enabled":true,"jetpack_social_post_already_shared":true,"jetpack_social_options":{"image_generator_settings":{"template":"highway","enabled":false},"version":2}},"categories":[14],"tags":[],"class_list":["entry","author-diegoaguirre","post-57018","post","type-post","status-publish","format-standard","has-post-thumbnail","category-ibague"],"jetpack_publicize_connections":[],"yoast_head":"<!-- This site is optimized with the Yoast SEO plugin v24.3 - https:\/\/yoast.com\/wordpress\/plugins\/seo\/ -->\n<title>Alcald\u00eda contin\u00faa con controles por mal parqueo en paraderos y v\u00edas de Ibagu\u00e9 - Ciudad y Region<\/title>\n<meta name=\"robots\" content=\"index, follow, max-snippet:-1, max-image-preview:large, max-video-preview:-1\" \/>\n<link rel=\"canonical\" href=\"https:\/\/ciudadyregion.com.co\/index.php\/alcaldia-continua-con-controles-por-mal-parqueo-en-paraderos-y-vias-de-ibague\/ibague\/\" \/>\n<meta property=\"og:locale\" content=\"es_ES\" \/>\n<meta property=\"og:type\" content=\"article\" \/>\n<meta property=\"og:title\" content=\"Alcald\u00eda contin\u00faa con controles por mal parqueo en paraderos y v\u00edas de Ibagu\u00e9 - Ciudad y Region\" \/>\n<meta property=\"og:description\" content=\"Esta infracci\u00f3n genera dificultades en el flujo vehicular y pone en riesgo a los pasajeros al momento de ascender y descender del transporte p\u00fablico. La Alcald\u00eda de Ibagu\u00e9 ha fortalecido los controles por mal parqueo en varios puntos de la ciudad, especialmente en zonas donde se ubican los paraderos delContinuar Leyendo\" \/>\n<meta property=\"og:url\" content=\"https:\/\/ciudadyregion.com.co\/index.php\/alcaldia-continua-con-controles-por-mal-parqueo-en-paraderos-y-vias-de-ibague\/ibague\/\" \/>\n<meta property=\"og:site_name\" content=\"Ciudad y Region\" \/>\n<meta property=\"article:published_time\" content=\"2026-03-11T13:34:58+00:00\" \/>\n<meta property=\"og:image\" content=\"https:\/\/ciudadyregion.com.co\/wp-content\/uploads\/2026\/03\/Pag-2026-03-11T083353.604.jpg\" \/>\n\t<meta property=\"og:image:width\" content=\"800\" \/>\n\t<meta property=\"og:image:height\" content=\"445\" \/>\n\t<meta property=\"og:image:type\" content=\"image\/jpeg\" \/>\n<meta name=\"author\" content=\"David Andr\u00e9s Aguirre\" \/>\n<meta name=\"twitter:card\" content=\"summary_large_image\" \/>\n<meta name=\"twitter:label1\" content=\"Escrito por\" \/>\n\t<meta name=\"twitter:data1\" content=\"David Andr\u00e9s Aguirre\" \/>\n\t<meta name=\"twitter:label2\" content=\"Tiempo de lectura\" \/>\n\t<meta name=\"twitter:data2\" content=\"2 minutos\" \/>\n<script type=\"application\/ld+json\" class=\"yoast-schema-graph\">{\"@context\":\"https:\/\/schema.org\",\"@graph\":[{\"@type\":\"WebPage\",\"@id\":\"https:\/\/ciudadyregion.com.co\/index.php\/alcaldia-continua-con-controles-por-mal-parqueo-en-paraderos-y-vias-de-ibague\/ibague\/\",\"url\":\"https:\/\/ciudadyregion.com.co\/index.php\/alcaldia-continua-con-controles-por-mal-parqueo-en-paraderos-y-vias-de-ibague\/ibague\/\",\"name\":\"Alcald\u00eda contin\u00faa con controles por mal parqueo en paraderos y v\u00edas de Ibagu\u00e9 - Ciudad y Region\",\"isPartOf\":{\"@id\":\"https:\/\/ciudadyregion.com.co\/#website\"},\"primaryImageOfPage\":{\"@id\":\"https:\/\/ciudadyregion.com.co\/index.php\/alcaldia-continua-con-controles-por-mal-parqueo-en-paraderos-y-vias-de-ibague\/ibague\/#primaryimage\"},\"image\":{\"@id\":\"https:\/\/ciudadyregion.com.co\/index.php\/alcaldia-continua-con-controles-por-mal-parqueo-en-paraderos-y-vias-de-ibague\/ibague\/#primaryimage\"},\"thumbnailUrl\":\"https:\/\/i0.wp.com\/ciudadyregion.com.co\/wp-content\/uploads\/2026\/03\/Pag-2026-03-11T083353.604.jpg?fit=800%2C445&ssl=1\",\"datePublished\":\"2026-03-11T13:34:58+00:00\",\"dateModified\":\"2026-03-11T13:34:58+00:00\",\"author\":{\"@id\":\"https:\/\/ciudadyregion.com.co\/#\/schema\/person\/04a4954373ebc4051f46e8c65ff78622\"},\"breadcrumb\":{\"@id\":\"https:\/\/ciudadyregion.com.co\/index.php\/alcaldia-continua-con-controles-por-mal-parqueo-en-paraderos-y-vias-de-ibague\/ibague\/#breadcrumb\"},\"inLanguage\":\"es\",\"potentialAction\":[{\"@type\":\"ReadAction\",\"target\":[\"https:\/\/ciudadyregion.com.co\/index.php\/alcaldia-continua-con-controles-por-mal-parqueo-en-paraderos-y-vias-de-ibague\/ibague\/\"]}]},{\"@type\":\"ImageObject\",\"inLanguage\":\"es\",\"@id\":\"https:\/\/ciudadyregion.com.co\/index.php\/alcaldia-continua-con-controles-por-mal-parqueo-en-paraderos-y-vias-de-ibague\/ibague\/#primaryimage\",\"url\":\"https:\/\/i0.wp.com\/ciudadyregion.com.co\/wp-content\/uploads\/2026\/03\/Pag-2026-03-11T083353.604.jpg?fit=800%2C445&ssl=1\",\"contentUrl\":\"https:\/\/i0.wp.com\/ciudadyregion.com.co\/wp-content\/uploads\/2026\/03\/Pag-2026-03-11T083353.604.jpg?fit=800%2C445&ssl=1\",\"width\":800,\"height\":445},{\"@type\":\"BreadcrumbList\",\"@id\":\"https:\/\/ciudadyregion.com.co\/index.php\/alcaldia-continua-con-controles-por-mal-parqueo-en-paraderos-y-vias-de-ibague\/ibague\/#breadcrumb\",\"itemListElement\":[{\"@type\":\"ListItem\",\"position\":1,\"name\":\"Portada\",\"item\":\"https:\/\/ciudadyregion.com.co\/\"},{\"@type\":\"ListItem\",\"position\":2,\"name\":\"Alcald\u00eda contin\u00faa con controles por mal parqueo en paraderos y v\u00edas de Ibagu\u00e9\"}]},{\"@type\":\"WebSite\",\"@id\":\"https:\/\/ciudadyregion.com.co\/#website\",\"url\":\"https:\/\/ciudadyregion.com.co\/\",\"name\":\"Ciudad y Region\",\"description\":\"\",\"potentialAction\":[{\"@type\":\"SearchAction\",\"target\":{\"@type\":\"EntryPoint\",\"urlTemplate\":\"https:\/\/ciudadyregion.com.co\/?s={search_term_string}\"},\"query-input\":{\"@type\":\"PropertyValueSpecification\",\"valueRequired\":true,\"valueName\":\"search_term_string\"}}],\"inLanguage\":\"es\"},{\"@type\":\"Person\",\"@id\":\"https:\/\/ciudadyregion.com.co\/#\/schema\/person\/04a4954373ebc4051f46e8c65ff78622\",\"name\":\"David Andr\u00e9s Aguirre\",\"image\":{\"@type\":\"ImageObject\",\"inLanguage\":\"es\",\"@id\":\"https:\/\/ciudadyregion.com.co\/#\/schema\/person\/image\/\",\"url\":\"https:\/\/secure.gravatar.com\/avatar\/bc3c655860202182ee6d1b5edd042dbe?s=96&d=mm&r=g\",\"contentUrl\":\"https:\/\/secure.gravatar.com\/avatar\/bc3c655860202182ee6d1b5edd042dbe?s=96&d=mm&r=g\",\"caption\":\"David Andr\u00e9s Aguirre\"},\"url\":\"https:\/\/ciudadyregion.com.co\/index.php\/author\/diegoaguirre\/\"}]}<\/script>\n<!-- \/ Yoast SEO plugin. -->","yoast_head_json":{"title":"Alcald\u00eda contin\u00faa con controles por mal parqueo en paraderos y v\u00edas de Ibagu\u00e9 - Ciudad y Region","robots":{"index":"index","follow":"follow","max-snippet":"max-snippet:-1","max-image-preview":"max-image-preview:large","max-video-preview":"max-video-preview:-1"},"canonical":"https:\/\/ciudadyregion.com.co\/index.php\/alcaldia-continua-con-controles-por-mal-parqueo-en-paraderos-y-vias-de-ibague\/ibague\/","og_locale":"es_ES","og_type":"article","og_title":"Alcald\u00eda contin\u00faa con controles por mal parqueo en paraderos y v\u00edas de Ibagu\u00e9 - Ciudad y Region","og_description":"Esta infracci\u00f3n genera dificultades en el flujo vehicular y pone en riesgo a los pasajeros al momento de ascender y descender del transporte p\u00fablico. La Alcald\u00eda de Ibagu\u00e9 ha fortalecido los controles por mal parqueo en varios puntos de la ciudad, especialmente en zonas donde se ubican los paraderos delContinuar Leyendo","og_url":"https:\/\/ciudadyregion.com.co\/index.php\/alcaldia-continua-con-controles-por-mal-parqueo-en-paraderos-y-vias-de-ibague\/ibague\/","og_site_name":"Ciudad y Region","article_published_time":"2026-03-11T13:34:58+00:00","og_image":[{"width":800,"height":445,"url":"https:\/\/ciudadyregion.com.co\/wp-content\/uploads\/2026\/03\/Pag-2026-03-11T083353.604.jpg","type":"image\/jpeg"}],"author":"David Andr\u00e9s Aguirre","twitter_card":"summary_large_image","twitter_misc":{"Escrito por":"David Andr\u00e9s Aguirre","Tiempo de lectura":"2 minutos"},"schema":{"@context":"https:\/\/schema.org","@graph":[{"@type":"WebPage","@id":"https:\/\/ciudadyregion.com.co\/index.php\/alcaldia-continua-con-controles-por-mal-parqueo-en-paraderos-y-vias-de-ibague\/ibague\/","url":"https:\/\/ciudadyregion.com.co\/index.php\/alcaldia-continua-con-controles-por-mal-parqueo-en-paraderos-y-vias-de-ibague\/ibague\/","name":"Alcald\u00eda contin\u00faa con controles por mal parqueo en paraderos y v\u00edas de Ibagu\u00e9 - Ciudad y Region","isPartOf":{"@id":"https:\/\/ciudadyregion.com.co\/#website"},"primaryImageOfPage":{"@id":"https:\/\/ciudadyregion.com.co\/index.php\/alcaldia-continua-con-controles-por-mal-parqueo-en-paraderos-y-vias-de-ibague\/ibague\/#primaryimage"},"image":{"@id":"https:\/\/ciudadyregion.com.co\/index.php\/alcaldia-continua-con-controles-por-mal-parqueo-en-paraderos-y-vias-de-ibague\/ibague\/#primaryimage"},"thumbnailUrl":"https:\/\/i0.wp.com\/ciudadyregion.com.co\/wp-content\/uploads\/2026\/03\/Pag-2026-03-11T083353.604.jpg?fit=800%2C445&ssl=1","datePublished":"2026-03-11T13:34:58+00:00","dateModified":"2026-03-11T13:34:58+00:00","author":{"@id":"https:\/\/ciudadyregion.com.co\/#\/schema\/person\/04a4954373ebc4051f46e8c65ff78622"},"breadcrumb":{"@id":"https:\/\/ciudadyregion.com.co\/index.php\/alcaldia-continua-con-controles-por-mal-parqueo-en-paraderos-y-vias-de-ibague\/ibague\/#breadcrumb"},"inLanguage":"es","potentialAction":[{"@type":"ReadAction","target":["https:\/\/ciudadyregion.com.co\/index.php\/alcaldia-continua-con-controles-por-mal-parqueo-en-paraderos-y-vias-de-ibague\/ibague\/"]}]},{"@type":"ImageObject","inLanguage":"es","@id":"https:\/\/ciudadyregion.com.co\/index.php\/alcaldia-continua-con-controles-por-mal-parqueo-en-paraderos-y-vias-de-ibague\/ibague\/#primaryimage","url":"https:\/\/i0.wp.com\/ciudadyregion.com.co\/wp-content\/uploads\/2026\/03\/Pag-2026-03-11T083353.604.jpg?fit=800%2C445&ssl=1","contentUrl":"https:\/\/i0.wp.com\/ciudadyregion.com.co\/wp-content\/uploads\/2026\/03\/Pag-2026-03-11T083353.604.jpg?fit=800%2C445&ssl=1","width":800,"height":445},{"@type":"BreadcrumbList","@id":"https:\/\/ciudadyregion.com.co\/index.php\/alcaldia-continua-con-controles-por-mal-parqueo-en-paraderos-y-vias-de-ibague\/ibague\/#breadcrumb","itemListElement":[{"@type":"ListItem","position":1,"name":"Portada","item":"https:\/\/ciudadyregion.com.co\/"},{"@type":"ListItem","position":2,"name":"Alcald\u00eda contin\u00faa con controles por mal parqueo en paraderos y v\u00edas de Ibagu\u00e9"}]},{"@type":"WebSite","@id":"https:\/\/ciudadyregion.com.co\/#website","url":"https:\/\/ciudadyregion.com.co\/","name":"Ciudad y Region","description":"","potentialAction":[{"@type":"SearchAction","target":{"@type":"EntryPoint","urlTemplate":"https:\/\/ciudadyregion.com.co\/?s={search_term_string}"},"query-input":{"@type":"PropertyValueSpecification","valueRequired":true,"valueName":"search_term_string"}}],"inLanguage":"es"},{"@type":"Person","@id":"https:\/\/ciudadyregion.com.co\/#\/schema\/person\/04a4954373ebc4051f46e8c65ff78622","name":"David Andr\u00e9s Aguirre","image":{"@type":"ImageObject","inLanguage":"es","@id":"https:\/\/ciudadyregion.com.co\/#\/schema\/person\/image\/","url":"https:\/\/secure.gravatar.com\/avatar\/bc3c655860202182ee6d1b5edd042dbe?s=96&d=mm&r=g","contentUrl":"https:\/\/secure.gravatar.com\/avatar\/bc3c655860202182ee6d1b5edd042dbe?s=96&d=mm&r=g","caption":"David Andr\u00e9s Aguirre"},"url":"https:\/\/ciudadyregion.com.co\/index.php\/author\/diegoaguirre\/"}]}},"jetpack_featured_media_url":"https:\/\/i0.wp.com\/ciudadyregion.com.co\/wp-content\/uploads\/2026\/03\/Pag-2026-03-11T083353.604.jpg?fit=800%2C445&ssl=1","jetpack_sharing_enabled":true,"jetpack_shortlink":"https:\/\/wp.me\/pbS7hh-ePE","jetpack-related-posts":[],"_links":{"self":[{"href":"https:\/\/ciudadyregion.com.co\/index.php\/wp-json\/wp\/v2\/posts\/57018"}],"collection":[{"href":"https:\/\/ciudadyregion.com.co\/index.php\/wp-json\/wp\/v2\/posts"}],"about":[{"href":"https:\/\/ciudadyregion.com.co\/index.php\/wp-json\/wp\/v2\/types\/post"}],"author":[{"embeddable":true,"href":"https:\/\/ciudadyregion.com.co\/index.php\/wp-json\/wp\/v2\/users\/2"}],"replies":[{"embeddable":true,"href":"https:\/\/ciudadyregion.com.co\/index.php\/wp-json\/wp\/v2\/comments?post=57018"}],"version-history":[{"count":1,"href":"https:\/\/ciudadyregion.com.co\/index.php\/wp-json\/wp\/v2\/posts\/57018\/revisions"}],"predecessor-version":[{"id":57020,"href":"https:\/\/ciudadyregion.com.co\/index.php\/wp-json\/wp\/v2\/posts\/57018\/revisions\/57020"}],"wp:featuredmedia":[{"embeddable":true,"href":"https:\/\/ciudadyregion.com.co\/index.php\/wp-json\/wp\/v2\/media\/57019"}],"wp:attachment":[{"href":"https:\/\/ciudadyregion.com.co\/index.php\/wp-json\/wp\/v2\/media?parent=57018"}],"wp:term":[{"taxonomy":"category","embeddable":true,"href":"https:\/\/ciudadyregion.com.co\/index.php\/wp-json\/wp\/v2\/categories?post=57018"},{"taxonomy":"post_tag","embeddable":true,"href":"https:\/\/ciudadyregion.com.co\/index.php\/wp-json\/wp\/v2\/tags?post=57018"}],"curies":[{"name":"wp","href":"https:\/\/api.w.org\/{rel}","templated":true}]}}