{"id":57009,"date":"2026-03-11T08:14:30","date_gmt":"2026-03-11T13:14:30","guid":{"rendered":"https:\/\/ciudadyregion.com.co\/?p=57009"},"modified":"2026-03-11T08:14:30","modified_gmt":"2026-03-11T13:14:30","slug":"con-alegria-la-universidad-del-tolima-dio-la-bienvenida-a-sus-nuevos-estudiantes-en-la-induccion-a-2026","status":"publish","type":"post","link":"https:\/\/ciudadyregion.com.co\/index.php\/con-alegria-la-universidad-del-tolima-dio-la-bienvenida-a-sus-nuevos-estudiantes-en-la-induccion-a-2026\/educacion\/","title":{"rendered":"Con alegr\u00eda la Universidad del Tolima dio la bienvenida a sus nuevos estudiantes en la inducci\u00f3n A-2026"},"content":{"rendered":"<p data-wahfont=\"14\">Con una agenda din\u00e1mica, participativa y formativa, la Universidad del Tolima culmin\u00f3 con \u00e9xito la jor\u00adnada de inducci\u00f3n para el primer semestre del 2026 a los m\u00e1s de 4200 nuevos y nuevas estudiantes de las dos modalidades.<\/p>\n<p data-wahfont=\"14\">El Vicerrector de Desarrollo Humano, Diego Polo Pa\u00adredes, explic\u00f3 que \u201cla inducci\u00f3n del semestre A-2026 contempl\u00f3 dos momentos. El primero, la bienveni\u00adda a estudiantes de la modalidad a distancia, fue una jornada adelantada en la semana anterior de manera mediada, un espacio importante para fortalecer los procesos de ingreso, adaptaci\u00f3n, permanencia y gra\u00adduaci\u00f3n en la vida universitaria\u201d.<\/p>\n<p data-wahfont=\"14\">Posteriormente, se llev\u00f3 a cabo una jornada especial de manera presencial para los y las estudiantes de la modalidad distancia en el CAT de Ibagu\u00e9. En este encuentro, cerca de 850 personas fueron recibidas y acompa\u00f1adas en su primer acercamiento a la ins\u00adtituci\u00f3n.<\/p>\n<p data-wahfont=\"14\">Finalmente, del 23 al 27 de febrero, la Universidad desarroll\u00f3 las actividades de inducci\u00f3n destinadas para la modalidad presencial. Seg\u00fan destac\u00f3 el Vi\u00adcerrector, \u201cfueron cinco d\u00edas muy intensos, cinco d\u00edas de profundo aprendizaje. Cada vez la inducci\u00f3n tiene un esp\u00edritu m\u00e1s vivencial y de aprendizaje co\u00adlaborativo\u201d.<\/p>\n<p data-wahfont=\"14\"><strong>Una experiencia formativa integral y vivencial<\/strong><\/p>\n<p data-wahfont=\"14\">La programaci\u00f3n incluy\u00f3 espacios innovadores como la armonizaci\u00f3n normativa, en coherencia con el Es\u00adtatuto Disciplinario Estudiantil y los avances hacia un nuevo Estatuto Estudiantil. A su vez, se mantuvieron actividades emblem\u00e1ticas:<\/p>\n<p data-wahfont=\"14\">\u201cMantenemos estructuras emblem\u00e1ticas como el re\u00adconocimiento al campus Santa Helena, el reconoci\u00admiento a la flora y fauna de la Universidad del Tolima, el reconocimiento de la memoria hist\u00f3rica de la ins\u00adtituci\u00f3n y al mismo tiempo mantuvimos el ADN del ethos universitario\u201d.<\/p>\n<p data-wahfont=\"14\">Durante las jornadas, las y los estudiantes tambi\u00e9n conocieron de primera mano los ejes misionales de la instituci\u00f3n: docencia, investigaci\u00f3n y proyecci\u00f3n social, as\u00ed como las diferentes pol\u00edticas universitarias orientadas al bienestar y a la sana convivencia.<\/p>\n<p data-wahfont=\"14\">\u201cDurante todos los d\u00edas hemos reivindicado la apues\u00adta formativa, no solamente de excelentes profesiona\u00adles en t\u00e9rminos disciplinares, sino tambi\u00e9n de forma\u00adci\u00f3n integral humana\u201d, afirm\u00f3 Polo.<\/p>\n<p data-wahfont=\"14\"><strong>Inclusi\u00f3n, convivencia y proyecci\u00f3n en la vida universitaria<\/strong><\/p>\n<p data-wahfont=\"14\">La inducci\u00f3n A-2026 integr\u00f3 talleres sobre acceso a la educaci\u00f3n inclusiva, apropiaci\u00f3n de protocolos y rutas institucionales para fortalecer la convivencia universitaria, adem\u00e1s integr\u00f3 espacios de di\u00e1logo con diferentes directivos y directivas de la UT, decanos y directores de programa, fortaleciendo el sentido de pertenencia desde el primer momento.<\/p>\n<p data-wahfont=\"14\">Asimismo, las y los estudiantes conocieron aspectos clave como la continuidad de la gratuidad en la ma\u00adtr\u00edcula, la nueva legislaci\u00f3n institucional y los apo\u00adyos disponibles para quienes inician su formaci\u00f3n acad\u00e9mica.<\/p>\n<p data-wahfont=\"14\">De esta manera, la Universidad del Tolima sigue tra\u00adbajando en la apuesta por una formaci\u00f3n integral, in\u00adclusiva y de calidad, acompa\u00f1ando con alegr\u00eda el ini\u00adcio del camino universitario de una nueva generaci\u00f3n que se integra a la vida acad\u00e9mica y ha elegido a la UT como parte de su proyecto de vida.<\/p>\n","protected":false},"excerpt":{"rendered":"<p>Con una agenda din\u00e1mica, participativa y formativa, la Universidad del Tolima culmin\u00f3 con \u00e9xito la jor\u00adnada de inducci\u00f3n para el primer semestre del 2026 a los m\u00e1s de 4200 nuevos y nuevas estudiantes de las dos modalidades. El Vicerrector de Desarrollo Humano, Diego Polo Pa\u00adredes, explic\u00f3 que \u201cla inducci\u00f3n del<span class=\"more-link\"><a href=\"https:\/\/ciudadyregion.com.co\/index.php\/con-alegria-la-universidad-del-tolima-dio-la-bienvenida-a-sus-nuevos-estudiantes-en-la-induccion-a-2026\/educacion\/\">Continuar Leyendo<\/a><\/span><\/p>\n","protected":false},"author":2,"featured_media":57010,"comment_status":"open","ping_status":"open","sticky":false,"template":"","format":"standard","meta":{"_uf_show_specific_survey":0,"_uf_disable_surveys":false,"_jetpack_memberships_contains_paid_content":false,"footnotes":"","jetpack_publicize_message":"","jetpack_publicize_feature_enabled":true,"jetpack_social_post_already_shared":true,"jetpack_social_options":{"image_generator_settings":{"template":"highway","enabled":false},"version":2}},"categories":[22],"tags":[],"class_list":["entry","author-diegoaguirre","post-57009","post","type-post","status-publish","format-standard","has-post-thumbnail","category-educacion"],"jetpack_publicize_connections":[],"yoast_head":"<!-- This site is optimized with the Yoast SEO plugin v24.3 - https:\/\/yoast.com\/wordpress\/plugins\/seo\/ -->\n<title>Con alegr\u00eda la Universidad del Tolima dio la bienvenida a sus nuevos estudiantes en la inducci\u00f3n A-2026 - Ciudad y Region<\/title>\n<meta name=\"robots\" content=\"index, follow, max-snippet:-1, max-image-preview:large, max-video-preview:-1\" \/>\n<link rel=\"canonical\" href=\"https:\/\/ciudadyregion.com.co\/index.php\/con-alegria-la-universidad-del-tolima-dio-la-bienvenida-a-sus-nuevos-estudiantes-en-la-induccion-a-2026\/educacion\/\" \/>\n<meta property=\"og:locale\" content=\"es_ES\" \/>\n<meta property=\"og:type\" content=\"article\" \/>\n<meta property=\"og:title\" content=\"Con alegr\u00eda la Universidad del Tolima dio la bienvenida a sus nuevos estudiantes en la inducci\u00f3n A-2026 - Ciudad y Region\" \/>\n<meta property=\"og:description\" content=\"Con una agenda din\u00e1mica, participativa y formativa, la Universidad del Tolima culmin\u00f3 con \u00e9xito la jor\u00adnada de inducci\u00f3n para el primer semestre del 2026 a los m\u00e1s de 4200 nuevos y nuevas estudiantes de las dos modalidades. El Vicerrector de Desarrollo Humano, Diego Polo Pa\u00adredes, explic\u00f3 que \u201cla inducci\u00f3n delContinuar Leyendo\" \/>\n<meta property=\"og:url\" content=\"https:\/\/ciudadyregion.com.co\/index.php\/con-alegria-la-universidad-del-tolima-dio-la-bienvenida-a-sus-nuevos-estudiantes-en-la-induccion-a-2026\/educacion\/\" \/>\n<meta property=\"og:site_name\" content=\"Ciudad y Region\" \/>\n<meta property=\"article:published_time\" content=\"2026-03-11T13:14:30+00:00\" \/>\n<meta property=\"og:image\" content=\"https:\/\/ciudadyregion.com.co\/wp-content\/uploads\/2026\/03\/Pag-2026-03-11T081213.970.jpg\" \/>\n\t<meta property=\"og:image:width\" content=\"800\" \/>\n\t<meta property=\"og:image:height\" content=\"445\" \/>\n\t<meta property=\"og:image:type\" content=\"image\/jpeg\" \/>\n<meta name=\"author\" content=\"David Andr\u00e9s Aguirre\" \/>\n<meta name=\"twitter:card\" content=\"summary_large_image\" \/>\n<meta name=\"twitter:label1\" content=\"Escrito por\" \/>\n\t<meta name=\"twitter:data1\" content=\"David Andr\u00e9s Aguirre\" \/>\n\t<meta name=\"twitter:label2\" content=\"Tiempo de lectura\" \/>\n\t<meta name=\"twitter:data2\" content=\"3 minutos\" \/>\n<script type=\"application\/ld+json\" class=\"yoast-schema-graph\">{\"@context\":\"https:\/\/schema.org\",\"@graph\":[{\"@type\":\"WebPage\",\"@id\":\"https:\/\/ciudadyregion.com.co\/index.php\/con-alegria-la-universidad-del-tolima-dio-la-bienvenida-a-sus-nuevos-estudiantes-en-la-induccion-a-2026\/educacion\/\",\"url\":\"https:\/\/ciudadyregion.com.co\/index.php\/con-alegria-la-universidad-del-tolima-dio-la-bienvenida-a-sus-nuevos-estudiantes-en-la-induccion-a-2026\/educacion\/\",\"name\":\"Con alegr\u00eda la Universidad del Tolima dio la bienvenida a sus nuevos estudiantes en la inducci\u00f3n A-2026 - Ciudad y Region\",\"isPartOf\":{\"@id\":\"https:\/\/ciudadyregion.com.co\/#website\"},\"primaryImageOfPage\":{\"@id\":\"https:\/\/ciudadyregion.com.co\/index.php\/con-alegria-la-universidad-del-tolima-dio-la-bienvenida-a-sus-nuevos-estudiantes-en-la-induccion-a-2026\/educacion\/#primaryimage\"},\"image\":{\"@id\":\"https:\/\/ciudadyregion.com.co\/index.php\/con-alegria-la-universidad-del-tolima-dio-la-bienvenida-a-sus-nuevos-estudiantes-en-la-induccion-a-2026\/educacion\/#primaryimage\"},\"thumbnailUrl\":\"https:\/\/i0.wp.com\/ciudadyregion.com.co\/wp-content\/uploads\/2026\/03\/Pag-2026-03-11T081213.970.jpg?fit=800%2C445&ssl=1\",\"datePublished\":\"2026-03-11T13:14:30+00:00\",\"dateModified\":\"2026-03-11T13:14:30+00:00\",\"author\":{\"@id\":\"https:\/\/ciudadyregion.com.co\/#\/schema\/person\/04a4954373ebc4051f46e8c65ff78622\"},\"breadcrumb\":{\"@id\":\"https:\/\/ciudadyregion.com.co\/index.php\/con-alegria-la-universidad-del-tolima-dio-la-bienvenida-a-sus-nuevos-estudiantes-en-la-induccion-a-2026\/educacion\/#breadcrumb\"},\"inLanguage\":\"es\",\"potentialAction\":[{\"@type\":\"ReadAction\",\"target\":[\"https:\/\/ciudadyregion.com.co\/index.php\/con-alegria-la-universidad-del-tolima-dio-la-bienvenida-a-sus-nuevos-estudiantes-en-la-induccion-a-2026\/educacion\/\"]}]},{\"@type\":\"ImageObject\",\"inLanguage\":\"es\",\"@id\":\"https:\/\/ciudadyregion.com.co\/index.php\/con-alegria-la-universidad-del-tolima-dio-la-bienvenida-a-sus-nuevos-estudiantes-en-la-induccion-a-2026\/educacion\/#primaryimage\",\"url\":\"https:\/\/i0.wp.com\/ciudadyregion.com.co\/wp-content\/uploads\/2026\/03\/Pag-2026-03-11T081213.970.jpg?fit=800%2C445&ssl=1\",\"contentUrl\":\"https:\/\/i0.wp.com\/ciudadyregion.com.co\/wp-content\/uploads\/2026\/03\/Pag-2026-03-11T081213.970.jpg?fit=800%2C445&ssl=1\",\"width\":800,\"height\":445},{\"@type\":\"BreadcrumbList\",\"@id\":\"https:\/\/ciudadyregion.com.co\/index.php\/con-alegria-la-universidad-del-tolima-dio-la-bienvenida-a-sus-nuevos-estudiantes-en-la-induccion-a-2026\/educacion\/#breadcrumb\",\"itemListElement\":[{\"@type\":\"ListItem\",\"position\":1,\"name\":\"Portada\",\"item\":\"https:\/\/ciudadyregion.com.co\/\"},{\"@type\":\"ListItem\",\"position\":2,\"name\":\"Con alegr\u00eda la Universidad del Tolima dio la bienvenida a sus nuevos estudiantes en la inducci\u00f3n A-2026\"}]},{\"@type\":\"WebSite\",\"@id\":\"https:\/\/ciudadyregion.com.co\/#website\",\"url\":\"https:\/\/ciudadyregion.com.co\/\",\"name\":\"Ciudad y Region\",\"description\":\"\",\"potentialAction\":[{\"@type\":\"SearchAction\",\"target\":{\"@type\":\"EntryPoint\",\"urlTemplate\":\"https:\/\/ciudadyregion.com.co\/?s={search_term_string}\"},\"query-input\":{\"@type\":\"PropertyValueSpecification\",\"valueRequired\":true,\"valueName\":\"search_term_string\"}}],\"inLanguage\":\"es\"},{\"@type\":\"Person\",\"@id\":\"https:\/\/ciudadyregion.com.co\/#\/schema\/person\/04a4954373ebc4051f46e8c65ff78622\",\"name\":\"David Andr\u00e9s Aguirre\",\"image\":{\"@type\":\"ImageObject\",\"inLanguage\":\"es\",\"@id\":\"https:\/\/ciudadyregion.com.co\/#\/schema\/person\/image\/\",\"url\":\"https:\/\/secure.gravatar.com\/avatar\/bc3c655860202182ee6d1b5edd042dbe?s=96&d=mm&r=g\",\"contentUrl\":\"https:\/\/secure.gravatar.com\/avatar\/bc3c655860202182ee6d1b5edd042dbe?s=96&d=mm&r=g\",\"caption\":\"David Andr\u00e9s Aguirre\"},\"url\":\"https:\/\/ciudadyregion.com.co\/index.php\/author\/diegoaguirre\/\"}]}<\/script>\n<!-- \/ Yoast SEO plugin. -->","yoast_head_json":{"title":"Con alegr\u00eda la Universidad del Tolima dio la bienvenida a sus nuevos estudiantes en la inducci\u00f3n A-2026 - Ciudad y Region","robots":{"index":"index","follow":"follow","max-snippet":"max-snippet:-1","max-image-preview":"max-image-preview:large","max-video-preview":"max-video-preview:-1"},"canonical":"https:\/\/ciudadyregion.com.co\/index.php\/con-alegria-la-universidad-del-tolima-dio-la-bienvenida-a-sus-nuevos-estudiantes-en-la-induccion-a-2026\/educacion\/","og_locale":"es_ES","og_type":"article","og_title":"Con alegr\u00eda la Universidad del Tolima dio la bienvenida a sus nuevos estudiantes en la inducci\u00f3n A-2026 - Ciudad y Region","og_description":"Con una agenda din\u00e1mica, participativa y formativa, la Universidad del Tolima culmin\u00f3 con \u00e9xito la jor\u00adnada de inducci\u00f3n para el primer semestre del 2026 a los m\u00e1s de 4200 nuevos y nuevas estudiantes de las dos modalidades. El Vicerrector de Desarrollo Humano, Diego Polo Pa\u00adredes, explic\u00f3 que \u201cla inducci\u00f3n delContinuar Leyendo","og_url":"https:\/\/ciudadyregion.com.co\/index.php\/con-alegria-la-universidad-del-tolima-dio-la-bienvenida-a-sus-nuevos-estudiantes-en-la-induccion-a-2026\/educacion\/","og_site_name":"Ciudad y Region","article_published_time":"2026-03-11T13:14:30+00:00","og_image":[{"width":800,"height":445,"url":"https:\/\/ciudadyregion.com.co\/wp-content\/uploads\/2026\/03\/Pag-2026-03-11T081213.970.jpg","type":"image\/jpeg"}],"author":"David Andr\u00e9s Aguirre","twitter_card":"summary_large_image","twitter_misc":{"Escrito por":"David Andr\u00e9s Aguirre","Tiempo de lectura":"3 minutos"},"schema":{"@context":"https:\/\/schema.org","@graph":[{"@type":"WebPage","@id":"https:\/\/ciudadyregion.com.co\/index.php\/con-alegria-la-universidad-del-tolima-dio-la-bienvenida-a-sus-nuevos-estudiantes-en-la-induccion-a-2026\/educacion\/","url":"https:\/\/ciudadyregion.com.co\/index.php\/con-alegria-la-universidad-del-tolima-dio-la-bienvenida-a-sus-nuevos-estudiantes-en-la-induccion-a-2026\/educacion\/","name":"Con alegr\u00eda la Universidad del Tolima dio la bienvenida a sus nuevos estudiantes en la inducci\u00f3n A-2026 - Ciudad y Region","isPartOf":{"@id":"https:\/\/ciudadyregion.com.co\/#website"},"primaryImageOfPage":{"@id":"https:\/\/ciudadyregion.com.co\/index.php\/con-alegria-la-universidad-del-tolima-dio-la-bienvenida-a-sus-nuevos-estudiantes-en-la-induccion-a-2026\/educacion\/#primaryimage"},"image":{"@id":"https:\/\/ciudadyregion.com.co\/index.php\/con-alegria-la-universidad-del-tolima-dio-la-bienvenida-a-sus-nuevos-estudiantes-en-la-induccion-a-2026\/educacion\/#primaryimage"},"thumbnailUrl":"https:\/\/i0.wp.com\/ciudadyregion.com.co\/wp-content\/uploads\/2026\/03\/Pag-2026-03-11T081213.970.jpg?fit=800%2C445&ssl=1","datePublished":"2026-03-11T13:14:30+00:00","dateModified":"2026-03-11T13:14:30+00:00","author":{"@id":"https:\/\/ciudadyregion.com.co\/#\/schema\/person\/04a4954373ebc4051f46e8c65ff78622"},"breadcrumb":{"@id":"https:\/\/ciudadyregion.com.co\/index.php\/con-alegria-la-universidad-del-tolima-dio-la-bienvenida-a-sus-nuevos-estudiantes-en-la-induccion-a-2026\/educacion\/#breadcrumb"},"inLanguage":"es","potentialAction":[{"@type":"ReadAction","target":["https:\/\/ciudadyregion.com.co\/index.php\/con-alegria-la-universidad-del-tolima-dio-la-bienvenida-a-sus-nuevos-estudiantes-en-la-induccion-a-2026\/educacion\/"]}]},{"@type":"ImageObject","inLanguage":"es","@id":"https:\/\/ciudadyregion.com.co\/index.php\/con-alegria-la-universidad-del-tolima-dio-la-bienvenida-a-sus-nuevos-estudiantes-en-la-induccion-a-2026\/educacion\/#primaryimage","url":"https:\/\/i0.wp.com\/ciudadyregion.com.co\/wp-content\/uploads\/2026\/03\/Pag-2026-03-11T081213.970.jpg?fit=800%2C445&ssl=1","contentUrl":"https:\/\/i0.wp.com\/ciudadyregion.com.co\/wp-content\/uploads\/2026\/03\/Pag-2026-03-11T081213.970.jpg?fit=800%2C445&ssl=1","width":800,"height":445},{"@type":"BreadcrumbList","@id":"https:\/\/ciudadyregion.com.co\/index.php\/con-alegria-la-universidad-del-tolima-dio-la-bienvenida-a-sus-nuevos-estudiantes-en-la-induccion-a-2026\/educacion\/#breadcrumb","itemListElement":[{"@type":"ListItem","position":1,"name":"Portada","item":"https:\/\/ciudadyregion.com.co\/"},{"@type":"ListItem","position":2,"name":"Con alegr\u00eda la Universidad del Tolima dio la bienvenida a sus nuevos estudiantes en la inducci\u00f3n A-2026"}]},{"@type":"WebSite","@id":"https:\/\/ciudadyregion.com.co\/#website","url":"https:\/\/ciudadyregion.com.co\/","name":"Ciudad y Region","description":"","potentialAction":[{"@type":"SearchAction","target":{"@type":"EntryPoint","urlTemplate":"https:\/\/ciudadyregion.com.co\/?s={search_term_string}"},"query-input":{"@type":"PropertyValueSpecification","valueRequired":true,"valueName":"search_term_string"}}],"inLanguage":"es"},{"@type":"Person","@id":"https:\/\/ciudadyregion.com.co\/#\/schema\/person\/04a4954373ebc4051f46e8c65ff78622","name":"David Andr\u00e9s Aguirre","image":{"@type":"ImageObject","inLanguage":"es","@id":"https:\/\/ciudadyregion.com.co\/#\/schema\/person\/image\/","url":"https:\/\/secure.gravatar.com\/avatar\/bc3c655860202182ee6d1b5edd042dbe?s=96&d=mm&r=g","contentUrl":"https:\/\/secure.gravatar.com\/avatar\/bc3c655860202182ee6d1b5edd042dbe?s=96&d=mm&r=g","caption":"David Andr\u00e9s Aguirre"},"url":"https:\/\/ciudadyregion.com.co\/index.php\/author\/diegoaguirre\/"}]}},"jetpack_featured_media_url":"https:\/\/i0.wp.com\/ciudadyregion.com.co\/wp-content\/uploads\/2026\/03\/Pag-2026-03-11T081213.970.jpg?fit=800%2C445&ssl=1","jetpack_sharing_enabled":true,"jetpack_shortlink":"https:\/\/wp.me\/pbS7hh-ePv","jetpack-related-posts":[],"_links":{"self":[{"href":"https:\/\/ciudadyregion.com.co\/index.php\/wp-json\/wp\/v2\/posts\/57009"}],"collection":[{"href":"https:\/\/ciudadyregion.com.co\/index.php\/wp-json\/wp\/v2\/posts"}],"about":[{"href":"https:\/\/ciudadyregion.com.co\/index.php\/wp-json\/wp\/v2\/types\/post"}],"author":[{"embeddable":true,"href":"https:\/\/ciudadyregion.com.co\/index.php\/wp-json\/wp\/v2\/users\/2"}],"replies":[{"embeddable":true,"href":"https:\/\/ciudadyregion.com.co\/index.php\/wp-json\/wp\/v2\/comments?post=57009"}],"version-history":[{"count":1,"href":"https:\/\/ciudadyregion.com.co\/index.php\/wp-json\/wp\/v2\/posts\/57009\/revisions"}],"predecessor-version":[{"id":57011,"href":"https:\/\/ciudadyregion.com.co\/index.php\/wp-json\/wp\/v2\/posts\/57009\/revisions\/57011"}],"wp:featuredmedia":[{"embeddable":true,"href":"https:\/\/ciudadyregion.com.co\/index.php\/wp-json\/wp\/v2\/media\/57010"}],"wp:attachment":[{"href":"https:\/\/ciudadyregion.com.co\/index.php\/wp-json\/wp\/v2\/media?parent=57009"}],"wp:term":[{"taxonomy":"category","embeddable":true,"href":"https:\/\/ciudadyregion.com.co\/index.php\/wp-json\/wp\/v2\/categories?post=57009"},{"taxonomy":"post_tag","embeddable":true,"href":"https:\/\/ciudadyregion.com.co\/index.php\/wp-json\/wp\/v2\/tags?post=57009"}],"curies":[{"name":"wp","href":"https:\/\/api.w.org\/{rel}","templated":true}]}}