{"id":57002,"date":"2026-03-11T07:43:45","date_gmt":"2026-03-11T12:43:45","guid":{"rendered":"https:\/\/ciudadyregion.com.co\/?p=57002"},"modified":"2026-03-11T07:43:45","modified_gmt":"2026-03-11T12:43:45","slug":"visionaria-la-experiencia-internacional-que-transformo-la-mirada-medica-de-una-estudiante-de-la-ut","status":"publish","type":"post","link":"https:\/\/ciudadyregion.com.co\/index.php\/visionaria-la-experiencia-internacional-que-transformo-la-mirada-medica-de-una-estudiante-de-la-ut\/educacion\/","title":{"rendered":"Visionaria: la experiencia internacional que transform\u00f3 la mirada m\u00e9dica de una estudiante de la UT"},"content":{"rendered":"<p data-wahfont=\"14\">Salir del pa\u00eds para aprender medicina no solo implica cambiar de hospital, idioma o sistema de salud. Para Ana Mar\u00eda Aguirre, estudiante de XII semestre del Programa de Medicina de la Universidad del Tolima, signific\u00f3 ampliar su visi\u00f3n del mundo y confirmar que la salud no reconoce fronteras.<\/p>\n<p data-wahfont=\"14\">La joven realiz\u00f3 un intercambio acad\u00e9mico en la Universit\u00e0 Magna Graecia di Catanzaro (Calabria \u2013 Italia), espec\u00edficamente en el servicio de Infectolog\u00eda, donde vivi\u00f3 una experiencia cl\u00ednica y humana que marc\u00f3 su formaci\u00f3n profesional.<\/p>\n<p data-wahfont=\"14\">Durante su estancia, particip\u00f3 en la atenci\u00f3n de pacientes hospitalizados con patolog\u00edas infecciosas complejas, discusiones de casos cl\u00ednicos y actividades acad\u00e9micas enfocadas en el servicio. M\u00e1s all\u00e1 del ejercicio cl\u00ednico, el intercambio le permiti\u00f3 integrar el abordaje m\u00e9dico con el an\u00e1lisis epidemiol\u00f3gico y contrastar el sistema de salud italiano con la realidad latinoamericana.<\/p>\n<p data-wahfont=\"14\">Pero la experiencia no fue solo acad\u00e9mica. En los pasillos del hospital tambi\u00e9n se encontraron culturas, idiomas y distintas perspectivas. Comparti\u00f3 con estudiantes de Brasil, M\u00e9xico, Indonesia, Ghana e Iraq, en un entorno que describe como una verdadera experiencia de salud global aplicada.<\/p>\n<p data-wahfont=\"14\">\u201cFue un espacio donde comprendimos que los desaf\u00edos sanitarios trascienden fronteras\u201d, explica, resaltando que el intercambio fortaleci\u00f3 su comprensi\u00f3n de la medicina como una pr\u00e1ctica profundamente interconectada.<\/p>\n<p data-wahfont=\"14\">\n<p data-wahfont=\"14\"><strong>IFMSA: una red que conecta al mundo<\/strong><\/p>\n<p data-wahfont=\"14\">La experiencia que vivi\u00f3 Ana Mar\u00eda fue posible gracias a la International Federation of Medical Students\u2019 Associations (IFMSA), red que representa a estudiantes de medicina en m\u00e1s de 130 pa\u00edses y promueve espacios de formaci\u00f3n, liderazgo e incidencia en salud global.<\/p>\n<p data-wahfont=\"14\">En Colombia, la organizaci\u00f3n que articula esta red es la Asociaci\u00f3n de Sociedades Cient\u00edficas de Estudiantes de Medicina de Colombia (ASCEMCOL), y a nivel institucional, la Asociaci\u00f3n Cient\u00edfica de Estudiantes de Medicina del Tolima (ACEMTOL) permite que los estudiantes de la UT hagan parte de estos escenarios acad\u00e9micos internacionales.<\/p>\n<p data-wahfont=\"14\">A trav\u00e9s de este sistema, Ana Mar\u00eda aplic\u00f3 a la convocatoria nacional, donde se eval\u00faan aspectos como trayectoria acad\u00e9mica, participaci\u00f3n en investigaci\u00f3n, liderazgo y compromiso con la formaci\u00f3n integral. Tras un proceso estructurado y transparente, obtuvo la plaza en Italia.<\/p>\n<p data-wahfont=\"14\"><strong>\u00a0<\/strong><\/p>\n<p data-wahfont=\"14\"><strong>El respaldo de la Universidad del Tolima<\/strong><\/p>\n<p data-wahfont=\"14\">Para Ana Mar\u00eda, el acompa\u00f1amiento institucional fue clave en todo el proceso. Destaca que la Universidad estuvo presente desde el inicio, tanto en el \u00e1mbito administrativo como en el acad\u00e9mico y financiero.<\/p>\n<p data-wahfont=\"14\">\u201cLa Universidad me brind\u00f3 apoyo desde el primer momento\u201d, afirma. \u201cMe acompa\u00f1\u00f3 en el proceso administrativo mediante la validaci\u00f3n y expedici\u00f3n de la documentaci\u00f3n acad\u00e9mica requerida y facilit\u00f3 los ajustes necesarios en mi agenda acad\u00e9mica para que pudiera realizar el intercambio sin afectar mi formaci\u00f3n\u201d.<\/p>\n<p data-wahfont=\"14\">Adem\u00e1s, gracias a su promedio acad\u00e9mico superior a 4.0, accedi\u00f3 al apoyo institucional para movilidad internacional otorgado por la Oficina de Relaciones Interinstitucionales e Internacionales (ORI), lo que hizo posible la experiencia. \u201cFue un respaldo financiero que hizo viable el intercambio\u201d, resalta.<\/p>\n<p data-wahfont=\"14\">\n<p data-wahfont=\"14\"><strong>Aprendizajes que transforman<\/strong><\/p>\n<p data-wahfont=\"14\">En el \u00e1mbito profesional, fortaleci\u00f3 su razonamiento cl\u00ednico en el manejo de enfermedades infecciosas y comprendi\u00f3 la importancia del uso racional de antibi\u00f3ticos y la toma de decisiones basada en evidencia.<\/p>\n<p data-wahfont=\"14\">En lo personal, la experiencia fue igual de significativa. \u201cConfirm\u00e9 que la excelencia m\u00e9dica no solo se mide por el conocimiento t\u00e9cnico, sino tambi\u00e9n por la manera en que tratamos a las personas que cuidamos y a quienes se est\u00e1n formando para hacerlo\u201d, reflexiona.<\/p>\n<p data-wahfont=\"14\">Sin dudarlo, invita a otros estudiantes a aplicar. Considera que este tipo de intercambios permiten salir de la zona de confort, comparar sistemas de salud e identificar oportunidades de mejora para el propio contexto.<\/p>\n<p data-wahfont=\"14\">\u201cEntender otros modelos de salud nos da herramientas para cuestionar, proponer y construir cambios desde nuestro propio contexto\u201d, se\u00f1ala.<\/p>\n<p data-wahfont=\"14\">Si tuviera que describir su intercambio en una sola palabra, elegir\u00eda \u201cvisionaria\u201d. Y explica por qu\u00e9: \u201cComprend\u00ed que la salud est\u00e1 interconectada. Los desaf\u00edos sanitarios no reconocen fronteras. Lo que ocurre en un lugar del mundo impacta inevitablemente a los dem\u00e1s pa\u00edses\u201d.<\/p>\n<p data-wahfont=\"14\">Hoy de vuelta en Colombia con una mirada m\u00e1s amplia y cr\u00edtica, est\u00e1 convencida de que los cambios globales tambi\u00e9n se construyen desde lo local, y que la formaci\u00f3n m\u00e9dica va m\u00e1s all\u00e1 del aula y el hospital: es, ante todo, una responsabilidad con el mundo.<\/p>\n","protected":false},"excerpt":{"rendered":"<p>Salir del pa\u00eds para aprender medicina no solo implica cambiar de hospital, idioma o sistema de salud. Para Ana Mar\u00eda Aguirre, estudiante de XII semestre del Programa de Medicina de la Universidad del Tolima, signific\u00f3 ampliar su visi\u00f3n del mundo y confirmar que la salud no reconoce fronteras. La joven<span class=\"more-link\"><a href=\"https:\/\/ciudadyregion.com.co\/index.php\/visionaria-la-experiencia-internacional-que-transformo-la-mirada-medica-de-una-estudiante-de-la-ut\/educacion\/\">Continuar Leyendo<\/a><\/span><\/p>\n","protected":false},"author":2,"featured_media":57004,"comment_status":"open","ping_status":"open","sticky":false,"template":"","format":"standard","meta":{"_uf_show_specific_survey":0,"_uf_disable_surveys":false,"_jetpack_memberships_contains_paid_content":false,"footnotes":"","jetpack_publicize_message":"","jetpack_publicize_feature_enabled":true,"jetpack_social_post_already_shared":true,"jetpack_social_options":{"image_generator_settings":{"template":"highway","enabled":false},"version":2}},"categories":[22],"tags":[],"class_list":["entry","author-diegoaguirre","post-57002","post","type-post","status-publish","format-standard","has-post-thumbnail","category-educacion"],"jetpack_publicize_connections":[],"yoast_head":"<!-- This site is optimized with the Yoast SEO plugin v24.3 - https:\/\/yoast.com\/wordpress\/plugins\/seo\/ -->\n<title>Visionaria: la experiencia internacional que transform\u00f3 la mirada m\u00e9dica de una estudiante de la UT - Ciudad y Region<\/title>\n<meta name=\"robots\" content=\"index, follow, max-snippet:-1, max-image-preview:large, max-video-preview:-1\" \/>\n<link rel=\"canonical\" href=\"https:\/\/ciudadyregion.com.co\/index.php\/visionaria-la-experiencia-internacional-que-transformo-la-mirada-medica-de-una-estudiante-de-la-ut\/educacion\/\" \/>\n<meta property=\"og:locale\" content=\"es_ES\" \/>\n<meta property=\"og:type\" content=\"article\" \/>\n<meta property=\"og:title\" content=\"Visionaria: la experiencia internacional que transform\u00f3 la mirada m\u00e9dica de una estudiante de la UT - Ciudad y Region\" \/>\n<meta property=\"og:description\" content=\"Salir del pa\u00eds para aprender medicina no solo implica cambiar de hospital, idioma o sistema de salud. Para Ana Mar\u00eda Aguirre, estudiante de XII semestre del Programa de Medicina de la Universidad del Tolima, signific\u00f3 ampliar su visi\u00f3n del mundo y confirmar que la salud no reconoce fronteras. La jovenContinuar Leyendo\" \/>\n<meta property=\"og:url\" content=\"https:\/\/ciudadyregion.com.co\/index.php\/visionaria-la-experiencia-internacional-que-transformo-la-mirada-medica-de-una-estudiante-de-la-ut\/educacion\/\" \/>\n<meta property=\"og:site_name\" content=\"Ciudad y Region\" \/>\n<meta property=\"article:published_time\" content=\"2026-03-11T12:43:45+00:00\" \/>\n<meta property=\"og:image\" content=\"https:\/\/ciudadyregion.com.co\/wp-content\/uploads\/2026\/03\/Pag-2026-03-11T074156.304.jpg\" \/>\n\t<meta property=\"og:image:width\" content=\"800\" \/>\n\t<meta property=\"og:image:height\" content=\"445\" \/>\n\t<meta property=\"og:image:type\" content=\"image\/jpeg\" \/>\n<meta name=\"author\" content=\"David Andr\u00e9s Aguirre\" \/>\n<meta name=\"twitter:card\" content=\"summary_large_image\" \/>\n<meta name=\"twitter:label1\" content=\"Escrito por\" \/>\n\t<meta name=\"twitter:data1\" content=\"David Andr\u00e9s Aguirre\" \/>\n\t<meta name=\"twitter:label2\" content=\"Tiempo de lectura\" \/>\n\t<meta name=\"twitter:data2\" content=\"1 minuto\" \/>\n<script type=\"application\/ld+json\" class=\"yoast-schema-graph\">{\"@context\":\"https:\/\/schema.org\",\"@graph\":[{\"@type\":\"WebPage\",\"@id\":\"https:\/\/ciudadyregion.com.co\/index.php\/visionaria-la-experiencia-internacional-que-transformo-la-mirada-medica-de-una-estudiante-de-la-ut\/educacion\/\",\"url\":\"https:\/\/ciudadyregion.com.co\/index.php\/visionaria-la-experiencia-internacional-que-transformo-la-mirada-medica-de-una-estudiante-de-la-ut\/educacion\/\",\"name\":\"Visionaria: la experiencia internacional que transform\u00f3 la mirada m\u00e9dica de una estudiante de la UT - Ciudad y Region\",\"isPartOf\":{\"@id\":\"https:\/\/ciudadyregion.com.co\/#website\"},\"primaryImageOfPage\":{\"@id\":\"https:\/\/ciudadyregion.com.co\/index.php\/visionaria-la-experiencia-internacional-que-transformo-la-mirada-medica-de-una-estudiante-de-la-ut\/educacion\/#primaryimage\"},\"image\":{\"@id\":\"https:\/\/ciudadyregion.com.co\/index.php\/visionaria-la-experiencia-internacional-que-transformo-la-mirada-medica-de-una-estudiante-de-la-ut\/educacion\/#primaryimage\"},\"thumbnailUrl\":\"https:\/\/i0.wp.com\/ciudadyregion.com.co\/wp-content\/uploads\/2026\/03\/Pag-2026-03-11T074156.304.jpg?fit=800%2C445&ssl=1\",\"datePublished\":\"2026-03-11T12:43:45+00:00\",\"dateModified\":\"2026-03-11T12:43:45+00:00\",\"author\":{\"@id\":\"https:\/\/ciudadyregion.com.co\/#\/schema\/person\/04a4954373ebc4051f46e8c65ff78622\"},\"breadcrumb\":{\"@id\":\"https:\/\/ciudadyregion.com.co\/index.php\/visionaria-la-experiencia-internacional-que-transformo-la-mirada-medica-de-una-estudiante-de-la-ut\/educacion\/#breadcrumb\"},\"inLanguage\":\"es\",\"potentialAction\":[{\"@type\":\"ReadAction\",\"target\":[\"https:\/\/ciudadyregion.com.co\/index.php\/visionaria-la-experiencia-internacional-que-transformo-la-mirada-medica-de-una-estudiante-de-la-ut\/educacion\/\"]}]},{\"@type\":\"ImageObject\",\"inLanguage\":\"es\",\"@id\":\"https:\/\/ciudadyregion.com.co\/index.php\/visionaria-la-experiencia-internacional-que-transformo-la-mirada-medica-de-una-estudiante-de-la-ut\/educacion\/#primaryimage\",\"url\":\"https:\/\/i0.wp.com\/ciudadyregion.com.co\/wp-content\/uploads\/2026\/03\/Pag-2026-03-11T074156.304.jpg?fit=800%2C445&ssl=1\",\"contentUrl\":\"https:\/\/i0.wp.com\/ciudadyregion.com.co\/wp-content\/uploads\/2026\/03\/Pag-2026-03-11T074156.304.jpg?fit=800%2C445&ssl=1\",\"width\":800,\"height\":445},{\"@type\":\"BreadcrumbList\",\"@id\":\"https:\/\/ciudadyregion.com.co\/index.php\/visionaria-la-experiencia-internacional-que-transformo-la-mirada-medica-de-una-estudiante-de-la-ut\/educacion\/#breadcrumb\",\"itemListElement\":[{\"@type\":\"ListItem\",\"position\":1,\"name\":\"Portada\",\"item\":\"https:\/\/ciudadyregion.com.co\/\"},{\"@type\":\"ListItem\",\"position\":2,\"name\":\"Visionaria: la experiencia internacional que transform\u00f3 la mirada m\u00e9dica de una estudiante de la UT\"}]},{\"@type\":\"WebSite\",\"@id\":\"https:\/\/ciudadyregion.com.co\/#website\",\"url\":\"https:\/\/ciudadyregion.com.co\/\",\"name\":\"Ciudad y Region\",\"description\":\"\",\"potentialAction\":[{\"@type\":\"SearchAction\",\"target\":{\"@type\":\"EntryPoint\",\"urlTemplate\":\"https:\/\/ciudadyregion.com.co\/?s={search_term_string}\"},\"query-input\":{\"@type\":\"PropertyValueSpecification\",\"valueRequired\":true,\"valueName\":\"search_term_string\"}}],\"inLanguage\":\"es\"},{\"@type\":\"Person\",\"@id\":\"https:\/\/ciudadyregion.com.co\/#\/schema\/person\/04a4954373ebc4051f46e8c65ff78622\",\"name\":\"David Andr\u00e9s Aguirre\",\"image\":{\"@type\":\"ImageObject\",\"inLanguage\":\"es\",\"@id\":\"https:\/\/ciudadyregion.com.co\/#\/schema\/person\/image\/\",\"url\":\"https:\/\/secure.gravatar.com\/avatar\/bc3c655860202182ee6d1b5edd042dbe?s=96&d=mm&r=g\",\"contentUrl\":\"https:\/\/secure.gravatar.com\/avatar\/bc3c655860202182ee6d1b5edd042dbe?s=96&d=mm&r=g\",\"caption\":\"David Andr\u00e9s Aguirre\"},\"url\":\"https:\/\/ciudadyregion.com.co\/index.php\/author\/diegoaguirre\/\"}]}<\/script>\n<!-- \/ Yoast SEO plugin. -->","yoast_head_json":{"title":"Visionaria: la experiencia internacional que transform\u00f3 la mirada m\u00e9dica de una estudiante de la UT - Ciudad y Region","robots":{"index":"index","follow":"follow","max-snippet":"max-snippet:-1","max-image-preview":"max-image-preview:large","max-video-preview":"max-video-preview:-1"},"canonical":"https:\/\/ciudadyregion.com.co\/index.php\/visionaria-la-experiencia-internacional-que-transformo-la-mirada-medica-de-una-estudiante-de-la-ut\/educacion\/","og_locale":"es_ES","og_type":"article","og_title":"Visionaria: la experiencia internacional que transform\u00f3 la mirada m\u00e9dica de una estudiante de la UT - Ciudad y Region","og_description":"Salir del pa\u00eds para aprender medicina no solo implica cambiar de hospital, idioma o sistema de salud. Para Ana Mar\u00eda Aguirre, estudiante de XII semestre del Programa de Medicina de la Universidad del Tolima, signific\u00f3 ampliar su visi\u00f3n del mundo y confirmar que la salud no reconoce fronteras. La jovenContinuar Leyendo","og_url":"https:\/\/ciudadyregion.com.co\/index.php\/visionaria-la-experiencia-internacional-que-transformo-la-mirada-medica-de-una-estudiante-de-la-ut\/educacion\/","og_site_name":"Ciudad y Region","article_published_time":"2026-03-11T12:43:45+00:00","og_image":[{"width":800,"height":445,"url":"https:\/\/ciudadyregion.com.co\/wp-content\/uploads\/2026\/03\/Pag-2026-03-11T074156.304.jpg","type":"image\/jpeg"}],"author":"David Andr\u00e9s Aguirre","twitter_card":"summary_large_image","twitter_misc":{"Escrito por":"David Andr\u00e9s Aguirre","Tiempo de lectura":"1 minuto"},"schema":{"@context":"https:\/\/schema.org","@graph":[{"@type":"WebPage","@id":"https:\/\/ciudadyregion.com.co\/index.php\/visionaria-la-experiencia-internacional-que-transformo-la-mirada-medica-de-una-estudiante-de-la-ut\/educacion\/","url":"https:\/\/ciudadyregion.com.co\/index.php\/visionaria-la-experiencia-internacional-que-transformo-la-mirada-medica-de-una-estudiante-de-la-ut\/educacion\/","name":"Visionaria: la experiencia internacional que transform\u00f3 la mirada m\u00e9dica de una estudiante de la UT - Ciudad y Region","isPartOf":{"@id":"https:\/\/ciudadyregion.com.co\/#website"},"primaryImageOfPage":{"@id":"https:\/\/ciudadyregion.com.co\/index.php\/visionaria-la-experiencia-internacional-que-transformo-la-mirada-medica-de-una-estudiante-de-la-ut\/educacion\/#primaryimage"},"image":{"@id":"https:\/\/ciudadyregion.com.co\/index.php\/visionaria-la-experiencia-internacional-que-transformo-la-mirada-medica-de-una-estudiante-de-la-ut\/educacion\/#primaryimage"},"thumbnailUrl":"https:\/\/i0.wp.com\/ciudadyregion.com.co\/wp-content\/uploads\/2026\/03\/Pag-2026-03-11T074156.304.jpg?fit=800%2C445&ssl=1","datePublished":"2026-03-11T12:43:45+00:00","dateModified":"2026-03-11T12:43:45+00:00","author":{"@id":"https:\/\/ciudadyregion.com.co\/#\/schema\/person\/04a4954373ebc4051f46e8c65ff78622"},"breadcrumb":{"@id":"https:\/\/ciudadyregion.com.co\/index.php\/visionaria-la-experiencia-internacional-que-transformo-la-mirada-medica-de-una-estudiante-de-la-ut\/educacion\/#breadcrumb"},"inLanguage":"es","potentialAction":[{"@type":"ReadAction","target":["https:\/\/ciudadyregion.com.co\/index.php\/visionaria-la-experiencia-internacional-que-transformo-la-mirada-medica-de-una-estudiante-de-la-ut\/educacion\/"]}]},{"@type":"ImageObject","inLanguage":"es","@id":"https:\/\/ciudadyregion.com.co\/index.php\/visionaria-la-experiencia-internacional-que-transformo-la-mirada-medica-de-una-estudiante-de-la-ut\/educacion\/#primaryimage","url":"https:\/\/i0.wp.com\/ciudadyregion.com.co\/wp-content\/uploads\/2026\/03\/Pag-2026-03-11T074156.304.jpg?fit=800%2C445&ssl=1","contentUrl":"https:\/\/i0.wp.com\/ciudadyregion.com.co\/wp-content\/uploads\/2026\/03\/Pag-2026-03-11T074156.304.jpg?fit=800%2C445&ssl=1","width":800,"height":445},{"@type":"BreadcrumbList","@id":"https:\/\/ciudadyregion.com.co\/index.php\/visionaria-la-experiencia-internacional-que-transformo-la-mirada-medica-de-una-estudiante-de-la-ut\/educacion\/#breadcrumb","itemListElement":[{"@type":"ListItem","position":1,"name":"Portada","item":"https:\/\/ciudadyregion.com.co\/"},{"@type":"ListItem","position":2,"name":"Visionaria: la experiencia internacional que transform\u00f3 la mirada m\u00e9dica de una estudiante de la UT"}]},{"@type":"WebSite","@id":"https:\/\/ciudadyregion.com.co\/#website","url":"https:\/\/ciudadyregion.com.co\/","name":"Ciudad y Region","description":"","potentialAction":[{"@type":"SearchAction","target":{"@type":"EntryPoint","urlTemplate":"https:\/\/ciudadyregion.com.co\/?s={search_term_string}"},"query-input":{"@type":"PropertyValueSpecification","valueRequired":true,"valueName":"search_term_string"}}],"inLanguage":"es"},{"@type":"Person","@id":"https:\/\/ciudadyregion.com.co\/#\/schema\/person\/04a4954373ebc4051f46e8c65ff78622","name":"David Andr\u00e9s Aguirre","image":{"@type":"ImageObject","inLanguage":"es","@id":"https:\/\/ciudadyregion.com.co\/#\/schema\/person\/image\/","url":"https:\/\/secure.gravatar.com\/avatar\/bc3c655860202182ee6d1b5edd042dbe?s=96&d=mm&r=g","contentUrl":"https:\/\/secure.gravatar.com\/avatar\/bc3c655860202182ee6d1b5edd042dbe?s=96&d=mm&r=g","caption":"David Andr\u00e9s Aguirre"},"url":"https:\/\/ciudadyregion.com.co\/index.php\/author\/diegoaguirre\/"}]}},"jetpack_featured_media_url":"https:\/\/i0.wp.com\/ciudadyregion.com.co\/wp-content\/uploads\/2026\/03\/Pag-2026-03-11T074156.304.jpg?fit=800%2C445&ssl=1","jetpack_sharing_enabled":true,"jetpack_shortlink":"https:\/\/wp.me\/pbS7hh-ePo","jetpack-related-posts":[],"_links":{"self":[{"href":"https:\/\/ciudadyregion.com.co\/index.php\/wp-json\/wp\/v2\/posts\/57002"}],"collection":[{"href":"https:\/\/ciudadyregion.com.co\/index.php\/wp-json\/wp\/v2\/posts"}],"about":[{"href":"https:\/\/ciudadyregion.com.co\/index.php\/wp-json\/wp\/v2\/types\/post"}],"author":[{"embeddable":true,"href":"https:\/\/ciudadyregion.com.co\/index.php\/wp-json\/wp\/v2\/users\/2"}],"replies":[{"embeddable":true,"href":"https:\/\/ciudadyregion.com.co\/index.php\/wp-json\/wp\/v2\/comments?post=57002"}],"version-history":[{"count":1,"href":"https:\/\/ciudadyregion.com.co\/index.php\/wp-json\/wp\/v2\/posts\/57002\/revisions"}],"predecessor-version":[{"id":57005,"href":"https:\/\/ciudadyregion.com.co\/index.php\/wp-json\/wp\/v2\/posts\/57002\/revisions\/57005"}],"wp:featuredmedia":[{"embeddable":true,"href":"https:\/\/ciudadyregion.com.co\/index.php\/wp-json\/wp\/v2\/media\/57004"}],"wp:attachment":[{"href":"https:\/\/ciudadyregion.com.co\/index.php\/wp-json\/wp\/v2\/media?parent=57002"}],"wp:term":[{"taxonomy":"category","embeddable":true,"href":"https:\/\/ciudadyregion.com.co\/index.php\/wp-json\/wp\/v2\/categories?post=57002"},{"taxonomy":"post_tag","embeddable":true,"href":"https:\/\/ciudadyregion.com.co\/index.php\/wp-json\/wp\/v2\/tags?post=57002"}],"curies":[{"name":"wp","href":"https:\/\/api.w.org\/{rel}","templated":true}]}}