{"id":57000,"date":"2026-03-11T07:42:16","date_gmt":"2026-03-11T12:42:16","guid":{"rendered":"https:\/\/ciudadyregion.com.co\/?p=57000"},"modified":"2026-03-11T07:42:16","modified_gmt":"2026-03-11T12:42:16","slug":"un-nuevo-punto-para-mirar-el-cielo-la-ut-inaugura-su-primer-reloj-solar","status":"publish","type":"post","link":"https:\/\/ciudadyregion.com.co\/index.php\/un-nuevo-punto-para-mirar-el-cielo-la-ut-inaugura-su-primer-reloj-solar\/educacion\/","title":{"rendered":"Un nuevo punto para mirar el cielo: la UT inaugura su primer reloj solar"},"content":{"rendered":"<p data-wahfont=\"14\">El pasado martes 3 de marzo, la Universidad del Tolima sum\u00f3 un nuevo elemento para acercar la ciencia a la comunidad universitaria: la instalaci\u00f3n de su primer reloj solar en el campus de Santa Elena. La iniciativa fue posible gracias al trabajo conjunto de estudiantes del Programa de F\u00edsica, espec\u00edficamente de la asignatura de Astronom\u00eda y Posicionamiento, y del Club de Astronom\u00eda de la instituci\u00f3n.<\/p>\n<p data-wahfont=\"14\">La inauguraci\u00f3n coincidi\u00f3 con un momento especial para los amantes del cielo. \u201cHoy es un d\u00eda muy especial porque tuvimos un eclipse a las seis de la ma\u00f1ana, la famosa luna roja. Con este motivo queremos inaugurar el reloj solar aqu\u00ed en la Universidad del Tolima\u201d, explic\u00f3 el docente\u00a0<strong>Elkin Ericson del Castillo<\/strong>, quien lidera este tipo de actividades acad\u00e9micas, destacando tambi\u00e9n que este es solo el inicio de un proyecto m\u00e1s amplio que busca integrar la astronom\u00eda a la vida universitaria.<\/p>\n<p data-wahfont=\"14\">Adem\u00e1s de su valor educativo, el reloj solar busca despertar la curiosidad por la observaci\u00f3n del cielo y la comprensi\u00f3n de fen\u00f3menos astron\u00f3micos. \u201cLa idea es que se acerque la comunidad a la astronom\u00eda. Vamos a estar en el parque Innovamente con el planetario y haremos jornadas sabatinas; tambi\u00e9n estaremos haciendo actividades dentro del campus universitario y los esperamos\u201d, agreg\u00f3.<\/p>\n<p data-wahfont=\"14\"><strong>Un club abierto a todos<\/strong><\/p>\n<p data-wahfont=\"14\">El proyecto tambi\u00e9n est\u00e1 impulsado por el Club de Astronom\u00eda de la UT, un espacio de divulgaci\u00f3n cient\u00edfica que busca integrar tanto a la comunidad universitaria como al p\u00fablico en general.<\/p>\n<p data-wahfont=\"14\">\u201cEl Club de Astronom\u00eda es para todos, tanto internos como externos de la comunidad, no tiene l\u00edmite de edad; solamente tienen que ser amantes del cielo y de la astronom\u00eda\u201d, afirm\u00f3 el profesor Del Castillo.<\/p>\n<p data-wahfont=\"14\">\u201cLa idea es formar clubes en los colegios para atraer tambi\u00e9n a la otra comunidad por fuera de nuestra universidad, que todos sean amantes del cielo, que adem\u00e1s es patrimonio de la humanidad. Hay que conservar el cielo sin tanta contaminaci\u00f3n lum\u00ednica\u201d, se\u00f1al\u00f3.<\/p>\n<p data-wahfont=\"14\">Por ahora, las personas interesadas en participar o recibir m\u00e1s informaci\u00f3n pueden acercarse al Gabinete de Topograf\u00eda del campus.<\/p>\n<p data-wahfont=\"14\"><strong>Un proyecto que seguir\u00e1 creciendo<\/strong><\/p>\n<p data-wahfont=\"14\">Desde el Club de Astronom\u00eda tambi\u00e9n celebraron la instalaci\u00f3n del reloj solar como un paso importante para la divulgaci\u00f3n cient\u00edfica en la regi\u00f3n. Andr\u00e9s Felipe, egresado del programa de Topograf\u00eda e integrante del club, destac\u00f3 el papel que cumple este espacio en el departamento como el \u00fanico club de esta \u00e1rea en el Tolima.<\/p>\n<p data-wahfont=\"14\">Adem\u00e1s, record\u00f3 que cualquier estudiante puede acercarse a estos temas desde la formaci\u00f3n acad\u00e9mica: \u201cLa universidad tiene una materia electiva que se llama Astronom\u00eda de Posicionamiento; cualquier estudiante se puede inscribir en ella y puede hacer parte de toda la investigaci\u00f3n del universo\u201d.<\/p>\n<p data-wahfont=\"14\">El club tambi\u00e9n extendi\u00f3 una invitaci\u00f3n abierta a la comunidad. \u201cDe parte del Club de Astronom\u00eda de la Universidad del Tolima hacemos la invitaci\u00f3n a la comunidad universitaria, familiares y cualquier persona interesada en conocer el cielo, el sol, las constelaciones y el universo, a que se acerque, se inscriba y haga parte de nuestras actividades\u201d, afirm\u00f3 Andr\u00e9s Felipe.<\/p>\n<p data-wahfont=\"14\"><strong>M\u00e1s relojes solares para el campus<\/strong><\/p>\n<p data-wahfont=\"14\">La instalaci\u00f3n del primer reloj solar es el inicio de una serie de intervenciones cient\u00edficas y pedag\u00f3gicas dentro del campus. Para este semestre, el Club de Astronom\u00eda y los programas acad\u00e9micos vinculados al proyecto tienen previsto instalar nuevos relojes solares en distintos puntos de la Universidad.<\/p>\n<p data-wahfont=\"14\">\u201cLos estudiantes de F\u00edsica instalaron el primero en las facultades. El objetivo es que el Programa de Topograf\u00eda instale otro reloj dentro de la universidad y que, desde la Facultad y el Club de Astronom\u00eda, se instale un tercer reloj solar acostado que viene de otro dise\u00f1o\u201d, explic\u00f3 Andr\u00e9s Felipe.<\/p>\n<p data-wahfont=\"14\">Seg\u00fan indic\u00f3, el prop\u00f3sito es que estos elementos se conviertan en espacios interactivos que conecten a la comunidad universitaria con el conocimiento cient\u00edfico y con la observaci\u00f3n del cielo. \u201cPara este semestre tenemos la programaci\u00f3n de instalar tres relojes solares en diferentes lugares del campus, para tener esta interacci\u00f3n con la universidad y con el sol\u201d, concluy\u00f3.<\/p>\n","protected":false},"excerpt":{"rendered":"<p>El pasado martes 3 de marzo, la Universidad del Tolima sum\u00f3 un nuevo elemento para acercar la ciencia a la comunidad universitaria: la instalaci\u00f3n de su primer reloj solar en el campus de Santa Elena. La iniciativa fue posible gracias al trabajo conjunto de estudiantes del Programa de F\u00edsica, espec\u00edficamente<span class=\"more-link\"><a href=\"https:\/\/ciudadyregion.com.co\/index.php\/un-nuevo-punto-para-mirar-el-cielo-la-ut-inaugura-su-primer-reloj-solar\/educacion\/\">Continuar Leyendo<\/a><\/span><\/p>\n","protected":false},"author":2,"featured_media":57001,"comment_status":"open","ping_status":"open","sticky":false,"template":"","format":"standard","meta":{"_uf_show_specific_survey":0,"_uf_disable_surveys":false,"_jetpack_memberships_contains_paid_content":false,"footnotes":"","jetpack_publicize_message":"","jetpack_publicize_feature_enabled":true,"jetpack_social_post_already_shared":true,"jetpack_social_options":{"image_generator_settings":{"template":"highway","enabled":false},"version":2}},"categories":[22],"tags":[],"class_list":["entry","author-diegoaguirre","post-57000","post","type-post","status-publish","format-standard","has-post-thumbnail","category-educacion"],"jetpack_publicize_connections":[],"yoast_head":"<!-- This site is optimized with the Yoast SEO plugin v24.3 - https:\/\/yoast.com\/wordpress\/plugins\/seo\/ -->\n<title>Un nuevo punto para mirar el cielo: la UT inaugura su primer reloj solar - Ciudad y Region<\/title>\n<meta name=\"robots\" content=\"index, follow, max-snippet:-1, max-image-preview:large, max-video-preview:-1\" \/>\n<link rel=\"canonical\" href=\"https:\/\/ciudadyregion.com.co\/index.php\/un-nuevo-punto-para-mirar-el-cielo-la-ut-inaugura-su-primer-reloj-solar\/educacion\/\" \/>\n<meta property=\"og:locale\" content=\"es_ES\" \/>\n<meta property=\"og:type\" content=\"article\" \/>\n<meta property=\"og:title\" content=\"Un nuevo punto para mirar el cielo: la UT inaugura su primer reloj solar - Ciudad y Region\" \/>\n<meta property=\"og:description\" content=\"El pasado martes 3 de marzo, la Universidad del Tolima sum\u00f3 un nuevo elemento para acercar la ciencia a la comunidad universitaria: la instalaci\u00f3n de su primer reloj solar en el campus de Santa Elena. La iniciativa fue posible gracias al trabajo conjunto de estudiantes del Programa de F\u00edsica, espec\u00edficamenteContinuar Leyendo\" \/>\n<meta property=\"og:url\" content=\"https:\/\/ciudadyregion.com.co\/index.php\/un-nuevo-punto-para-mirar-el-cielo-la-ut-inaugura-su-primer-reloj-solar\/educacion\/\" \/>\n<meta property=\"og:site_name\" content=\"Ciudad y Region\" \/>\n<meta property=\"article:published_time\" content=\"2026-03-11T12:42:16+00:00\" \/>\n<meta property=\"og:image\" content=\"https:\/\/ciudadyregion.com.co\/wp-content\/uploads\/2026\/03\/Pag-2026-03-11T073828.643.jpg\" \/>\n\t<meta property=\"og:image:width\" content=\"800\" \/>\n\t<meta property=\"og:image:height\" content=\"445\" \/>\n\t<meta property=\"og:image:type\" content=\"image\/jpeg\" \/>\n<meta name=\"author\" content=\"David Andr\u00e9s Aguirre\" \/>\n<meta name=\"twitter:card\" content=\"summary_large_image\" \/>\n<meta name=\"twitter:label1\" content=\"Escrito por\" \/>\n\t<meta name=\"twitter:data1\" content=\"David Andr\u00e9s Aguirre\" \/>\n\t<meta name=\"twitter:label2\" content=\"Tiempo de lectura\" \/>\n\t<meta name=\"twitter:data2\" content=\"4 minutos\" \/>\n<script type=\"application\/ld+json\" class=\"yoast-schema-graph\">{\"@context\":\"https:\/\/schema.org\",\"@graph\":[{\"@type\":\"WebPage\",\"@id\":\"https:\/\/ciudadyregion.com.co\/index.php\/un-nuevo-punto-para-mirar-el-cielo-la-ut-inaugura-su-primer-reloj-solar\/educacion\/\",\"url\":\"https:\/\/ciudadyregion.com.co\/index.php\/un-nuevo-punto-para-mirar-el-cielo-la-ut-inaugura-su-primer-reloj-solar\/educacion\/\",\"name\":\"Un nuevo punto para mirar el cielo: la UT inaugura su primer reloj solar - Ciudad y Region\",\"isPartOf\":{\"@id\":\"https:\/\/ciudadyregion.com.co\/#website\"},\"primaryImageOfPage\":{\"@id\":\"https:\/\/ciudadyregion.com.co\/index.php\/un-nuevo-punto-para-mirar-el-cielo-la-ut-inaugura-su-primer-reloj-solar\/educacion\/#primaryimage\"},\"image\":{\"@id\":\"https:\/\/ciudadyregion.com.co\/index.php\/un-nuevo-punto-para-mirar-el-cielo-la-ut-inaugura-su-primer-reloj-solar\/educacion\/#primaryimage\"},\"thumbnailUrl\":\"https:\/\/i0.wp.com\/ciudadyregion.com.co\/wp-content\/uploads\/2026\/03\/Pag-2026-03-11T073828.643.jpg?fit=800%2C445&ssl=1\",\"datePublished\":\"2026-03-11T12:42:16+00:00\",\"dateModified\":\"2026-03-11T12:42:16+00:00\",\"author\":{\"@id\":\"https:\/\/ciudadyregion.com.co\/#\/schema\/person\/04a4954373ebc4051f46e8c65ff78622\"},\"breadcrumb\":{\"@id\":\"https:\/\/ciudadyregion.com.co\/index.php\/un-nuevo-punto-para-mirar-el-cielo-la-ut-inaugura-su-primer-reloj-solar\/educacion\/#breadcrumb\"},\"inLanguage\":\"es\",\"potentialAction\":[{\"@type\":\"ReadAction\",\"target\":[\"https:\/\/ciudadyregion.com.co\/index.php\/un-nuevo-punto-para-mirar-el-cielo-la-ut-inaugura-su-primer-reloj-solar\/educacion\/\"]}]},{\"@type\":\"ImageObject\",\"inLanguage\":\"es\",\"@id\":\"https:\/\/ciudadyregion.com.co\/index.php\/un-nuevo-punto-para-mirar-el-cielo-la-ut-inaugura-su-primer-reloj-solar\/educacion\/#primaryimage\",\"url\":\"https:\/\/i0.wp.com\/ciudadyregion.com.co\/wp-content\/uploads\/2026\/03\/Pag-2026-03-11T073828.643.jpg?fit=800%2C445&ssl=1\",\"contentUrl\":\"https:\/\/i0.wp.com\/ciudadyregion.com.co\/wp-content\/uploads\/2026\/03\/Pag-2026-03-11T073828.643.jpg?fit=800%2C445&ssl=1\",\"width\":800,\"height\":445},{\"@type\":\"BreadcrumbList\",\"@id\":\"https:\/\/ciudadyregion.com.co\/index.php\/un-nuevo-punto-para-mirar-el-cielo-la-ut-inaugura-su-primer-reloj-solar\/educacion\/#breadcrumb\",\"itemListElement\":[{\"@type\":\"ListItem\",\"position\":1,\"name\":\"Portada\",\"item\":\"https:\/\/ciudadyregion.com.co\/\"},{\"@type\":\"ListItem\",\"position\":2,\"name\":\"Un nuevo punto para mirar el cielo: la UT inaugura su primer reloj solar\"}]},{\"@type\":\"WebSite\",\"@id\":\"https:\/\/ciudadyregion.com.co\/#website\",\"url\":\"https:\/\/ciudadyregion.com.co\/\",\"name\":\"Ciudad y Region\",\"description\":\"\",\"potentialAction\":[{\"@type\":\"SearchAction\",\"target\":{\"@type\":\"EntryPoint\",\"urlTemplate\":\"https:\/\/ciudadyregion.com.co\/?s={search_term_string}\"},\"query-input\":{\"@type\":\"PropertyValueSpecification\",\"valueRequired\":true,\"valueName\":\"search_term_string\"}}],\"inLanguage\":\"es\"},{\"@type\":\"Person\",\"@id\":\"https:\/\/ciudadyregion.com.co\/#\/schema\/person\/04a4954373ebc4051f46e8c65ff78622\",\"name\":\"David Andr\u00e9s Aguirre\",\"image\":{\"@type\":\"ImageObject\",\"inLanguage\":\"es\",\"@id\":\"https:\/\/ciudadyregion.com.co\/#\/schema\/person\/image\/\",\"url\":\"https:\/\/secure.gravatar.com\/avatar\/bc3c655860202182ee6d1b5edd042dbe?s=96&d=mm&r=g\",\"contentUrl\":\"https:\/\/secure.gravatar.com\/avatar\/bc3c655860202182ee6d1b5edd042dbe?s=96&d=mm&r=g\",\"caption\":\"David Andr\u00e9s Aguirre\"},\"url\":\"https:\/\/ciudadyregion.com.co\/index.php\/author\/diegoaguirre\/\"}]}<\/script>\n<!-- \/ Yoast SEO plugin. -->","yoast_head_json":{"title":"Un nuevo punto para mirar el cielo: la UT inaugura su primer reloj solar - Ciudad y Region","robots":{"index":"index","follow":"follow","max-snippet":"max-snippet:-1","max-image-preview":"max-image-preview:large","max-video-preview":"max-video-preview:-1"},"canonical":"https:\/\/ciudadyregion.com.co\/index.php\/un-nuevo-punto-para-mirar-el-cielo-la-ut-inaugura-su-primer-reloj-solar\/educacion\/","og_locale":"es_ES","og_type":"article","og_title":"Un nuevo punto para mirar el cielo: la UT inaugura su primer reloj solar - Ciudad y Region","og_description":"El pasado martes 3 de marzo, la Universidad del Tolima sum\u00f3 un nuevo elemento para acercar la ciencia a la comunidad universitaria: la instalaci\u00f3n de su primer reloj solar en el campus de Santa Elena. La iniciativa fue posible gracias al trabajo conjunto de estudiantes del Programa de F\u00edsica, espec\u00edficamenteContinuar Leyendo","og_url":"https:\/\/ciudadyregion.com.co\/index.php\/un-nuevo-punto-para-mirar-el-cielo-la-ut-inaugura-su-primer-reloj-solar\/educacion\/","og_site_name":"Ciudad y Region","article_published_time":"2026-03-11T12:42:16+00:00","og_image":[{"width":800,"height":445,"url":"https:\/\/ciudadyregion.com.co\/wp-content\/uploads\/2026\/03\/Pag-2026-03-11T073828.643.jpg","type":"image\/jpeg"}],"author":"David Andr\u00e9s Aguirre","twitter_card":"summary_large_image","twitter_misc":{"Escrito por":"David Andr\u00e9s Aguirre","Tiempo de lectura":"4 minutos"},"schema":{"@context":"https:\/\/schema.org","@graph":[{"@type":"WebPage","@id":"https:\/\/ciudadyregion.com.co\/index.php\/un-nuevo-punto-para-mirar-el-cielo-la-ut-inaugura-su-primer-reloj-solar\/educacion\/","url":"https:\/\/ciudadyregion.com.co\/index.php\/un-nuevo-punto-para-mirar-el-cielo-la-ut-inaugura-su-primer-reloj-solar\/educacion\/","name":"Un nuevo punto para mirar el cielo: la UT inaugura su primer reloj solar - Ciudad y Region","isPartOf":{"@id":"https:\/\/ciudadyregion.com.co\/#website"},"primaryImageOfPage":{"@id":"https:\/\/ciudadyregion.com.co\/index.php\/un-nuevo-punto-para-mirar-el-cielo-la-ut-inaugura-su-primer-reloj-solar\/educacion\/#primaryimage"},"image":{"@id":"https:\/\/ciudadyregion.com.co\/index.php\/un-nuevo-punto-para-mirar-el-cielo-la-ut-inaugura-su-primer-reloj-solar\/educacion\/#primaryimage"},"thumbnailUrl":"https:\/\/i0.wp.com\/ciudadyregion.com.co\/wp-content\/uploads\/2026\/03\/Pag-2026-03-11T073828.643.jpg?fit=800%2C445&ssl=1","datePublished":"2026-03-11T12:42:16+00:00","dateModified":"2026-03-11T12:42:16+00:00","author":{"@id":"https:\/\/ciudadyregion.com.co\/#\/schema\/person\/04a4954373ebc4051f46e8c65ff78622"},"breadcrumb":{"@id":"https:\/\/ciudadyregion.com.co\/index.php\/un-nuevo-punto-para-mirar-el-cielo-la-ut-inaugura-su-primer-reloj-solar\/educacion\/#breadcrumb"},"inLanguage":"es","potentialAction":[{"@type":"ReadAction","target":["https:\/\/ciudadyregion.com.co\/index.php\/un-nuevo-punto-para-mirar-el-cielo-la-ut-inaugura-su-primer-reloj-solar\/educacion\/"]}]},{"@type":"ImageObject","inLanguage":"es","@id":"https:\/\/ciudadyregion.com.co\/index.php\/un-nuevo-punto-para-mirar-el-cielo-la-ut-inaugura-su-primer-reloj-solar\/educacion\/#primaryimage","url":"https:\/\/i0.wp.com\/ciudadyregion.com.co\/wp-content\/uploads\/2026\/03\/Pag-2026-03-11T073828.643.jpg?fit=800%2C445&ssl=1","contentUrl":"https:\/\/i0.wp.com\/ciudadyregion.com.co\/wp-content\/uploads\/2026\/03\/Pag-2026-03-11T073828.643.jpg?fit=800%2C445&ssl=1","width":800,"height":445},{"@type":"BreadcrumbList","@id":"https:\/\/ciudadyregion.com.co\/index.php\/un-nuevo-punto-para-mirar-el-cielo-la-ut-inaugura-su-primer-reloj-solar\/educacion\/#breadcrumb","itemListElement":[{"@type":"ListItem","position":1,"name":"Portada","item":"https:\/\/ciudadyregion.com.co\/"},{"@type":"ListItem","position":2,"name":"Un nuevo punto para mirar el cielo: la UT inaugura su primer reloj solar"}]},{"@type":"WebSite","@id":"https:\/\/ciudadyregion.com.co\/#website","url":"https:\/\/ciudadyregion.com.co\/","name":"Ciudad y Region","description":"","potentialAction":[{"@type":"SearchAction","target":{"@type":"EntryPoint","urlTemplate":"https:\/\/ciudadyregion.com.co\/?s={search_term_string}"},"query-input":{"@type":"PropertyValueSpecification","valueRequired":true,"valueName":"search_term_string"}}],"inLanguage":"es"},{"@type":"Person","@id":"https:\/\/ciudadyregion.com.co\/#\/schema\/person\/04a4954373ebc4051f46e8c65ff78622","name":"David Andr\u00e9s Aguirre","image":{"@type":"ImageObject","inLanguage":"es","@id":"https:\/\/ciudadyregion.com.co\/#\/schema\/person\/image\/","url":"https:\/\/secure.gravatar.com\/avatar\/bc3c655860202182ee6d1b5edd042dbe?s=96&d=mm&r=g","contentUrl":"https:\/\/secure.gravatar.com\/avatar\/bc3c655860202182ee6d1b5edd042dbe?s=96&d=mm&r=g","caption":"David Andr\u00e9s Aguirre"},"url":"https:\/\/ciudadyregion.com.co\/index.php\/author\/diegoaguirre\/"}]}},"jetpack_featured_media_url":"https:\/\/i0.wp.com\/ciudadyregion.com.co\/wp-content\/uploads\/2026\/03\/Pag-2026-03-11T073828.643.jpg?fit=800%2C445&ssl=1","jetpack_sharing_enabled":true,"jetpack_shortlink":"https:\/\/wp.me\/pbS7hh-ePm","jetpack-related-posts":[],"_links":{"self":[{"href":"https:\/\/ciudadyregion.com.co\/index.php\/wp-json\/wp\/v2\/posts\/57000"}],"collection":[{"href":"https:\/\/ciudadyregion.com.co\/index.php\/wp-json\/wp\/v2\/posts"}],"about":[{"href":"https:\/\/ciudadyregion.com.co\/index.php\/wp-json\/wp\/v2\/types\/post"}],"author":[{"embeddable":true,"href":"https:\/\/ciudadyregion.com.co\/index.php\/wp-json\/wp\/v2\/users\/2"}],"replies":[{"embeddable":true,"href":"https:\/\/ciudadyregion.com.co\/index.php\/wp-json\/wp\/v2\/comments?post=57000"}],"version-history":[{"count":1,"href":"https:\/\/ciudadyregion.com.co\/index.php\/wp-json\/wp\/v2\/posts\/57000\/revisions"}],"predecessor-version":[{"id":57003,"href":"https:\/\/ciudadyregion.com.co\/index.php\/wp-json\/wp\/v2\/posts\/57000\/revisions\/57003"}],"wp:featuredmedia":[{"embeddable":true,"href":"https:\/\/ciudadyregion.com.co\/index.php\/wp-json\/wp\/v2\/media\/57001"}],"wp:attachment":[{"href":"https:\/\/ciudadyregion.com.co\/index.php\/wp-json\/wp\/v2\/media?parent=57000"}],"wp:term":[{"taxonomy":"category","embeddable":true,"href":"https:\/\/ciudadyregion.com.co\/index.php\/wp-json\/wp\/v2\/categories?post=57000"},{"taxonomy":"post_tag","embeddable":true,"href":"https:\/\/ciudadyregion.com.co\/index.php\/wp-json\/wp\/v2\/tags?post=57000"}],"curies":[{"name":"wp","href":"https:\/\/api.w.org\/{rel}","templated":true}]}}