{"id":56988,"date":"2026-03-10T12:28:42","date_gmt":"2026-03-10T17:28:42","guid":{"rendered":"https:\/\/ciudadyregion.com.co\/?p=56988"},"modified":"2026-03-10T12:28:42","modified_gmt":"2026-03-10T17:28:42","slug":"dos-capturados-con-arma-de-fuego-ilegal-en-operativos-de-control-en-el-espinal","status":"publish","type":"post","link":"https:\/\/ciudadyregion.com.co\/index.php\/dos-capturados-con-arma-de-fuego-ilegal-en-operativos-de-control-en-el-espinal\/judicial\/","title":{"rendered":"DOS CAPTURADOS CON ARMA DE FUEGO ILEGAL EN OPERATIVOS DE CONTROL EN EL ESPINAL"},"content":{"rendered":"<p>La Polic\u00eda Nacional en el departamento del Tolima, en desarrollo de los operativos permanentes contra el porte ilegal de armas de fuego y la prevenci\u00f3n del homicidio, logr\u00f3 en las \u00faltimas horas un importante resultado en materia de seguridad y convivencia ciudadana, mediante la captura de dos personas y la incautaci\u00f3n de un arma de fuego ilegal.<\/p>\n<p>El procedimiento se present\u00f3 aproximadamente hacia las 6:40 de la tarde, cuando uniformados adscritos a la Estaci\u00f3n de Polic\u00eda del municipio de El Espinal adelantaban planes y controles diferenciales en el barrio Bel\u00e9n de esta localidad.<\/p>\n<p>Durante estas actividades de control, los polic\u00edas lograron la captura en flagrancia de dos ciudadanos de 30 y 31 a\u00f1os de edad, quienes se movilizaban en un veh\u00edculo tipo campero. Al momento de realizarles el respectivo registro e identificaci\u00f3n a personas y al veh\u00edculo, se les hall\u00f3 en su poder un arma de fuego tipo rev\u00f3lver calibre 38 mil\u00edmetros, con cinco cartuchos para el mismo, sin contar con el permiso para su porte o tenencia.<\/p>\n<p>Los capturados, junto con el arma de fuego y la munici\u00f3n incautada, fueron dejados a disposici\u00f3n de la Fiscal\u00eda 16 Local de El Espinal, por el delito de fabricaci\u00f3n, tr\u00e1fico, porte o tenencia de armas de fuego, accesorios, partes o municiones. A esta hora se encuentran siendo presentados ante un juez en audiencia virtual, donde se definir\u00e1 su situaci\u00f3n jur\u00eddica.<\/p>\n<p>Con este resultado, la Polic\u00eda Nacional en el Tolima ratifica su compromiso permanente en la lucha contra los delitos que afectan la seguridad y la convivencia ciudadana, fortaleciendo los controles y operativos en todo el departamento.<\/p>\n<p>Finalmente, se invita a la comunidad a denunciar cualquier hecho que afecte la tranquilidad o seguridad, a trav\u00e9s de la l\u00ednea 123 o informando a la patrulla de Polic\u00eda m\u00e1s cercana, donde se garantiza absoluta reserva.<\/p>\n","protected":false},"excerpt":{"rendered":"<p>La Polic\u00eda Nacional en el departamento del Tolima, en desarrollo de los operativos permanentes contra el porte ilegal de armas de fuego y la prevenci\u00f3n del homicidio, logr\u00f3 en las \u00faltimas horas un importante resultado en materia de seguridad y convivencia ciudadana, mediante la captura de dos personas y la<span class=\"more-link\"><a href=\"https:\/\/ciudadyregion.com.co\/index.php\/dos-capturados-con-arma-de-fuego-ilegal-en-operativos-de-control-en-el-espinal\/judicial\/\">Continuar Leyendo<\/a><\/span><\/p>\n","protected":false},"author":2,"featured_media":56991,"comment_status":"open","ping_status":"open","sticky":false,"template":"","format":"standard","meta":{"_uf_show_specific_survey":0,"_uf_disable_surveys":false,"_jetpack_memberships_contains_paid_content":false,"footnotes":"","jetpack_publicize_message":"","jetpack_publicize_feature_enabled":true,"jetpack_social_post_already_shared":true,"jetpack_social_options":{"image_generator_settings":{"template":"highway","enabled":false},"version":2}},"categories":[18],"tags":[],"class_list":["entry","author-diegoaguirre","post-56988","post","type-post","status-publish","format-standard","has-post-thumbnail","category-judicial"],"jetpack_publicize_connections":[],"yoast_head":"<!-- This site is optimized with the Yoast SEO plugin v24.3 - https:\/\/yoast.com\/wordpress\/plugins\/seo\/ -->\n<title>DOS CAPTURADOS CON ARMA DE FUEGO ILEGAL EN OPERATIVOS DE CONTROL EN EL ESPINAL - Ciudad y Region<\/title>\n<meta name=\"robots\" content=\"index, follow, max-snippet:-1, max-image-preview:large, max-video-preview:-1\" \/>\n<link rel=\"canonical\" href=\"https:\/\/ciudadyregion.com.co\/index.php\/dos-capturados-con-arma-de-fuego-ilegal-en-operativos-de-control-en-el-espinal\/judicial\/\" \/>\n<meta property=\"og:locale\" content=\"es_ES\" \/>\n<meta property=\"og:type\" content=\"article\" \/>\n<meta property=\"og:title\" content=\"DOS CAPTURADOS CON ARMA DE FUEGO ILEGAL EN OPERATIVOS DE CONTROL EN EL ESPINAL - Ciudad y Region\" \/>\n<meta property=\"og:description\" content=\"La Polic\u00eda Nacional en el departamento del Tolima, en desarrollo de los operativos permanentes contra el porte ilegal de armas de fuego y la prevenci\u00f3n del homicidio, logr\u00f3 en las \u00faltimas horas un importante resultado en materia de seguridad y convivencia ciudadana, mediante la captura de dos personas y laContinuar Leyendo\" \/>\n<meta property=\"og:url\" content=\"https:\/\/ciudadyregion.com.co\/index.php\/dos-capturados-con-arma-de-fuego-ilegal-en-operativos-de-control-en-el-espinal\/judicial\/\" \/>\n<meta property=\"og:site_name\" content=\"Ciudad y Region\" \/>\n<meta property=\"article:published_time\" content=\"2026-03-10T17:28:42+00:00\" \/>\n<meta property=\"og:image\" content=\"https:\/\/ciudadyregion.com.co\/wp-content\/uploads\/2026\/03\/Pag-2026-03-10T121940.691.jpg\" \/>\n\t<meta property=\"og:image:width\" content=\"800\" \/>\n\t<meta property=\"og:image:height\" content=\"445\" \/>\n\t<meta property=\"og:image:type\" content=\"image\/jpeg\" \/>\n<meta name=\"author\" content=\"David Andr\u00e9s Aguirre\" \/>\n<meta name=\"twitter:card\" content=\"summary_large_image\" \/>\n<meta name=\"twitter:label1\" content=\"Escrito por\" \/>\n\t<meta name=\"twitter:data1\" content=\"David Andr\u00e9s Aguirre\" \/>\n\t<meta name=\"twitter:label2\" content=\"Tiempo de lectura\" \/>\n\t<meta name=\"twitter:data2\" content=\"2 minutos\" \/>\n<script type=\"application\/ld+json\" class=\"yoast-schema-graph\">{\"@context\":\"https:\/\/schema.org\",\"@graph\":[{\"@type\":\"WebPage\",\"@id\":\"https:\/\/ciudadyregion.com.co\/index.php\/dos-capturados-con-arma-de-fuego-ilegal-en-operativos-de-control-en-el-espinal\/judicial\/\",\"url\":\"https:\/\/ciudadyregion.com.co\/index.php\/dos-capturados-con-arma-de-fuego-ilegal-en-operativos-de-control-en-el-espinal\/judicial\/\",\"name\":\"DOS CAPTURADOS CON ARMA DE FUEGO ILEGAL EN OPERATIVOS DE CONTROL EN EL ESPINAL - Ciudad y Region\",\"isPartOf\":{\"@id\":\"https:\/\/ciudadyregion.com.co\/#website\"},\"primaryImageOfPage\":{\"@id\":\"https:\/\/ciudadyregion.com.co\/index.php\/dos-capturados-con-arma-de-fuego-ilegal-en-operativos-de-control-en-el-espinal\/judicial\/#primaryimage\"},\"image\":{\"@id\":\"https:\/\/ciudadyregion.com.co\/index.php\/dos-capturados-con-arma-de-fuego-ilegal-en-operativos-de-control-en-el-espinal\/judicial\/#primaryimage\"},\"thumbnailUrl\":\"https:\/\/i0.wp.com\/ciudadyregion.com.co\/wp-content\/uploads\/2026\/03\/Pag-2026-03-10T121940.691.jpg?fit=800%2C445&ssl=1\",\"datePublished\":\"2026-03-10T17:28:42+00:00\",\"dateModified\":\"2026-03-10T17:28:42+00:00\",\"author\":{\"@id\":\"https:\/\/ciudadyregion.com.co\/#\/schema\/person\/04a4954373ebc4051f46e8c65ff78622\"},\"breadcrumb\":{\"@id\":\"https:\/\/ciudadyregion.com.co\/index.php\/dos-capturados-con-arma-de-fuego-ilegal-en-operativos-de-control-en-el-espinal\/judicial\/#breadcrumb\"},\"inLanguage\":\"es\",\"potentialAction\":[{\"@type\":\"ReadAction\",\"target\":[\"https:\/\/ciudadyregion.com.co\/index.php\/dos-capturados-con-arma-de-fuego-ilegal-en-operativos-de-control-en-el-espinal\/judicial\/\"]}]},{\"@type\":\"ImageObject\",\"inLanguage\":\"es\",\"@id\":\"https:\/\/ciudadyregion.com.co\/index.php\/dos-capturados-con-arma-de-fuego-ilegal-en-operativos-de-control-en-el-espinal\/judicial\/#primaryimage\",\"url\":\"https:\/\/i0.wp.com\/ciudadyregion.com.co\/wp-content\/uploads\/2026\/03\/Pag-2026-03-10T121940.691.jpg?fit=800%2C445&ssl=1\",\"contentUrl\":\"https:\/\/i0.wp.com\/ciudadyregion.com.co\/wp-content\/uploads\/2026\/03\/Pag-2026-03-10T121940.691.jpg?fit=800%2C445&ssl=1\",\"width\":800,\"height\":445},{\"@type\":\"BreadcrumbList\",\"@id\":\"https:\/\/ciudadyregion.com.co\/index.php\/dos-capturados-con-arma-de-fuego-ilegal-en-operativos-de-control-en-el-espinal\/judicial\/#breadcrumb\",\"itemListElement\":[{\"@type\":\"ListItem\",\"position\":1,\"name\":\"Portada\",\"item\":\"https:\/\/ciudadyregion.com.co\/\"},{\"@type\":\"ListItem\",\"position\":2,\"name\":\"DOS CAPTURADOS CON ARMA DE FUEGO ILEGAL EN OPERATIVOS DE CONTROL EN EL ESPINAL\"}]},{\"@type\":\"WebSite\",\"@id\":\"https:\/\/ciudadyregion.com.co\/#website\",\"url\":\"https:\/\/ciudadyregion.com.co\/\",\"name\":\"Ciudad y Region\",\"description\":\"\",\"potentialAction\":[{\"@type\":\"SearchAction\",\"target\":{\"@type\":\"EntryPoint\",\"urlTemplate\":\"https:\/\/ciudadyregion.com.co\/?s={search_term_string}\"},\"query-input\":{\"@type\":\"PropertyValueSpecification\",\"valueRequired\":true,\"valueName\":\"search_term_string\"}}],\"inLanguage\":\"es\"},{\"@type\":\"Person\",\"@id\":\"https:\/\/ciudadyregion.com.co\/#\/schema\/person\/04a4954373ebc4051f46e8c65ff78622\",\"name\":\"David Andr\u00e9s Aguirre\",\"image\":{\"@type\":\"ImageObject\",\"inLanguage\":\"es\",\"@id\":\"https:\/\/ciudadyregion.com.co\/#\/schema\/person\/image\/\",\"url\":\"https:\/\/secure.gravatar.com\/avatar\/bc3c655860202182ee6d1b5edd042dbe?s=96&d=mm&r=g\",\"contentUrl\":\"https:\/\/secure.gravatar.com\/avatar\/bc3c655860202182ee6d1b5edd042dbe?s=96&d=mm&r=g\",\"caption\":\"David Andr\u00e9s Aguirre\"},\"url\":\"https:\/\/ciudadyregion.com.co\/index.php\/author\/diegoaguirre\/\"}]}<\/script>\n<!-- \/ Yoast SEO plugin. -->","yoast_head_json":{"title":"DOS CAPTURADOS CON ARMA DE FUEGO ILEGAL EN OPERATIVOS DE CONTROL EN EL ESPINAL - Ciudad y Region","robots":{"index":"index","follow":"follow","max-snippet":"max-snippet:-1","max-image-preview":"max-image-preview:large","max-video-preview":"max-video-preview:-1"},"canonical":"https:\/\/ciudadyregion.com.co\/index.php\/dos-capturados-con-arma-de-fuego-ilegal-en-operativos-de-control-en-el-espinal\/judicial\/","og_locale":"es_ES","og_type":"article","og_title":"DOS CAPTURADOS CON ARMA DE FUEGO ILEGAL EN OPERATIVOS DE CONTROL EN EL ESPINAL - Ciudad y Region","og_description":"La Polic\u00eda Nacional en el departamento del Tolima, en desarrollo de los operativos permanentes contra el porte ilegal de armas de fuego y la prevenci\u00f3n del homicidio, logr\u00f3 en las \u00faltimas horas un importante resultado en materia de seguridad y convivencia ciudadana, mediante la captura de dos personas y laContinuar Leyendo","og_url":"https:\/\/ciudadyregion.com.co\/index.php\/dos-capturados-con-arma-de-fuego-ilegal-en-operativos-de-control-en-el-espinal\/judicial\/","og_site_name":"Ciudad y Region","article_published_time":"2026-03-10T17:28:42+00:00","og_image":[{"width":800,"height":445,"url":"https:\/\/ciudadyregion.com.co\/wp-content\/uploads\/2026\/03\/Pag-2026-03-10T121940.691.jpg","type":"image\/jpeg"}],"author":"David Andr\u00e9s Aguirre","twitter_card":"summary_large_image","twitter_misc":{"Escrito por":"David Andr\u00e9s Aguirre","Tiempo de lectura":"2 minutos"},"schema":{"@context":"https:\/\/schema.org","@graph":[{"@type":"WebPage","@id":"https:\/\/ciudadyregion.com.co\/index.php\/dos-capturados-con-arma-de-fuego-ilegal-en-operativos-de-control-en-el-espinal\/judicial\/","url":"https:\/\/ciudadyregion.com.co\/index.php\/dos-capturados-con-arma-de-fuego-ilegal-en-operativos-de-control-en-el-espinal\/judicial\/","name":"DOS CAPTURADOS CON ARMA DE FUEGO ILEGAL EN OPERATIVOS DE CONTROL EN EL ESPINAL - Ciudad y Region","isPartOf":{"@id":"https:\/\/ciudadyregion.com.co\/#website"},"primaryImageOfPage":{"@id":"https:\/\/ciudadyregion.com.co\/index.php\/dos-capturados-con-arma-de-fuego-ilegal-en-operativos-de-control-en-el-espinal\/judicial\/#primaryimage"},"image":{"@id":"https:\/\/ciudadyregion.com.co\/index.php\/dos-capturados-con-arma-de-fuego-ilegal-en-operativos-de-control-en-el-espinal\/judicial\/#primaryimage"},"thumbnailUrl":"https:\/\/i0.wp.com\/ciudadyregion.com.co\/wp-content\/uploads\/2026\/03\/Pag-2026-03-10T121940.691.jpg?fit=800%2C445&ssl=1","datePublished":"2026-03-10T17:28:42+00:00","dateModified":"2026-03-10T17:28:42+00:00","author":{"@id":"https:\/\/ciudadyregion.com.co\/#\/schema\/person\/04a4954373ebc4051f46e8c65ff78622"},"breadcrumb":{"@id":"https:\/\/ciudadyregion.com.co\/index.php\/dos-capturados-con-arma-de-fuego-ilegal-en-operativos-de-control-en-el-espinal\/judicial\/#breadcrumb"},"inLanguage":"es","potentialAction":[{"@type":"ReadAction","target":["https:\/\/ciudadyregion.com.co\/index.php\/dos-capturados-con-arma-de-fuego-ilegal-en-operativos-de-control-en-el-espinal\/judicial\/"]}]},{"@type":"ImageObject","inLanguage":"es","@id":"https:\/\/ciudadyregion.com.co\/index.php\/dos-capturados-con-arma-de-fuego-ilegal-en-operativos-de-control-en-el-espinal\/judicial\/#primaryimage","url":"https:\/\/i0.wp.com\/ciudadyregion.com.co\/wp-content\/uploads\/2026\/03\/Pag-2026-03-10T121940.691.jpg?fit=800%2C445&ssl=1","contentUrl":"https:\/\/i0.wp.com\/ciudadyregion.com.co\/wp-content\/uploads\/2026\/03\/Pag-2026-03-10T121940.691.jpg?fit=800%2C445&ssl=1","width":800,"height":445},{"@type":"BreadcrumbList","@id":"https:\/\/ciudadyregion.com.co\/index.php\/dos-capturados-con-arma-de-fuego-ilegal-en-operativos-de-control-en-el-espinal\/judicial\/#breadcrumb","itemListElement":[{"@type":"ListItem","position":1,"name":"Portada","item":"https:\/\/ciudadyregion.com.co\/"},{"@type":"ListItem","position":2,"name":"DOS CAPTURADOS CON ARMA DE FUEGO ILEGAL EN OPERATIVOS DE CONTROL EN EL ESPINAL"}]},{"@type":"WebSite","@id":"https:\/\/ciudadyregion.com.co\/#website","url":"https:\/\/ciudadyregion.com.co\/","name":"Ciudad y Region","description":"","potentialAction":[{"@type":"SearchAction","target":{"@type":"EntryPoint","urlTemplate":"https:\/\/ciudadyregion.com.co\/?s={search_term_string}"},"query-input":{"@type":"PropertyValueSpecification","valueRequired":true,"valueName":"search_term_string"}}],"inLanguage":"es"},{"@type":"Person","@id":"https:\/\/ciudadyregion.com.co\/#\/schema\/person\/04a4954373ebc4051f46e8c65ff78622","name":"David Andr\u00e9s Aguirre","image":{"@type":"ImageObject","inLanguage":"es","@id":"https:\/\/ciudadyregion.com.co\/#\/schema\/person\/image\/","url":"https:\/\/secure.gravatar.com\/avatar\/bc3c655860202182ee6d1b5edd042dbe?s=96&d=mm&r=g","contentUrl":"https:\/\/secure.gravatar.com\/avatar\/bc3c655860202182ee6d1b5edd042dbe?s=96&d=mm&r=g","caption":"David Andr\u00e9s Aguirre"},"url":"https:\/\/ciudadyregion.com.co\/index.php\/author\/diegoaguirre\/"}]}},"jetpack_featured_media_url":"https:\/\/i0.wp.com\/ciudadyregion.com.co\/wp-content\/uploads\/2026\/03\/Pag-2026-03-10T121940.691.jpg?fit=800%2C445&ssl=1","jetpack_sharing_enabled":true,"jetpack_shortlink":"https:\/\/wp.me\/pbS7hh-ePa","jetpack-related-posts":[],"_links":{"self":[{"href":"https:\/\/ciudadyregion.com.co\/index.php\/wp-json\/wp\/v2\/posts\/56988"}],"collection":[{"href":"https:\/\/ciudadyregion.com.co\/index.php\/wp-json\/wp\/v2\/posts"}],"about":[{"href":"https:\/\/ciudadyregion.com.co\/index.php\/wp-json\/wp\/v2\/types\/post"}],"author":[{"embeddable":true,"href":"https:\/\/ciudadyregion.com.co\/index.php\/wp-json\/wp\/v2\/users\/2"}],"replies":[{"embeddable":true,"href":"https:\/\/ciudadyregion.com.co\/index.php\/wp-json\/wp\/v2\/comments?post=56988"}],"version-history":[{"count":1,"href":"https:\/\/ciudadyregion.com.co\/index.php\/wp-json\/wp\/v2\/posts\/56988\/revisions"}],"predecessor-version":[{"id":56992,"href":"https:\/\/ciudadyregion.com.co\/index.php\/wp-json\/wp\/v2\/posts\/56988\/revisions\/56992"}],"wp:featuredmedia":[{"embeddable":true,"href":"https:\/\/ciudadyregion.com.co\/index.php\/wp-json\/wp\/v2\/media\/56991"}],"wp:attachment":[{"href":"https:\/\/ciudadyregion.com.co\/index.php\/wp-json\/wp\/v2\/media?parent=56988"}],"wp:term":[{"taxonomy":"category","embeddable":true,"href":"https:\/\/ciudadyregion.com.co\/index.php\/wp-json\/wp\/v2\/categories?post=56988"},{"taxonomy":"post_tag","embeddable":true,"href":"https:\/\/ciudadyregion.com.co\/index.php\/wp-json\/wp\/v2\/tags?post=56988"}],"curies":[{"name":"wp","href":"https:\/\/api.w.org\/{rel}","templated":true}]}}