{"id":56978,"date":"2026-03-10T08:12:22","date_gmt":"2026-03-10T13:12:22","guid":{"rendered":"https:\/\/ciudadyregion.com.co\/?p=56978"},"modified":"2026-03-10T08:12:22","modified_gmt":"2026-03-10T13:12:22","slug":"escuela-de-impuestos-en-el-espinal","status":"publish","type":"post","link":"https:\/\/ciudadyregion.com.co\/index.php\/escuela-de-impuestos-en-el-espinal\/regional\/","title":{"rendered":"Escuela de Impuestos en El Espinal"},"content":{"rendered":"<div class=\"x14z9mp xat24cr x1lziwak x1vvkbs xtlvy1s x126k92a\">\n<div dir=\"auto\">Desde la Administraci\u00f3n Municipal, en alianza con la Universidad Cooperativa de Colombia, hemos preparado un espacio de formaci\u00f3n para aprender sobre impuestos de manera clara y pr\u00e1ctica.<\/div>\n<div dir=\"auto\"><\/div>\n<\/div>\n<div class=\"x14z9mp xat24cr x1lziwak x1vvkbs xtlvy1s x126k92a\">\n<div dir=\"auto\">Esta jornada est\u00e1 dirigida a comerciantes, emprendedores, estudiantes y personas interesadas en aprender m\u00e1s sobre el sistema de impuestos en Colombia.<\/div>\n<div dir=\"auto\"><\/div>\n<\/div>\n<div class=\"x14z9mp xat24cr x1lziwak x1vvkbs xtlvy1s x126k92a\">\n<div dir=\"auto\"><span class=\"html-span xexx8yu xyri2b x18d9i69 x1c1uobl x1hl2dhg x16tdsg8 x1vvkbs x3nfvp2 x1j61x8r x1fcty0u xdj266r xat24cr xm2jcoa x1mpyi22 xxymvpz xlup9mm x1kky2od\"><img loading=\"lazy\" decoding=\"async\" class=\"xz74otr x15mokao x1ga7v0g x16uus16 xbiv7yw\" src=\"https:\/\/static.xx.fbcdn.net\/images\/emoji.php\/v9\/tcc\/1\/16\/1f4dd.png\" alt=\"\ud83d\udcdd\" width=\"16\" height=\"16\" \/><\/span> Reg\u00edstrate aqu\u00ed totalmente gratis:<\/div>\n<div dir=\"auto\"><span class=\"html-span xdj266r x14z9mp xat24cr x1lziwak xexx8yu xyri2b x18d9i69 x1c1uobl x1hl2dhg x16tdsg8 x1vvkbs\"><a class=\"x1i10hfl xjbqb8w x1ejq31n x18oe1m7 x1sy0etr xstzfhl x972fbf x10w94by x1qhh985 x14e42zd x9f619 x1ypdohk xt0psk2 x3ct3a4 xdj266r x14z9mp xat24cr x1lziwak xexx8yu xyri2b x18d9i69 x1c1uobl x16tdsg8 x1hl2dhg xggy1nq x1a2a7pz xkrqix3 x1sur9pj x1fey0fg x1s688f\" tabindex=\"0\" role=\"link\" href=\"https:\/\/forms.office.com\/r\/SdPvNyQ9yn?fbclid=IwZXh0bgNhZW0CMTAAYnJpZBExbDR1WkpNVDRwQ1h2b3lHeHNydGMGYXBwX2lkEDIyMjAzOTE3ODgyMDA4OTIAAR4U2YFZLowSmZxCeNlpGCWLSVArmP6EtQKaXRzFjMIT7lItRqXfMa_mCZMK5A_aem_Qn7eP7GG4sR6-OF3YSGUdw\" target=\"_blank\" rel=\"nofollow noopener noreferrer\">https:\/\/forms.office.com\/r\/SdPvNyQ9yn<\/a><\/span><\/div>\n<\/div>\n<div dir=\"auto\"><\/div>\n<div dir=\"auto\"><img decoding=\"async\" src=\"https:\/\/scontent-bog2-1.xx.fbcdn.net\/v\/t39.30808-6\/648101004_1508799260817045_2210299459208491408_n.jpg?_nc_cat=106&amp;ccb=1-7&amp;_nc_sid=7b2446&amp;_nc_ohc=lJrjEWGRwTYQ7kNvwG83FRp&amp;_nc_oc=AdnEn1RUHe1kgHI5xY-ebZKYJJ0LWKqiFZm6VYGY5TaNhBIDptSFDsbjm-TsfUA5Si2R2UR-9-5tcc8TVVqFpm1q&amp;_nc_zt=23&amp;_nc_ht=scontent-bog2-1.xx&amp;_nc_gid=tOv7XaDD5hPqVgqBBBSE0w&amp;_nc_ss=8&amp;oh=00_AfyNUSWrbkUr1S8gzRDol1XdTDsBkABQ2ox97w-p5jz4ww&amp;oe=69B5D77B\" alt=\"Puede ser una imagen de texto que dice &quot;ESCUELA DE IMPUESTOS Dirigido a microempresarios, comerciantes, emprendedores personas interesadas en fortalecer SuS conocimientos sobre impuestos en El Espinal. 1O QUE APRENDER\u00c1S CON UN EXPERTO TRIBUTARIO IVA para comerciantes y emprendedores Declaraci\u00f3n de renta para personas naturales Industria y Comercio (ICA) en El Espinal \u00a1Registrate en el enlace! Universidad Cooperativa Carrera 11 con calle 15 \u9ed1 Mi\u00e9rcoles 11 de marzo 5:00 p.m 7:00 p.m H ELESPINAL Espinal CRECE Secretaria eDesarrollo Econ\u00f3mico UG DECOLOMBIA UNIVERSIDAD COOPERATIVA&quot;\" \/><\/div>\n","protected":false},"excerpt":{"rendered":"<p>Desde la Administraci\u00f3n Municipal, en alianza con la Universidad Cooperativa de Colombia, hemos preparado un espacio de formaci\u00f3n para aprender sobre impuestos de manera clara y pr\u00e1ctica. Esta jornada est\u00e1 dirigida a comerciantes, emprendedores, estudiantes y personas interesadas en aprender m\u00e1s sobre el sistema de impuestos en Colombia. Reg\u00edstrate aqu\u00ed<span class=\"more-link\"><a href=\"https:\/\/ciudadyregion.com.co\/index.php\/escuela-de-impuestos-en-el-espinal\/regional\/\">Continuar Leyendo<\/a><\/span><\/p>\n","protected":false},"author":2,"featured_media":56981,"comment_status":"open","ping_status":"open","sticky":false,"template":"","format":"standard","meta":{"_uf_show_specific_survey":0,"_uf_disable_surveys":false,"_jetpack_memberships_contains_paid_content":false,"footnotes":"","jetpack_publicize_message":"","jetpack_publicize_feature_enabled":true,"jetpack_social_post_already_shared":true,"jetpack_social_options":{"image_generator_settings":{"template":"highway","enabled":false},"version":2}},"categories":[13],"tags":[],"class_list":["entry","author-diegoaguirre","post-56978","post","type-post","status-publish","format-standard","has-post-thumbnail","category-regional"],"jetpack_publicize_connections":[],"yoast_head":"<!-- This site is optimized with the Yoast SEO plugin v24.3 - https:\/\/yoast.com\/wordpress\/plugins\/seo\/ -->\n<title>Escuela de Impuestos en El Espinal - Ciudad y Region<\/title>\n<meta name=\"robots\" content=\"index, follow, max-snippet:-1, max-image-preview:large, max-video-preview:-1\" \/>\n<link rel=\"canonical\" href=\"https:\/\/ciudadyregion.com.co\/index.php\/escuela-de-impuestos-en-el-espinal\/regional\/\" \/>\n<meta property=\"og:locale\" content=\"es_ES\" \/>\n<meta property=\"og:type\" content=\"article\" \/>\n<meta property=\"og:title\" content=\"Escuela de Impuestos en El Espinal - Ciudad y Region\" \/>\n<meta property=\"og:description\" content=\"Desde la Administraci\u00f3n Municipal, en alianza con la Universidad Cooperativa de Colombia, hemos preparado un espacio de formaci\u00f3n para aprender sobre impuestos de manera clara y pr\u00e1ctica. Esta jornada est\u00e1 dirigida a comerciantes, emprendedores, estudiantes y personas interesadas en aprender m\u00e1s sobre el sistema de impuestos en Colombia. Reg\u00edstrate aqu\u00edContinuar Leyendo\" \/>\n<meta property=\"og:url\" content=\"https:\/\/ciudadyregion.com.co\/index.php\/escuela-de-impuestos-en-el-espinal\/regional\/\" \/>\n<meta property=\"og:site_name\" content=\"Ciudad y Region\" \/>\n<meta property=\"article:published_time\" content=\"2026-03-10T13:12:22+00:00\" \/>\n<meta property=\"og:image\" content=\"https:\/\/ciudadyregion.com.co\/wp-content\/uploads\/2026\/03\/Pag-2026-03-10T080919.503.jpg\" \/>\n\t<meta property=\"og:image:width\" content=\"800\" \/>\n\t<meta property=\"og:image:height\" content=\"445\" \/>\n\t<meta property=\"og:image:type\" content=\"image\/jpeg\" \/>\n<meta name=\"author\" content=\"David Andr\u00e9s Aguirre\" \/>\n<meta name=\"twitter:card\" content=\"summary_large_image\" \/>\n<meta name=\"twitter:label1\" content=\"Escrito por\" \/>\n\t<meta name=\"twitter:data1\" content=\"David Andr\u00e9s Aguirre\" \/>\n\t<meta name=\"twitter:label2\" content=\"Tiempo de lectura\" \/>\n\t<meta name=\"twitter:data2\" content=\"1 minuto\" \/>\n<script type=\"application\/ld+json\" class=\"yoast-schema-graph\">{\"@context\":\"https:\/\/schema.org\",\"@graph\":[{\"@type\":\"WebPage\",\"@id\":\"https:\/\/ciudadyregion.com.co\/index.php\/escuela-de-impuestos-en-el-espinal\/regional\/\",\"url\":\"https:\/\/ciudadyregion.com.co\/index.php\/escuela-de-impuestos-en-el-espinal\/regional\/\",\"name\":\"Escuela de Impuestos en El Espinal - Ciudad y Region\",\"isPartOf\":{\"@id\":\"https:\/\/ciudadyregion.com.co\/#website\"},\"primaryImageOfPage\":{\"@id\":\"https:\/\/ciudadyregion.com.co\/index.php\/escuela-de-impuestos-en-el-espinal\/regional\/#primaryimage\"},\"image\":{\"@id\":\"https:\/\/ciudadyregion.com.co\/index.php\/escuela-de-impuestos-en-el-espinal\/regional\/#primaryimage\"},\"thumbnailUrl\":\"https:\/\/i0.wp.com\/ciudadyregion.com.co\/wp-content\/uploads\/2026\/03\/Pag-2026-03-10T080919.503.jpg?fit=800%2C445&ssl=1\",\"datePublished\":\"2026-03-10T13:12:22+00:00\",\"dateModified\":\"2026-03-10T13:12:22+00:00\",\"author\":{\"@id\":\"https:\/\/ciudadyregion.com.co\/#\/schema\/person\/04a4954373ebc4051f46e8c65ff78622\"},\"breadcrumb\":{\"@id\":\"https:\/\/ciudadyregion.com.co\/index.php\/escuela-de-impuestos-en-el-espinal\/regional\/#breadcrumb\"},\"inLanguage\":\"es\",\"potentialAction\":[{\"@type\":\"ReadAction\",\"target\":[\"https:\/\/ciudadyregion.com.co\/index.php\/escuela-de-impuestos-en-el-espinal\/regional\/\"]}]},{\"@type\":\"ImageObject\",\"inLanguage\":\"es\",\"@id\":\"https:\/\/ciudadyregion.com.co\/index.php\/escuela-de-impuestos-en-el-espinal\/regional\/#primaryimage\",\"url\":\"https:\/\/i0.wp.com\/ciudadyregion.com.co\/wp-content\/uploads\/2026\/03\/Pag-2026-03-10T080919.503.jpg?fit=800%2C445&ssl=1\",\"contentUrl\":\"https:\/\/i0.wp.com\/ciudadyregion.com.co\/wp-content\/uploads\/2026\/03\/Pag-2026-03-10T080919.503.jpg?fit=800%2C445&ssl=1\",\"width\":800,\"height\":445},{\"@type\":\"BreadcrumbList\",\"@id\":\"https:\/\/ciudadyregion.com.co\/index.php\/escuela-de-impuestos-en-el-espinal\/regional\/#breadcrumb\",\"itemListElement\":[{\"@type\":\"ListItem\",\"position\":1,\"name\":\"Portada\",\"item\":\"https:\/\/ciudadyregion.com.co\/\"},{\"@type\":\"ListItem\",\"position\":2,\"name\":\"Escuela de Impuestos en El Espinal\"}]},{\"@type\":\"WebSite\",\"@id\":\"https:\/\/ciudadyregion.com.co\/#website\",\"url\":\"https:\/\/ciudadyregion.com.co\/\",\"name\":\"Ciudad y Region\",\"description\":\"\",\"potentialAction\":[{\"@type\":\"SearchAction\",\"target\":{\"@type\":\"EntryPoint\",\"urlTemplate\":\"https:\/\/ciudadyregion.com.co\/?s={search_term_string}\"},\"query-input\":{\"@type\":\"PropertyValueSpecification\",\"valueRequired\":true,\"valueName\":\"search_term_string\"}}],\"inLanguage\":\"es\"},{\"@type\":\"Person\",\"@id\":\"https:\/\/ciudadyregion.com.co\/#\/schema\/person\/04a4954373ebc4051f46e8c65ff78622\",\"name\":\"David Andr\u00e9s Aguirre\",\"image\":{\"@type\":\"ImageObject\",\"inLanguage\":\"es\",\"@id\":\"https:\/\/ciudadyregion.com.co\/#\/schema\/person\/image\/\",\"url\":\"https:\/\/secure.gravatar.com\/avatar\/bc3c655860202182ee6d1b5edd042dbe?s=96&d=mm&r=g\",\"contentUrl\":\"https:\/\/secure.gravatar.com\/avatar\/bc3c655860202182ee6d1b5edd042dbe?s=96&d=mm&r=g\",\"caption\":\"David Andr\u00e9s Aguirre\"},\"url\":\"https:\/\/ciudadyregion.com.co\/index.php\/author\/diegoaguirre\/\"}]}<\/script>\n<!-- \/ Yoast SEO plugin. -->","yoast_head_json":{"title":"Escuela de Impuestos en El Espinal - Ciudad y Region","robots":{"index":"index","follow":"follow","max-snippet":"max-snippet:-1","max-image-preview":"max-image-preview:large","max-video-preview":"max-video-preview:-1"},"canonical":"https:\/\/ciudadyregion.com.co\/index.php\/escuela-de-impuestos-en-el-espinal\/regional\/","og_locale":"es_ES","og_type":"article","og_title":"Escuela de Impuestos en El Espinal - Ciudad y Region","og_description":"Desde la Administraci\u00f3n Municipal, en alianza con la Universidad Cooperativa de Colombia, hemos preparado un espacio de formaci\u00f3n para aprender sobre impuestos de manera clara y pr\u00e1ctica. Esta jornada est\u00e1 dirigida a comerciantes, emprendedores, estudiantes y personas interesadas en aprender m\u00e1s sobre el sistema de impuestos en Colombia. Reg\u00edstrate aqu\u00edContinuar Leyendo","og_url":"https:\/\/ciudadyregion.com.co\/index.php\/escuela-de-impuestos-en-el-espinal\/regional\/","og_site_name":"Ciudad y Region","article_published_time":"2026-03-10T13:12:22+00:00","og_image":[{"width":800,"height":445,"url":"https:\/\/ciudadyregion.com.co\/wp-content\/uploads\/2026\/03\/Pag-2026-03-10T080919.503.jpg","type":"image\/jpeg"}],"author":"David Andr\u00e9s Aguirre","twitter_card":"summary_large_image","twitter_misc":{"Escrito por":"David Andr\u00e9s Aguirre","Tiempo de lectura":"1 minuto"},"schema":{"@context":"https:\/\/schema.org","@graph":[{"@type":"WebPage","@id":"https:\/\/ciudadyregion.com.co\/index.php\/escuela-de-impuestos-en-el-espinal\/regional\/","url":"https:\/\/ciudadyregion.com.co\/index.php\/escuela-de-impuestos-en-el-espinal\/regional\/","name":"Escuela de Impuestos en El Espinal - Ciudad y Region","isPartOf":{"@id":"https:\/\/ciudadyregion.com.co\/#website"},"primaryImageOfPage":{"@id":"https:\/\/ciudadyregion.com.co\/index.php\/escuela-de-impuestos-en-el-espinal\/regional\/#primaryimage"},"image":{"@id":"https:\/\/ciudadyregion.com.co\/index.php\/escuela-de-impuestos-en-el-espinal\/regional\/#primaryimage"},"thumbnailUrl":"https:\/\/i0.wp.com\/ciudadyregion.com.co\/wp-content\/uploads\/2026\/03\/Pag-2026-03-10T080919.503.jpg?fit=800%2C445&ssl=1","datePublished":"2026-03-10T13:12:22+00:00","dateModified":"2026-03-10T13:12:22+00:00","author":{"@id":"https:\/\/ciudadyregion.com.co\/#\/schema\/person\/04a4954373ebc4051f46e8c65ff78622"},"breadcrumb":{"@id":"https:\/\/ciudadyregion.com.co\/index.php\/escuela-de-impuestos-en-el-espinal\/regional\/#breadcrumb"},"inLanguage":"es","potentialAction":[{"@type":"ReadAction","target":["https:\/\/ciudadyregion.com.co\/index.php\/escuela-de-impuestos-en-el-espinal\/regional\/"]}]},{"@type":"ImageObject","inLanguage":"es","@id":"https:\/\/ciudadyregion.com.co\/index.php\/escuela-de-impuestos-en-el-espinal\/regional\/#primaryimage","url":"https:\/\/i0.wp.com\/ciudadyregion.com.co\/wp-content\/uploads\/2026\/03\/Pag-2026-03-10T080919.503.jpg?fit=800%2C445&ssl=1","contentUrl":"https:\/\/i0.wp.com\/ciudadyregion.com.co\/wp-content\/uploads\/2026\/03\/Pag-2026-03-10T080919.503.jpg?fit=800%2C445&ssl=1","width":800,"height":445},{"@type":"BreadcrumbList","@id":"https:\/\/ciudadyregion.com.co\/index.php\/escuela-de-impuestos-en-el-espinal\/regional\/#breadcrumb","itemListElement":[{"@type":"ListItem","position":1,"name":"Portada","item":"https:\/\/ciudadyregion.com.co\/"},{"@type":"ListItem","position":2,"name":"Escuela de Impuestos en El Espinal"}]},{"@type":"WebSite","@id":"https:\/\/ciudadyregion.com.co\/#website","url":"https:\/\/ciudadyregion.com.co\/","name":"Ciudad y Region","description":"","potentialAction":[{"@type":"SearchAction","target":{"@type":"EntryPoint","urlTemplate":"https:\/\/ciudadyregion.com.co\/?s={search_term_string}"},"query-input":{"@type":"PropertyValueSpecification","valueRequired":true,"valueName":"search_term_string"}}],"inLanguage":"es"},{"@type":"Person","@id":"https:\/\/ciudadyregion.com.co\/#\/schema\/person\/04a4954373ebc4051f46e8c65ff78622","name":"David Andr\u00e9s Aguirre","image":{"@type":"ImageObject","inLanguage":"es","@id":"https:\/\/ciudadyregion.com.co\/#\/schema\/person\/image\/","url":"https:\/\/secure.gravatar.com\/avatar\/bc3c655860202182ee6d1b5edd042dbe?s=96&d=mm&r=g","contentUrl":"https:\/\/secure.gravatar.com\/avatar\/bc3c655860202182ee6d1b5edd042dbe?s=96&d=mm&r=g","caption":"David Andr\u00e9s Aguirre"},"url":"https:\/\/ciudadyregion.com.co\/index.php\/author\/diegoaguirre\/"}]}},"jetpack_featured_media_url":"https:\/\/i0.wp.com\/ciudadyregion.com.co\/wp-content\/uploads\/2026\/03\/Pag-2026-03-10T080919.503.jpg?fit=800%2C445&ssl=1","jetpack_sharing_enabled":true,"jetpack_shortlink":"https:\/\/wp.me\/pbS7hh-eP0","jetpack-related-posts":[],"_links":{"self":[{"href":"https:\/\/ciudadyregion.com.co\/index.php\/wp-json\/wp\/v2\/posts\/56978"}],"collection":[{"href":"https:\/\/ciudadyregion.com.co\/index.php\/wp-json\/wp\/v2\/posts"}],"about":[{"href":"https:\/\/ciudadyregion.com.co\/index.php\/wp-json\/wp\/v2\/types\/post"}],"author":[{"embeddable":true,"href":"https:\/\/ciudadyregion.com.co\/index.php\/wp-json\/wp\/v2\/users\/2"}],"replies":[{"embeddable":true,"href":"https:\/\/ciudadyregion.com.co\/index.php\/wp-json\/wp\/v2\/comments?post=56978"}],"version-history":[{"count":1,"href":"https:\/\/ciudadyregion.com.co\/index.php\/wp-json\/wp\/v2\/posts\/56978\/revisions"}],"predecessor-version":[{"id":56982,"href":"https:\/\/ciudadyregion.com.co\/index.php\/wp-json\/wp\/v2\/posts\/56978\/revisions\/56982"}],"wp:featuredmedia":[{"embeddable":true,"href":"https:\/\/ciudadyregion.com.co\/index.php\/wp-json\/wp\/v2\/media\/56981"}],"wp:attachment":[{"href":"https:\/\/ciudadyregion.com.co\/index.php\/wp-json\/wp\/v2\/media?parent=56978"}],"wp:term":[{"taxonomy":"category","embeddable":true,"href":"https:\/\/ciudadyregion.com.co\/index.php\/wp-json\/wp\/v2\/categories?post=56978"},{"taxonomy":"post_tag","embeddable":true,"href":"https:\/\/ciudadyregion.com.co\/index.php\/wp-json\/wp\/v2\/tags?post=56978"}],"curies":[{"name":"wp","href":"https:\/\/api.w.org\/{rel}","templated":true}]}}