{"id":56969,"date":"2026-03-10T07:37:29","date_gmt":"2026-03-10T12:37:29","guid":{"rendered":"https:\/\/ciudadyregion.com.co\/?p=56969"},"modified":"2026-03-10T07:37:29","modified_gmt":"2026-03-10T12:37:29","slug":"capturado-alias-quequi-por-trafico-de-estupefacientes-en-san-sebastian-de-mariquita","status":"publish","type":"post","link":"https:\/\/ciudadyregion.com.co\/index.php\/capturado-alias-quequi-por-trafico-de-estupefacientes-en-san-sebastian-de-mariquita\/judicial\/","title":{"rendered":"Capturado alias \u201cQuequi\u201d por tr\u00e1fico de estupefacientes en San Sebasti\u00e1n de Mariquita."},"content":{"rendered":"<p>Mariquita. La Polic\u00eda Nacional en el departamento del Tolima contin\u00faa desarrollando acciones contundentes contra el tr\u00e1fico y consumo de estupefacientes. En las \u00faltimas horas, uniformados de la Unidad B\u00e1sica de Investigaci\u00f3n Criminal SIJIN y personal de inteligencia de la Estaci\u00f3n de Polic\u00eda del municipio de San Sebasti\u00e1n de Mariquita, en coordinaci\u00f3n con la Fuerza Aeroespacial Colombiana CACOM 4, lograron un importante resultado operativo en materia de seguridad y convivencia ciudadana.<\/p>\n<p>El procedimiento se llev\u00f3 a cabo hacia las 11:00 de la ma\u00f1ana, gracias a labores investigativas y de polic\u00eda judicial que permitieron ubicar una residencia en el barrio Villa Glacial del municipio en menci\u00f3n. Durante el operativo, las autoridades lograron la captura en flagrancia de un ciudadano de 27 a\u00f1os, conocido con el alias de \u201cQuequi\u201d.<\/p>\n<p>En el lugar, los uniformados incautaron 23.4 gramos de bazuco, 242 gramos de marihuana, un cartucho para rev\u00f3lver calibre 38, un tel\u00e9fono celular, 15 bolsas pl\u00e1sticas utilizadas para la dosificaci\u00f3n de sustancias, cinco hojas con stickers y la suma de 186.000 pesos en efectivo en billetes de diferentes denominaciones, al parecer producto de la comercializaci\u00f3n de estupefacientes.<\/p>\n<p>El capturado, junto con la sustancia y los elementos incautados, fue puesto a disposici\u00f3n de la Fiscal\u00eda 48 Seccional de Honda, por los delitos de tr\u00e1fico, fabricaci\u00f3n o porte de estupefacientes y fabricaci\u00f3n, tr\u00e1fico, porte o tenencia de armas de fuego, accesorios, partes o municiones. Actualmente se encuentra siendo presentado en audiencia virtual para definir su situaci\u00f3n jur\u00eddica.<\/p>\n<p>Con este resultado, la Polic\u00eda Nacional en el Tolima reafirma su compromiso con la seguridad y la convivencia ciudadana, e invita a la comunidad a denunciar cualquier hecho que afecte la tranquilidad a trav\u00e9s de la l\u00ednea 123 o informando a la patrulla de Polic\u00eda m\u00e1s cercana. Se garantiza absoluta reserva.<\/p>\n","protected":false},"excerpt":{"rendered":"<p>Mariquita. La Polic\u00eda Nacional en el departamento del Tolima contin\u00faa desarrollando acciones contundentes contra el tr\u00e1fico y consumo de estupefacientes. En las \u00faltimas horas, uniformados de la Unidad B\u00e1sica de Investigaci\u00f3n Criminal SIJIN y personal de inteligencia de la Estaci\u00f3n de Polic\u00eda del municipio de San Sebasti\u00e1n de Mariquita, en<span class=\"more-link\"><a href=\"https:\/\/ciudadyregion.com.co\/index.php\/capturado-alias-quequi-por-trafico-de-estupefacientes-en-san-sebastian-de-mariquita\/judicial\/\">Continuar Leyendo<\/a><\/span><\/p>\n","protected":false},"author":2,"featured_media":56970,"comment_status":"open","ping_status":"open","sticky":false,"template":"","format":"standard","meta":{"_uf_show_specific_survey":0,"_uf_disable_surveys":false,"_jetpack_memberships_contains_paid_content":false,"footnotes":"","jetpack_publicize_message":"","jetpack_publicize_feature_enabled":true,"jetpack_social_post_already_shared":true,"jetpack_social_options":{"image_generator_settings":{"template":"highway","enabled":false},"version":2}},"categories":[18],"tags":[],"class_list":["entry","author-diegoaguirre","post-56969","post","type-post","status-publish","format-standard","has-post-thumbnail","category-judicial"],"jetpack_publicize_connections":[],"yoast_head":"<!-- This site is optimized with the Yoast SEO plugin v24.3 - https:\/\/yoast.com\/wordpress\/plugins\/seo\/ -->\n<title>Capturado alias \u201cQuequi\u201d por tr\u00e1fico de estupefacientes en San Sebasti\u00e1n de Mariquita. - Ciudad y Region<\/title>\n<meta name=\"robots\" content=\"index, follow, max-snippet:-1, max-image-preview:large, max-video-preview:-1\" \/>\n<link rel=\"canonical\" href=\"https:\/\/ciudadyregion.com.co\/index.php\/capturado-alias-quequi-por-trafico-de-estupefacientes-en-san-sebastian-de-mariquita\/judicial\/\" \/>\n<meta property=\"og:locale\" content=\"es_ES\" \/>\n<meta property=\"og:type\" content=\"article\" \/>\n<meta property=\"og:title\" content=\"Capturado alias \u201cQuequi\u201d por tr\u00e1fico de estupefacientes en San Sebasti\u00e1n de Mariquita. - Ciudad y Region\" \/>\n<meta property=\"og:description\" content=\"Mariquita. La Polic\u00eda Nacional en el departamento del Tolima contin\u00faa desarrollando acciones contundentes contra el tr\u00e1fico y consumo de estupefacientes. En las \u00faltimas horas, uniformados de la Unidad B\u00e1sica de Investigaci\u00f3n Criminal SIJIN y personal de inteligencia de la Estaci\u00f3n de Polic\u00eda del municipio de San Sebasti\u00e1n de Mariquita, enContinuar Leyendo\" \/>\n<meta property=\"og:url\" content=\"https:\/\/ciudadyregion.com.co\/index.php\/capturado-alias-quequi-por-trafico-de-estupefacientes-en-san-sebastian-de-mariquita\/judicial\/\" \/>\n<meta property=\"og:site_name\" content=\"Ciudad y Region\" \/>\n<meta property=\"article:published_time\" content=\"2026-03-10T12:37:29+00:00\" \/>\n<meta property=\"og:image\" content=\"https:\/\/ciudadyregion.com.co\/wp-content\/uploads\/2026\/03\/Pag-2026-03-10T073613.390.jpg\" \/>\n\t<meta property=\"og:image:width\" content=\"800\" \/>\n\t<meta property=\"og:image:height\" content=\"445\" \/>\n\t<meta property=\"og:image:type\" content=\"image\/jpeg\" \/>\n<meta name=\"author\" content=\"David Andr\u00e9s Aguirre\" \/>\n<meta name=\"twitter:card\" content=\"summary_large_image\" \/>\n<meta name=\"twitter:label1\" content=\"Escrito por\" \/>\n\t<meta name=\"twitter:data1\" content=\"David Andr\u00e9s Aguirre\" \/>\n\t<meta name=\"twitter:label2\" content=\"Tiempo de lectura\" \/>\n\t<meta name=\"twitter:data2\" content=\"2 minutos\" \/>\n<script type=\"application\/ld+json\" class=\"yoast-schema-graph\">{\"@context\":\"https:\/\/schema.org\",\"@graph\":[{\"@type\":\"WebPage\",\"@id\":\"https:\/\/ciudadyregion.com.co\/index.php\/capturado-alias-quequi-por-trafico-de-estupefacientes-en-san-sebastian-de-mariquita\/judicial\/\",\"url\":\"https:\/\/ciudadyregion.com.co\/index.php\/capturado-alias-quequi-por-trafico-de-estupefacientes-en-san-sebastian-de-mariquita\/judicial\/\",\"name\":\"Capturado alias \u201cQuequi\u201d por tr\u00e1fico de estupefacientes en San Sebasti\u00e1n de Mariquita. - Ciudad y Region\",\"isPartOf\":{\"@id\":\"https:\/\/ciudadyregion.com.co\/#website\"},\"primaryImageOfPage\":{\"@id\":\"https:\/\/ciudadyregion.com.co\/index.php\/capturado-alias-quequi-por-trafico-de-estupefacientes-en-san-sebastian-de-mariquita\/judicial\/#primaryimage\"},\"image\":{\"@id\":\"https:\/\/ciudadyregion.com.co\/index.php\/capturado-alias-quequi-por-trafico-de-estupefacientes-en-san-sebastian-de-mariquita\/judicial\/#primaryimage\"},\"thumbnailUrl\":\"https:\/\/i0.wp.com\/ciudadyregion.com.co\/wp-content\/uploads\/2026\/03\/Pag-2026-03-10T073613.390.jpg?fit=800%2C445&ssl=1\",\"datePublished\":\"2026-03-10T12:37:29+00:00\",\"dateModified\":\"2026-03-10T12:37:29+00:00\",\"author\":{\"@id\":\"https:\/\/ciudadyregion.com.co\/#\/schema\/person\/04a4954373ebc4051f46e8c65ff78622\"},\"breadcrumb\":{\"@id\":\"https:\/\/ciudadyregion.com.co\/index.php\/capturado-alias-quequi-por-trafico-de-estupefacientes-en-san-sebastian-de-mariquita\/judicial\/#breadcrumb\"},\"inLanguage\":\"es\",\"potentialAction\":[{\"@type\":\"ReadAction\",\"target\":[\"https:\/\/ciudadyregion.com.co\/index.php\/capturado-alias-quequi-por-trafico-de-estupefacientes-en-san-sebastian-de-mariquita\/judicial\/\"]}]},{\"@type\":\"ImageObject\",\"inLanguage\":\"es\",\"@id\":\"https:\/\/ciudadyregion.com.co\/index.php\/capturado-alias-quequi-por-trafico-de-estupefacientes-en-san-sebastian-de-mariquita\/judicial\/#primaryimage\",\"url\":\"https:\/\/i0.wp.com\/ciudadyregion.com.co\/wp-content\/uploads\/2026\/03\/Pag-2026-03-10T073613.390.jpg?fit=800%2C445&ssl=1\",\"contentUrl\":\"https:\/\/i0.wp.com\/ciudadyregion.com.co\/wp-content\/uploads\/2026\/03\/Pag-2026-03-10T073613.390.jpg?fit=800%2C445&ssl=1\",\"width\":800,\"height\":445},{\"@type\":\"BreadcrumbList\",\"@id\":\"https:\/\/ciudadyregion.com.co\/index.php\/capturado-alias-quequi-por-trafico-de-estupefacientes-en-san-sebastian-de-mariquita\/judicial\/#breadcrumb\",\"itemListElement\":[{\"@type\":\"ListItem\",\"position\":1,\"name\":\"Portada\",\"item\":\"https:\/\/ciudadyregion.com.co\/\"},{\"@type\":\"ListItem\",\"position\":2,\"name\":\"Capturado alias \u201cQuequi\u201d por tr\u00e1fico de estupefacientes en San Sebasti\u00e1n de Mariquita.\"}]},{\"@type\":\"WebSite\",\"@id\":\"https:\/\/ciudadyregion.com.co\/#website\",\"url\":\"https:\/\/ciudadyregion.com.co\/\",\"name\":\"Ciudad y Region\",\"description\":\"\",\"potentialAction\":[{\"@type\":\"SearchAction\",\"target\":{\"@type\":\"EntryPoint\",\"urlTemplate\":\"https:\/\/ciudadyregion.com.co\/?s={search_term_string}\"},\"query-input\":{\"@type\":\"PropertyValueSpecification\",\"valueRequired\":true,\"valueName\":\"search_term_string\"}}],\"inLanguage\":\"es\"},{\"@type\":\"Person\",\"@id\":\"https:\/\/ciudadyregion.com.co\/#\/schema\/person\/04a4954373ebc4051f46e8c65ff78622\",\"name\":\"David Andr\u00e9s Aguirre\",\"image\":{\"@type\":\"ImageObject\",\"inLanguage\":\"es\",\"@id\":\"https:\/\/ciudadyregion.com.co\/#\/schema\/person\/image\/\",\"url\":\"https:\/\/secure.gravatar.com\/avatar\/bc3c655860202182ee6d1b5edd042dbe?s=96&d=mm&r=g\",\"contentUrl\":\"https:\/\/secure.gravatar.com\/avatar\/bc3c655860202182ee6d1b5edd042dbe?s=96&d=mm&r=g\",\"caption\":\"David Andr\u00e9s Aguirre\"},\"url\":\"https:\/\/ciudadyregion.com.co\/index.php\/author\/diegoaguirre\/\"}]}<\/script>\n<!-- \/ Yoast SEO plugin. -->","yoast_head_json":{"title":"Capturado alias \u201cQuequi\u201d por tr\u00e1fico de estupefacientes en San Sebasti\u00e1n de Mariquita. - Ciudad y Region","robots":{"index":"index","follow":"follow","max-snippet":"max-snippet:-1","max-image-preview":"max-image-preview:large","max-video-preview":"max-video-preview:-1"},"canonical":"https:\/\/ciudadyregion.com.co\/index.php\/capturado-alias-quequi-por-trafico-de-estupefacientes-en-san-sebastian-de-mariquita\/judicial\/","og_locale":"es_ES","og_type":"article","og_title":"Capturado alias \u201cQuequi\u201d por tr\u00e1fico de estupefacientes en San Sebasti\u00e1n de Mariquita. - Ciudad y Region","og_description":"Mariquita. La Polic\u00eda Nacional en el departamento del Tolima contin\u00faa desarrollando acciones contundentes contra el tr\u00e1fico y consumo de estupefacientes. En las \u00faltimas horas, uniformados de la Unidad B\u00e1sica de Investigaci\u00f3n Criminal SIJIN y personal de inteligencia de la Estaci\u00f3n de Polic\u00eda del municipio de San Sebasti\u00e1n de Mariquita, enContinuar Leyendo","og_url":"https:\/\/ciudadyregion.com.co\/index.php\/capturado-alias-quequi-por-trafico-de-estupefacientes-en-san-sebastian-de-mariquita\/judicial\/","og_site_name":"Ciudad y Region","article_published_time":"2026-03-10T12:37:29+00:00","og_image":[{"width":800,"height":445,"url":"https:\/\/ciudadyregion.com.co\/wp-content\/uploads\/2026\/03\/Pag-2026-03-10T073613.390.jpg","type":"image\/jpeg"}],"author":"David Andr\u00e9s Aguirre","twitter_card":"summary_large_image","twitter_misc":{"Escrito por":"David Andr\u00e9s Aguirre","Tiempo de lectura":"2 minutos"},"schema":{"@context":"https:\/\/schema.org","@graph":[{"@type":"WebPage","@id":"https:\/\/ciudadyregion.com.co\/index.php\/capturado-alias-quequi-por-trafico-de-estupefacientes-en-san-sebastian-de-mariquita\/judicial\/","url":"https:\/\/ciudadyregion.com.co\/index.php\/capturado-alias-quequi-por-trafico-de-estupefacientes-en-san-sebastian-de-mariquita\/judicial\/","name":"Capturado alias \u201cQuequi\u201d por tr\u00e1fico de estupefacientes en San Sebasti\u00e1n de Mariquita. - Ciudad y Region","isPartOf":{"@id":"https:\/\/ciudadyregion.com.co\/#website"},"primaryImageOfPage":{"@id":"https:\/\/ciudadyregion.com.co\/index.php\/capturado-alias-quequi-por-trafico-de-estupefacientes-en-san-sebastian-de-mariquita\/judicial\/#primaryimage"},"image":{"@id":"https:\/\/ciudadyregion.com.co\/index.php\/capturado-alias-quequi-por-trafico-de-estupefacientes-en-san-sebastian-de-mariquita\/judicial\/#primaryimage"},"thumbnailUrl":"https:\/\/i0.wp.com\/ciudadyregion.com.co\/wp-content\/uploads\/2026\/03\/Pag-2026-03-10T073613.390.jpg?fit=800%2C445&ssl=1","datePublished":"2026-03-10T12:37:29+00:00","dateModified":"2026-03-10T12:37:29+00:00","author":{"@id":"https:\/\/ciudadyregion.com.co\/#\/schema\/person\/04a4954373ebc4051f46e8c65ff78622"},"breadcrumb":{"@id":"https:\/\/ciudadyregion.com.co\/index.php\/capturado-alias-quequi-por-trafico-de-estupefacientes-en-san-sebastian-de-mariquita\/judicial\/#breadcrumb"},"inLanguage":"es","potentialAction":[{"@type":"ReadAction","target":["https:\/\/ciudadyregion.com.co\/index.php\/capturado-alias-quequi-por-trafico-de-estupefacientes-en-san-sebastian-de-mariquita\/judicial\/"]}]},{"@type":"ImageObject","inLanguage":"es","@id":"https:\/\/ciudadyregion.com.co\/index.php\/capturado-alias-quequi-por-trafico-de-estupefacientes-en-san-sebastian-de-mariquita\/judicial\/#primaryimage","url":"https:\/\/i0.wp.com\/ciudadyregion.com.co\/wp-content\/uploads\/2026\/03\/Pag-2026-03-10T073613.390.jpg?fit=800%2C445&ssl=1","contentUrl":"https:\/\/i0.wp.com\/ciudadyregion.com.co\/wp-content\/uploads\/2026\/03\/Pag-2026-03-10T073613.390.jpg?fit=800%2C445&ssl=1","width":800,"height":445},{"@type":"BreadcrumbList","@id":"https:\/\/ciudadyregion.com.co\/index.php\/capturado-alias-quequi-por-trafico-de-estupefacientes-en-san-sebastian-de-mariquita\/judicial\/#breadcrumb","itemListElement":[{"@type":"ListItem","position":1,"name":"Portada","item":"https:\/\/ciudadyregion.com.co\/"},{"@type":"ListItem","position":2,"name":"Capturado alias \u201cQuequi\u201d por tr\u00e1fico de estupefacientes en San Sebasti\u00e1n de Mariquita."}]},{"@type":"WebSite","@id":"https:\/\/ciudadyregion.com.co\/#website","url":"https:\/\/ciudadyregion.com.co\/","name":"Ciudad y Region","description":"","potentialAction":[{"@type":"SearchAction","target":{"@type":"EntryPoint","urlTemplate":"https:\/\/ciudadyregion.com.co\/?s={search_term_string}"},"query-input":{"@type":"PropertyValueSpecification","valueRequired":true,"valueName":"search_term_string"}}],"inLanguage":"es"},{"@type":"Person","@id":"https:\/\/ciudadyregion.com.co\/#\/schema\/person\/04a4954373ebc4051f46e8c65ff78622","name":"David Andr\u00e9s Aguirre","image":{"@type":"ImageObject","inLanguage":"es","@id":"https:\/\/ciudadyregion.com.co\/#\/schema\/person\/image\/","url":"https:\/\/secure.gravatar.com\/avatar\/bc3c655860202182ee6d1b5edd042dbe?s=96&d=mm&r=g","contentUrl":"https:\/\/secure.gravatar.com\/avatar\/bc3c655860202182ee6d1b5edd042dbe?s=96&d=mm&r=g","caption":"David Andr\u00e9s Aguirre"},"url":"https:\/\/ciudadyregion.com.co\/index.php\/author\/diegoaguirre\/"}]}},"jetpack_featured_media_url":"https:\/\/i0.wp.com\/ciudadyregion.com.co\/wp-content\/uploads\/2026\/03\/Pag-2026-03-10T073613.390.jpg?fit=800%2C445&ssl=1","jetpack_sharing_enabled":true,"jetpack_shortlink":"https:\/\/wp.me\/pbS7hh-eOR","jetpack-related-posts":[],"_links":{"self":[{"href":"https:\/\/ciudadyregion.com.co\/index.php\/wp-json\/wp\/v2\/posts\/56969"}],"collection":[{"href":"https:\/\/ciudadyregion.com.co\/index.php\/wp-json\/wp\/v2\/posts"}],"about":[{"href":"https:\/\/ciudadyregion.com.co\/index.php\/wp-json\/wp\/v2\/types\/post"}],"author":[{"embeddable":true,"href":"https:\/\/ciudadyregion.com.co\/index.php\/wp-json\/wp\/v2\/users\/2"}],"replies":[{"embeddable":true,"href":"https:\/\/ciudadyregion.com.co\/index.php\/wp-json\/wp\/v2\/comments?post=56969"}],"version-history":[{"count":1,"href":"https:\/\/ciudadyregion.com.co\/index.php\/wp-json\/wp\/v2\/posts\/56969\/revisions"}],"predecessor-version":[{"id":56971,"href":"https:\/\/ciudadyregion.com.co\/index.php\/wp-json\/wp\/v2\/posts\/56969\/revisions\/56971"}],"wp:featuredmedia":[{"embeddable":true,"href":"https:\/\/ciudadyregion.com.co\/index.php\/wp-json\/wp\/v2\/media\/56970"}],"wp:attachment":[{"href":"https:\/\/ciudadyregion.com.co\/index.php\/wp-json\/wp\/v2\/media?parent=56969"}],"wp:term":[{"taxonomy":"category","embeddable":true,"href":"https:\/\/ciudadyregion.com.co\/index.php\/wp-json\/wp\/v2\/categories?post=56969"},{"taxonomy":"post_tag","embeddable":true,"href":"https:\/\/ciudadyregion.com.co\/index.php\/wp-json\/wp\/v2\/tags?post=56969"}],"curies":[{"name":"wp","href":"https:\/\/api.w.org\/{rel}","templated":true}]}}