{"id":56966,"date":"2026-03-10T07:32:35","date_gmt":"2026-03-10T12:32:35","guid":{"rendered":"https:\/\/ciudadyregion.com.co\/?p=56966"},"modified":"2026-03-10T07:32:35","modified_gmt":"2026-03-10T12:32:35","slug":"en-menos-de-72-horas-capturado-segundo-hermano-de-alias-ivan-mordisco","status":"publish","type":"post","link":"https:\/\/ciudadyregion.com.co\/index.php\/en-menos-de-72-horas-capturado-segundo-hermano-de-alias-ivan-mordisco\/judicial\/","title":{"rendered":"En menos de 72 horas: capturado segundo hermano de alias \u2018Iv\u00e1n Mordisco\u2019"},"content":{"rendered":"<p>&#8211; Alias \u2018El Conejo\u2019 ten\u00eda orden de captura vigente por los delitos de homicidio y tr\u00e1fico, fabricaci\u00f3n porte de armas de fuego y\/o municiones y secuestro.<\/p>\n<p>&#8211; Las autoridades, quienes le segu\u00edan la pista tras la captura de alias \u2018Jota\u2019, sab\u00eda que intentar\u00eda huir de la zona, por eso dise\u00f1aron un Plan Candado para impedir su fuga.<\/p>\n<p>&#8211; El ofrecimiento y pago de recompensas, por parte del Ministerio de Defensa, ha permitido que fluya informaci\u00f3n y dando resultados en contra de la criminalidad.<\/p>\n<p>En desarrollo de una estrategia operativa realizada de manera sostenida para afectar las redes log\u00edsticas y criminales de las estructuras delictivas del c\u00e1rtel de las disidencias, la Polic\u00eda Nacional, en coordinaci\u00f3n con la Fiscal\u00eda General de la Naci\u00f3n, capturaron a Andr\u00e9s Vera Fernandez, alias \u2018Conejo\u2019, hermano de alias \u2018Iv\u00e1n Mordisco\u2019.<\/p>\n<p>El hecho se produjo en el sector conocido como La Plazuela, en el casco urbano de Fal\u00e1n, Tolima. Al parecer este individuo pretend\u00eda abordar un veh\u00edculo de servicio p\u00fablico en la ruta que comunica al municipio de Casabianca, Tolima, con Bogot\u00e1. En la zona los uniformados de la Estaci\u00f3n de Polic\u00eda, se encontraban desplegados adelantando acciones de control y presencia institucional dentro del Plan Candado, ordenado tras la captura de alias \u2018Jota\u2019 (tambi\u00e9n hermano de alias \u2018Mordisco\u2019) en esa regi\u00f3n.<\/p>\n<p>Fue as\u00ed como se logr\u00f3 la ubicaci\u00f3n y posterior captura, por orden judicial, de alias \u2018Conejo\u2019 quien, de acuerdo con informaci\u00f3n de las autoridades, estar\u00eda intentando escapar de la zona y huir del cerco que la Polic\u00eda Nacional hab\u00eda tendido.<\/p>\n<p>Este individuo, ten\u00eda orden de captura vigente por los delitos de homicidio, secuestro y tr\u00e1fico, fabricaci\u00f3n porte de armas de fuego y\/o municiones.<\/p>\n<p>Seg\u00fan las autoridades, este sujeto estar\u00eda encargado de varias acciones criminales. Dentro de sus principales labores estaba la de brindar apoyo log\u00edstico a las diferentes estructuras de las disidencias de su hermano. As\u00ed mismo, la de coordinar la expansi\u00f3n de sus redes hacia el centro del pa\u00eds.<\/p>\n<p>A alias \u2018Conejo\u2019, lo investigan tambi\u00e9n por estar vinculado a varios homicidios en contra de firmantes del Acuerdo de Paz. Tambi\u00e9n por administrar bienes muebles e inmuebles adquiridos con dineros il\u00edcitos producto del narcotr\u00e1fico, la miner\u00eda ilegal y la extorsi\u00f3n.<\/p>\n<p>Este resultado, es el cuarto golpe al c\u00edrculo m\u00e1s cercano de alias \u2018Iv\u00e1n Mordisco\u2019 en menos de un a\u00f1o, los cuales se han venido dando, en medio de la estrategia de seguridad desplegada desde el Ministerio de Defensa Nacional, ya que el 2025 fueron neutralizados alias \u2018Yenny\u2019, cercana a alias \u2018Mordisco\u2019. En agosto fue capturado Luis Vera Fern\u00e1ndez, alias \u2018Mono Luis\u2019, hermano del cabecilla de las disidencias. Este fin de semana, en Tolima cay\u00f3 alias \u2018Jota\u2019 y ahora se da la captura de alias \u2018Conejo\u2019.<\/p>\n<p>Por alias \u2018Iv\u00e1n Mordisco\u2019, el Ministro de Defensa Pedro S\u00e1nchez Su\u00e1rez confirm\u00f3 el ofrecimiento de hasta cinco mil millones de pesos por quien brinde informaci\u00f3n que permita ubicarlo y neutralizarlo.<\/p>\n<p>El ofrecimiento y el pago de recompensas por objetivos de alto valor estrat\u00e9gico contin\u00faa dando resultados, ya que esto ha generado un flujo de informaci\u00f3n sobre los movimientos que desarrollan las personas de confianza de esos cabecillas, logrando su neutralizaci\u00f3n y cerrando, cada d\u00eda m\u00e1s, el cerco tendido sobre ellos.<\/p>\n","protected":false},"excerpt":{"rendered":"<p>&#8211; Alias \u2018El Conejo\u2019 ten\u00eda orden de captura vigente por los delitos de homicidio y tr\u00e1fico, fabricaci\u00f3n porte de armas de fuego y\/o municiones y secuestro. &#8211; Las autoridades, quienes le segu\u00edan la pista tras la captura de alias \u2018Jota\u2019, sab\u00eda que intentar\u00eda huir de la zona, por eso dise\u00f1aron<span class=\"more-link\"><a href=\"https:\/\/ciudadyregion.com.co\/index.php\/en-menos-de-72-horas-capturado-segundo-hermano-de-alias-ivan-mordisco\/judicial\/\">Continuar Leyendo<\/a><\/span><\/p>\n","protected":false},"author":2,"featured_media":56967,"comment_status":"open","ping_status":"open","sticky":false,"template":"","format":"standard","meta":{"_uf_show_specific_survey":0,"_uf_disable_surveys":false,"_jetpack_memberships_contains_paid_content":false,"footnotes":"","jetpack_publicize_message":"","jetpack_publicize_feature_enabled":true,"jetpack_social_post_already_shared":true,"jetpack_social_options":{"image_generator_settings":{"template":"highway","enabled":false},"version":2}},"categories":[18],"tags":[],"class_list":["entry","author-diegoaguirre","post-56966","post","type-post","status-publish","format-standard","has-post-thumbnail","category-judicial"],"jetpack_publicize_connections":[],"yoast_head":"<!-- This site is optimized with the Yoast SEO plugin v24.3 - https:\/\/yoast.com\/wordpress\/plugins\/seo\/ -->\n<title>En menos de 72 horas: capturado segundo hermano de alias \u2018Iv\u00e1n Mordisco\u2019 - Ciudad y Region<\/title>\n<meta name=\"robots\" content=\"index, follow, max-snippet:-1, max-image-preview:large, max-video-preview:-1\" \/>\n<link rel=\"canonical\" href=\"https:\/\/ciudadyregion.com.co\/index.php\/en-menos-de-72-horas-capturado-segundo-hermano-de-alias-ivan-mordisco\/judicial\/\" \/>\n<meta property=\"og:locale\" content=\"es_ES\" \/>\n<meta property=\"og:type\" content=\"article\" \/>\n<meta property=\"og:title\" content=\"En menos de 72 horas: capturado segundo hermano de alias \u2018Iv\u00e1n Mordisco\u2019 - Ciudad y Region\" \/>\n<meta property=\"og:description\" content=\"&#8211; Alias \u2018El Conejo\u2019 ten\u00eda orden de captura vigente por los delitos de homicidio y tr\u00e1fico, fabricaci\u00f3n porte de armas de fuego y\/o municiones y secuestro. &#8211; Las autoridades, quienes le segu\u00edan la pista tras la captura de alias \u2018Jota\u2019, sab\u00eda que intentar\u00eda huir de la zona, por eso dise\u00f1aronContinuar Leyendo\" \/>\n<meta property=\"og:url\" content=\"https:\/\/ciudadyregion.com.co\/index.php\/en-menos-de-72-horas-capturado-segundo-hermano-de-alias-ivan-mordisco\/judicial\/\" \/>\n<meta property=\"og:site_name\" content=\"Ciudad y Region\" \/>\n<meta property=\"article:published_time\" content=\"2026-03-10T12:32:35+00:00\" \/>\n<meta property=\"og:image\" content=\"https:\/\/ciudadyregion.com.co\/wp-content\/uploads\/2026\/03\/Pag-2026-03-10T072937.596.jpg\" \/>\n\t<meta property=\"og:image:width\" content=\"800\" \/>\n\t<meta property=\"og:image:height\" content=\"445\" \/>\n\t<meta property=\"og:image:type\" content=\"image\/jpeg\" \/>\n<meta name=\"author\" content=\"David Andr\u00e9s Aguirre\" \/>\n<meta name=\"twitter:card\" content=\"summary_large_image\" \/>\n<meta name=\"twitter:label1\" content=\"Escrito por\" \/>\n\t<meta name=\"twitter:data1\" content=\"David Andr\u00e9s Aguirre\" \/>\n<script type=\"application\/ld+json\" class=\"yoast-schema-graph\">{\"@context\":\"https:\/\/schema.org\",\"@graph\":[{\"@type\":\"WebPage\",\"@id\":\"https:\/\/ciudadyregion.com.co\/index.php\/en-menos-de-72-horas-capturado-segundo-hermano-de-alias-ivan-mordisco\/judicial\/\",\"url\":\"https:\/\/ciudadyregion.com.co\/index.php\/en-menos-de-72-horas-capturado-segundo-hermano-de-alias-ivan-mordisco\/judicial\/\",\"name\":\"En menos de 72 horas: capturado segundo hermano de alias \u2018Iv\u00e1n Mordisco\u2019 - Ciudad y Region\",\"isPartOf\":{\"@id\":\"https:\/\/ciudadyregion.com.co\/#website\"},\"primaryImageOfPage\":{\"@id\":\"https:\/\/ciudadyregion.com.co\/index.php\/en-menos-de-72-horas-capturado-segundo-hermano-de-alias-ivan-mordisco\/judicial\/#primaryimage\"},\"image\":{\"@id\":\"https:\/\/ciudadyregion.com.co\/index.php\/en-menos-de-72-horas-capturado-segundo-hermano-de-alias-ivan-mordisco\/judicial\/#primaryimage\"},\"thumbnailUrl\":\"https:\/\/i0.wp.com\/ciudadyregion.com.co\/wp-content\/uploads\/2026\/03\/Pag-2026-03-10T072937.596.jpg?fit=800%2C445&ssl=1\",\"datePublished\":\"2026-03-10T12:32:35+00:00\",\"dateModified\":\"2026-03-10T12:32:35+00:00\",\"author\":{\"@id\":\"https:\/\/ciudadyregion.com.co\/#\/schema\/person\/04a4954373ebc4051f46e8c65ff78622\"},\"breadcrumb\":{\"@id\":\"https:\/\/ciudadyregion.com.co\/index.php\/en-menos-de-72-horas-capturado-segundo-hermano-de-alias-ivan-mordisco\/judicial\/#breadcrumb\"},\"inLanguage\":\"es\",\"potentialAction\":[{\"@type\":\"ReadAction\",\"target\":[\"https:\/\/ciudadyregion.com.co\/index.php\/en-menos-de-72-horas-capturado-segundo-hermano-de-alias-ivan-mordisco\/judicial\/\"]}]},{\"@type\":\"ImageObject\",\"inLanguage\":\"es\",\"@id\":\"https:\/\/ciudadyregion.com.co\/index.php\/en-menos-de-72-horas-capturado-segundo-hermano-de-alias-ivan-mordisco\/judicial\/#primaryimage\",\"url\":\"https:\/\/i0.wp.com\/ciudadyregion.com.co\/wp-content\/uploads\/2026\/03\/Pag-2026-03-10T072937.596.jpg?fit=800%2C445&ssl=1\",\"contentUrl\":\"https:\/\/i0.wp.com\/ciudadyregion.com.co\/wp-content\/uploads\/2026\/03\/Pag-2026-03-10T072937.596.jpg?fit=800%2C445&ssl=1\",\"width\":800,\"height\":445},{\"@type\":\"BreadcrumbList\",\"@id\":\"https:\/\/ciudadyregion.com.co\/index.php\/en-menos-de-72-horas-capturado-segundo-hermano-de-alias-ivan-mordisco\/judicial\/#breadcrumb\",\"itemListElement\":[{\"@type\":\"ListItem\",\"position\":1,\"name\":\"Portada\",\"item\":\"https:\/\/ciudadyregion.com.co\/\"},{\"@type\":\"ListItem\",\"position\":2,\"name\":\"En menos de 72 horas: capturado segundo hermano de alias \u2018Iv\u00e1n Mordisco\u2019\"}]},{\"@type\":\"WebSite\",\"@id\":\"https:\/\/ciudadyregion.com.co\/#website\",\"url\":\"https:\/\/ciudadyregion.com.co\/\",\"name\":\"Ciudad y Region\",\"description\":\"\",\"potentialAction\":[{\"@type\":\"SearchAction\",\"target\":{\"@type\":\"EntryPoint\",\"urlTemplate\":\"https:\/\/ciudadyregion.com.co\/?s={search_term_string}\"},\"query-input\":{\"@type\":\"PropertyValueSpecification\",\"valueRequired\":true,\"valueName\":\"search_term_string\"}}],\"inLanguage\":\"es\"},{\"@type\":\"Person\",\"@id\":\"https:\/\/ciudadyregion.com.co\/#\/schema\/person\/04a4954373ebc4051f46e8c65ff78622\",\"name\":\"David Andr\u00e9s Aguirre\",\"image\":{\"@type\":\"ImageObject\",\"inLanguage\":\"es\",\"@id\":\"https:\/\/ciudadyregion.com.co\/#\/schema\/person\/image\/\",\"url\":\"https:\/\/secure.gravatar.com\/avatar\/bc3c655860202182ee6d1b5edd042dbe?s=96&d=mm&r=g\",\"contentUrl\":\"https:\/\/secure.gravatar.com\/avatar\/bc3c655860202182ee6d1b5edd042dbe?s=96&d=mm&r=g\",\"caption\":\"David Andr\u00e9s Aguirre\"},\"url\":\"https:\/\/ciudadyregion.com.co\/index.php\/author\/diegoaguirre\/\"}]}<\/script>\n<!-- \/ Yoast SEO plugin. -->","yoast_head_json":{"title":"En menos de 72 horas: capturado segundo hermano de alias \u2018Iv\u00e1n Mordisco\u2019 - Ciudad y Region","robots":{"index":"index","follow":"follow","max-snippet":"max-snippet:-1","max-image-preview":"max-image-preview:large","max-video-preview":"max-video-preview:-1"},"canonical":"https:\/\/ciudadyregion.com.co\/index.php\/en-menos-de-72-horas-capturado-segundo-hermano-de-alias-ivan-mordisco\/judicial\/","og_locale":"es_ES","og_type":"article","og_title":"En menos de 72 horas: capturado segundo hermano de alias \u2018Iv\u00e1n Mordisco\u2019 - Ciudad y Region","og_description":"&#8211; Alias \u2018El Conejo\u2019 ten\u00eda orden de captura vigente por los delitos de homicidio y tr\u00e1fico, fabricaci\u00f3n porte de armas de fuego y\/o municiones y secuestro. &#8211; Las autoridades, quienes le segu\u00edan la pista tras la captura de alias \u2018Jota\u2019, sab\u00eda que intentar\u00eda huir de la zona, por eso dise\u00f1aronContinuar Leyendo","og_url":"https:\/\/ciudadyregion.com.co\/index.php\/en-menos-de-72-horas-capturado-segundo-hermano-de-alias-ivan-mordisco\/judicial\/","og_site_name":"Ciudad y Region","article_published_time":"2026-03-10T12:32:35+00:00","og_image":[{"width":800,"height":445,"url":"https:\/\/ciudadyregion.com.co\/wp-content\/uploads\/2026\/03\/Pag-2026-03-10T072937.596.jpg","type":"image\/jpeg"}],"author":"David Andr\u00e9s Aguirre","twitter_card":"summary_large_image","twitter_misc":{"Escrito por":"David Andr\u00e9s Aguirre"},"schema":{"@context":"https:\/\/schema.org","@graph":[{"@type":"WebPage","@id":"https:\/\/ciudadyregion.com.co\/index.php\/en-menos-de-72-horas-capturado-segundo-hermano-de-alias-ivan-mordisco\/judicial\/","url":"https:\/\/ciudadyregion.com.co\/index.php\/en-menos-de-72-horas-capturado-segundo-hermano-de-alias-ivan-mordisco\/judicial\/","name":"En menos de 72 horas: capturado segundo hermano de alias \u2018Iv\u00e1n Mordisco\u2019 - Ciudad y Region","isPartOf":{"@id":"https:\/\/ciudadyregion.com.co\/#website"},"primaryImageOfPage":{"@id":"https:\/\/ciudadyregion.com.co\/index.php\/en-menos-de-72-horas-capturado-segundo-hermano-de-alias-ivan-mordisco\/judicial\/#primaryimage"},"image":{"@id":"https:\/\/ciudadyregion.com.co\/index.php\/en-menos-de-72-horas-capturado-segundo-hermano-de-alias-ivan-mordisco\/judicial\/#primaryimage"},"thumbnailUrl":"https:\/\/i0.wp.com\/ciudadyregion.com.co\/wp-content\/uploads\/2026\/03\/Pag-2026-03-10T072937.596.jpg?fit=800%2C445&ssl=1","datePublished":"2026-03-10T12:32:35+00:00","dateModified":"2026-03-10T12:32:35+00:00","author":{"@id":"https:\/\/ciudadyregion.com.co\/#\/schema\/person\/04a4954373ebc4051f46e8c65ff78622"},"breadcrumb":{"@id":"https:\/\/ciudadyregion.com.co\/index.php\/en-menos-de-72-horas-capturado-segundo-hermano-de-alias-ivan-mordisco\/judicial\/#breadcrumb"},"inLanguage":"es","potentialAction":[{"@type":"ReadAction","target":["https:\/\/ciudadyregion.com.co\/index.php\/en-menos-de-72-horas-capturado-segundo-hermano-de-alias-ivan-mordisco\/judicial\/"]}]},{"@type":"ImageObject","inLanguage":"es","@id":"https:\/\/ciudadyregion.com.co\/index.php\/en-menos-de-72-horas-capturado-segundo-hermano-de-alias-ivan-mordisco\/judicial\/#primaryimage","url":"https:\/\/i0.wp.com\/ciudadyregion.com.co\/wp-content\/uploads\/2026\/03\/Pag-2026-03-10T072937.596.jpg?fit=800%2C445&ssl=1","contentUrl":"https:\/\/i0.wp.com\/ciudadyregion.com.co\/wp-content\/uploads\/2026\/03\/Pag-2026-03-10T072937.596.jpg?fit=800%2C445&ssl=1","width":800,"height":445},{"@type":"BreadcrumbList","@id":"https:\/\/ciudadyregion.com.co\/index.php\/en-menos-de-72-horas-capturado-segundo-hermano-de-alias-ivan-mordisco\/judicial\/#breadcrumb","itemListElement":[{"@type":"ListItem","position":1,"name":"Portada","item":"https:\/\/ciudadyregion.com.co\/"},{"@type":"ListItem","position":2,"name":"En menos de 72 horas: capturado segundo hermano de alias \u2018Iv\u00e1n Mordisco\u2019"}]},{"@type":"WebSite","@id":"https:\/\/ciudadyregion.com.co\/#website","url":"https:\/\/ciudadyregion.com.co\/","name":"Ciudad y Region","description":"","potentialAction":[{"@type":"SearchAction","target":{"@type":"EntryPoint","urlTemplate":"https:\/\/ciudadyregion.com.co\/?s={search_term_string}"},"query-input":{"@type":"PropertyValueSpecification","valueRequired":true,"valueName":"search_term_string"}}],"inLanguage":"es"},{"@type":"Person","@id":"https:\/\/ciudadyregion.com.co\/#\/schema\/person\/04a4954373ebc4051f46e8c65ff78622","name":"David Andr\u00e9s Aguirre","image":{"@type":"ImageObject","inLanguage":"es","@id":"https:\/\/ciudadyregion.com.co\/#\/schema\/person\/image\/","url":"https:\/\/secure.gravatar.com\/avatar\/bc3c655860202182ee6d1b5edd042dbe?s=96&d=mm&r=g","contentUrl":"https:\/\/secure.gravatar.com\/avatar\/bc3c655860202182ee6d1b5edd042dbe?s=96&d=mm&r=g","caption":"David Andr\u00e9s Aguirre"},"url":"https:\/\/ciudadyregion.com.co\/index.php\/author\/diegoaguirre\/"}]}},"jetpack_featured_media_url":"https:\/\/i0.wp.com\/ciudadyregion.com.co\/wp-content\/uploads\/2026\/03\/Pag-2026-03-10T072937.596.jpg?fit=800%2C445&ssl=1","jetpack_sharing_enabled":true,"jetpack_shortlink":"https:\/\/wp.me\/pbS7hh-eOO","jetpack-related-posts":[],"_links":{"self":[{"href":"https:\/\/ciudadyregion.com.co\/index.php\/wp-json\/wp\/v2\/posts\/56966"}],"collection":[{"href":"https:\/\/ciudadyregion.com.co\/index.php\/wp-json\/wp\/v2\/posts"}],"about":[{"href":"https:\/\/ciudadyregion.com.co\/index.php\/wp-json\/wp\/v2\/types\/post"}],"author":[{"embeddable":true,"href":"https:\/\/ciudadyregion.com.co\/index.php\/wp-json\/wp\/v2\/users\/2"}],"replies":[{"embeddable":true,"href":"https:\/\/ciudadyregion.com.co\/index.php\/wp-json\/wp\/v2\/comments?post=56966"}],"version-history":[{"count":1,"href":"https:\/\/ciudadyregion.com.co\/index.php\/wp-json\/wp\/v2\/posts\/56966\/revisions"}],"predecessor-version":[{"id":56968,"href":"https:\/\/ciudadyregion.com.co\/index.php\/wp-json\/wp\/v2\/posts\/56966\/revisions\/56968"}],"wp:featuredmedia":[{"embeddable":true,"href":"https:\/\/ciudadyregion.com.co\/index.php\/wp-json\/wp\/v2\/media\/56967"}],"wp:attachment":[{"href":"https:\/\/ciudadyregion.com.co\/index.php\/wp-json\/wp\/v2\/media?parent=56966"}],"wp:term":[{"taxonomy":"category","embeddable":true,"href":"https:\/\/ciudadyregion.com.co\/index.php\/wp-json\/wp\/v2\/categories?post=56966"},{"taxonomy":"post_tag","embeddable":true,"href":"https:\/\/ciudadyregion.com.co\/index.php\/wp-json\/wp\/v2\/tags?post=56966"}],"curies":[{"name":"wp","href":"https:\/\/api.w.org\/{rel}","templated":true}]}}