{"id":56962,"date":"2026-03-10T07:21:40","date_gmt":"2026-03-10T12:21:40","guid":{"rendered":"https:\/\/ciudadyregion.com.co\/?p=56962"},"modified":"2026-03-10T07:21:40","modified_gmt":"2026-03-10T12:21:40","slug":"cortolima-y-fuerza-publica-detienen-dano-ambiental-por-mineria-ilegal-en-santa-isabel","status":"publish","type":"post","link":"https:\/\/ciudadyregion.com.co\/index.php\/cortolima-y-fuerza-publica-detienen-dano-ambiental-por-mineria-ilegal-en-santa-isabel\/medio-ambiente\/","title":{"rendered":"Cortolima y Fuerza P\u00fablica detienen da\u00f1o ambiental por miner\u00eda ilegal en Santa Isabel"},"content":{"rendered":"<p>La explotaci\u00f3n il\u00edcita de oro estaba generando severas afectaciones al cauce y al ecosistema acu\u00e1tico del r\u00edo La Yuca.<\/p>\n<p>En un operativo conjunto entre la Corporaci\u00f3n Aut\u00f3noma Regional del Tolima, Cortolima, la Polic\u00eda Nacional, la Fuerza Aeroespacial de Colombia y el Ej\u00e9rcito Nacional, fue detenida la extracci\u00f3n il\u00edcita de oro de aluvi\u00f3n sobre el cauce activo del r\u00edo La Yuca, en zona rural del municipio de Santa Isabel. La actividad minera, desarrollada sin permisos ambientales, estaba ocasionando un deterioro significativo a esta fuente h\u00eddrica estrat\u00e9gica del departamento.<\/p>\n<p>Durante la diligencia se encontr\u00f3 a una persona operando una draga directamente sobre el cauce del r\u00edo. El equipo estaba conformado por una estructura met\u00e1lica de gran tama\u00f1o, motor, compresor, mangueras de succi\u00f3n, clasificadora met\u00e1lica y caracol de succi\u00f3n, maquinaria destinada a remover material del lecho con fines de aprovechamiento de mineral.<\/p>\n<p>Funcionarios de Cortolima verificaron que la actividad no contaba con instrumento de manejo ambiental ni licencia otorgada por la autoridad ambiental. La explotaci\u00f3n generaba remoci\u00f3n de sedimentos, incremento de la turbidez y alteraci\u00f3n del lecho del r\u00edo, afectando de manera directa el equilibrio del ecosistema acu\u00e1tico, incluyendo peces y macroinvertebrados esenciales para el ciclo natural del recurso h\u00eddrico.<\/p>\n<p>Adicionalmente, el uso de motores y m\u00e1quinas representaba un alto riesgo de contaminaci\u00f3n por hidrocarburos ante posibles derrames de combustibles y aceites, as\u00ed como la generaci\u00f3n de residuos peligrosos como filtros y materiales impregnados con sustancias contaminantes, con potencial impacto sobre el agua y los suelos de ribera.<\/p>\n<p>En el marco de la ofensiva interinstitucional contra la miner\u00eda ilegal, la Fuerza P\u00fablica, en el marco de sus competencias, procedi\u00f3 a la destrucci\u00f3n en sitio de la draga y los elementos utilizados, con el fin de impedir la continuidad de la actividad il\u00edcita y frenar el avance del da\u00f1o ambiental sobre el r\u00edo La Yuca.<\/p>\n<p>La corporaci\u00f3n, como m\u00e1xima autoridad ambiental del departamento, continuar\u00e1 ejerciendo control y vigilancia permanente, articulando acciones interinstitucionales en el territorio para proteger los recursos naturales del Tolima.<\/p>\n","protected":false},"excerpt":{"rendered":"<p>La explotaci\u00f3n il\u00edcita de oro estaba generando severas afectaciones al cauce y al ecosistema acu\u00e1tico del r\u00edo La Yuca. En un operativo conjunto entre la Corporaci\u00f3n Aut\u00f3noma Regional del Tolima, Cortolima, la Polic\u00eda Nacional, la Fuerza Aeroespacial de Colombia y el Ej\u00e9rcito Nacional, fue detenida la extracci\u00f3n il\u00edcita de oro<span class=\"more-link\"><a href=\"https:\/\/ciudadyregion.com.co\/index.php\/cortolima-y-fuerza-publica-detienen-dano-ambiental-por-mineria-ilegal-en-santa-isabel\/medio-ambiente\/\">Continuar Leyendo<\/a><\/span><\/p>\n","protected":false},"author":2,"featured_media":56963,"comment_status":"open","ping_status":"open","sticky":false,"template":"","format":"standard","meta":{"_uf_show_specific_survey":0,"_uf_disable_surveys":false,"_jetpack_memberships_contains_paid_content":false,"footnotes":"","jetpack_publicize_message":"","jetpack_publicize_feature_enabled":true,"jetpack_social_post_already_shared":true,"jetpack_social_options":{"image_generator_settings":{"template":"highway","enabled":false},"version":2}},"categories":[32],"tags":[],"class_list":["entry","author-diegoaguirre","post-56962","post","type-post","status-publish","format-standard","has-post-thumbnail","category-medio-ambiente"],"jetpack_publicize_connections":[],"yoast_head":"<!-- This site is optimized with the Yoast SEO plugin v24.3 - https:\/\/yoast.com\/wordpress\/plugins\/seo\/ -->\n<title>Cortolima y Fuerza P\u00fablica detienen da\u00f1o ambiental por miner\u00eda ilegal en Santa Isabel - Ciudad y Region<\/title>\n<meta name=\"robots\" content=\"index, follow, max-snippet:-1, max-image-preview:large, max-video-preview:-1\" \/>\n<link rel=\"canonical\" href=\"https:\/\/ciudadyregion.com.co\/index.php\/cortolima-y-fuerza-publica-detienen-dano-ambiental-por-mineria-ilegal-en-santa-isabel\/medio-ambiente\/\" \/>\n<meta property=\"og:locale\" content=\"es_ES\" \/>\n<meta property=\"og:type\" content=\"article\" \/>\n<meta property=\"og:title\" content=\"Cortolima y Fuerza P\u00fablica detienen da\u00f1o ambiental por miner\u00eda ilegal en Santa Isabel - Ciudad y Region\" \/>\n<meta property=\"og:description\" content=\"La explotaci\u00f3n il\u00edcita de oro estaba generando severas afectaciones al cauce y al ecosistema acu\u00e1tico del r\u00edo La Yuca. En un operativo conjunto entre la Corporaci\u00f3n Aut\u00f3noma Regional del Tolima, Cortolima, la Polic\u00eda Nacional, la Fuerza Aeroespacial de Colombia y el Ej\u00e9rcito Nacional, fue detenida la extracci\u00f3n il\u00edcita de oroContinuar Leyendo\" \/>\n<meta property=\"og:url\" content=\"https:\/\/ciudadyregion.com.co\/index.php\/cortolima-y-fuerza-publica-detienen-dano-ambiental-por-mineria-ilegal-en-santa-isabel\/medio-ambiente\/\" \/>\n<meta property=\"og:site_name\" content=\"Ciudad y Region\" \/>\n<meta property=\"article:published_time\" content=\"2026-03-10T12:21:40+00:00\" \/>\n<meta property=\"og:image\" content=\"https:\/\/ciudadyregion.com.co\/wp-content\/uploads\/2026\/03\/Pag-2026-03-10T071933.955.jpg\" \/>\n\t<meta property=\"og:image:width\" content=\"800\" \/>\n\t<meta property=\"og:image:height\" content=\"445\" \/>\n\t<meta property=\"og:image:type\" content=\"image\/jpeg\" \/>\n<meta name=\"author\" content=\"David Andr\u00e9s Aguirre\" \/>\n<meta name=\"twitter:card\" content=\"summary_large_image\" \/>\n<meta name=\"twitter:label1\" content=\"Escrito por\" \/>\n\t<meta name=\"twitter:data1\" content=\"David Andr\u00e9s Aguirre\" \/>\n\t<meta name=\"twitter:label2\" content=\"Tiempo de lectura\" \/>\n\t<meta name=\"twitter:data2\" content=\"2 minutos\" \/>\n<script type=\"application\/ld+json\" class=\"yoast-schema-graph\">{\"@context\":\"https:\/\/schema.org\",\"@graph\":[{\"@type\":\"WebPage\",\"@id\":\"https:\/\/ciudadyregion.com.co\/index.php\/cortolima-y-fuerza-publica-detienen-dano-ambiental-por-mineria-ilegal-en-santa-isabel\/medio-ambiente\/\",\"url\":\"https:\/\/ciudadyregion.com.co\/index.php\/cortolima-y-fuerza-publica-detienen-dano-ambiental-por-mineria-ilegal-en-santa-isabel\/medio-ambiente\/\",\"name\":\"Cortolima y Fuerza P\u00fablica detienen da\u00f1o ambiental por miner\u00eda ilegal en Santa Isabel - Ciudad y Region\",\"isPartOf\":{\"@id\":\"https:\/\/ciudadyregion.com.co\/#website\"},\"primaryImageOfPage\":{\"@id\":\"https:\/\/ciudadyregion.com.co\/index.php\/cortolima-y-fuerza-publica-detienen-dano-ambiental-por-mineria-ilegal-en-santa-isabel\/medio-ambiente\/#primaryimage\"},\"image\":{\"@id\":\"https:\/\/ciudadyregion.com.co\/index.php\/cortolima-y-fuerza-publica-detienen-dano-ambiental-por-mineria-ilegal-en-santa-isabel\/medio-ambiente\/#primaryimage\"},\"thumbnailUrl\":\"https:\/\/i0.wp.com\/ciudadyregion.com.co\/wp-content\/uploads\/2026\/03\/Pag-2026-03-10T071933.955.jpg?fit=800%2C445&ssl=1\",\"datePublished\":\"2026-03-10T12:21:40+00:00\",\"dateModified\":\"2026-03-10T12:21:40+00:00\",\"author\":{\"@id\":\"https:\/\/ciudadyregion.com.co\/#\/schema\/person\/04a4954373ebc4051f46e8c65ff78622\"},\"breadcrumb\":{\"@id\":\"https:\/\/ciudadyregion.com.co\/index.php\/cortolima-y-fuerza-publica-detienen-dano-ambiental-por-mineria-ilegal-en-santa-isabel\/medio-ambiente\/#breadcrumb\"},\"inLanguage\":\"es\",\"potentialAction\":[{\"@type\":\"ReadAction\",\"target\":[\"https:\/\/ciudadyregion.com.co\/index.php\/cortolima-y-fuerza-publica-detienen-dano-ambiental-por-mineria-ilegal-en-santa-isabel\/medio-ambiente\/\"]}]},{\"@type\":\"ImageObject\",\"inLanguage\":\"es\",\"@id\":\"https:\/\/ciudadyregion.com.co\/index.php\/cortolima-y-fuerza-publica-detienen-dano-ambiental-por-mineria-ilegal-en-santa-isabel\/medio-ambiente\/#primaryimage\",\"url\":\"https:\/\/i0.wp.com\/ciudadyregion.com.co\/wp-content\/uploads\/2026\/03\/Pag-2026-03-10T071933.955.jpg?fit=800%2C445&ssl=1\",\"contentUrl\":\"https:\/\/i0.wp.com\/ciudadyregion.com.co\/wp-content\/uploads\/2026\/03\/Pag-2026-03-10T071933.955.jpg?fit=800%2C445&ssl=1\",\"width\":800,\"height\":445},{\"@type\":\"BreadcrumbList\",\"@id\":\"https:\/\/ciudadyregion.com.co\/index.php\/cortolima-y-fuerza-publica-detienen-dano-ambiental-por-mineria-ilegal-en-santa-isabel\/medio-ambiente\/#breadcrumb\",\"itemListElement\":[{\"@type\":\"ListItem\",\"position\":1,\"name\":\"Portada\",\"item\":\"https:\/\/ciudadyregion.com.co\/\"},{\"@type\":\"ListItem\",\"position\":2,\"name\":\"Cortolima y Fuerza P\u00fablica detienen da\u00f1o ambiental por miner\u00eda ilegal en Santa Isabel\"}]},{\"@type\":\"WebSite\",\"@id\":\"https:\/\/ciudadyregion.com.co\/#website\",\"url\":\"https:\/\/ciudadyregion.com.co\/\",\"name\":\"Ciudad y Region\",\"description\":\"\",\"potentialAction\":[{\"@type\":\"SearchAction\",\"target\":{\"@type\":\"EntryPoint\",\"urlTemplate\":\"https:\/\/ciudadyregion.com.co\/?s={search_term_string}\"},\"query-input\":{\"@type\":\"PropertyValueSpecification\",\"valueRequired\":true,\"valueName\":\"search_term_string\"}}],\"inLanguage\":\"es\"},{\"@type\":\"Person\",\"@id\":\"https:\/\/ciudadyregion.com.co\/#\/schema\/person\/04a4954373ebc4051f46e8c65ff78622\",\"name\":\"David Andr\u00e9s Aguirre\",\"image\":{\"@type\":\"ImageObject\",\"inLanguage\":\"es\",\"@id\":\"https:\/\/ciudadyregion.com.co\/#\/schema\/person\/image\/\",\"url\":\"https:\/\/secure.gravatar.com\/avatar\/bc3c655860202182ee6d1b5edd042dbe?s=96&d=mm&r=g\",\"contentUrl\":\"https:\/\/secure.gravatar.com\/avatar\/bc3c655860202182ee6d1b5edd042dbe?s=96&d=mm&r=g\",\"caption\":\"David Andr\u00e9s Aguirre\"},\"url\":\"https:\/\/ciudadyregion.com.co\/index.php\/author\/diegoaguirre\/\"}]}<\/script>\n<!-- \/ Yoast SEO plugin. -->","yoast_head_json":{"title":"Cortolima y Fuerza P\u00fablica detienen da\u00f1o ambiental por miner\u00eda ilegal en Santa Isabel - Ciudad y Region","robots":{"index":"index","follow":"follow","max-snippet":"max-snippet:-1","max-image-preview":"max-image-preview:large","max-video-preview":"max-video-preview:-1"},"canonical":"https:\/\/ciudadyregion.com.co\/index.php\/cortolima-y-fuerza-publica-detienen-dano-ambiental-por-mineria-ilegal-en-santa-isabel\/medio-ambiente\/","og_locale":"es_ES","og_type":"article","og_title":"Cortolima y Fuerza P\u00fablica detienen da\u00f1o ambiental por miner\u00eda ilegal en Santa Isabel - Ciudad y Region","og_description":"La explotaci\u00f3n il\u00edcita de oro estaba generando severas afectaciones al cauce y al ecosistema acu\u00e1tico del r\u00edo La Yuca. En un operativo conjunto entre la Corporaci\u00f3n Aut\u00f3noma Regional del Tolima, Cortolima, la Polic\u00eda Nacional, la Fuerza Aeroespacial de Colombia y el Ej\u00e9rcito Nacional, fue detenida la extracci\u00f3n il\u00edcita de oroContinuar Leyendo","og_url":"https:\/\/ciudadyregion.com.co\/index.php\/cortolima-y-fuerza-publica-detienen-dano-ambiental-por-mineria-ilegal-en-santa-isabel\/medio-ambiente\/","og_site_name":"Ciudad y Region","article_published_time":"2026-03-10T12:21:40+00:00","og_image":[{"width":800,"height":445,"url":"https:\/\/ciudadyregion.com.co\/wp-content\/uploads\/2026\/03\/Pag-2026-03-10T071933.955.jpg","type":"image\/jpeg"}],"author":"David Andr\u00e9s Aguirre","twitter_card":"summary_large_image","twitter_misc":{"Escrito por":"David Andr\u00e9s Aguirre","Tiempo de lectura":"2 minutos"},"schema":{"@context":"https:\/\/schema.org","@graph":[{"@type":"WebPage","@id":"https:\/\/ciudadyregion.com.co\/index.php\/cortolima-y-fuerza-publica-detienen-dano-ambiental-por-mineria-ilegal-en-santa-isabel\/medio-ambiente\/","url":"https:\/\/ciudadyregion.com.co\/index.php\/cortolima-y-fuerza-publica-detienen-dano-ambiental-por-mineria-ilegal-en-santa-isabel\/medio-ambiente\/","name":"Cortolima y Fuerza P\u00fablica detienen da\u00f1o ambiental por miner\u00eda ilegal en Santa Isabel - Ciudad y Region","isPartOf":{"@id":"https:\/\/ciudadyregion.com.co\/#website"},"primaryImageOfPage":{"@id":"https:\/\/ciudadyregion.com.co\/index.php\/cortolima-y-fuerza-publica-detienen-dano-ambiental-por-mineria-ilegal-en-santa-isabel\/medio-ambiente\/#primaryimage"},"image":{"@id":"https:\/\/ciudadyregion.com.co\/index.php\/cortolima-y-fuerza-publica-detienen-dano-ambiental-por-mineria-ilegal-en-santa-isabel\/medio-ambiente\/#primaryimage"},"thumbnailUrl":"https:\/\/i0.wp.com\/ciudadyregion.com.co\/wp-content\/uploads\/2026\/03\/Pag-2026-03-10T071933.955.jpg?fit=800%2C445&ssl=1","datePublished":"2026-03-10T12:21:40+00:00","dateModified":"2026-03-10T12:21:40+00:00","author":{"@id":"https:\/\/ciudadyregion.com.co\/#\/schema\/person\/04a4954373ebc4051f46e8c65ff78622"},"breadcrumb":{"@id":"https:\/\/ciudadyregion.com.co\/index.php\/cortolima-y-fuerza-publica-detienen-dano-ambiental-por-mineria-ilegal-en-santa-isabel\/medio-ambiente\/#breadcrumb"},"inLanguage":"es","potentialAction":[{"@type":"ReadAction","target":["https:\/\/ciudadyregion.com.co\/index.php\/cortolima-y-fuerza-publica-detienen-dano-ambiental-por-mineria-ilegal-en-santa-isabel\/medio-ambiente\/"]}]},{"@type":"ImageObject","inLanguage":"es","@id":"https:\/\/ciudadyregion.com.co\/index.php\/cortolima-y-fuerza-publica-detienen-dano-ambiental-por-mineria-ilegal-en-santa-isabel\/medio-ambiente\/#primaryimage","url":"https:\/\/i0.wp.com\/ciudadyregion.com.co\/wp-content\/uploads\/2026\/03\/Pag-2026-03-10T071933.955.jpg?fit=800%2C445&ssl=1","contentUrl":"https:\/\/i0.wp.com\/ciudadyregion.com.co\/wp-content\/uploads\/2026\/03\/Pag-2026-03-10T071933.955.jpg?fit=800%2C445&ssl=1","width":800,"height":445},{"@type":"BreadcrumbList","@id":"https:\/\/ciudadyregion.com.co\/index.php\/cortolima-y-fuerza-publica-detienen-dano-ambiental-por-mineria-ilegal-en-santa-isabel\/medio-ambiente\/#breadcrumb","itemListElement":[{"@type":"ListItem","position":1,"name":"Portada","item":"https:\/\/ciudadyregion.com.co\/"},{"@type":"ListItem","position":2,"name":"Cortolima y Fuerza P\u00fablica detienen da\u00f1o ambiental por miner\u00eda ilegal en Santa Isabel"}]},{"@type":"WebSite","@id":"https:\/\/ciudadyregion.com.co\/#website","url":"https:\/\/ciudadyregion.com.co\/","name":"Ciudad y Region","description":"","potentialAction":[{"@type":"SearchAction","target":{"@type":"EntryPoint","urlTemplate":"https:\/\/ciudadyregion.com.co\/?s={search_term_string}"},"query-input":{"@type":"PropertyValueSpecification","valueRequired":true,"valueName":"search_term_string"}}],"inLanguage":"es"},{"@type":"Person","@id":"https:\/\/ciudadyregion.com.co\/#\/schema\/person\/04a4954373ebc4051f46e8c65ff78622","name":"David Andr\u00e9s Aguirre","image":{"@type":"ImageObject","inLanguage":"es","@id":"https:\/\/ciudadyregion.com.co\/#\/schema\/person\/image\/","url":"https:\/\/secure.gravatar.com\/avatar\/bc3c655860202182ee6d1b5edd042dbe?s=96&d=mm&r=g","contentUrl":"https:\/\/secure.gravatar.com\/avatar\/bc3c655860202182ee6d1b5edd042dbe?s=96&d=mm&r=g","caption":"David Andr\u00e9s Aguirre"},"url":"https:\/\/ciudadyregion.com.co\/index.php\/author\/diegoaguirre\/"}]}},"jetpack_featured_media_url":"https:\/\/i0.wp.com\/ciudadyregion.com.co\/wp-content\/uploads\/2026\/03\/Pag-2026-03-10T071933.955.jpg?fit=800%2C445&ssl=1","jetpack_sharing_enabled":true,"jetpack_shortlink":"https:\/\/wp.me\/pbS7hh-eOK","jetpack-related-posts":[],"_links":{"self":[{"href":"https:\/\/ciudadyregion.com.co\/index.php\/wp-json\/wp\/v2\/posts\/56962"}],"collection":[{"href":"https:\/\/ciudadyregion.com.co\/index.php\/wp-json\/wp\/v2\/posts"}],"about":[{"href":"https:\/\/ciudadyregion.com.co\/index.php\/wp-json\/wp\/v2\/types\/post"}],"author":[{"embeddable":true,"href":"https:\/\/ciudadyregion.com.co\/index.php\/wp-json\/wp\/v2\/users\/2"}],"replies":[{"embeddable":true,"href":"https:\/\/ciudadyregion.com.co\/index.php\/wp-json\/wp\/v2\/comments?post=56962"}],"version-history":[{"count":2,"href":"https:\/\/ciudadyregion.com.co\/index.php\/wp-json\/wp\/v2\/posts\/56962\/revisions"}],"predecessor-version":[{"id":56965,"href":"https:\/\/ciudadyregion.com.co\/index.php\/wp-json\/wp\/v2\/posts\/56962\/revisions\/56965"}],"wp:featuredmedia":[{"embeddable":true,"href":"https:\/\/ciudadyregion.com.co\/index.php\/wp-json\/wp\/v2\/media\/56963"}],"wp:attachment":[{"href":"https:\/\/ciudadyregion.com.co\/index.php\/wp-json\/wp\/v2\/media?parent=56962"}],"wp:term":[{"taxonomy":"category","embeddable":true,"href":"https:\/\/ciudadyregion.com.co\/index.php\/wp-json\/wp\/v2\/categories?post=56962"},{"taxonomy":"post_tag","embeddable":true,"href":"https:\/\/ciudadyregion.com.co\/index.php\/wp-json\/wp\/v2\/tags?post=56962"}],"curies":[{"name":"wp","href":"https:\/\/api.w.org\/{rel}","templated":true}]}}