{"id":56947,"date":"2026-03-09T14:36:30","date_gmt":"2026-03-09T19:36:30","guid":{"rendered":"https:\/\/ciudadyregion.com.co\/?p=56947"},"modified":"2026-03-09T14:36:30","modified_gmt":"2026-03-09T19:36:30","slug":"comenzo-a-bajar-la-inflacion-en-febrero-y-lo-hara-mas-presidente-petro","status":"publish","type":"post","link":"https:\/\/ciudadyregion.com.co\/index.php\/comenzo-a-bajar-la-inflacion-en-febrero-y-lo-hara-mas-presidente-petro\/economia\/","title":{"rendered":"\u2018Comenz\u00f3 a bajar la inflaci\u00f3n en febrero y lo har\u00e1 m\u00e1s\u2019: presidente Petro"},"content":{"rendered":"<p>\u201cComo afirmamos, el salario vital no trae inflaci\u00f3n.<strong>\u00a0<\/strong>Comenz\u00f3 a bajar la inflaci\u00f3n en febrero, y lo har\u00e1 m\u00e1s cuando baje el efecto de las alzas de la educaci\u00f3n privada\u00bb, manifest\u00f3 el presidente Gustavo Petro en su cuenta de X, al referirse a las cifras del DANE sobre el costo de vida registrado en febrero pasado.<\/p>\n<p>\u200b\u200bEl mandatario recalc\u00f3 que \u201cel aumento de la tasa de inter\u00e9s lo \u00fanico que hace, adem\u00e1s de engordar a poderosos rentistas, es no dejar crecer la econom\u00eda y aumentar el costo de la deuda\u00bb.<\/p>\n<p>De acuerdo con la directora de Departamento Administrativo Nacional de Estad\u00edstica (DANE), Piedad Urdinola, en febrero de 2026 la variaci\u00f3n mensual del \u00cdndice de Precios al Consumidor (IPC) fue de 1,08%, por debajo del 1,14% reportado hace un a\u00f1o.<\/p>\n<p>En cuanto a la variaci\u00f3n anual para febrero de este a\u00f1o, la inflaci\u00f3n se ubic\u00f3 en 5,29%, \u201cmuy similar al 5,28% que est\u00e1bamos reportando en febrero del a\u00f1o pasado\u00bb, sostuvo la directora Urdinola.<\/p>\n<h2>\u200bVariaci\u00f3n me\u200b\u200b\u200bnsual<\/h2>\n<p>Durante el segundo mes del a\u00f1o cinco divisiones se ubicaron por encima del promedio nacional de 1,08%: Educaci\u00f3n (5,64%), Restaurantes y hoteles (1,38%), Alimentos y bebidas no alcoh\u00f3licas (1,30%), Muebles, art\u00edculos para el hogar y para la conservaci\u00f3n ordinaria del hogar (1,23%) y Bebidas alcoh\u00f3licas y tabaco (1,14%).<\/p>\n<p>Por debajo se ubicaron: Transporte (1,07%), Bienes y servicios diversos (1,02%), Salud (0,94%), Prendas de vestir y calzado (0,70%), Alojamiento, agua, electricidad, gas y otros combustibles (0,45%), Recreaci\u00f3n y cultura (0,08%) e Informaci\u00f3n y comunicaci\u00f3n (0,01%).<\/p>\n<h2>\u200bVariaci\u00f3n\u200b anual<\/h2>\n<p>En el mes de febrero de 2026, el IPC registr\u00f3 una variaci\u00f3n anual de 5,29% en comparaci\u00f3n con febrero de 2025.<\/p>\n<p>En el \u00faltimo a\u00f1o, las divisiones Restaurantes y hoteles (9,61%), Salud (7,82%), Bebidas alcoh\u00f3licas y tabaco (7,76%), Educaci\u00f3n (7,44%), Alimentos y bebidas no alcoh\u00f3licas (5,84%) y Bienes y servicios diversos (5,45%) se ubicaron por encima del promedio nacional (5,29%).<\/p>\n<p>Entre tanto, las divisiones Transporte (5,27%), Muebles, art\u00edculos para el hogar y para la conservaci\u00f3n ordinaria del hogar (4,73%), Alojamiento, agua, electricidad, gas y otros combustibles (3,85%), Prendas de vestir y calzado (2,61%), Recreaci\u00f3n y cultura (1,68%) e Informaci\u00f3n y comunicaci\u00f3n (1,51%) se ubicaron por debajo del promedio nacional.<\/p>\n","protected":false},"excerpt":{"rendered":"<p>\u201cComo afirmamos, el salario vital no trae inflaci\u00f3n.\u00a0Comenz\u00f3 a bajar la inflaci\u00f3n en febrero, y lo har\u00e1 m\u00e1s cuando baje el efecto de las alzas de la educaci\u00f3n privada\u00bb, manifest\u00f3 el presidente Gustavo Petro en su cuenta de X, al referirse a las cifras del DANE sobre el costo de<span class=\"more-link\"><a href=\"https:\/\/ciudadyregion.com.co\/index.php\/comenzo-a-bajar-la-inflacion-en-febrero-y-lo-hara-mas-presidente-petro\/economia\/\">Continuar Leyendo<\/a><\/span><\/p>\n","protected":false},"author":2,"featured_media":56948,"comment_status":"open","ping_status":"open","sticky":false,"template":"","format":"standard","meta":{"_uf_show_specific_survey":0,"_uf_disable_surveys":false,"_jetpack_memberships_contains_paid_content":false,"footnotes":"","jetpack_publicize_message":"","jetpack_publicize_feature_enabled":true,"jetpack_social_post_already_shared":true,"jetpack_social_options":{"image_generator_settings":{"template":"highway","enabled":false},"version":2}},"categories":[28],"tags":[],"class_list":["entry","author-diegoaguirre","post-56947","post","type-post","status-publish","format-standard","has-post-thumbnail","category-economia"],"jetpack_publicize_connections":[],"yoast_head":"<!-- This site is optimized with the Yoast SEO plugin v24.3 - https:\/\/yoast.com\/wordpress\/plugins\/seo\/ -->\n<title>\u2018Comenz\u00f3 a bajar la inflaci\u00f3n en febrero y lo har\u00e1 m\u00e1s\u2019: presidente Petro - Ciudad y Region<\/title>\n<meta name=\"robots\" content=\"index, follow, max-snippet:-1, max-image-preview:large, max-video-preview:-1\" \/>\n<link rel=\"canonical\" href=\"https:\/\/ciudadyregion.com.co\/index.php\/comenzo-a-bajar-la-inflacion-en-febrero-y-lo-hara-mas-presidente-petro\/economia\/\" \/>\n<meta property=\"og:locale\" content=\"es_ES\" \/>\n<meta property=\"og:type\" content=\"article\" \/>\n<meta property=\"og:title\" content=\"\u2018Comenz\u00f3 a bajar la inflaci\u00f3n en febrero y lo har\u00e1 m\u00e1s\u2019: presidente Petro - Ciudad y Region\" \/>\n<meta property=\"og:description\" content=\"\u201cComo afirmamos, el salario vital no trae inflaci\u00f3n.\u00a0Comenz\u00f3 a bajar la inflaci\u00f3n en febrero, y lo har\u00e1 m\u00e1s cuando baje el efecto de las alzas de la educaci\u00f3n privada\u00bb, manifest\u00f3 el presidente Gustavo Petro en su cuenta de X, al referirse a las cifras del DANE sobre el costo deContinuar Leyendo\" \/>\n<meta property=\"og:url\" content=\"https:\/\/ciudadyregion.com.co\/index.php\/comenzo-a-bajar-la-inflacion-en-febrero-y-lo-hara-mas-presidente-petro\/economia\/\" \/>\n<meta property=\"og:site_name\" content=\"Ciudad y Region\" \/>\n<meta property=\"article:published_time\" content=\"2026-03-09T19:36:30+00:00\" \/>\n<meta property=\"og:image\" content=\"https:\/\/ciudadyregion.com.co\/wp-content\/uploads\/2026\/03\/a-9-2.jpg\" \/>\n\t<meta property=\"og:image:width\" content=\"800\" \/>\n\t<meta property=\"og:image:height\" content=\"445\" \/>\n\t<meta property=\"og:image:type\" content=\"image\/jpeg\" \/>\n<meta name=\"author\" content=\"David Andr\u00e9s Aguirre\" \/>\n<meta name=\"twitter:card\" content=\"summary_large_image\" \/>\n<meta name=\"twitter:label1\" content=\"Escrito por\" \/>\n\t<meta name=\"twitter:data1\" content=\"David Andr\u00e9s Aguirre\" \/>\n\t<meta name=\"twitter:label2\" content=\"Tiempo de lectura\" \/>\n\t<meta name=\"twitter:data2\" content=\"2 minutos\" \/>\n<script type=\"application\/ld+json\" class=\"yoast-schema-graph\">{\"@context\":\"https:\/\/schema.org\",\"@graph\":[{\"@type\":\"WebPage\",\"@id\":\"https:\/\/ciudadyregion.com.co\/index.php\/comenzo-a-bajar-la-inflacion-en-febrero-y-lo-hara-mas-presidente-petro\/economia\/\",\"url\":\"https:\/\/ciudadyregion.com.co\/index.php\/comenzo-a-bajar-la-inflacion-en-febrero-y-lo-hara-mas-presidente-petro\/economia\/\",\"name\":\"\u2018Comenz\u00f3 a bajar la inflaci\u00f3n en febrero y lo har\u00e1 m\u00e1s\u2019: presidente Petro - Ciudad y Region\",\"isPartOf\":{\"@id\":\"https:\/\/ciudadyregion.com.co\/#website\"},\"primaryImageOfPage\":{\"@id\":\"https:\/\/ciudadyregion.com.co\/index.php\/comenzo-a-bajar-la-inflacion-en-febrero-y-lo-hara-mas-presidente-petro\/economia\/#primaryimage\"},\"image\":{\"@id\":\"https:\/\/ciudadyregion.com.co\/index.php\/comenzo-a-bajar-la-inflacion-en-febrero-y-lo-hara-mas-presidente-petro\/economia\/#primaryimage\"},\"thumbnailUrl\":\"https:\/\/i0.wp.com\/ciudadyregion.com.co\/wp-content\/uploads\/2026\/03\/a-9-2.jpg?fit=800%2C445&ssl=1\",\"datePublished\":\"2026-03-09T19:36:30+00:00\",\"dateModified\":\"2026-03-09T19:36:30+00:00\",\"author\":{\"@id\":\"https:\/\/ciudadyregion.com.co\/#\/schema\/person\/04a4954373ebc4051f46e8c65ff78622\"},\"breadcrumb\":{\"@id\":\"https:\/\/ciudadyregion.com.co\/index.php\/comenzo-a-bajar-la-inflacion-en-febrero-y-lo-hara-mas-presidente-petro\/economia\/#breadcrumb\"},\"inLanguage\":\"es\",\"potentialAction\":[{\"@type\":\"ReadAction\",\"target\":[\"https:\/\/ciudadyregion.com.co\/index.php\/comenzo-a-bajar-la-inflacion-en-febrero-y-lo-hara-mas-presidente-petro\/economia\/\"]}]},{\"@type\":\"ImageObject\",\"inLanguage\":\"es\",\"@id\":\"https:\/\/ciudadyregion.com.co\/index.php\/comenzo-a-bajar-la-inflacion-en-febrero-y-lo-hara-mas-presidente-petro\/economia\/#primaryimage\",\"url\":\"https:\/\/i0.wp.com\/ciudadyregion.com.co\/wp-content\/uploads\/2026\/03\/a-9-2.jpg?fit=800%2C445&ssl=1\",\"contentUrl\":\"https:\/\/i0.wp.com\/ciudadyregion.com.co\/wp-content\/uploads\/2026\/03\/a-9-2.jpg?fit=800%2C445&ssl=1\",\"width\":800,\"height\":445},{\"@type\":\"BreadcrumbList\",\"@id\":\"https:\/\/ciudadyregion.com.co\/index.php\/comenzo-a-bajar-la-inflacion-en-febrero-y-lo-hara-mas-presidente-petro\/economia\/#breadcrumb\",\"itemListElement\":[{\"@type\":\"ListItem\",\"position\":1,\"name\":\"Portada\",\"item\":\"https:\/\/ciudadyregion.com.co\/\"},{\"@type\":\"ListItem\",\"position\":2,\"name\":\"\u2018Comenz\u00f3 a bajar la inflaci\u00f3n en febrero y lo har\u00e1 m\u00e1s\u2019: presidente Petro\"}]},{\"@type\":\"WebSite\",\"@id\":\"https:\/\/ciudadyregion.com.co\/#website\",\"url\":\"https:\/\/ciudadyregion.com.co\/\",\"name\":\"Ciudad y Region\",\"description\":\"\",\"potentialAction\":[{\"@type\":\"SearchAction\",\"target\":{\"@type\":\"EntryPoint\",\"urlTemplate\":\"https:\/\/ciudadyregion.com.co\/?s={search_term_string}\"},\"query-input\":{\"@type\":\"PropertyValueSpecification\",\"valueRequired\":true,\"valueName\":\"search_term_string\"}}],\"inLanguage\":\"es\"},{\"@type\":\"Person\",\"@id\":\"https:\/\/ciudadyregion.com.co\/#\/schema\/person\/04a4954373ebc4051f46e8c65ff78622\",\"name\":\"David Andr\u00e9s Aguirre\",\"image\":{\"@type\":\"ImageObject\",\"inLanguage\":\"es\",\"@id\":\"https:\/\/ciudadyregion.com.co\/#\/schema\/person\/image\/\",\"url\":\"https:\/\/secure.gravatar.com\/avatar\/bc3c655860202182ee6d1b5edd042dbe?s=96&d=mm&r=g\",\"contentUrl\":\"https:\/\/secure.gravatar.com\/avatar\/bc3c655860202182ee6d1b5edd042dbe?s=96&d=mm&r=g\",\"caption\":\"David Andr\u00e9s Aguirre\"},\"url\":\"https:\/\/ciudadyregion.com.co\/index.php\/author\/diegoaguirre\/\"}]}<\/script>\n<!-- \/ Yoast SEO plugin. -->","yoast_head_json":{"title":"\u2018Comenz\u00f3 a bajar la inflaci\u00f3n en febrero y lo har\u00e1 m\u00e1s\u2019: presidente Petro - Ciudad y Region","robots":{"index":"index","follow":"follow","max-snippet":"max-snippet:-1","max-image-preview":"max-image-preview:large","max-video-preview":"max-video-preview:-1"},"canonical":"https:\/\/ciudadyregion.com.co\/index.php\/comenzo-a-bajar-la-inflacion-en-febrero-y-lo-hara-mas-presidente-petro\/economia\/","og_locale":"es_ES","og_type":"article","og_title":"\u2018Comenz\u00f3 a bajar la inflaci\u00f3n en febrero y lo har\u00e1 m\u00e1s\u2019: presidente Petro - Ciudad y Region","og_description":"\u201cComo afirmamos, el salario vital no trae inflaci\u00f3n.\u00a0Comenz\u00f3 a bajar la inflaci\u00f3n en febrero, y lo har\u00e1 m\u00e1s cuando baje el efecto de las alzas de la educaci\u00f3n privada\u00bb, manifest\u00f3 el presidente Gustavo Petro en su cuenta de X, al referirse a las cifras del DANE sobre el costo deContinuar Leyendo","og_url":"https:\/\/ciudadyregion.com.co\/index.php\/comenzo-a-bajar-la-inflacion-en-febrero-y-lo-hara-mas-presidente-petro\/economia\/","og_site_name":"Ciudad y Region","article_published_time":"2026-03-09T19:36:30+00:00","og_image":[{"width":800,"height":445,"url":"https:\/\/ciudadyregion.com.co\/wp-content\/uploads\/2026\/03\/a-9-2.jpg","type":"image\/jpeg"}],"author":"David Andr\u00e9s Aguirre","twitter_card":"summary_large_image","twitter_misc":{"Escrito por":"David Andr\u00e9s Aguirre","Tiempo de lectura":"2 minutos"},"schema":{"@context":"https:\/\/schema.org","@graph":[{"@type":"WebPage","@id":"https:\/\/ciudadyregion.com.co\/index.php\/comenzo-a-bajar-la-inflacion-en-febrero-y-lo-hara-mas-presidente-petro\/economia\/","url":"https:\/\/ciudadyregion.com.co\/index.php\/comenzo-a-bajar-la-inflacion-en-febrero-y-lo-hara-mas-presidente-petro\/economia\/","name":"\u2018Comenz\u00f3 a bajar la inflaci\u00f3n en febrero y lo har\u00e1 m\u00e1s\u2019: presidente Petro - Ciudad y Region","isPartOf":{"@id":"https:\/\/ciudadyregion.com.co\/#website"},"primaryImageOfPage":{"@id":"https:\/\/ciudadyregion.com.co\/index.php\/comenzo-a-bajar-la-inflacion-en-febrero-y-lo-hara-mas-presidente-petro\/economia\/#primaryimage"},"image":{"@id":"https:\/\/ciudadyregion.com.co\/index.php\/comenzo-a-bajar-la-inflacion-en-febrero-y-lo-hara-mas-presidente-petro\/economia\/#primaryimage"},"thumbnailUrl":"https:\/\/i0.wp.com\/ciudadyregion.com.co\/wp-content\/uploads\/2026\/03\/a-9-2.jpg?fit=800%2C445&ssl=1","datePublished":"2026-03-09T19:36:30+00:00","dateModified":"2026-03-09T19:36:30+00:00","author":{"@id":"https:\/\/ciudadyregion.com.co\/#\/schema\/person\/04a4954373ebc4051f46e8c65ff78622"},"breadcrumb":{"@id":"https:\/\/ciudadyregion.com.co\/index.php\/comenzo-a-bajar-la-inflacion-en-febrero-y-lo-hara-mas-presidente-petro\/economia\/#breadcrumb"},"inLanguage":"es","potentialAction":[{"@type":"ReadAction","target":["https:\/\/ciudadyregion.com.co\/index.php\/comenzo-a-bajar-la-inflacion-en-febrero-y-lo-hara-mas-presidente-petro\/economia\/"]}]},{"@type":"ImageObject","inLanguage":"es","@id":"https:\/\/ciudadyregion.com.co\/index.php\/comenzo-a-bajar-la-inflacion-en-febrero-y-lo-hara-mas-presidente-petro\/economia\/#primaryimage","url":"https:\/\/i0.wp.com\/ciudadyregion.com.co\/wp-content\/uploads\/2026\/03\/a-9-2.jpg?fit=800%2C445&ssl=1","contentUrl":"https:\/\/i0.wp.com\/ciudadyregion.com.co\/wp-content\/uploads\/2026\/03\/a-9-2.jpg?fit=800%2C445&ssl=1","width":800,"height":445},{"@type":"BreadcrumbList","@id":"https:\/\/ciudadyregion.com.co\/index.php\/comenzo-a-bajar-la-inflacion-en-febrero-y-lo-hara-mas-presidente-petro\/economia\/#breadcrumb","itemListElement":[{"@type":"ListItem","position":1,"name":"Portada","item":"https:\/\/ciudadyregion.com.co\/"},{"@type":"ListItem","position":2,"name":"\u2018Comenz\u00f3 a bajar la inflaci\u00f3n en febrero y lo har\u00e1 m\u00e1s\u2019: presidente Petro"}]},{"@type":"WebSite","@id":"https:\/\/ciudadyregion.com.co\/#website","url":"https:\/\/ciudadyregion.com.co\/","name":"Ciudad y Region","description":"","potentialAction":[{"@type":"SearchAction","target":{"@type":"EntryPoint","urlTemplate":"https:\/\/ciudadyregion.com.co\/?s={search_term_string}"},"query-input":{"@type":"PropertyValueSpecification","valueRequired":true,"valueName":"search_term_string"}}],"inLanguage":"es"},{"@type":"Person","@id":"https:\/\/ciudadyregion.com.co\/#\/schema\/person\/04a4954373ebc4051f46e8c65ff78622","name":"David Andr\u00e9s Aguirre","image":{"@type":"ImageObject","inLanguage":"es","@id":"https:\/\/ciudadyregion.com.co\/#\/schema\/person\/image\/","url":"https:\/\/secure.gravatar.com\/avatar\/bc3c655860202182ee6d1b5edd042dbe?s=96&d=mm&r=g","contentUrl":"https:\/\/secure.gravatar.com\/avatar\/bc3c655860202182ee6d1b5edd042dbe?s=96&d=mm&r=g","caption":"David Andr\u00e9s Aguirre"},"url":"https:\/\/ciudadyregion.com.co\/index.php\/author\/diegoaguirre\/"}]}},"jetpack_featured_media_url":"https:\/\/i0.wp.com\/ciudadyregion.com.co\/wp-content\/uploads\/2026\/03\/a-9-2.jpg?fit=800%2C445&ssl=1","jetpack_sharing_enabled":true,"jetpack_shortlink":"https:\/\/wp.me\/pbS7hh-eOv","jetpack-related-posts":[],"_links":{"self":[{"href":"https:\/\/ciudadyregion.com.co\/index.php\/wp-json\/wp\/v2\/posts\/56947"}],"collection":[{"href":"https:\/\/ciudadyregion.com.co\/index.php\/wp-json\/wp\/v2\/posts"}],"about":[{"href":"https:\/\/ciudadyregion.com.co\/index.php\/wp-json\/wp\/v2\/types\/post"}],"author":[{"embeddable":true,"href":"https:\/\/ciudadyregion.com.co\/index.php\/wp-json\/wp\/v2\/users\/2"}],"replies":[{"embeddable":true,"href":"https:\/\/ciudadyregion.com.co\/index.php\/wp-json\/wp\/v2\/comments?post=56947"}],"version-history":[{"count":1,"href":"https:\/\/ciudadyregion.com.co\/index.php\/wp-json\/wp\/v2\/posts\/56947\/revisions"}],"predecessor-version":[{"id":56949,"href":"https:\/\/ciudadyregion.com.co\/index.php\/wp-json\/wp\/v2\/posts\/56947\/revisions\/56949"}],"wp:featuredmedia":[{"embeddable":true,"href":"https:\/\/ciudadyregion.com.co\/index.php\/wp-json\/wp\/v2\/media\/56948"}],"wp:attachment":[{"href":"https:\/\/ciudadyregion.com.co\/index.php\/wp-json\/wp\/v2\/media?parent=56947"}],"wp:term":[{"taxonomy":"category","embeddable":true,"href":"https:\/\/ciudadyregion.com.co\/index.php\/wp-json\/wp\/v2\/categories?post=56947"},{"taxonomy":"post_tag","embeddable":true,"href":"https:\/\/ciudadyregion.com.co\/index.php\/wp-json\/wp\/v2\/tags?post=56947"}],"curies":[{"name":"wp","href":"https:\/\/api.w.org\/{rel}","templated":true}]}}