{"id":56938,"date":"2026-03-09T12:41:13","date_gmt":"2026-03-09T17:41:13","guid":{"rendered":"https:\/\/ciudadyregion.com.co\/?p=56938"},"modified":"2026-03-09T12:41:13","modified_gmt":"2026-03-09T17:41:13","slug":"el-tolima-conmemora-el-mes-de-la-mujer-con-resultados-historicos-en-autonomia-economica-femenina","status":"publish","type":"post","link":"https:\/\/ciudadyregion.com.co\/index.php\/el-tolima-conmemora-el-mes-de-la-mujer-con-resultados-historicos-en-autonomia-economica-femenina\/regional\/","title":{"rendered":"El Tolima conmemora el Mes de la Mujer con resultados hist\u00f3ricos en autonom\u00eda econ\u00f3mica femenina"},"content":{"rendered":"<p>Con una importante inversi\u00f3n en Casas de la Mujer, la creaci\u00f3n y formalizaci\u00f3n de m\u00e1s de 30 asociaciones y el fortalecimiento de m\u00e1s de 140 asociaciones, la Secretar\u00eda de la Mujer transforma la realidad de miles de mujeres tolimenses bajo la premisa de que la autonom\u00eda econ\u00f3mica abre caminos.<\/p>\n<p>La Gobernaci\u00f3n del Tolima, a trav\u00e9s de la Secretar\u00eda de la Mujer, entendiendo que el desarrollo econ\u00f3mico de las mujeres es fundamental para lograr su autonom\u00eda econ\u00f3mica y el ejercicio de sus derechos, presenta un avance significativo en el apoyo y la promoci\u00f3n del emprendimiento femenino de la regi\u00f3n, un frente institucional clave para la gobernadora Adriana Magali Matiz.<\/p>\n<p>Esta frente institucional comienza desde el impulso al tejido asociativo en los municipios. Gracias a ello, entre 2025 y 2026 se ha logrado la creaci\u00f3n y formalizaci\u00f3n de 30 nuevas asociaciones de mujeres en el departamento, 21 en Ibagu\u00e9, 2 en Rovira y 1 en Anzo\u00e1tegui, Alvarado, Ataco, L\u00e9rida, Dolores, Icononzo y El Espinal.<\/p>\n<p>Cabe resaltar que la mitad de estas asociaciones pertenecen al sector textil, mientras que el resto dinamiza los sectores gastron\u00f3mico, agr\u00edcola y ambiental, demostrando la versatilidad y el talento de la mujer tolimense en diversas \u00e1reas productivas.<\/p>\n<p>Gran parte de estas asociaciones fueron vinculadas a las 20 ferias de emprendimiento realizadas en 2025, en los municipios de Ibagu\u00e9, San Antonio, Herveo, Icononzo, Anzo\u00e1tegui, El Espinal y Flandes, donde se visibiliz\u00f3 a 215 emprendedoras. Este 18 de marzo, en el marco del mes de los derechos de la mujer, se realizar\u00e1 la primera feria de emprendimiento del 2026.<\/p>\n<p>El \u00e9xito de estos procesos se refleja en los testimonios de mujeres como Nancy Alvarado, representante de Asotejer de la Comuna 12 de Ibagu\u00e9: \u201cQuiero agradecer a la Secretar\u00eda de la Mujer por el apoyo, el respaldo y el acompa\u00f1amiento incondicional que durante todos estos a\u00f1os he recibido por parte de la Secretar\u00eda. Gracias por las capacitaciones, gracias por darnos a conocer a nivel nacional y ser claves en el desarrollo de nuestra asociaci\u00f3n\u201d.<\/p>\n<p>Otro de los frentes de esta frente institucional consta de la permanente formaci\u00f3n para el liderazgo de las mujeres tolimenses. En ese sentido, la Secretar\u00eda impuls\u00f3 los Semilleros de Liderazgo Femenino, mediante los cuales 650 mujeres de m\u00e1s de 20 municipios recibieron formaci\u00f3n para fortalecer su incidencia en escenarios sociales, comunitarios y pol\u00edticos durante el 2025.<\/p>\n<p>As\u00ed mismo, se invirtieron importantes recursos en la dotaci\u00f3n de las Casas de la Mujer de Chaparral, Ataco, Villahermosa, Su\u00e1rez, Icononzo y Alvarado, para asegurar que estas estaciones de poder sean espacios dignos de formaci\u00f3n y atenci\u00f3n permanente, donde *en lo corrido de este 2026, ya se han desarrollado 59 cursos para mujeres emprendedoras en todo el Tolima.<\/p>\n<p>Por otro lado, y en sinton\u00eda con las demandas del mundo actual, la gesti\u00f3n de la Secretar\u00eda de la Mujer tambi\u00e9n ha priorizado el cierre de la brecha digital a trav\u00e9s del convenio \u201cMujeres TIC\u201d junto a la Universidad del Tolima, con el que 30 emprendedoras del departamento no solo recibieron tablets como herramientas de trabajo, sino que hoy cuentan con sus propias p\u00e1ginas web para visibilizar sus productos ante el mundo.<\/p>\n<p>Por su parte, Martha S\u00e1nchez, directora de empoderamiento de la Secretar\u00eda de la Mujer, resalt\u00f3 que: \u00abestamos transformando la vida de las mujeres tolimenses garantizando, promoviendo e impulsando su autonom\u00eda econ\u00f3mica, procesos importantes que han permitido que ellas hoy dinamicen su econom\u00eda\u00bb.<\/p>\n<p>Adicionalmente, y para seguir contribuyendo al crecimiento del emprendimiento femenino en el Tolima, la Secretar\u00eda destin\u00f3 recursos al fortalecimiento productivo de 31 asociaciones en 17 municipios, los cuales se har\u00e1n efectivos este 24 de marzo, en el marco del mes de los derechos de las mujeres, con el Gran encuentro de asociaciones de mujeres, donde se beneficiar\u00e1n directamente 973 mujeres.<\/p>\n<p>Finalmente, la Secretar\u00eda de la Mujer, en alianza con la DIAN, sigue avanzando en la entrega de insumos textiles a diferentes asociaciones del departamento, una estrategia que ya ha fortalecido a m\u00e1s de 110 asociaciones entre 2025 y 2026, y que a\u00fan sigue en vigencia.<\/p>\n","protected":false},"excerpt":{"rendered":"<p>Con una importante inversi\u00f3n en Casas de la Mujer, la creaci\u00f3n y formalizaci\u00f3n de m\u00e1s de 30 asociaciones y el fortalecimiento de m\u00e1s de 140 asociaciones, la Secretar\u00eda de la Mujer transforma la realidad de miles de mujeres tolimenses bajo la premisa de que la autonom\u00eda econ\u00f3mica abre caminos. La<span class=\"more-link\"><a href=\"https:\/\/ciudadyregion.com.co\/index.php\/el-tolima-conmemora-el-mes-de-la-mujer-con-resultados-historicos-en-autonomia-economica-femenina\/regional\/\">Continuar Leyendo<\/a><\/span><\/p>\n","protected":false},"author":2,"featured_media":56939,"comment_status":"open","ping_status":"open","sticky":false,"template":"","format":"standard","meta":{"_uf_show_specific_survey":0,"_uf_disable_surveys":false,"_jetpack_memberships_contains_paid_content":false,"footnotes":"","jetpack_publicize_message":"","jetpack_publicize_feature_enabled":true,"jetpack_social_post_already_shared":true,"jetpack_social_options":{"image_generator_settings":{"template":"highway","enabled":false},"version":2}},"categories":[13],"tags":[],"class_list":["entry","author-diegoaguirre","post-56938","post","type-post","status-publish","format-standard","has-post-thumbnail","category-regional"],"jetpack_publicize_connections":[],"yoast_head":"<!-- This site is optimized with the Yoast SEO plugin v24.3 - https:\/\/yoast.com\/wordpress\/plugins\/seo\/ -->\n<title>El Tolima conmemora el Mes de la Mujer con resultados hist\u00f3ricos en autonom\u00eda econ\u00f3mica femenina - Ciudad y Region<\/title>\n<meta name=\"robots\" content=\"index, follow, max-snippet:-1, max-image-preview:large, max-video-preview:-1\" \/>\n<link rel=\"canonical\" href=\"https:\/\/ciudadyregion.com.co\/index.php\/el-tolima-conmemora-el-mes-de-la-mujer-con-resultados-historicos-en-autonomia-economica-femenina\/regional\/\" \/>\n<meta property=\"og:locale\" content=\"es_ES\" \/>\n<meta property=\"og:type\" content=\"article\" \/>\n<meta property=\"og:title\" content=\"El Tolima conmemora el Mes de la Mujer con resultados hist\u00f3ricos en autonom\u00eda econ\u00f3mica femenina - Ciudad y Region\" \/>\n<meta property=\"og:description\" content=\"Con una importante inversi\u00f3n en Casas de la Mujer, la creaci\u00f3n y formalizaci\u00f3n de m\u00e1s de 30 asociaciones y el fortalecimiento de m\u00e1s de 140 asociaciones, la Secretar\u00eda de la Mujer transforma la realidad de miles de mujeres tolimenses bajo la premisa de que la autonom\u00eda econ\u00f3mica abre caminos. LaContinuar Leyendo\" \/>\n<meta property=\"og:url\" content=\"https:\/\/ciudadyregion.com.co\/index.php\/el-tolima-conmemora-el-mes-de-la-mujer-con-resultados-historicos-en-autonomia-economica-femenina\/regional\/\" \/>\n<meta property=\"og:site_name\" content=\"Ciudad y Region\" \/>\n<meta property=\"article:published_time\" content=\"2026-03-09T17:41:13+00:00\" \/>\n<meta property=\"og:image\" content=\"https:\/\/ciudadyregion.com.co\/wp-content\/uploads\/2026\/03\/Pag-2026-03-09T123956.810.jpg\" \/>\n\t<meta property=\"og:image:width\" content=\"800\" \/>\n\t<meta property=\"og:image:height\" content=\"445\" \/>\n\t<meta property=\"og:image:type\" content=\"image\/jpeg\" \/>\n<meta name=\"author\" content=\"David Andr\u00e9s Aguirre\" \/>\n<meta name=\"twitter:card\" content=\"summary_large_image\" \/>\n<meta name=\"twitter:label1\" content=\"Escrito por\" \/>\n\t<meta name=\"twitter:data1\" content=\"David Andr\u00e9s Aguirre\" \/>\n\t<meta name=\"twitter:label2\" content=\"Tiempo de lectura\" \/>\n\t<meta name=\"twitter:data2\" content=\"4 minutos\" \/>\n<script type=\"application\/ld+json\" class=\"yoast-schema-graph\">{\"@context\":\"https:\/\/schema.org\",\"@graph\":[{\"@type\":\"WebPage\",\"@id\":\"https:\/\/ciudadyregion.com.co\/index.php\/el-tolima-conmemora-el-mes-de-la-mujer-con-resultados-historicos-en-autonomia-economica-femenina\/regional\/\",\"url\":\"https:\/\/ciudadyregion.com.co\/index.php\/el-tolima-conmemora-el-mes-de-la-mujer-con-resultados-historicos-en-autonomia-economica-femenina\/regional\/\",\"name\":\"El Tolima conmemora el Mes de la Mujer con resultados hist\u00f3ricos en autonom\u00eda econ\u00f3mica femenina - Ciudad y Region\",\"isPartOf\":{\"@id\":\"https:\/\/ciudadyregion.com.co\/#website\"},\"primaryImageOfPage\":{\"@id\":\"https:\/\/ciudadyregion.com.co\/index.php\/el-tolima-conmemora-el-mes-de-la-mujer-con-resultados-historicos-en-autonomia-economica-femenina\/regional\/#primaryimage\"},\"image\":{\"@id\":\"https:\/\/ciudadyregion.com.co\/index.php\/el-tolima-conmemora-el-mes-de-la-mujer-con-resultados-historicos-en-autonomia-economica-femenina\/regional\/#primaryimage\"},\"thumbnailUrl\":\"https:\/\/i0.wp.com\/ciudadyregion.com.co\/wp-content\/uploads\/2026\/03\/Pag-2026-03-09T123956.810.jpg?fit=800%2C445&ssl=1\",\"datePublished\":\"2026-03-09T17:41:13+00:00\",\"dateModified\":\"2026-03-09T17:41:13+00:00\",\"author\":{\"@id\":\"https:\/\/ciudadyregion.com.co\/#\/schema\/person\/04a4954373ebc4051f46e8c65ff78622\"},\"breadcrumb\":{\"@id\":\"https:\/\/ciudadyregion.com.co\/index.php\/el-tolima-conmemora-el-mes-de-la-mujer-con-resultados-historicos-en-autonomia-economica-femenina\/regional\/#breadcrumb\"},\"inLanguage\":\"es\",\"potentialAction\":[{\"@type\":\"ReadAction\",\"target\":[\"https:\/\/ciudadyregion.com.co\/index.php\/el-tolima-conmemora-el-mes-de-la-mujer-con-resultados-historicos-en-autonomia-economica-femenina\/regional\/\"]}]},{\"@type\":\"ImageObject\",\"inLanguage\":\"es\",\"@id\":\"https:\/\/ciudadyregion.com.co\/index.php\/el-tolima-conmemora-el-mes-de-la-mujer-con-resultados-historicos-en-autonomia-economica-femenina\/regional\/#primaryimage\",\"url\":\"https:\/\/i0.wp.com\/ciudadyregion.com.co\/wp-content\/uploads\/2026\/03\/Pag-2026-03-09T123956.810.jpg?fit=800%2C445&ssl=1\",\"contentUrl\":\"https:\/\/i0.wp.com\/ciudadyregion.com.co\/wp-content\/uploads\/2026\/03\/Pag-2026-03-09T123956.810.jpg?fit=800%2C445&ssl=1\",\"width\":800,\"height\":445},{\"@type\":\"BreadcrumbList\",\"@id\":\"https:\/\/ciudadyregion.com.co\/index.php\/el-tolima-conmemora-el-mes-de-la-mujer-con-resultados-historicos-en-autonomia-economica-femenina\/regional\/#breadcrumb\",\"itemListElement\":[{\"@type\":\"ListItem\",\"position\":1,\"name\":\"Portada\",\"item\":\"https:\/\/ciudadyregion.com.co\/\"},{\"@type\":\"ListItem\",\"position\":2,\"name\":\"El Tolima conmemora el Mes de la Mujer con resultados hist\u00f3ricos en autonom\u00eda econ\u00f3mica femenina\"}]},{\"@type\":\"WebSite\",\"@id\":\"https:\/\/ciudadyregion.com.co\/#website\",\"url\":\"https:\/\/ciudadyregion.com.co\/\",\"name\":\"Ciudad y Region\",\"description\":\"\",\"potentialAction\":[{\"@type\":\"SearchAction\",\"target\":{\"@type\":\"EntryPoint\",\"urlTemplate\":\"https:\/\/ciudadyregion.com.co\/?s={search_term_string}\"},\"query-input\":{\"@type\":\"PropertyValueSpecification\",\"valueRequired\":true,\"valueName\":\"search_term_string\"}}],\"inLanguage\":\"es\"},{\"@type\":\"Person\",\"@id\":\"https:\/\/ciudadyregion.com.co\/#\/schema\/person\/04a4954373ebc4051f46e8c65ff78622\",\"name\":\"David Andr\u00e9s Aguirre\",\"image\":{\"@type\":\"ImageObject\",\"inLanguage\":\"es\",\"@id\":\"https:\/\/ciudadyregion.com.co\/#\/schema\/person\/image\/\",\"url\":\"https:\/\/secure.gravatar.com\/avatar\/bc3c655860202182ee6d1b5edd042dbe?s=96&d=mm&r=g\",\"contentUrl\":\"https:\/\/secure.gravatar.com\/avatar\/bc3c655860202182ee6d1b5edd042dbe?s=96&d=mm&r=g\",\"caption\":\"David Andr\u00e9s Aguirre\"},\"url\":\"https:\/\/ciudadyregion.com.co\/index.php\/author\/diegoaguirre\/\"}]}<\/script>\n<!-- \/ Yoast SEO plugin. -->","yoast_head_json":{"title":"El Tolima conmemora el Mes de la Mujer con resultados hist\u00f3ricos en autonom\u00eda econ\u00f3mica femenina - Ciudad y Region","robots":{"index":"index","follow":"follow","max-snippet":"max-snippet:-1","max-image-preview":"max-image-preview:large","max-video-preview":"max-video-preview:-1"},"canonical":"https:\/\/ciudadyregion.com.co\/index.php\/el-tolima-conmemora-el-mes-de-la-mujer-con-resultados-historicos-en-autonomia-economica-femenina\/regional\/","og_locale":"es_ES","og_type":"article","og_title":"El Tolima conmemora el Mes de la Mujer con resultados hist\u00f3ricos en autonom\u00eda econ\u00f3mica femenina - Ciudad y Region","og_description":"Con una importante inversi\u00f3n en Casas de la Mujer, la creaci\u00f3n y formalizaci\u00f3n de m\u00e1s de 30 asociaciones y el fortalecimiento de m\u00e1s de 140 asociaciones, la Secretar\u00eda de la Mujer transforma la realidad de miles de mujeres tolimenses bajo la premisa de que la autonom\u00eda econ\u00f3mica abre caminos. LaContinuar Leyendo","og_url":"https:\/\/ciudadyregion.com.co\/index.php\/el-tolima-conmemora-el-mes-de-la-mujer-con-resultados-historicos-en-autonomia-economica-femenina\/regional\/","og_site_name":"Ciudad y Region","article_published_time":"2026-03-09T17:41:13+00:00","og_image":[{"width":800,"height":445,"url":"https:\/\/ciudadyregion.com.co\/wp-content\/uploads\/2026\/03\/Pag-2026-03-09T123956.810.jpg","type":"image\/jpeg"}],"author":"David Andr\u00e9s Aguirre","twitter_card":"summary_large_image","twitter_misc":{"Escrito por":"David Andr\u00e9s Aguirre","Tiempo de lectura":"4 minutos"},"schema":{"@context":"https:\/\/schema.org","@graph":[{"@type":"WebPage","@id":"https:\/\/ciudadyregion.com.co\/index.php\/el-tolima-conmemora-el-mes-de-la-mujer-con-resultados-historicos-en-autonomia-economica-femenina\/regional\/","url":"https:\/\/ciudadyregion.com.co\/index.php\/el-tolima-conmemora-el-mes-de-la-mujer-con-resultados-historicos-en-autonomia-economica-femenina\/regional\/","name":"El Tolima conmemora el Mes de la Mujer con resultados hist\u00f3ricos en autonom\u00eda econ\u00f3mica femenina - Ciudad y Region","isPartOf":{"@id":"https:\/\/ciudadyregion.com.co\/#website"},"primaryImageOfPage":{"@id":"https:\/\/ciudadyregion.com.co\/index.php\/el-tolima-conmemora-el-mes-de-la-mujer-con-resultados-historicos-en-autonomia-economica-femenina\/regional\/#primaryimage"},"image":{"@id":"https:\/\/ciudadyregion.com.co\/index.php\/el-tolima-conmemora-el-mes-de-la-mujer-con-resultados-historicos-en-autonomia-economica-femenina\/regional\/#primaryimage"},"thumbnailUrl":"https:\/\/i0.wp.com\/ciudadyregion.com.co\/wp-content\/uploads\/2026\/03\/Pag-2026-03-09T123956.810.jpg?fit=800%2C445&ssl=1","datePublished":"2026-03-09T17:41:13+00:00","dateModified":"2026-03-09T17:41:13+00:00","author":{"@id":"https:\/\/ciudadyregion.com.co\/#\/schema\/person\/04a4954373ebc4051f46e8c65ff78622"},"breadcrumb":{"@id":"https:\/\/ciudadyregion.com.co\/index.php\/el-tolima-conmemora-el-mes-de-la-mujer-con-resultados-historicos-en-autonomia-economica-femenina\/regional\/#breadcrumb"},"inLanguage":"es","potentialAction":[{"@type":"ReadAction","target":["https:\/\/ciudadyregion.com.co\/index.php\/el-tolima-conmemora-el-mes-de-la-mujer-con-resultados-historicos-en-autonomia-economica-femenina\/regional\/"]}]},{"@type":"ImageObject","inLanguage":"es","@id":"https:\/\/ciudadyregion.com.co\/index.php\/el-tolima-conmemora-el-mes-de-la-mujer-con-resultados-historicos-en-autonomia-economica-femenina\/regional\/#primaryimage","url":"https:\/\/i0.wp.com\/ciudadyregion.com.co\/wp-content\/uploads\/2026\/03\/Pag-2026-03-09T123956.810.jpg?fit=800%2C445&ssl=1","contentUrl":"https:\/\/i0.wp.com\/ciudadyregion.com.co\/wp-content\/uploads\/2026\/03\/Pag-2026-03-09T123956.810.jpg?fit=800%2C445&ssl=1","width":800,"height":445},{"@type":"BreadcrumbList","@id":"https:\/\/ciudadyregion.com.co\/index.php\/el-tolima-conmemora-el-mes-de-la-mujer-con-resultados-historicos-en-autonomia-economica-femenina\/regional\/#breadcrumb","itemListElement":[{"@type":"ListItem","position":1,"name":"Portada","item":"https:\/\/ciudadyregion.com.co\/"},{"@type":"ListItem","position":2,"name":"El Tolima conmemora el Mes de la Mujer con resultados hist\u00f3ricos en autonom\u00eda econ\u00f3mica femenina"}]},{"@type":"WebSite","@id":"https:\/\/ciudadyregion.com.co\/#website","url":"https:\/\/ciudadyregion.com.co\/","name":"Ciudad y Region","description":"","potentialAction":[{"@type":"SearchAction","target":{"@type":"EntryPoint","urlTemplate":"https:\/\/ciudadyregion.com.co\/?s={search_term_string}"},"query-input":{"@type":"PropertyValueSpecification","valueRequired":true,"valueName":"search_term_string"}}],"inLanguage":"es"},{"@type":"Person","@id":"https:\/\/ciudadyregion.com.co\/#\/schema\/person\/04a4954373ebc4051f46e8c65ff78622","name":"David Andr\u00e9s Aguirre","image":{"@type":"ImageObject","inLanguage":"es","@id":"https:\/\/ciudadyregion.com.co\/#\/schema\/person\/image\/","url":"https:\/\/secure.gravatar.com\/avatar\/bc3c655860202182ee6d1b5edd042dbe?s=96&d=mm&r=g","contentUrl":"https:\/\/secure.gravatar.com\/avatar\/bc3c655860202182ee6d1b5edd042dbe?s=96&d=mm&r=g","caption":"David Andr\u00e9s Aguirre"},"url":"https:\/\/ciudadyregion.com.co\/index.php\/author\/diegoaguirre\/"}]}},"jetpack_featured_media_url":"https:\/\/i0.wp.com\/ciudadyregion.com.co\/wp-content\/uploads\/2026\/03\/Pag-2026-03-09T123956.810.jpg?fit=800%2C445&ssl=1","jetpack_sharing_enabled":true,"jetpack_shortlink":"https:\/\/wp.me\/pbS7hh-eOm","jetpack-related-posts":[],"_links":{"self":[{"href":"https:\/\/ciudadyregion.com.co\/index.php\/wp-json\/wp\/v2\/posts\/56938"}],"collection":[{"href":"https:\/\/ciudadyregion.com.co\/index.php\/wp-json\/wp\/v2\/posts"}],"about":[{"href":"https:\/\/ciudadyregion.com.co\/index.php\/wp-json\/wp\/v2\/types\/post"}],"author":[{"embeddable":true,"href":"https:\/\/ciudadyregion.com.co\/index.php\/wp-json\/wp\/v2\/users\/2"}],"replies":[{"embeddable":true,"href":"https:\/\/ciudadyregion.com.co\/index.php\/wp-json\/wp\/v2\/comments?post=56938"}],"version-history":[{"count":1,"href":"https:\/\/ciudadyregion.com.co\/index.php\/wp-json\/wp\/v2\/posts\/56938\/revisions"}],"predecessor-version":[{"id":56940,"href":"https:\/\/ciudadyregion.com.co\/index.php\/wp-json\/wp\/v2\/posts\/56938\/revisions\/56940"}],"wp:featuredmedia":[{"embeddable":true,"href":"https:\/\/ciudadyregion.com.co\/index.php\/wp-json\/wp\/v2\/media\/56939"}],"wp:attachment":[{"href":"https:\/\/ciudadyregion.com.co\/index.php\/wp-json\/wp\/v2\/media?parent=56938"}],"wp:term":[{"taxonomy":"category","embeddable":true,"href":"https:\/\/ciudadyregion.com.co\/index.php\/wp-json\/wp\/v2\/categories?post=56938"},{"taxonomy":"post_tag","embeddable":true,"href":"https:\/\/ciudadyregion.com.co\/index.php\/wp-json\/wp\/v2\/tags?post=56938"}],"curies":[{"name":"wp","href":"https:\/\/api.w.org\/{rel}","templated":true}]}}