{"id":56924,"date":"2026-03-09T10:00:15","date_gmt":"2026-03-09T15:00:15","guid":{"rendered":"https:\/\/ciudadyregion.com.co\/?p=56924"},"modified":"2026-03-09T10:00:15","modified_gmt":"2026-03-09T15:00:15","slug":"judicializan-a-un-hombre-senalado-de-abusar-sexualmente-de-su-hija-e-hijastra-en-cartagena-bolivar","status":"publish","type":"post","link":"https:\/\/ciudadyregion.com.co\/index.php\/judicializan-a-un-hombre-senalado-de-abusar-sexualmente-de-su-hija-e-hijastra-en-cartagena-bolivar\/judicial\/","title":{"rendered":"Judicializan a un hombre se\u00f1alado de abusar sexualmente de su hija e hijastra en Cartagena (Bol\u00edvar)"},"content":{"rendered":"<blockquote>\n<h4><strong><i>Los hechos ocurrieron, entre los a\u00f1os 2021 y 2025 en el corregimiento de La Boquilla de Cartagena (Bol\u00edvar). Las v\u00edctimas fueron dos menores de 9 y 11 a\u00f1os.<\/i>\u00a0<\/strong><\/h4>\n<\/blockquote>\n<p><span data-contrast=\"none\">Por petici\u00f3n de una fiscal del Centro de Atenci\u00f3n Integral a V\u00edctimas de Abuso Sexual (Caivas) de la Seccional Bol\u00edvar, un juez con funciones de control de garant\u00edas impuso medida de aseguramiento en establecimiento carcelario a un hombre se\u00f1alado de abusar sexualmente de su hija biol\u00f3gica, al igual que de su hijastra.<\/span><span data-ccp-props=\"{&quot;134233117&quot;:false,&quot;134233118&quot;:false,&quot;335551550&quot;:6,&quot;335551620&quot;:6,&quot;335557856&quot;:16777215,&quot;335559738&quot;:240,&quot;335559739&quot;:240}\">\u00a0<\/span><\/p>\n<p><span data-contrast=\"none\">La Fiscal\u00eda evidenci\u00f3 que los hechos ocurrieron, entre los a\u00f1os 2021 y 2025, en el corregimiento de La Boquilla, jurisdicci\u00f3n de Cartagena (Bol\u00edvar). Durante este lapso, el procesado de 45 a\u00f1os, al parecer, someti\u00f3 a las menores de 9 y 11 a\u00f1os a tocamientos de \u00edndole sexual, adem\u00e1s de accederlas carnalmente.<\/span><span data-ccp-props=\"{&quot;134233117&quot;:false,&quot;134233118&quot;:false,&quot;335551550&quot;:6,&quot;335551620&quot;:6,&quot;335557856&quot;:16777215,&quot;335559738&quot;:240,&quot;335559739&quot;:240}\">\u00a0<\/span><\/p>\n<p><span data-contrast=\"none\">Por estos hechos servidores del Cuerpo T\u00e9cnico de Investigaci\u00f3n (CTI) capturaron al se\u00f1alado abusador el pasado 23 de febrero en el municipio de Turbaco (Bol\u00edvar). La Fiscal\u00eda le imput\u00f3 los delitos de acceso carnal abusivo con menor de 14 a\u00f1os y actos sexuales con menor de 14 a\u00f1os, ambas conductas agravadas. Ninguno de los cargos fue aceptado.<\/span><span data-ccp-props=\"{&quot;134233117&quot;:false,&quot;134233118&quot;:false,&quot;335551550&quot;:6,&quot;335551620&quot;:6,&quot;335557856&quot;:16777215,&quot;335559738&quot;:240,&quot;335559739&quot;:240}\">\u00a0<\/span><\/p>\n","protected":false},"excerpt":{"rendered":"<p>Los hechos ocurrieron, entre los a\u00f1os 2021 y 2025 en el corregimiento de La Boquilla de Cartagena (Bol\u00edvar). Las v\u00edctimas fueron dos menores de 9 y 11 a\u00f1os.\u00a0 Por petici\u00f3n de una fiscal del Centro de Atenci\u00f3n Integral a V\u00edctimas de Abuso Sexual (Caivas) de la Seccional Bol\u00edvar, un juez<span class=\"more-link\"><a href=\"https:\/\/ciudadyregion.com.co\/index.php\/judicializan-a-un-hombre-senalado-de-abusar-sexualmente-de-su-hija-e-hijastra-en-cartagena-bolivar\/judicial\/\">Continuar Leyendo<\/a><\/span><\/p>\n","protected":false},"author":2,"featured_media":44096,"comment_status":"open","ping_status":"open","sticky":false,"template":"","format":"standard","meta":{"_uf_show_specific_survey":0,"_uf_disable_surveys":false,"_jetpack_memberships_contains_paid_content":false,"footnotes":"","jetpack_publicize_message":"","jetpack_publicize_feature_enabled":true,"jetpack_social_post_already_shared":true,"jetpack_social_options":{"image_generator_settings":{"template":"highway","enabled":false},"version":2}},"categories":[18],"tags":[],"class_list":["entry","author-diegoaguirre","post-56924","post","type-post","status-publish","format-standard","has-post-thumbnail","category-judicial"],"jetpack_publicize_connections":[],"yoast_head":"<!-- This site is optimized with the Yoast SEO plugin v24.3 - https:\/\/yoast.com\/wordpress\/plugins\/seo\/ -->\n<title>Judicializan a un hombre se\u00f1alado de abusar sexualmente de su hija e hijastra en Cartagena (Bol\u00edvar) - Ciudad y Region<\/title>\n<meta name=\"robots\" content=\"index, follow, max-snippet:-1, max-image-preview:large, max-video-preview:-1\" \/>\n<link rel=\"canonical\" href=\"https:\/\/ciudadyregion.com.co\/index.php\/judicializan-a-un-hombre-senalado-de-abusar-sexualmente-de-su-hija-e-hijastra-en-cartagena-bolivar\/judicial\/\" \/>\n<meta property=\"og:locale\" content=\"es_ES\" \/>\n<meta property=\"og:type\" content=\"article\" \/>\n<meta property=\"og:title\" content=\"Judicializan a un hombre se\u00f1alado de abusar sexualmente de su hija e hijastra en Cartagena (Bol\u00edvar) - Ciudad y Region\" \/>\n<meta property=\"og:description\" content=\"Los hechos ocurrieron, entre los a\u00f1os 2021 y 2025 en el corregimiento de La Boquilla de Cartagena (Bol\u00edvar). Las v\u00edctimas fueron dos menores de 9 y 11 a\u00f1os.\u00a0 Por petici\u00f3n de una fiscal del Centro de Atenci\u00f3n Integral a V\u00edctimas de Abuso Sexual (Caivas) de la Seccional Bol\u00edvar, un juezContinuar Leyendo\" \/>\n<meta property=\"og:url\" content=\"https:\/\/ciudadyregion.com.co\/index.php\/judicializan-a-un-hombre-senalado-de-abusar-sexualmente-de-su-hija-e-hijastra-en-cartagena-bolivar\/judicial\/\" \/>\n<meta property=\"og:site_name\" content=\"Ciudad y Region\" \/>\n<meta property=\"article:published_time\" content=\"2026-03-09T15:00:15+00:00\" \/>\n<meta property=\"og:image\" content=\"https:\/\/ciudadyregion.com.co\/wp-content\/uploads\/2025\/09\/abuso.jpg\" \/>\n\t<meta property=\"og:image:width\" content=\"800\" \/>\n\t<meta property=\"og:image:height\" content=\"445\" \/>\n\t<meta property=\"og:image:type\" content=\"image\/jpeg\" \/>\n<meta name=\"author\" content=\"David Andr\u00e9s Aguirre\" \/>\n<meta name=\"twitter:card\" content=\"summary_large_image\" \/>\n<meta name=\"twitter:label1\" content=\"Escrito por\" \/>\n\t<meta name=\"twitter:data1\" content=\"David Andr\u00e9s Aguirre\" \/>\n\t<meta name=\"twitter:label2\" content=\"Tiempo de lectura\" \/>\n\t<meta name=\"twitter:data2\" content=\"1 minuto\" \/>\n<script type=\"application\/ld+json\" class=\"yoast-schema-graph\">{\"@context\":\"https:\/\/schema.org\",\"@graph\":[{\"@type\":\"WebPage\",\"@id\":\"https:\/\/ciudadyregion.com.co\/index.php\/judicializan-a-un-hombre-senalado-de-abusar-sexualmente-de-su-hija-e-hijastra-en-cartagena-bolivar\/judicial\/\",\"url\":\"https:\/\/ciudadyregion.com.co\/index.php\/judicializan-a-un-hombre-senalado-de-abusar-sexualmente-de-su-hija-e-hijastra-en-cartagena-bolivar\/judicial\/\",\"name\":\"Judicializan a un hombre se\u00f1alado de abusar sexualmente de su hija e hijastra en Cartagena (Bol\u00edvar) - Ciudad y Region\",\"isPartOf\":{\"@id\":\"https:\/\/ciudadyregion.com.co\/#website\"},\"primaryImageOfPage\":{\"@id\":\"https:\/\/ciudadyregion.com.co\/index.php\/judicializan-a-un-hombre-senalado-de-abusar-sexualmente-de-su-hija-e-hijastra-en-cartagena-bolivar\/judicial\/#primaryimage\"},\"image\":{\"@id\":\"https:\/\/ciudadyregion.com.co\/index.php\/judicializan-a-un-hombre-senalado-de-abusar-sexualmente-de-su-hija-e-hijastra-en-cartagena-bolivar\/judicial\/#primaryimage\"},\"thumbnailUrl\":\"https:\/\/i0.wp.com\/ciudadyregion.com.co\/wp-content\/uploads\/2025\/09\/abuso.jpg?fit=800%2C445&ssl=1\",\"datePublished\":\"2026-03-09T15:00:15+00:00\",\"dateModified\":\"2026-03-09T15:00:15+00:00\",\"author\":{\"@id\":\"https:\/\/ciudadyregion.com.co\/#\/schema\/person\/04a4954373ebc4051f46e8c65ff78622\"},\"breadcrumb\":{\"@id\":\"https:\/\/ciudadyregion.com.co\/index.php\/judicializan-a-un-hombre-senalado-de-abusar-sexualmente-de-su-hija-e-hijastra-en-cartagena-bolivar\/judicial\/#breadcrumb\"},\"inLanguage\":\"es\",\"potentialAction\":[{\"@type\":\"ReadAction\",\"target\":[\"https:\/\/ciudadyregion.com.co\/index.php\/judicializan-a-un-hombre-senalado-de-abusar-sexualmente-de-su-hija-e-hijastra-en-cartagena-bolivar\/judicial\/\"]}]},{\"@type\":\"ImageObject\",\"inLanguage\":\"es\",\"@id\":\"https:\/\/ciudadyregion.com.co\/index.php\/judicializan-a-un-hombre-senalado-de-abusar-sexualmente-de-su-hija-e-hijastra-en-cartagena-bolivar\/judicial\/#primaryimage\",\"url\":\"https:\/\/i0.wp.com\/ciudadyregion.com.co\/wp-content\/uploads\/2025\/09\/abuso.jpg?fit=800%2C445&ssl=1\",\"contentUrl\":\"https:\/\/i0.wp.com\/ciudadyregion.com.co\/wp-content\/uploads\/2025\/09\/abuso.jpg?fit=800%2C445&ssl=1\",\"width\":800,\"height\":445},{\"@type\":\"BreadcrumbList\",\"@id\":\"https:\/\/ciudadyregion.com.co\/index.php\/judicializan-a-un-hombre-senalado-de-abusar-sexualmente-de-su-hija-e-hijastra-en-cartagena-bolivar\/judicial\/#breadcrumb\",\"itemListElement\":[{\"@type\":\"ListItem\",\"position\":1,\"name\":\"Portada\",\"item\":\"https:\/\/ciudadyregion.com.co\/\"},{\"@type\":\"ListItem\",\"position\":2,\"name\":\"Judicializan a un hombre se\u00f1alado de abusar sexualmente de su hija e hijastra en Cartagena (Bol\u00edvar)\"}]},{\"@type\":\"WebSite\",\"@id\":\"https:\/\/ciudadyregion.com.co\/#website\",\"url\":\"https:\/\/ciudadyregion.com.co\/\",\"name\":\"Ciudad y Region\",\"description\":\"\",\"potentialAction\":[{\"@type\":\"SearchAction\",\"target\":{\"@type\":\"EntryPoint\",\"urlTemplate\":\"https:\/\/ciudadyregion.com.co\/?s={search_term_string}\"},\"query-input\":{\"@type\":\"PropertyValueSpecification\",\"valueRequired\":true,\"valueName\":\"search_term_string\"}}],\"inLanguage\":\"es\"},{\"@type\":\"Person\",\"@id\":\"https:\/\/ciudadyregion.com.co\/#\/schema\/person\/04a4954373ebc4051f46e8c65ff78622\",\"name\":\"David Andr\u00e9s Aguirre\",\"image\":{\"@type\":\"ImageObject\",\"inLanguage\":\"es\",\"@id\":\"https:\/\/ciudadyregion.com.co\/#\/schema\/person\/image\/\",\"url\":\"https:\/\/secure.gravatar.com\/avatar\/bc3c655860202182ee6d1b5edd042dbe?s=96&d=mm&r=g\",\"contentUrl\":\"https:\/\/secure.gravatar.com\/avatar\/bc3c655860202182ee6d1b5edd042dbe?s=96&d=mm&r=g\",\"caption\":\"David Andr\u00e9s Aguirre\"},\"url\":\"https:\/\/ciudadyregion.com.co\/index.php\/author\/diegoaguirre\/\"}]}<\/script>\n<!-- \/ Yoast SEO plugin. -->","yoast_head_json":{"title":"Judicializan a un hombre se\u00f1alado de abusar sexualmente de su hija e hijastra en Cartagena (Bol\u00edvar) - Ciudad y Region","robots":{"index":"index","follow":"follow","max-snippet":"max-snippet:-1","max-image-preview":"max-image-preview:large","max-video-preview":"max-video-preview:-1"},"canonical":"https:\/\/ciudadyregion.com.co\/index.php\/judicializan-a-un-hombre-senalado-de-abusar-sexualmente-de-su-hija-e-hijastra-en-cartagena-bolivar\/judicial\/","og_locale":"es_ES","og_type":"article","og_title":"Judicializan a un hombre se\u00f1alado de abusar sexualmente de su hija e hijastra en Cartagena (Bol\u00edvar) - Ciudad y Region","og_description":"Los hechos ocurrieron, entre los a\u00f1os 2021 y 2025 en el corregimiento de La Boquilla de Cartagena (Bol\u00edvar). Las v\u00edctimas fueron dos menores de 9 y 11 a\u00f1os.\u00a0 Por petici\u00f3n de una fiscal del Centro de Atenci\u00f3n Integral a V\u00edctimas de Abuso Sexual (Caivas) de la Seccional Bol\u00edvar, un juezContinuar Leyendo","og_url":"https:\/\/ciudadyregion.com.co\/index.php\/judicializan-a-un-hombre-senalado-de-abusar-sexualmente-de-su-hija-e-hijastra-en-cartagena-bolivar\/judicial\/","og_site_name":"Ciudad y Region","article_published_time":"2026-03-09T15:00:15+00:00","og_image":[{"width":800,"height":445,"url":"https:\/\/ciudadyregion.com.co\/wp-content\/uploads\/2025\/09\/abuso.jpg","type":"image\/jpeg"}],"author":"David Andr\u00e9s Aguirre","twitter_card":"summary_large_image","twitter_misc":{"Escrito por":"David Andr\u00e9s Aguirre","Tiempo de lectura":"1 minuto"},"schema":{"@context":"https:\/\/schema.org","@graph":[{"@type":"WebPage","@id":"https:\/\/ciudadyregion.com.co\/index.php\/judicializan-a-un-hombre-senalado-de-abusar-sexualmente-de-su-hija-e-hijastra-en-cartagena-bolivar\/judicial\/","url":"https:\/\/ciudadyregion.com.co\/index.php\/judicializan-a-un-hombre-senalado-de-abusar-sexualmente-de-su-hija-e-hijastra-en-cartagena-bolivar\/judicial\/","name":"Judicializan a un hombre se\u00f1alado de abusar sexualmente de su hija e hijastra en Cartagena (Bol\u00edvar) - Ciudad y Region","isPartOf":{"@id":"https:\/\/ciudadyregion.com.co\/#website"},"primaryImageOfPage":{"@id":"https:\/\/ciudadyregion.com.co\/index.php\/judicializan-a-un-hombre-senalado-de-abusar-sexualmente-de-su-hija-e-hijastra-en-cartagena-bolivar\/judicial\/#primaryimage"},"image":{"@id":"https:\/\/ciudadyregion.com.co\/index.php\/judicializan-a-un-hombre-senalado-de-abusar-sexualmente-de-su-hija-e-hijastra-en-cartagena-bolivar\/judicial\/#primaryimage"},"thumbnailUrl":"https:\/\/i0.wp.com\/ciudadyregion.com.co\/wp-content\/uploads\/2025\/09\/abuso.jpg?fit=800%2C445&ssl=1","datePublished":"2026-03-09T15:00:15+00:00","dateModified":"2026-03-09T15:00:15+00:00","author":{"@id":"https:\/\/ciudadyregion.com.co\/#\/schema\/person\/04a4954373ebc4051f46e8c65ff78622"},"breadcrumb":{"@id":"https:\/\/ciudadyregion.com.co\/index.php\/judicializan-a-un-hombre-senalado-de-abusar-sexualmente-de-su-hija-e-hijastra-en-cartagena-bolivar\/judicial\/#breadcrumb"},"inLanguage":"es","potentialAction":[{"@type":"ReadAction","target":["https:\/\/ciudadyregion.com.co\/index.php\/judicializan-a-un-hombre-senalado-de-abusar-sexualmente-de-su-hija-e-hijastra-en-cartagena-bolivar\/judicial\/"]}]},{"@type":"ImageObject","inLanguage":"es","@id":"https:\/\/ciudadyregion.com.co\/index.php\/judicializan-a-un-hombre-senalado-de-abusar-sexualmente-de-su-hija-e-hijastra-en-cartagena-bolivar\/judicial\/#primaryimage","url":"https:\/\/i0.wp.com\/ciudadyregion.com.co\/wp-content\/uploads\/2025\/09\/abuso.jpg?fit=800%2C445&ssl=1","contentUrl":"https:\/\/i0.wp.com\/ciudadyregion.com.co\/wp-content\/uploads\/2025\/09\/abuso.jpg?fit=800%2C445&ssl=1","width":800,"height":445},{"@type":"BreadcrumbList","@id":"https:\/\/ciudadyregion.com.co\/index.php\/judicializan-a-un-hombre-senalado-de-abusar-sexualmente-de-su-hija-e-hijastra-en-cartagena-bolivar\/judicial\/#breadcrumb","itemListElement":[{"@type":"ListItem","position":1,"name":"Portada","item":"https:\/\/ciudadyregion.com.co\/"},{"@type":"ListItem","position":2,"name":"Judicializan a un hombre se\u00f1alado de abusar sexualmente de su hija e hijastra en Cartagena (Bol\u00edvar)"}]},{"@type":"WebSite","@id":"https:\/\/ciudadyregion.com.co\/#website","url":"https:\/\/ciudadyregion.com.co\/","name":"Ciudad y Region","description":"","potentialAction":[{"@type":"SearchAction","target":{"@type":"EntryPoint","urlTemplate":"https:\/\/ciudadyregion.com.co\/?s={search_term_string}"},"query-input":{"@type":"PropertyValueSpecification","valueRequired":true,"valueName":"search_term_string"}}],"inLanguage":"es"},{"@type":"Person","@id":"https:\/\/ciudadyregion.com.co\/#\/schema\/person\/04a4954373ebc4051f46e8c65ff78622","name":"David Andr\u00e9s Aguirre","image":{"@type":"ImageObject","inLanguage":"es","@id":"https:\/\/ciudadyregion.com.co\/#\/schema\/person\/image\/","url":"https:\/\/secure.gravatar.com\/avatar\/bc3c655860202182ee6d1b5edd042dbe?s=96&d=mm&r=g","contentUrl":"https:\/\/secure.gravatar.com\/avatar\/bc3c655860202182ee6d1b5edd042dbe?s=96&d=mm&r=g","caption":"David Andr\u00e9s Aguirre"},"url":"https:\/\/ciudadyregion.com.co\/index.php\/author\/diegoaguirre\/"}]}},"jetpack_featured_media_url":"https:\/\/i0.wp.com\/ciudadyregion.com.co\/wp-content\/uploads\/2025\/09\/abuso.jpg?fit=800%2C445&ssl=1","jetpack_sharing_enabled":true,"jetpack_shortlink":"https:\/\/wp.me\/pbS7hh-eO8","jetpack-related-posts":[],"_links":{"self":[{"href":"https:\/\/ciudadyregion.com.co\/index.php\/wp-json\/wp\/v2\/posts\/56924"}],"collection":[{"href":"https:\/\/ciudadyregion.com.co\/index.php\/wp-json\/wp\/v2\/posts"}],"about":[{"href":"https:\/\/ciudadyregion.com.co\/index.php\/wp-json\/wp\/v2\/types\/post"}],"author":[{"embeddable":true,"href":"https:\/\/ciudadyregion.com.co\/index.php\/wp-json\/wp\/v2\/users\/2"}],"replies":[{"embeddable":true,"href":"https:\/\/ciudadyregion.com.co\/index.php\/wp-json\/wp\/v2\/comments?post=56924"}],"version-history":[{"count":1,"href":"https:\/\/ciudadyregion.com.co\/index.php\/wp-json\/wp\/v2\/posts\/56924\/revisions"}],"predecessor-version":[{"id":56925,"href":"https:\/\/ciudadyregion.com.co\/index.php\/wp-json\/wp\/v2\/posts\/56924\/revisions\/56925"}],"wp:featuredmedia":[{"embeddable":true,"href":"https:\/\/ciudadyregion.com.co\/index.php\/wp-json\/wp\/v2\/media\/44096"}],"wp:attachment":[{"href":"https:\/\/ciudadyregion.com.co\/index.php\/wp-json\/wp\/v2\/media?parent=56924"}],"wp:term":[{"taxonomy":"category","embeddable":true,"href":"https:\/\/ciudadyregion.com.co\/index.php\/wp-json\/wp\/v2\/categories?post=56924"},{"taxonomy":"post_tag","embeddable":true,"href":"https:\/\/ciudadyregion.com.co\/index.php\/wp-json\/wp\/v2\/tags?post=56924"}],"curies":[{"name":"wp","href":"https:\/\/api.w.org\/{rel}","templated":true}]}}