{"id":56918,"date":"2026-03-09T09:55:11","date_gmt":"2026-03-09T14:55:11","guid":{"rendered":"https:\/\/ciudadyregion.com.co\/?p=56918"},"modified":"2026-03-09T09:55:11","modified_gmt":"2026-03-09T14:55:11","slug":"asegurado-un-hombre-senalado-de-pretender-salir-del-pais-con-mas-de-un-kilo-de-extasis","status":"publish","type":"post","link":"https:\/\/ciudadyregion.com.co\/index.php\/asegurado-un-hombre-senalado-de-pretender-salir-del-pais-con-mas-de-un-kilo-de-extasis\/judicial\/","title":{"rendered":"Asegurado un hombre se\u00f1alado de pretender salir del pa\u00eds con m\u00e1s de un kilo de \u00e9xtasis"},"content":{"rendered":"<blockquote>\n<h4><strong><i>El estupefaciente estaba envasado en tres frascos de especias.\u00a0<\/i>\u00a0<\/strong><\/h4>\n<\/blockquote>\n<p><span data-contrast=\"none\">La\u00a0Fiscal\u00eda General\u00a0de la Naci\u00f3n present\u00f3 ante un juez con funci\u00f3n de control de garant\u00edas a\u00a0Jaime Alexis Barrera Castillo, de 43 a\u00f1os\u00a0quien, al parecer, pretend\u00eda salir del pa\u00eds con\u00a0<\/span><span data-contrast=\"none\">1.047,75 gramos de \u00e9xtasis.<\/span><span data-ccp-props=\"{&quot;335551550&quot;:6,&quot;335551620&quot;:6}\">\u00a0<\/span><\/p>\n<p><span data-contrast=\"none\">El hombre fue capturado, en flagrancia el pasado 2 de marzo en el aeropuerto de Palmira, en momentos en que se estima quer\u00eda abordar un vuelo hacia Chile.\u00a0En su equipaje las autoridades hallaron la sustancia ilegal camuflada en frascos de especias.<\/span><span data-ccp-props=\"{&quot;335551550&quot;:6,&quot;335551620&quot;:6,&quot;335557856&quot;:16777215}\">\u00a0<\/span><\/p>\n<p><span data-contrast=\"none\">El procesado fue imputado por un fiscal de la Seccional Cali como probable responsable del delito de tr\u00e1fico, fabricaci\u00f3n o porte de estupefacientes.\u00a0<\/span><span data-contrast=\"auto\">Por decisi\u00f3n judicial, Barrera Castillo, quien no acept\u00f3 los cargos formulados\u00a0en su contra, deber\u00e1\u00a0cumplir la medida de aseguramiento en centro carcelario.<\/span><span data-ccp-props=\"{&quot;335551550&quot;:6,&quot;335551620&quot;:6,&quot;335557856&quot;:16777215}\">\u00a0<\/span><\/p>\n","protected":false},"excerpt":{"rendered":"<p>El estupefaciente estaba envasado en tres frascos de especias.\u00a0\u00a0 La\u00a0Fiscal\u00eda General\u00a0de la Naci\u00f3n present\u00f3 ante un juez con funci\u00f3n de control de garant\u00edas a\u00a0Jaime Alexis Barrera Castillo, de 43 a\u00f1os\u00a0quien, al parecer, pretend\u00eda salir del pa\u00eds con\u00a01.047,75 gramos de \u00e9xtasis.\u00a0 El hombre fue capturado, en flagrancia el pasado 2 de<span class=\"more-link\"><a href=\"https:\/\/ciudadyregion.com.co\/index.php\/asegurado-un-hombre-senalado-de-pretender-salir-del-pais-con-mas-de-un-kilo-de-extasis\/judicial\/\">Continuar Leyendo<\/a><\/span><\/p>\n","protected":false},"author":2,"featured_media":56919,"comment_status":"open","ping_status":"open","sticky":false,"template":"","format":"standard","meta":{"_uf_show_specific_survey":0,"_uf_disable_surveys":false,"_jetpack_memberships_contains_paid_content":false,"footnotes":"","jetpack_publicize_message":"","jetpack_publicize_feature_enabled":true,"jetpack_social_post_already_shared":true,"jetpack_social_options":{"image_generator_settings":{"template":"highway","enabled":false},"version":2}},"categories":[18],"tags":[],"class_list":["entry","author-diegoaguirre","post-56918","post","type-post","status-publish","format-standard","has-post-thumbnail","category-judicial"],"jetpack_publicize_connections":[],"yoast_head":"<!-- This site is optimized with the Yoast SEO plugin v24.3 - https:\/\/yoast.com\/wordpress\/plugins\/seo\/ -->\n<title>Asegurado un hombre se\u00f1alado de pretender salir del pa\u00eds con m\u00e1s de un kilo de \u00e9xtasis - Ciudad y Region<\/title>\n<meta name=\"robots\" content=\"index, follow, max-snippet:-1, max-image-preview:large, max-video-preview:-1\" \/>\n<link rel=\"canonical\" href=\"https:\/\/ciudadyregion.com.co\/index.php\/asegurado-un-hombre-senalado-de-pretender-salir-del-pais-con-mas-de-un-kilo-de-extasis\/judicial\/\" \/>\n<meta property=\"og:locale\" content=\"es_ES\" \/>\n<meta property=\"og:type\" content=\"article\" \/>\n<meta property=\"og:title\" content=\"Asegurado un hombre se\u00f1alado de pretender salir del pa\u00eds con m\u00e1s de un kilo de \u00e9xtasis - Ciudad y Region\" \/>\n<meta property=\"og:description\" content=\"El estupefaciente estaba envasado en tres frascos de especias.\u00a0\u00a0 La\u00a0Fiscal\u00eda General\u00a0de la Naci\u00f3n present\u00f3 ante un juez con funci\u00f3n de control de garant\u00edas a\u00a0Jaime Alexis Barrera Castillo, de 43 a\u00f1os\u00a0quien, al parecer, pretend\u00eda salir del pa\u00eds con\u00a01.047,75 gramos de \u00e9xtasis.\u00a0 El hombre fue capturado, en flagrancia el pasado 2 deContinuar Leyendo\" \/>\n<meta property=\"og:url\" content=\"https:\/\/ciudadyregion.com.co\/index.php\/asegurado-un-hombre-senalado-de-pretender-salir-del-pais-con-mas-de-un-kilo-de-extasis\/judicial\/\" \/>\n<meta property=\"og:site_name\" content=\"Ciudad y Region\" \/>\n<meta property=\"article:published_time\" content=\"2026-03-09T14:55:11+00:00\" \/>\n<meta property=\"og:image\" content=\"https:\/\/ciudadyregion.com.co\/wp-content\/uploads\/2026\/03\/extasis.jpg\" \/>\n\t<meta property=\"og:image:width\" content=\"800\" \/>\n\t<meta property=\"og:image:height\" content=\"445\" \/>\n\t<meta property=\"og:image:type\" content=\"image\/jpeg\" \/>\n<meta name=\"author\" content=\"David Andr\u00e9s Aguirre\" \/>\n<meta name=\"twitter:card\" content=\"summary_large_image\" \/>\n<meta name=\"twitter:label1\" content=\"Escrito por\" \/>\n\t<meta name=\"twitter:data1\" content=\"David Andr\u00e9s Aguirre\" \/>\n\t<meta name=\"twitter:label2\" content=\"Tiempo de lectura\" \/>\n\t<meta name=\"twitter:data2\" content=\"1 minuto\" \/>\n<script type=\"application\/ld+json\" class=\"yoast-schema-graph\">{\"@context\":\"https:\/\/schema.org\",\"@graph\":[{\"@type\":\"WebPage\",\"@id\":\"https:\/\/ciudadyregion.com.co\/index.php\/asegurado-un-hombre-senalado-de-pretender-salir-del-pais-con-mas-de-un-kilo-de-extasis\/judicial\/\",\"url\":\"https:\/\/ciudadyregion.com.co\/index.php\/asegurado-un-hombre-senalado-de-pretender-salir-del-pais-con-mas-de-un-kilo-de-extasis\/judicial\/\",\"name\":\"Asegurado un hombre se\u00f1alado de pretender salir del pa\u00eds con m\u00e1s de un kilo de \u00e9xtasis - Ciudad y Region\",\"isPartOf\":{\"@id\":\"https:\/\/ciudadyregion.com.co\/#website\"},\"primaryImageOfPage\":{\"@id\":\"https:\/\/ciudadyregion.com.co\/index.php\/asegurado-un-hombre-senalado-de-pretender-salir-del-pais-con-mas-de-un-kilo-de-extasis\/judicial\/#primaryimage\"},\"image\":{\"@id\":\"https:\/\/ciudadyregion.com.co\/index.php\/asegurado-un-hombre-senalado-de-pretender-salir-del-pais-con-mas-de-un-kilo-de-extasis\/judicial\/#primaryimage\"},\"thumbnailUrl\":\"https:\/\/i0.wp.com\/ciudadyregion.com.co\/wp-content\/uploads\/2026\/03\/extasis.jpg?fit=800%2C445&ssl=1\",\"datePublished\":\"2026-03-09T14:55:11+00:00\",\"dateModified\":\"2026-03-09T14:55:11+00:00\",\"author\":{\"@id\":\"https:\/\/ciudadyregion.com.co\/#\/schema\/person\/04a4954373ebc4051f46e8c65ff78622\"},\"breadcrumb\":{\"@id\":\"https:\/\/ciudadyregion.com.co\/index.php\/asegurado-un-hombre-senalado-de-pretender-salir-del-pais-con-mas-de-un-kilo-de-extasis\/judicial\/#breadcrumb\"},\"inLanguage\":\"es\",\"potentialAction\":[{\"@type\":\"ReadAction\",\"target\":[\"https:\/\/ciudadyregion.com.co\/index.php\/asegurado-un-hombre-senalado-de-pretender-salir-del-pais-con-mas-de-un-kilo-de-extasis\/judicial\/\"]}]},{\"@type\":\"ImageObject\",\"inLanguage\":\"es\",\"@id\":\"https:\/\/ciudadyregion.com.co\/index.php\/asegurado-un-hombre-senalado-de-pretender-salir-del-pais-con-mas-de-un-kilo-de-extasis\/judicial\/#primaryimage\",\"url\":\"https:\/\/i0.wp.com\/ciudadyregion.com.co\/wp-content\/uploads\/2026\/03\/extasis.jpg?fit=800%2C445&ssl=1\",\"contentUrl\":\"https:\/\/i0.wp.com\/ciudadyregion.com.co\/wp-content\/uploads\/2026\/03\/extasis.jpg?fit=800%2C445&ssl=1\",\"width\":800,\"height\":445},{\"@type\":\"BreadcrumbList\",\"@id\":\"https:\/\/ciudadyregion.com.co\/index.php\/asegurado-un-hombre-senalado-de-pretender-salir-del-pais-con-mas-de-un-kilo-de-extasis\/judicial\/#breadcrumb\",\"itemListElement\":[{\"@type\":\"ListItem\",\"position\":1,\"name\":\"Portada\",\"item\":\"https:\/\/ciudadyregion.com.co\/\"},{\"@type\":\"ListItem\",\"position\":2,\"name\":\"Asegurado un hombre se\u00f1alado de pretender salir del pa\u00eds con m\u00e1s de un kilo de \u00e9xtasis\"}]},{\"@type\":\"WebSite\",\"@id\":\"https:\/\/ciudadyregion.com.co\/#website\",\"url\":\"https:\/\/ciudadyregion.com.co\/\",\"name\":\"Ciudad y Region\",\"description\":\"\",\"potentialAction\":[{\"@type\":\"SearchAction\",\"target\":{\"@type\":\"EntryPoint\",\"urlTemplate\":\"https:\/\/ciudadyregion.com.co\/?s={search_term_string}\"},\"query-input\":{\"@type\":\"PropertyValueSpecification\",\"valueRequired\":true,\"valueName\":\"search_term_string\"}}],\"inLanguage\":\"es\"},{\"@type\":\"Person\",\"@id\":\"https:\/\/ciudadyregion.com.co\/#\/schema\/person\/04a4954373ebc4051f46e8c65ff78622\",\"name\":\"David Andr\u00e9s Aguirre\",\"image\":{\"@type\":\"ImageObject\",\"inLanguage\":\"es\",\"@id\":\"https:\/\/ciudadyregion.com.co\/#\/schema\/person\/image\/\",\"url\":\"https:\/\/secure.gravatar.com\/avatar\/bc3c655860202182ee6d1b5edd042dbe?s=96&d=mm&r=g\",\"contentUrl\":\"https:\/\/secure.gravatar.com\/avatar\/bc3c655860202182ee6d1b5edd042dbe?s=96&d=mm&r=g\",\"caption\":\"David Andr\u00e9s Aguirre\"},\"url\":\"https:\/\/ciudadyregion.com.co\/index.php\/author\/diegoaguirre\/\"}]}<\/script>\n<!-- \/ Yoast SEO plugin. -->","yoast_head_json":{"title":"Asegurado un hombre se\u00f1alado de pretender salir del pa\u00eds con m\u00e1s de un kilo de \u00e9xtasis - Ciudad y Region","robots":{"index":"index","follow":"follow","max-snippet":"max-snippet:-1","max-image-preview":"max-image-preview:large","max-video-preview":"max-video-preview:-1"},"canonical":"https:\/\/ciudadyregion.com.co\/index.php\/asegurado-un-hombre-senalado-de-pretender-salir-del-pais-con-mas-de-un-kilo-de-extasis\/judicial\/","og_locale":"es_ES","og_type":"article","og_title":"Asegurado un hombre se\u00f1alado de pretender salir del pa\u00eds con m\u00e1s de un kilo de \u00e9xtasis - Ciudad y Region","og_description":"El estupefaciente estaba envasado en tres frascos de especias.\u00a0\u00a0 La\u00a0Fiscal\u00eda General\u00a0de la Naci\u00f3n present\u00f3 ante un juez con funci\u00f3n de control de garant\u00edas a\u00a0Jaime Alexis Barrera Castillo, de 43 a\u00f1os\u00a0quien, al parecer, pretend\u00eda salir del pa\u00eds con\u00a01.047,75 gramos de \u00e9xtasis.\u00a0 El hombre fue capturado, en flagrancia el pasado 2 deContinuar Leyendo","og_url":"https:\/\/ciudadyregion.com.co\/index.php\/asegurado-un-hombre-senalado-de-pretender-salir-del-pais-con-mas-de-un-kilo-de-extasis\/judicial\/","og_site_name":"Ciudad y Region","article_published_time":"2026-03-09T14:55:11+00:00","og_image":[{"width":800,"height":445,"url":"https:\/\/ciudadyregion.com.co\/wp-content\/uploads\/2026\/03\/extasis.jpg","type":"image\/jpeg"}],"author":"David Andr\u00e9s Aguirre","twitter_card":"summary_large_image","twitter_misc":{"Escrito por":"David Andr\u00e9s Aguirre","Tiempo de lectura":"1 minuto"},"schema":{"@context":"https:\/\/schema.org","@graph":[{"@type":"WebPage","@id":"https:\/\/ciudadyregion.com.co\/index.php\/asegurado-un-hombre-senalado-de-pretender-salir-del-pais-con-mas-de-un-kilo-de-extasis\/judicial\/","url":"https:\/\/ciudadyregion.com.co\/index.php\/asegurado-un-hombre-senalado-de-pretender-salir-del-pais-con-mas-de-un-kilo-de-extasis\/judicial\/","name":"Asegurado un hombre se\u00f1alado de pretender salir del pa\u00eds con m\u00e1s de un kilo de \u00e9xtasis - Ciudad y Region","isPartOf":{"@id":"https:\/\/ciudadyregion.com.co\/#website"},"primaryImageOfPage":{"@id":"https:\/\/ciudadyregion.com.co\/index.php\/asegurado-un-hombre-senalado-de-pretender-salir-del-pais-con-mas-de-un-kilo-de-extasis\/judicial\/#primaryimage"},"image":{"@id":"https:\/\/ciudadyregion.com.co\/index.php\/asegurado-un-hombre-senalado-de-pretender-salir-del-pais-con-mas-de-un-kilo-de-extasis\/judicial\/#primaryimage"},"thumbnailUrl":"https:\/\/i0.wp.com\/ciudadyregion.com.co\/wp-content\/uploads\/2026\/03\/extasis.jpg?fit=800%2C445&ssl=1","datePublished":"2026-03-09T14:55:11+00:00","dateModified":"2026-03-09T14:55:11+00:00","author":{"@id":"https:\/\/ciudadyregion.com.co\/#\/schema\/person\/04a4954373ebc4051f46e8c65ff78622"},"breadcrumb":{"@id":"https:\/\/ciudadyregion.com.co\/index.php\/asegurado-un-hombre-senalado-de-pretender-salir-del-pais-con-mas-de-un-kilo-de-extasis\/judicial\/#breadcrumb"},"inLanguage":"es","potentialAction":[{"@type":"ReadAction","target":["https:\/\/ciudadyregion.com.co\/index.php\/asegurado-un-hombre-senalado-de-pretender-salir-del-pais-con-mas-de-un-kilo-de-extasis\/judicial\/"]}]},{"@type":"ImageObject","inLanguage":"es","@id":"https:\/\/ciudadyregion.com.co\/index.php\/asegurado-un-hombre-senalado-de-pretender-salir-del-pais-con-mas-de-un-kilo-de-extasis\/judicial\/#primaryimage","url":"https:\/\/i0.wp.com\/ciudadyregion.com.co\/wp-content\/uploads\/2026\/03\/extasis.jpg?fit=800%2C445&ssl=1","contentUrl":"https:\/\/i0.wp.com\/ciudadyregion.com.co\/wp-content\/uploads\/2026\/03\/extasis.jpg?fit=800%2C445&ssl=1","width":800,"height":445},{"@type":"BreadcrumbList","@id":"https:\/\/ciudadyregion.com.co\/index.php\/asegurado-un-hombre-senalado-de-pretender-salir-del-pais-con-mas-de-un-kilo-de-extasis\/judicial\/#breadcrumb","itemListElement":[{"@type":"ListItem","position":1,"name":"Portada","item":"https:\/\/ciudadyregion.com.co\/"},{"@type":"ListItem","position":2,"name":"Asegurado un hombre se\u00f1alado de pretender salir del pa\u00eds con m\u00e1s de un kilo de \u00e9xtasis"}]},{"@type":"WebSite","@id":"https:\/\/ciudadyregion.com.co\/#website","url":"https:\/\/ciudadyregion.com.co\/","name":"Ciudad y Region","description":"","potentialAction":[{"@type":"SearchAction","target":{"@type":"EntryPoint","urlTemplate":"https:\/\/ciudadyregion.com.co\/?s={search_term_string}"},"query-input":{"@type":"PropertyValueSpecification","valueRequired":true,"valueName":"search_term_string"}}],"inLanguage":"es"},{"@type":"Person","@id":"https:\/\/ciudadyregion.com.co\/#\/schema\/person\/04a4954373ebc4051f46e8c65ff78622","name":"David Andr\u00e9s Aguirre","image":{"@type":"ImageObject","inLanguage":"es","@id":"https:\/\/ciudadyregion.com.co\/#\/schema\/person\/image\/","url":"https:\/\/secure.gravatar.com\/avatar\/bc3c655860202182ee6d1b5edd042dbe?s=96&d=mm&r=g","contentUrl":"https:\/\/secure.gravatar.com\/avatar\/bc3c655860202182ee6d1b5edd042dbe?s=96&d=mm&r=g","caption":"David Andr\u00e9s Aguirre"},"url":"https:\/\/ciudadyregion.com.co\/index.php\/author\/diegoaguirre\/"}]}},"jetpack_featured_media_url":"https:\/\/i0.wp.com\/ciudadyregion.com.co\/wp-content\/uploads\/2026\/03\/extasis.jpg?fit=800%2C445&ssl=1","jetpack_sharing_enabled":true,"jetpack_shortlink":"https:\/\/wp.me\/pbS7hh-eO2","jetpack-related-posts":[],"_links":{"self":[{"href":"https:\/\/ciudadyregion.com.co\/index.php\/wp-json\/wp\/v2\/posts\/56918"}],"collection":[{"href":"https:\/\/ciudadyregion.com.co\/index.php\/wp-json\/wp\/v2\/posts"}],"about":[{"href":"https:\/\/ciudadyregion.com.co\/index.php\/wp-json\/wp\/v2\/types\/post"}],"author":[{"embeddable":true,"href":"https:\/\/ciudadyregion.com.co\/index.php\/wp-json\/wp\/v2\/users\/2"}],"replies":[{"embeddable":true,"href":"https:\/\/ciudadyregion.com.co\/index.php\/wp-json\/wp\/v2\/comments?post=56918"}],"version-history":[{"count":1,"href":"https:\/\/ciudadyregion.com.co\/index.php\/wp-json\/wp\/v2\/posts\/56918\/revisions"}],"predecessor-version":[{"id":56920,"href":"https:\/\/ciudadyregion.com.co\/index.php\/wp-json\/wp\/v2\/posts\/56918\/revisions\/56920"}],"wp:featuredmedia":[{"embeddable":true,"href":"https:\/\/ciudadyregion.com.co\/index.php\/wp-json\/wp\/v2\/media\/56919"}],"wp:attachment":[{"href":"https:\/\/ciudadyregion.com.co\/index.php\/wp-json\/wp\/v2\/media?parent=56918"}],"wp:term":[{"taxonomy":"category","embeddable":true,"href":"https:\/\/ciudadyregion.com.co\/index.php\/wp-json\/wp\/v2\/categories?post=56918"},{"taxonomy":"post_tag","embeddable":true,"href":"https:\/\/ciudadyregion.com.co\/index.php\/wp-json\/wp\/v2\/tags?post=56918"}],"curies":[{"name":"wp","href":"https:\/\/api.w.org\/{rel}","templated":true}]}}