{"id":56916,"date":"2026-03-09T09:50:37","date_gmt":"2026-03-09T14:50:37","guid":{"rendered":"https:\/\/ciudadyregion.com.co\/?p=56916"},"modified":"2026-03-09T09:50:37","modified_gmt":"2026-03-09T14:50:37","slug":"ciudadano-extranjero-senalado-de-explotar-sexualmente-a-menores-de-edad-en-cali-fue-extraditado-a-colombia-para-atender-proceso-judicial-en-su-contra","status":"publish","type":"post","link":"https:\/\/ciudadyregion.com.co\/index.php\/ciudadano-extranjero-senalado-de-explotar-sexualmente-a-menores-de-edad-en-cali-fue-extraditado-a-colombia-para-atender-proceso-judicial-en-su-contra\/judicial\/","title":{"rendered":"Ciudadano extranjero se\u00f1alado de explotar sexualmente a menores de edad en Cali fue extraditado a Colombia para atender proceso judicial en su contra"},"content":{"rendered":"<h4><strong><em>El hombre habr\u00eda contactado a adolescentes con fines sexuales a cambio de dinero, en hechos ocurridos en 2022. Fue presentado ante juez de control de garant\u00edas para legalizar el proceso de captura y actualmente cumple medida de aseguramiento en centro carcelario.<\/em><\/strong><\/h4>\n<p>La Fiscal\u00eda General de la Naci\u00f3n, a trav\u00e9s de la Direcci\u00f3n de Asuntos Internacionales, el Centro de Atenci\u00f3n e Investigaci\u00f3n a las V\u00edctimas de Delitos Sexuales (CAIVAS) y \u00a0la Unidad Especial de Ni\u00f1os, Ni\u00f1as y Adolescentes (UENNA), y con el apoyo de la Polic\u00eda Nacional y la Oficina de\u00a0Investigaciones de Seguridad Nacional de Estados Unidos\u00a0(HSI), logr\u00f3 la extradici\u00f3n de Peter Francis Kennedy, ciudadano austriaco requerido por explotaci\u00f3n sexual de menores de edad en Cali (Valle del Cauca).<\/p>\n<p>El extranjero fue aprehendido el 2 de octubre de 2024, en la provincia de C\u00f3rdoba (Argentina), donde permaneci\u00f3\u00a0privado de la libertad en la c\u00e1rcel de Bouwer,\u00a0luego de que Interpol emitiera una notificaci\u00f3n roja en su contra por petici\u00f3n de la Fiscal\u00eda colombiana.<\/p>\n<p>A su llegada al aeropuerto El Dorado de Bogot\u00e1, tras surtirse los\u00a0tr\u00e1mites legales y diplom\u00e1ticos para su extradici\u00f3n, Kennedy fue capturado por uniformados de la Polic\u00eda Nacional y puesto a disposici\u00f3n la Fiscal\u00eda, que lo present\u00f3 ante un juez penal de control de garant\u00edas para legalizar los procedimientos realizados.<\/p>\n<p>De acuerdo con la investigaci\u00f3n, este hombre habr\u00eda alquilado unos apartamentos en un edificio en Cali para llevar a\u00a0adolescentes y someterlas a actividades de tipo sexual a cambio de diferentes sumas de dinero,\u00a0entre febrero y diciembre de 2022. Asimismo, es se\u00f1alado de inducir a las v\u00edctimas para que contactaran a otras menores de edad y las convencieran de ir al inmueble con el mismo prop\u00f3sito il\u00edcito. Posteriormente, al conocer el avance de la \u00a0investigaci\u00f3n en su contra, sali\u00f3 del pa\u00eds con destino a Brasil y finalmente Argentina.<\/p>\n<p>Francis Kennedy fue imputado de manera virtual por la Fiscal\u00eda por los\u00a0delitos de demanda de explotaci\u00f3n sexual, acceso carnal abusivo con menor de 14 a\u00f1os\u00a0y utilizaci\u00f3n de menores de edad para la comisi\u00f3n de delitos. En su momento, se le impuso medida de aseguramiento privativa de la libertad en centro carcelario, la cual empez\u00f3 a cumplir tras recibir aval judicial su captura en Colombia.<\/p>\n","protected":false},"excerpt":{"rendered":"<p>El hombre habr\u00eda contactado a adolescentes con fines sexuales a cambio de dinero, en hechos ocurridos en 2022. Fue presentado ante juez de control de garant\u00edas para legalizar el proceso de captura y actualmente cumple medida de aseguramiento en centro carcelario. La Fiscal\u00eda General de la Naci\u00f3n, a trav\u00e9s de<span class=\"more-link\"><a href=\"https:\/\/ciudadyregion.com.co\/index.php\/ciudadano-extranjero-senalado-de-explotar-sexualmente-a-menores-de-edad-en-cali-fue-extraditado-a-colombia-para-atender-proceso-judicial-en-su-contra\/judicial\/\">Continuar Leyendo<\/a><\/span><\/p>\n","protected":false},"author":2,"featured_media":55880,"comment_status":"open","ping_status":"open","sticky":false,"template":"","format":"standard","meta":{"_uf_show_specific_survey":0,"_uf_disable_surveys":false,"_jetpack_memberships_contains_paid_content":false,"footnotes":"","jetpack_publicize_message":"","jetpack_publicize_feature_enabled":true,"jetpack_social_post_already_shared":true,"jetpack_social_options":{"image_generator_settings":{"template":"highway","enabled":false},"version":2}},"categories":[18],"tags":[],"class_list":["entry","author-diegoaguirre","post-56916","post","type-post","status-publish","format-standard","has-post-thumbnail","category-judicial"],"jetpack_publicize_connections":[],"yoast_head":"<!-- This site is optimized with the Yoast SEO plugin v24.3 - https:\/\/yoast.com\/wordpress\/plugins\/seo\/ -->\n<title>Ciudadano extranjero se\u00f1alado de explotar sexualmente a menores de edad en Cali fue extraditado a Colombia para atender proceso judicial en su contra - Ciudad y Region<\/title>\n<meta name=\"robots\" content=\"index, follow, max-snippet:-1, max-image-preview:large, max-video-preview:-1\" \/>\n<link rel=\"canonical\" href=\"https:\/\/ciudadyregion.com.co\/index.php\/ciudadano-extranjero-senalado-de-explotar-sexualmente-a-menores-de-edad-en-cali-fue-extraditado-a-colombia-para-atender-proceso-judicial-en-su-contra\/judicial\/\" \/>\n<meta property=\"og:locale\" content=\"es_ES\" \/>\n<meta property=\"og:type\" content=\"article\" \/>\n<meta property=\"og:title\" content=\"Ciudadano extranjero se\u00f1alado de explotar sexualmente a menores de edad en Cali fue extraditado a Colombia para atender proceso judicial en su contra - Ciudad y Region\" \/>\n<meta property=\"og:description\" content=\"El hombre habr\u00eda contactado a adolescentes con fines sexuales a cambio de dinero, en hechos ocurridos en 2022. Fue presentado ante juez de control de garant\u00edas para legalizar el proceso de captura y actualmente cumple medida de aseguramiento en centro carcelario. La Fiscal\u00eda General de la Naci\u00f3n, a trav\u00e9s deContinuar Leyendo\" \/>\n<meta property=\"og:url\" content=\"https:\/\/ciudadyregion.com.co\/index.php\/ciudadano-extranjero-senalado-de-explotar-sexualmente-a-menores-de-edad-en-cali-fue-extraditado-a-colombia-para-atender-proceso-judicial-en-su-contra\/judicial\/\" \/>\n<meta property=\"og:site_name\" content=\"Ciudad y Region\" \/>\n<meta property=\"article:published_time\" content=\"2026-03-09T14:50:37+00:00\" \/>\n<meta property=\"og:image\" content=\"https:\/\/ciudadyregion.com.co\/wp-content\/uploads\/2026\/02\/carcel-1.jpg\" \/>\n\t<meta property=\"og:image:width\" content=\"800\" \/>\n\t<meta property=\"og:image:height\" content=\"445\" \/>\n\t<meta property=\"og:image:type\" content=\"image\/jpeg\" \/>\n<meta name=\"author\" content=\"David Andr\u00e9s Aguirre\" \/>\n<meta name=\"twitter:card\" content=\"summary_large_image\" \/>\n<meta name=\"twitter:label1\" content=\"Escrito por\" \/>\n\t<meta name=\"twitter:data1\" content=\"David Andr\u00e9s Aguirre\" \/>\n\t<meta name=\"twitter:label2\" content=\"Tiempo de lectura\" \/>\n\t<meta name=\"twitter:data2\" content=\"2 minutos\" \/>\n<script type=\"application\/ld+json\" class=\"yoast-schema-graph\">{\"@context\":\"https:\/\/schema.org\",\"@graph\":[{\"@type\":\"WebPage\",\"@id\":\"https:\/\/ciudadyregion.com.co\/index.php\/ciudadano-extranjero-senalado-de-explotar-sexualmente-a-menores-de-edad-en-cali-fue-extraditado-a-colombia-para-atender-proceso-judicial-en-su-contra\/judicial\/\",\"url\":\"https:\/\/ciudadyregion.com.co\/index.php\/ciudadano-extranjero-senalado-de-explotar-sexualmente-a-menores-de-edad-en-cali-fue-extraditado-a-colombia-para-atender-proceso-judicial-en-su-contra\/judicial\/\",\"name\":\"Ciudadano extranjero se\u00f1alado de explotar sexualmente a menores de edad en Cali fue extraditado a Colombia para atender proceso judicial en su contra - Ciudad y Region\",\"isPartOf\":{\"@id\":\"https:\/\/ciudadyregion.com.co\/#website\"},\"primaryImageOfPage\":{\"@id\":\"https:\/\/ciudadyregion.com.co\/index.php\/ciudadano-extranjero-senalado-de-explotar-sexualmente-a-menores-de-edad-en-cali-fue-extraditado-a-colombia-para-atender-proceso-judicial-en-su-contra\/judicial\/#primaryimage\"},\"image\":{\"@id\":\"https:\/\/ciudadyregion.com.co\/index.php\/ciudadano-extranjero-senalado-de-explotar-sexualmente-a-menores-de-edad-en-cali-fue-extraditado-a-colombia-para-atender-proceso-judicial-en-su-contra\/judicial\/#primaryimage\"},\"thumbnailUrl\":\"https:\/\/i0.wp.com\/ciudadyregion.com.co\/wp-content\/uploads\/2026\/02\/carcel-1.jpg?fit=800%2C445&ssl=1\",\"datePublished\":\"2026-03-09T14:50:37+00:00\",\"dateModified\":\"2026-03-09T14:50:37+00:00\",\"author\":{\"@id\":\"https:\/\/ciudadyregion.com.co\/#\/schema\/person\/04a4954373ebc4051f46e8c65ff78622\"},\"breadcrumb\":{\"@id\":\"https:\/\/ciudadyregion.com.co\/index.php\/ciudadano-extranjero-senalado-de-explotar-sexualmente-a-menores-de-edad-en-cali-fue-extraditado-a-colombia-para-atender-proceso-judicial-en-su-contra\/judicial\/#breadcrumb\"},\"inLanguage\":\"es\",\"potentialAction\":[{\"@type\":\"ReadAction\",\"target\":[\"https:\/\/ciudadyregion.com.co\/index.php\/ciudadano-extranjero-senalado-de-explotar-sexualmente-a-menores-de-edad-en-cali-fue-extraditado-a-colombia-para-atender-proceso-judicial-en-su-contra\/judicial\/\"]}]},{\"@type\":\"ImageObject\",\"inLanguage\":\"es\",\"@id\":\"https:\/\/ciudadyregion.com.co\/index.php\/ciudadano-extranjero-senalado-de-explotar-sexualmente-a-menores-de-edad-en-cali-fue-extraditado-a-colombia-para-atender-proceso-judicial-en-su-contra\/judicial\/#primaryimage\",\"url\":\"https:\/\/i0.wp.com\/ciudadyregion.com.co\/wp-content\/uploads\/2026\/02\/carcel-1.jpg?fit=800%2C445&ssl=1\",\"contentUrl\":\"https:\/\/i0.wp.com\/ciudadyregion.com.co\/wp-content\/uploads\/2026\/02\/carcel-1.jpg?fit=800%2C445&ssl=1\",\"width\":800,\"height\":445},{\"@type\":\"BreadcrumbList\",\"@id\":\"https:\/\/ciudadyregion.com.co\/index.php\/ciudadano-extranjero-senalado-de-explotar-sexualmente-a-menores-de-edad-en-cali-fue-extraditado-a-colombia-para-atender-proceso-judicial-en-su-contra\/judicial\/#breadcrumb\",\"itemListElement\":[{\"@type\":\"ListItem\",\"position\":1,\"name\":\"Portada\",\"item\":\"https:\/\/ciudadyregion.com.co\/\"},{\"@type\":\"ListItem\",\"position\":2,\"name\":\"Ciudadano extranjero se\u00f1alado de explotar sexualmente a menores de edad en Cali fue extraditado a Colombia para atender proceso judicial en su contra\"}]},{\"@type\":\"WebSite\",\"@id\":\"https:\/\/ciudadyregion.com.co\/#website\",\"url\":\"https:\/\/ciudadyregion.com.co\/\",\"name\":\"Ciudad y Region\",\"description\":\"\",\"potentialAction\":[{\"@type\":\"SearchAction\",\"target\":{\"@type\":\"EntryPoint\",\"urlTemplate\":\"https:\/\/ciudadyregion.com.co\/?s={search_term_string}\"},\"query-input\":{\"@type\":\"PropertyValueSpecification\",\"valueRequired\":true,\"valueName\":\"search_term_string\"}}],\"inLanguage\":\"es\"},{\"@type\":\"Person\",\"@id\":\"https:\/\/ciudadyregion.com.co\/#\/schema\/person\/04a4954373ebc4051f46e8c65ff78622\",\"name\":\"David Andr\u00e9s Aguirre\",\"image\":{\"@type\":\"ImageObject\",\"inLanguage\":\"es\",\"@id\":\"https:\/\/ciudadyregion.com.co\/#\/schema\/person\/image\/\",\"url\":\"https:\/\/secure.gravatar.com\/avatar\/bc3c655860202182ee6d1b5edd042dbe?s=96&d=mm&r=g\",\"contentUrl\":\"https:\/\/secure.gravatar.com\/avatar\/bc3c655860202182ee6d1b5edd042dbe?s=96&d=mm&r=g\",\"caption\":\"David Andr\u00e9s Aguirre\"},\"url\":\"https:\/\/ciudadyregion.com.co\/index.php\/author\/diegoaguirre\/\"}]}<\/script>\n<!-- \/ Yoast SEO plugin. -->","yoast_head_json":{"title":"Ciudadano extranjero se\u00f1alado de explotar sexualmente a menores de edad en Cali fue extraditado a Colombia para atender proceso judicial en su contra - Ciudad y Region","robots":{"index":"index","follow":"follow","max-snippet":"max-snippet:-1","max-image-preview":"max-image-preview:large","max-video-preview":"max-video-preview:-1"},"canonical":"https:\/\/ciudadyregion.com.co\/index.php\/ciudadano-extranjero-senalado-de-explotar-sexualmente-a-menores-de-edad-en-cali-fue-extraditado-a-colombia-para-atender-proceso-judicial-en-su-contra\/judicial\/","og_locale":"es_ES","og_type":"article","og_title":"Ciudadano extranjero se\u00f1alado de explotar sexualmente a menores de edad en Cali fue extraditado a Colombia para atender proceso judicial en su contra - Ciudad y Region","og_description":"El hombre habr\u00eda contactado a adolescentes con fines sexuales a cambio de dinero, en hechos ocurridos en 2022. Fue presentado ante juez de control de garant\u00edas para legalizar el proceso de captura y actualmente cumple medida de aseguramiento en centro carcelario. La Fiscal\u00eda General de la Naci\u00f3n, a trav\u00e9s deContinuar Leyendo","og_url":"https:\/\/ciudadyregion.com.co\/index.php\/ciudadano-extranjero-senalado-de-explotar-sexualmente-a-menores-de-edad-en-cali-fue-extraditado-a-colombia-para-atender-proceso-judicial-en-su-contra\/judicial\/","og_site_name":"Ciudad y Region","article_published_time":"2026-03-09T14:50:37+00:00","og_image":[{"width":800,"height":445,"url":"https:\/\/ciudadyregion.com.co\/wp-content\/uploads\/2026\/02\/carcel-1.jpg","type":"image\/jpeg"}],"author":"David Andr\u00e9s Aguirre","twitter_card":"summary_large_image","twitter_misc":{"Escrito por":"David Andr\u00e9s Aguirre","Tiempo de lectura":"2 minutos"},"schema":{"@context":"https:\/\/schema.org","@graph":[{"@type":"WebPage","@id":"https:\/\/ciudadyregion.com.co\/index.php\/ciudadano-extranjero-senalado-de-explotar-sexualmente-a-menores-de-edad-en-cali-fue-extraditado-a-colombia-para-atender-proceso-judicial-en-su-contra\/judicial\/","url":"https:\/\/ciudadyregion.com.co\/index.php\/ciudadano-extranjero-senalado-de-explotar-sexualmente-a-menores-de-edad-en-cali-fue-extraditado-a-colombia-para-atender-proceso-judicial-en-su-contra\/judicial\/","name":"Ciudadano extranjero se\u00f1alado de explotar sexualmente a menores de edad en Cali fue extraditado a Colombia para atender proceso judicial en su contra - Ciudad y Region","isPartOf":{"@id":"https:\/\/ciudadyregion.com.co\/#website"},"primaryImageOfPage":{"@id":"https:\/\/ciudadyregion.com.co\/index.php\/ciudadano-extranjero-senalado-de-explotar-sexualmente-a-menores-de-edad-en-cali-fue-extraditado-a-colombia-para-atender-proceso-judicial-en-su-contra\/judicial\/#primaryimage"},"image":{"@id":"https:\/\/ciudadyregion.com.co\/index.php\/ciudadano-extranjero-senalado-de-explotar-sexualmente-a-menores-de-edad-en-cali-fue-extraditado-a-colombia-para-atender-proceso-judicial-en-su-contra\/judicial\/#primaryimage"},"thumbnailUrl":"https:\/\/i0.wp.com\/ciudadyregion.com.co\/wp-content\/uploads\/2026\/02\/carcel-1.jpg?fit=800%2C445&ssl=1","datePublished":"2026-03-09T14:50:37+00:00","dateModified":"2026-03-09T14:50:37+00:00","author":{"@id":"https:\/\/ciudadyregion.com.co\/#\/schema\/person\/04a4954373ebc4051f46e8c65ff78622"},"breadcrumb":{"@id":"https:\/\/ciudadyregion.com.co\/index.php\/ciudadano-extranjero-senalado-de-explotar-sexualmente-a-menores-de-edad-en-cali-fue-extraditado-a-colombia-para-atender-proceso-judicial-en-su-contra\/judicial\/#breadcrumb"},"inLanguage":"es","potentialAction":[{"@type":"ReadAction","target":["https:\/\/ciudadyregion.com.co\/index.php\/ciudadano-extranjero-senalado-de-explotar-sexualmente-a-menores-de-edad-en-cali-fue-extraditado-a-colombia-para-atender-proceso-judicial-en-su-contra\/judicial\/"]}]},{"@type":"ImageObject","inLanguage":"es","@id":"https:\/\/ciudadyregion.com.co\/index.php\/ciudadano-extranjero-senalado-de-explotar-sexualmente-a-menores-de-edad-en-cali-fue-extraditado-a-colombia-para-atender-proceso-judicial-en-su-contra\/judicial\/#primaryimage","url":"https:\/\/i0.wp.com\/ciudadyregion.com.co\/wp-content\/uploads\/2026\/02\/carcel-1.jpg?fit=800%2C445&ssl=1","contentUrl":"https:\/\/i0.wp.com\/ciudadyregion.com.co\/wp-content\/uploads\/2026\/02\/carcel-1.jpg?fit=800%2C445&ssl=1","width":800,"height":445},{"@type":"BreadcrumbList","@id":"https:\/\/ciudadyregion.com.co\/index.php\/ciudadano-extranjero-senalado-de-explotar-sexualmente-a-menores-de-edad-en-cali-fue-extraditado-a-colombia-para-atender-proceso-judicial-en-su-contra\/judicial\/#breadcrumb","itemListElement":[{"@type":"ListItem","position":1,"name":"Portada","item":"https:\/\/ciudadyregion.com.co\/"},{"@type":"ListItem","position":2,"name":"Ciudadano extranjero se\u00f1alado de explotar sexualmente a menores de edad en Cali fue extraditado a Colombia para atender proceso judicial en su contra"}]},{"@type":"WebSite","@id":"https:\/\/ciudadyregion.com.co\/#website","url":"https:\/\/ciudadyregion.com.co\/","name":"Ciudad y Region","description":"","potentialAction":[{"@type":"SearchAction","target":{"@type":"EntryPoint","urlTemplate":"https:\/\/ciudadyregion.com.co\/?s={search_term_string}"},"query-input":{"@type":"PropertyValueSpecification","valueRequired":true,"valueName":"search_term_string"}}],"inLanguage":"es"},{"@type":"Person","@id":"https:\/\/ciudadyregion.com.co\/#\/schema\/person\/04a4954373ebc4051f46e8c65ff78622","name":"David Andr\u00e9s Aguirre","image":{"@type":"ImageObject","inLanguage":"es","@id":"https:\/\/ciudadyregion.com.co\/#\/schema\/person\/image\/","url":"https:\/\/secure.gravatar.com\/avatar\/bc3c655860202182ee6d1b5edd042dbe?s=96&d=mm&r=g","contentUrl":"https:\/\/secure.gravatar.com\/avatar\/bc3c655860202182ee6d1b5edd042dbe?s=96&d=mm&r=g","caption":"David Andr\u00e9s Aguirre"},"url":"https:\/\/ciudadyregion.com.co\/index.php\/author\/diegoaguirre\/"}]}},"jetpack_featured_media_url":"https:\/\/i0.wp.com\/ciudadyregion.com.co\/wp-content\/uploads\/2026\/02\/carcel-1.jpg?fit=800%2C445&ssl=1","jetpack_sharing_enabled":true,"jetpack_shortlink":"https:\/\/wp.me\/pbS7hh-eO0","jetpack-related-posts":[],"_links":{"self":[{"href":"https:\/\/ciudadyregion.com.co\/index.php\/wp-json\/wp\/v2\/posts\/56916"}],"collection":[{"href":"https:\/\/ciudadyregion.com.co\/index.php\/wp-json\/wp\/v2\/posts"}],"about":[{"href":"https:\/\/ciudadyregion.com.co\/index.php\/wp-json\/wp\/v2\/types\/post"}],"author":[{"embeddable":true,"href":"https:\/\/ciudadyregion.com.co\/index.php\/wp-json\/wp\/v2\/users\/2"}],"replies":[{"embeddable":true,"href":"https:\/\/ciudadyregion.com.co\/index.php\/wp-json\/wp\/v2\/comments?post=56916"}],"version-history":[{"count":1,"href":"https:\/\/ciudadyregion.com.co\/index.php\/wp-json\/wp\/v2\/posts\/56916\/revisions"}],"predecessor-version":[{"id":56917,"href":"https:\/\/ciudadyregion.com.co\/index.php\/wp-json\/wp\/v2\/posts\/56916\/revisions\/56917"}],"wp:featuredmedia":[{"embeddable":true,"href":"https:\/\/ciudadyregion.com.co\/index.php\/wp-json\/wp\/v2\/media\/55880"}],"wp:attachment":[{"href":"https:\/\/ciudadyregion.com.co\/index.php\/wp-json\/wp\/v2\/media?parent=56916"}],"wp:term":[{"taxonomy":"category","embeddable":true,"href":"https:\/\/ciudadyregion.com.co\/index.php\/wp-json\/wp\/v2\/categories?post=56916"},{"taxonomy":"post_tag","embeddable":true,"href":"https:\/\/ciudadyregion.com.co\/index.php\/wp-json\/wp\/v2\/tags?post=56916"}],"curies":[{"name":"wp","href":"https:\/\/api.w.org\/{rel}","templated":true}]}}