{"id":56909,"date":"2026-03-09T09:08:39","date_gmt":"2026-03-09T14:08:39","guid":{"rendered":"https:\/\/ciudadyregion.com.co\/?p=56909"},"modified":"2026-03-09T09:08:39","modified_gmt":"2026-03-09T14:08:39","slug":"la-fiebre-amarilla-no-es-cosa-del-pasado","status":"publish","type":"post","link":"https:\/\/ciudadyregion.com.co\/index.php\/la-fiebre-amarilla-no-es-cosa-del-pasado\/salud\/","title":{"rendered":"\u00a1La fiebre amarilla no es cosa del pasado!"},"content":{"rendered":"<div class=\"xdj266r x14z9mp xat24cr x1lziwak x1vvkbs x126k92a\">\n<div dir=\"auto\">El virus sigue activo en ciertas regiones del pa\u00eds, especialmente en el departamento del Tolima. Antes de viajar a zonas de riesgo, vac\u00fanate con al menos 10 d\u00edas de anticipaci\u00f3n.<\/div>\n<\/div>\n<div dir=\"auto\"><\/div>\n<div class=\"x14z9mp xat24cr x1lziwak x1vvkbs xtlvy1s x126k92a\">\n<div dir=\"auto\">Y si ya pasaron m\u00e1s de 10 a\u00f1os desde tu \u00faltima dosis y est\u00e1s o viajas a Cunday, Villarrica, Purificaci\u00f3n, Prado, Dolores, Chaparral, Ataco, Planadas y Rioblanco, zonas con circulaci\u00f3n activa, aplicate la dosis de refuerzo.<\/div>\n<\/div>\n<div class=\"x14z9mp xat24cr x1lziwak x1vvkbs xtlvy1s x126k92a\">\n<div dir=\"auto\">La fiebre amarilla mata, <span class=\"html-span xdj266r x14z9mp xat24cr x1lziwak xexx8yu xyri2b x18d9i69 x1c1uobl x1hl2dhg x16tdsg8 x1vvkbs\"><a class=\"x1i10hfl xjbqb8w x1ejq31n x18oe1m7 x1sy0etr xstzfhl x972fbf x10w94by x1qhh985 x14e42zd x9f619 x1ypdohk xt0psk2 x3ct3a4 xdj266r x14z9mp xat24cr x1lziwak xexx8yu xyri2b x18d9i69 x1c1uobl x16tdsg8 x1hl2dhg xggy1nq x1a2a7pz xkrqix3 x1sur9pj x1fey0fg x1s688f\" tabindex=\"0\" role=\"link\" href=\"https:\/\/www.facebook.com\/hashtag\/vacunarsesalvavidas?__eep__=6&amp;__cft__[0]=AZbV9RAFBj2lLtfH29_Q9k0xY-uXK91S4vYKk56CpwA8cd4d7E4slxN5pRpanrd4zWP_JpYhRsojMjRFmB7ZWXdfJMIgwEjs1fj9QftqvCy6hhG6N_mVoqPCNrAiYPxVrWLRYw7yy3ZK4HBbZFA2jHs2&amp;__tn__=*NK-R\">#VacunarseSalvaVidas<\/a><\/span><\/div>\n<\/div>\n<div dir=\"auto\"><\/div>\n<div dir=\"auto\"><\/div>\n<div dir=\"auto\"><a href=\"https:\/\/i0.wp.com\/ciudadyregion.com.co\/wp-content\/uploads\/2026\/03\/649611410_1236349538626277_2906023863700137436_n.jpg?ssl=1\"><img data-recalc-dims=\"1\" loading=\"lazy\" decoding=\"async\" class=\"alignnone wp-image-56910 size-full\" src=\"https:\/\/i0.wp.com\/ciudadyregion.com.co\/wp-content\/uploads\/2026\/03\/649611410_1236349538626277_2906023863700137436_n.jpg?resize=1440%2C1440&#038;ssl=1\" alt=\"\" width=\"1440\" height=\"1440\" srcset=\"https:\/\/i0.wp.com\/ciudadyregion.com.co\/wp-content\/uploads\/2026\/03\/649611410_1236349538626277_2906023863700137436_n.jpg?w=2048&amp;ssl=1 2048w, https:\/\/i0.wp.com\/ciudadyregion.com.co\/wp-content\/uploads\/2026\/03\/649611410_1236349538626277_2906023863700137436_n.jpg?resize=300%2C300&amp;ssl=1 300w, https:\/\/i0.wp.com\/ciudadyregion.com.co\/wp-content\/uploads\/2026\/03\/649611410_1236349538626277_2906023863700137436_n.jpg?resize=1024%2C1024&amp;ssl=1 1024w, https:\/\/i0.wp.com\/ciudadyregion.com.co\/wp-content\/uploads\/2026\/03\/649611410_1236349538626277_2906023863700137436_n.jpg?resize=150%2C150&amp;ssl=1 150w, https:\/\/i0.wp.com\/ciudadyregion.com.co\/wp-content\/uploads\/2026\/03\/649611410_1236349538626277_2906023863700137436_n.jpg?resize=768%2C768&amp;ssl=1 768w, https:\/\/i0.wp.com\/ciudadyregion.com.co\/wp-content\/uploads\/2026\/03\/649611410_1236349538626277_2906023863700137436_n.jpg?resize=1536%2C1536&amp;ssl=1 1536w, https:\/\/i0.wp.com\/ciudadyregion.com.co\/wp-content\/uploads\/2026\/03\/649611410_1236349538626277_2906023863700137436_n.jpg?resize=465%2C465&amp;ssl=1 465w, https:\/\/i0.wp.com\/ciudadyregion.com.co\/wp-content\/uploads\/2026\/03\/649611410_1236349538626277_2906023863700137436_n.jpg?resize=500%2C500&amp;ssl=1 500w\" sizes=\"(max-width: 1440px) 100vw, 1440px\" \/><\/a><\/div>\n","protected":false},"excerpt":{"rendered":"<p>El virus sigue activo en ciertas regiones del pa\u00eds, especialmente en el departamento del Tolima. Antes de viajar a zonas de riesgo, vac\u00fanate con al menos 10 d\u00edas de anticipaci\u00f3n. Y si ya pasaron m\u00e1s de 10 a\u00f1os desde tu \u00faltima dosis y est\u00e1s o viajas a Cunday, Villarrica, Purificaci\u00f3n,<span class=\"more-link\"><a href=\"https:\/\/ciudadyregion.com.co\/index.php\/la-fiebre-amarilla-no-es-cosa-del-pasado\/salud\/\">Continuar Leyendo<\/a><\/span><\/p>\n","protected":false},"author":2,"featured_media":48781,"comment_status":"open","ping_status":"open","sticky":false,"template":"","format":"standard","meta":{"_uf_show_specific_survey":0,"_uf_disable_surveys":false,"_jetpack_memberships_contains_paid_content":false,"footnotes":"","jetpack_publicize_message":"","jetpack_publicize_feature_enabled":true,"jetpack_social_post_already_shared":true,"jetpack_social_options":{"image_generator_settings":{"template":"highway","enabled":false},"version":2}},"categories":[29],"tags":[],"class_list":["entry","author-diegoaguirre","post-56909","post","type-post","status-publish","format-standard","has-post-thumbnail","category-salud"],"jetpack_publicize_connections":[],"yoast_head":"<!-- This site is optimized with the Yoast SEO plugin v24.3 - https:\/\/yoast.com\/wordpress\/plugins\/seo\/ -->\n<title>\u00a1La fiebre amarilla no es cosa del pasado! - Ciudad y Region<\/title>\n<meta name=\"robots\" content=\"index, follow, max-snippet:-1, max-image-preview:large, max-video-preview:-1\" \/>\n<link rel=\"canonical\" href=\"https:\/\/ciudadyregion.com.co\/index.php\/la-fiebre-amarilla-no-es-cosa-del-pasado\/salud\/\" \/>\n<meta property=\"og:locale\" content=\"es_ES\" \/>\n<meta property=\"og:type\" content=\"article\" \/>\n<meta property=\"og:title\" content=\"\u00a1La fiebre amarilla no es cosa del pasado! - Ciudad y Region\" \/>\n<meta property=\"og:description\" content=\"El virus sigue activo en ciertas regiones del pa\u00eds, especialmente en el departamento del Tolima. Antes de viajar a zonas de riesgo, vac\u00fanate con al menos 10 d\u00edas de anticipaci\u00f3n. Y si ya pasaron m\u00e1s de 10 a\u00f1os desde tu \u00faltima dosis y est\u00e1s o viajas a Cunday, Villarrica, Purificaci\u00f3n,Continuar Leyendo\" \/>\n<meta property=\"og:url\" content=\"https:\/\/ciudadyregion.com.co\/index.php\/la-fiebre-amarilla-no-es-cosa-del-pasado\/salud\/\" \/>\n<meta property=\"og:site_name\" content=\"Ciudad y Region\" \/>\n<meta property=\"article:published_time\" content=\"2026-03-09T14:08:39+00:00\" \/>\n<meta property=\"og:image\" content=\"https:\/\/ciudadyregion.com.co\/wp-content\/uploads\/2025\/11\/fiebre-amarilla.jpg\" \/>\n\t<meta property=\"og:image:width\" content=\"800\" \/>\n\t<meta property=\"og:image:height\" content=\"445\" \/>\n\t<meta property=\"og:image:type\" content=\"image\/jpeg\" \/>\n<meta name=\"author\" content=\"David Andr\u00e9s Aguirre\" \/>\n<meta name=\"twitter:card\" content=\"summary_large_image\" \/>\n<meta name=\"twitter:label1\" content=\"Escrito por\" \/>\n\t<meta name=\"twitter:data1\" content=\"David Andr\u00e9s Aguirre\" \/>\n\t<meta name=\"twitter:label2\" content=\"Tiempo de lectura\" \/>\n\t<meta name=\"twitter:data2\" content=\"1 minuto\" \/>\n<script type=\"application\/ld+json\" class=\"yoast-schema-graph\">{\"@context\":\"https:\/\/schema.org\",\"@graph\":[{\"@type\":\"WebPage\",\"@id\":\"https:\/\/ciudadyregion.com.co\/index.php\/la-fiebre-amarilla-no-es-cosa-del-pasado\/salud\/\",\"url\":\"https:\/\/ciudadyregion.com.co\/index.php\/la-fiebre-amarilla-no-es-cosa-del-pasado\/salud\/\",\"name\":\"\u00a1La fiebre amarilla no es cosa del pasado! - Ciudad y Region\",\"isPartOf\":{\"@id\":\"https:\/\/ciudadyregion.com.co\/#website\"},\"primaryImageOfPage\":{\"@id\":\"https:\/\/ciudadyregion.com.co\/index.php\/la-fiebre-amarilla-no-es-cosa-del-pasado\/salud\/#primaryimage\"},\"image\":{\"@id\":\"https:\/\/ciudadyregion.com.co\/index.php\/la-fiebre-amarilla-no-es-cosa-del-pasado\/salud\/#primaryimage\"},\"thumbnailUrl\":\"https:\/\/i0.wp.com\/ciudadyregion.com.co\/wp-content\/uploads\/2025\/11\/fiebre-amarilla.jpg?fit=800%2C445&ssl=1\",\"datePublished\":\"2026-03-09T14:08:39+00:00\",\"dateModified\":\"2026-03-09T14:08:39+00:00\",\"author\":{\"@id\":\"https:\/\/ciudadyregion.com.co\/#\/schema\/person\/04a4954373ebc4051f46e8c65ff78622\"},\"breadcrumb\":{\"@id\":\"https:\/\/ciudadyregion.com.co\/index.php\/la-fiebre-amarilla-no-es-cosa-del-pasado\/salud\/#breadcrumb\"},\"inLanguage\":\"es\",\"potentialAction\":[{\"@type\":\"ReadAction\",\"target\":[\"https:\/\/ciudadyregion.com.co\/index.php\/la-fiebre-amarilla-no-es-cosa-del-pasado\/salud\/\"]}]},{\"@type\":\"ImageObject\",\"inLanguage\":\"es\",\"@id\":\"https:\/\/ciudadyregion.com.co\/index.php\/la-fiebre-amarilla-no-es-cosa-del-pasado\/salud\/#primaryimage\",\"url\":\"https:\/\/i0.wp.com\/ciudadyregion.com.co\/wp-content\/uploads\/2025\/11\/fiebre-amarilla.jpg?fit=800%2C445&ssl=1\",\"contentUrl\":\"https:\/\/i0.wp.com\/ciudadyregion.com.co\/wp-content\/uploads\/2025\/11\/fiebre-amarilla.jpg?fit=800%2C445&ssl=1\",\"width\":800,\"height\":445},{\"@type\":\"BreadcrumbList\",\"@id\":\"https:\/\/ciudadyregion.com.co\/index.php\/la-fiebre-amarilla-no-es-cosa-del-pasado\/salud\/#breadcrumb\",\"itemListElement\":[{\"@type\":\"ListItem\",\"position\":1,\"name\":\"Portada\",\"item\":\"https:\/\/ciudadyregion.com.co\/\"},{\"@type\":\"ListItem\",\"position\":2,\"name\":\"\u00a1La fiebre amarilla no es cosa del pasado!\"}]},{\"@type\":\"WebSite\",\"@id\":\"https:\/\/ciudadyregion.com.co\/#website\",\"url\":\"https:\/\/ciudadyregion.com.co\/\",\"name\":\"Ciudad y Region\",\"description\":\"\",\"potentialAction\":[{\"@type\":\"SearchAction\",\"target\":{\"@type\":\"EntryPoint\",\"urlTemplate\":\"https:\/\/ciudadyregion.com.co\/?s={search_term_string}\"},\"query-input\":{\"@type\":\"PropertyValueSpecification\",\"valueRequired\":true,\"valueName\":\"search_term_string\"}}],\"inLanguage\":\"es\"},{\"@type\":\"Person\",\"@id\":\"https:\/\/ciudadyregion.com.co\/#\/schema\/person\/04a4954373ebc4051f46e8c65ff78622\",\"name\":\"David Andr\u00e9s Aguirre\",\"image\":{\"@type\":\"ImageObject\",\"inLanguage\":\"es\",\"@id\":\"https:\/\/ciudadyregion.com.co\/#\/schema\/person\/image\/\",\"url\":\"https:\/\/secure.gravatar.com\/avatar\/bc3c655860202182ee6d1b5edd042dbe?s=96&d=mm&r=g\",\"contentUrl\":\"https:\/\/secure.gravatar.com\/avatar\/bc3c655860202182ee6d1b5edd042dbe?s=96&d=mm&r=g\",\"caption\":\"David Andr\u00e9s Aguirre\"},\"url\":\"https:\/\/ciudadyregion.com.co\/index.php\/author\/diegoaguirre\/\"}]}<\/script>\n<!-- \/ Yoast SEO plugin. -->","yoast_head_json":{"title":"\u00a1La fiebre amarilla no es cosa del pasado! - Ciudad y Region","robots":{"index":"index","follow":"follow","max-snippet":"max-snippet:-1","max-image-preview":"max-image-preview:large","max-video-preview":"max-video-preview:-1"},"canonical":"https:\/\/ciudadyregion.com.co\/index.php\/la-fiebre-amarilla-no-es-cosa-del-pasado\/salud\/","og_locale":"es_ES","og_type":"article","og_title":"\u00a1La fiebre amarilla no es cosa del pasado! - Ciudad y Region","og_description":"El virus sigue activo en ciertas regiones del pa\u00eds, especialmente en el departamento del Tolima. Antes de viajar a zonas de riesgo, vac\u00fanate con al menos 10 d\u00edas de anticipaci\u00f3n. Y si ya pasaron m\u00e1s de 10 a\u00f1os desde tu \u00faltima dosis y est\u00e1s o viajas a Cunday, Villarrica, Purificaci\u00f3n,Continuar Leyendo","og_url":"https:\/\/ciudadyregion.com.co\/index.php\/la-fiebre-amarilla-no-es-cosa-del-pasado\/salud\/","og_site_name":"Ciudad y Region","article_published_time":"2026-03-09T14:08:39+00:00","og_image":[{"width":800,"height":445,"url":"https:\/\/ciudadyregion.com.co\/wp-content\/uploads\/2025\/11\/fiebre-amarilla.jpg","type":"image\/jpeg"}],"author":"David Andr\u00e9s Aguirre","twitter_card":"summary_large_image","twitter_misc":{"Escrito por":"David Andr\u00e9s Aguirre","Tiempo de lectura":"1 minuto"},"schema":{"@context":"https:\/\/schema.org","@graph":[{"@type":"WebPage","@id":"https:\/\/ciudadyregion.com.co\/index.php\/la-fiebre-amarilla-no-es-cosa-del-pasado\/salud\/","url":"https:\/\/ciudadyregion.com.co\/index.php\/la-fiebre-amarilla-no-es-cosa-del-pasado\/salud\/","name":"\u00a1La fiebre amarilla no es cosa del pasado! - Ciudad y Region","isPartOf":{"@id":"https:\/\/ciudadyregion.com.co\/#website"},"primaryImageOfPage":{"@id":"https:\/\/ciudadyregion.com.co\/index.php\/la-fiebre-amarilla-no-es-cosa-del-pasado\/salud\/#primaryimage"},"image":{"@id":"https:\/\/ciudadyregion.com.co\/index.php\/la-fiebre-amarilla-no-es-cosa-del-pasado\/salud\/#primaryimage"},"thumbnailUrl":"https:\/\/i0.wp.com\/ciudadyregion.com.co\/wp-content\/uploads\/2025\/11\/fiebre-amarilla.jpg?fit=800%2C445&ssl=1","datePublished":"2026-03-09T14:08:39+00:00","dateModified":"2026-03-09T14:08:39+00:00","author":{"@id":"https:\/\/ciudadyregion.com.co\/#\/schema\/person\/04a4954373ebc4051f46e8c65ff78622"},"breadcrumb":{"@id":"https:\/\/ciudadyregion.com.co\/index.php\/la-fiebre-amarilla-no-es-cosa-del-pasado\/salud\/#breadcrumb"},"inLanguage":"es","potentialAction":[{"@type":"ReadAction","target":["https:\/\/ciudadyregion.com.co\/index.php\/la-fiebre-amarilla-no-es-cosa-del-pasado\/salud\/"]}]},{"@type":"ImageObject","inLanguage":"es","@id":"https:\/\/ciudadyregion.com.co\/index.php\/la-fiebre-amarilla-no-es-cosa-del-pasado\/salud\/#primaryimage","url":"https:\/\/i0.wp.com\/ciudadyregion.com.co\/wp-content\/uploads\/2025\/11\/fiebre-amarilla.jpg?fit=800%2C445&ssl=1","contentUrl":"https:\/\/i0.wp.com\/ciudadyregion.com.co\/wp-content\/uploads\/2025\/11\/fiebre-amarilla.jpg?fit=800%2C445&ssl=1","width":800,"height":445},{"@type":"BreadcrumbList","@id":"https:\/\/ciudadyregion.com.co\/index.php\/la-fiebre-amarilla-no-es-cosa-del-pasado\/salud\/#breadcrumb","itemListElement":[{"@type":"ListItem","position":1,"name":"Portada","item":"https:\/\/ciudadyregion.com.co\/"},{"@type":"ListItem","position":2,"name":"\u00a1La fiebre amarilla no es cosa del pasado!"}]},{"@type":"WebSite","@id":"https:\/\/ciudadyregion.com.co\/#website","url":"https:\/\/ciudadyregion.com.co\/","name":"Ciudad y Region","description":"","potentialAction":[{"@type":"SearchAction","target":{"@type":"EntryPoint","urlTemplate":"https:\/\/ciudadyregion.com.co\/?s={search_term_string}"},"query-input":{"@type":"PropertyValueSpecification","valueRequired":true,"valueName":"search_term_string"}}],"inLanguage":"es"},{"@type":"Person","@id":"https:\/\/ciudadyregion.com.co\/#\/schema\/person\/04a4954373ebc4051f46e8c65ff78622","name":"David Andr\u00e9s Aguirre","image":{"@type":"ImageObject","inLanguage":"es","@id":"https:\/\/ciudadyregion.com.co\/#\/schema\/person\/image\/","url":"https:\/\/secure.gravatar.com\/avatar\/bc3c655860202182ee6d1b5edd042dbe?s=96&d=mm&r=g","contentUrl":"https:\/\/secure.gravatar.com\/avatar\/bc3c655860202182ee6d1b5edd042dbe?s=96&d=mm&r=g","caption":"David Andr\u00e9s Aguirre"},"url":"https:\/\/ciudadyregion.com.co\/index.php\/author\/diegoaguirre\/"}]}},"jetpack_featured_media_url":"https:\/\/i0.wp.com\/ciudadyregion.com.co\/wp-content\/uploads\/2025\/11\/fiebre-amarilla.jpg?fit=800%2C445&ssl=1","jetpack_sharing_enabled":true,"jetpack_shortlink":"https:\/\/wp.me\/pbS7hh-eNT","jetpack-related-posts":[],"_links":{"self":[{"href":"https:\/\/ciudadyregion.com.co\/index.php\/wp-json\/wp\/v2\/posts\/56909"}],"collection":[{"href":"https:\/\/ciudadyregion.com.co\/index.php\/wp-json\/wp\/v2\/posts"}],"about":[{"href":"https:\/\/ciudadyregion.com.co\/index.php\/wp-json\/wp\/v2\/types\/post"}],"author":[{"embeddable":true,"href":"https:\/\/ciudadyregion.com.co\/index.php\/wp-json\/wp\/v2\/users\/2"}],"replies":[{"embeddable":true,"href":"https:\/\/ciudadyregion.com.co\/index.php\/wp-json\/wp\/v2\/comments?post=56909"}],"version-history":[{"count":1,"href":"https:\/\/ciudadyregion.com.co\/index.php\/wp-json\/wp\/v2\/posts\/56909\/revisions"}],"predecessor-version":[{"id":56911,"href":"https:\/\/ciudadyregion.com.co\/index.php\/wp-json\/wp\/v2\/posts\/56909\/revisions\/56911"}],"wp:featuredmedia":[{"embeddable":true,"href":"https:\/\/ciudadyregion.com.co\/index.php\/wp-json\/wp\/v2\/media\/48781"}],"wp:attachment":[{"href":"https:\/\/ciudadyregion.com.co\/index.php\/wp-json\/wp\/v2\/media?parent=56909"}],"wp:term":[{"taxonomy":"category","embeddable":true,"href":"https:\/\/ciudadyregion.com.co\/index.php\/wp-json\/wp\/v2\/categories?post=56909"},{"taxonomy":"post_tag","embeddable":true,"href":"https:\/\/ciudadyregion.com.co\/index.php\/wp-json\/wp\/v2\/tags?post=56909"}],"curies":[{"name":"wp","href":"https:\/\/api.w.org\/{rel}","templated":true}]}}