{"id":56817,"date":"2026-03-08T21:33:24","date_gmt":"2026-03-09T02:33:24","guid":{"rendered":"https:\/\/ciudadyregion.com.co\/?p=56817"},"modified":"2026-03-08T21:33:24","modified_gmt":"2026-03-09T02:33:24","slug":"la-musica-andina-brillo-en-bogota-con-la-gala-de-los-40-anos-del-festival-nacional-de-la-musica-colombiana","status":"publish","type":"post","link":"https:\/\/ciudadyregion.com.co\/index.php\/la-musica-andina-brillo-en-bogota-con-la-gala-de-los-40-anos-del-festival-nacional-de-la-musica-colombiana\/ibague\/","title":{"rendered":"La m\u00fasica andina brill\u00f3 en Bogot\u00e1 con la gala de los 40 a\u00f1os del Festival Nacional de la M\u00fasica Colombiana"},"content":{"rendered":"<p>El Teatro Mayor Julio Mario Santo Domingo fue escenario de una emotiva velada, que marc\u00f3 el inicio de esta celebraci\u00f3n nacional, cuya programaci\u00f3n se lleva a cabo cada a\u00f1o en Ibagu\u00e9.<\/p>\n<p>En una noche cargada de identidad, tradici\u00f3n y memoria musical, el Concierto de Gala por los 40 a\u00f1os del Festival Nacional de la M\u00fasica Colombiana cautiv\u00f3 al p\u00fablico que se dio cita en el Teatro Mayor Julio Mario Santo Domingo, en Bogot\u00e1, para rendir homenaje a uno de los encuentros culturales m\u00e1s representativos del pa\u00eds.<\/p>\n<p>La velada reuni\u00f3 en el escenario a destacados int\u00e9rpretes del g\u00e9nero andino colombiano, quienes ofrecieron un recorrido por las sonoridades que han marcado la historia del Festival y que hoy siguen fortaleciendo el patrimonio musical de Colombia.<\/p>\n<p>La alcaldesa de Ibagu\u00e9, Johana Aranda, destac\u00f3 el reconocimiento a las mujeres dentro de esta conmemoraci\u00f3n: \u201cHoy rendimos un homenaje a las mujeres que cantan, crean y escriben su propio destino. En estos 40 a\u00f1os del Festival Nacional de M\u00fasica Colombiana celebramos su talento y su valent\u00eda, porque en la m\u00fasica, en el arte y en la vida, las mujeres siempre encontramos la forma de alzar nuestra voz y abrirnos camino\u201d.<\/p>\n<p>Durante el concierto participaron duetos ganadores del t\u00edtulo \u2018Pr\u00edncipes de la Canci\u00f3n\u2019, como Dueto Duetorres, Armonizando D\u00fao; Dueto Renaceres y Dueto Nocturnal; el Dueto Luar y Princesas de la Canci\u00f3n 2025, quienes representaron con sensibilidad y talento a la nueva generaci\u00f3n de int\u00e9rpretes, que mantienen viva la tradici\u00f3n de la m\u00fasica andina colombiana.<\/p>\n<p>La gala tambi\u00e9n cont\u00f3 con la participaci\u00f3n de Dueto Tierra Viva, as\u00ed como de compositores reconocidos en el Festival, como Fernando Salazar, ganador del Concurso Nacional de Composici\u00f3n Leonor Buenaventura 2025, y Leonardo Laverde. Ambos hacen parte del legado creativo que nutre este importante encuentro musical.<\/p>\n<p>El concierto incluy\u00f3, adem\u00e1s, la participaci\u00f3n especial de La Gran Rondalla Colombiana y Bogot\u00e1 Piano Tr\u00edo, as\u00ed como de la reconocida cantante Ma\u00eda, quien cerr\u00f3 la velada con una presentaci\u00f3n que conect\u00f3 al p\u00fablico con la diversidad sonora del pa\u00eds.<\/p>\n<p>\u201cEstoy muy feliz de compartir con mis paisanos de Ibagu\u00e9 y del Tolima este lanzamiento del Festival de la M\u00fasica Colombiana. Es un orgullo ver c\u00f3mo este festival sigue siendo el coraz\u00f3n de nuestra m\u00fasica y un legado para las nuevas generaciones\u201d, expres\u00f3 el tolimense Jorge Bar\u00f3n.<\/p>\n<p>Con esta gala en la capital del pa\u00eds, inici\u00f3 la celebraci\u00f3n nacional de los 40 a\u00f1os del Festival Nacional de la M\u00fasica Colombiana, cuya programaci\u00f3n central se desarrollar\u00e1 en Ibagu\u00e9 del 15 al 23 de marzo, consolidando a la ciudad como la Capital Musical de Colombia y escenario de encuentro para artistas, compositores y amantes de la m\u00fasica andina, destac\u00f3 el secretario de Cultura, Mauricio Hern\u00e1ndez Cala.<\/p>\n","protected":false},"excerpt":{"rendered":"<p>El Teatro Mayor Julio Mario Santo Domingo fue escenario de una emotiva velada, que marc\u00f3 el inicio de esta celebraci\u00f3n nacional, cuya programaci\u00f3n se lleva a cabo cada a\u00f1o en Ibagu\u00e9. En una noche cargada de identidad, tradici\u00f3n y memoria musical, el Concierto de Gala por los 40 a\u00f1os del<span class=\"more-link\"><a href=\"https:\/\/ciudadyregion.com.co\/index.php\/la-musica-andina-brillo-en-bogota-con-la-gala-de-los-40-anos-del-festival-nacional-de-la-musica-colombiana\/ibague\/\">Continuar Leyendo<\/a><\/span><\/p>\n","protected":false},"author":2,"featured_media":56818,"comment_status":"open","ping_status":"open","sticky":false,"template":"","format":"standard","meta":{"_uf_show_specific_survey":0,"_uf_disable_surveys":false,"_jetpack_memberships_contains_paid_content":false,"footnotes":"","jetpack_publicize_message":"","jetpack_publicize_feature_enabled":true,"jetpack_social_post_already_shared":true,"jetpack_social_options":{"image_generator_settings":{"template":"highway","enabled":false},"version":2}},"categories":[14],"tags":[],"class_list":["entry","author-diegoaguirre","post-56817","post","type-post","status-publish","format-standard","has-post-thumbnail","category-ibague"],"jetpack_publicize_connections":[],"yoast_head":"<!-- This site is optimized with the Yoast SEO plugin v24.3 - https:\/\/yoast.com\/wordpress\/plugins\/seo\/ -->\n<title>La m\u00fasica andina brill\u00f3 en Bogot\u00e1 con la gala de los 40 a\u00f1os del Festival Nacional de la M\u00fasica Colombiana - Ciudad y Region<\/title>\n<meta name=\"robots\" content=\"index, follow, max-snippet:-1, max-image-preview:large, max-video-preview:-1\" \/>\n<link rel=\"canonical\" href=\"https:\/\/ciudadyregion.com.co\/index.php\/la-musica-andina-brillo-en-bogota-con-la-gala-de-los-40-anos-del-festival-nacional-de-la-musica-colombiana\/ibague\/\" \/>\n<meta property=\"og:locale\" content=\"es_ES\" \/>\n<meta property=\"og:type\" content=\"article\" \/>\n<meta property=\"og:title\" content=\"La m\u00fasica andina brill\u00f3 en Bogot\u00e1 con la gala de los 40 a\u00f1os del Festival Nacional de la M\u00fasica Colombiana - Ciudad y Region\" \/>\n<meta property=\"og:description\" content=\"El Teatro Mayor Julio Mario Santo Domingo fue escenario de una emotiva velada, que marc\u00f3 el inicio de esta celebraci\u00f3n nacional, cuya programaci\u00f3n se lleva a cabo cada a\u00f1o en Ibagu\u00e9. En una noche cargada de identidad, tradici\u00f3n y memoria musical, el Concierto de Gala por los 40 a\u00f1os delContinuar Leyendo\" \/>\n<meta property=\"og:url\" content=\"https:\/\/ciudadyregion.com.co\/index.php\/la-musica-andina-brillo-en-bogota-con-la-gala-de-los-40-anos-del-festival-nacional-de-la-musica-colombiana\/ibague\/\" \/>\n<meta property=\"og:site_name\" content=\"Ciudad y Region\" \/>\n<meta property=\"article:published_time\" content=\"2026-03-09T02:33:24+00:00\" \/>\n<meta property=\"og:image\" content=\"https:\/\/ciudadyregion.com.co\/wp-content\/uploads\/2026\/03\/a-4-2.jpg\" \/>\n\t<meta property=\"og:image:width\" content=\"800\" \/>\n\t<meta property=\"og:image:height\" content=\"445\" \/>\n\t<meta property=\"og:image:type\" content=\"image\/jpeg\" \/>\n<meta name=\"author\" content=\"David Andr\u00e9s Aguirre\" \/>\n<meta name=\"twitter:card\" content=\"summary_large_image\" \/>\n<meta name=\"twitter:label1\" content=\"Escrito por\" \/>\n\t<meta name=\"twitter:data1\" content=\"David Andr\u00e9s Aguirre\" \/>\n\t<meta name=\"twitter:label2\" content=\"Tiempo de lectura\" \/>\n\t<meta name=\"twitter:data2\" content=\"3 minutos\" \/>\n<script type=\"application\/ld+json\" class=\"yoast-schema-graph\">{\"@context\":\"https:\/\/schema.org\",\"@graph\":[{\"@type\":\"WebPage\",\"@id\":\"https:\/\/ciudadyregion.com.co\/index.php\/la-musica-andina-brillo-en-bogota-con-la-gala-de-los-40-anos-del-festival-nacional-de-la-musica-colombiana\/ibague\/\",\"url\":\"https:\/\/ciudadyregion.com.co\/index.php\/la-musica-andina-brillo-en-bogota-con-la-gala-de-los-40-anos-del-festival-nacional-de-la-musica-colombiana\/ibague\/\",\"name\":\"La m\u00fasica andina brill\u00f3 en Bogot\u00e1 con la gala de los 40 a\u00f1os del Festival Nacional de la M\u00fasica Colombiana - Ciudad y Region\",\"isPartOf\":{\"@id\":\"https:\/\/ciudadyregion.com.co\/#website\"},\"primaryImageOfPage\":{\"@id\":\"https:\/\/ciudadyregion.com.co\/index.php\/la-musica-andina-brillo-en-bogota-con-la-gala-de-los-40-anos-del-festival-nacional-de-la-musica-colombiana\/ibague\/#primaryimage\"},\"image\":{\"@id\":\"https:\/\/ciudadyregion.com.co\/index.php\/la-musica-andina-brillo-en-bogota-con-la-gala-de-los-40-anos-del-festival-nacional-de-la-musica-colombiana\/ibague\/#primaryimage\"},\"thumbnailUrl\":\"https:\/\/i0.wp.com\/ciudadyregion.com.co\/wp-content\/uploads\/2026\/03\/a-4-2.jpg?fit=800%2C445&ssl=1\",\"datePublished\":\"2026-03-09T02:33:24+00:00\",\"dateModified\":\"2026-03-09T02:33:24+00:00\",\"author\":{\"@id\":\"https:\/\/ciudadyregion.com.co\/#\/schema\/person\/04a4954373ebc4051f46e8c65ff78622\"},\"breadcrumb\":{\"@id\":\"https:\/\/ciudadyregion.com.co\/index.php\/la-musica-andina-brillo-en-bogota-con-la-gala-de-los-40-anos-del-festival-nacional-de-la-musica-colombiana\/ibague\/#breadcrumb\"},\"inLanguage\":\"es\",\"potentialAction\":[{\"@type\":\"ReadAction\",\"target\":[\"https:\/\/ciudadyregion.com.co\/index.php\/la-musica-andina-brillo-en-bogota-con-la-gala-de-los-40-anos-del-festival-nacional-de-la-musica-colombiana\/ibague\/\"]}]},{\"@type\":\"ImageObject\",\"inLanguage\":\"es\",\"@id\":\"https:\/\/ciudadyregion.com.co\/index.php\/la-musica-andina-brillo-en-bogota-con-la-gala-de-los-40-anos-del-festival-nacional-de-la-musica-colombiana\/ibague\/#primaryimage\",\"url\":\"https:\/\/i0.wp.com\/ciudadyregion.com.co\/wp-content\/uploads\/2026\/03\/a-4-2.jpg?fit=800%2C445&ssl=1\",\"contentUrl\":\"https:\/\/i0.wp.com\/ciudadyregion.com.co\/wp-content\/uploads\/2026\/03\/a-4-2.jpg?fit=800%2C445&ssl=1\",\"width\":800,\"height\":445},{\"@type\":\"BreadcrumbList\",\"@id\":\"https:\/\/ciudadyregion.com.co\/index.php\/la-musica-andina-brillo-en-bogota-con-la-gala-de-los-40-anos-del-festival-nacional-de-la-musica-colombiana\/ibague\/#breadcrumb\",\"itemListElement\":[{\"@type\":\"ListItem\",\"position\":1,\"name\":\"Portada\",\"item\":\"https:\/\/ciudadyregion.com.co\/\"},{\"@type\":\"ListItem\",\"position\":2,\"name\":\"La m\u00fasica andina brill\u00f3 en Bogot\u00e1 con la gala de los 40 a\u00f1os del Festival Nacional de la M\u00fasica Colombiana\"}]},{\"@type\":\"WebSite\",\"@id\":\"https:\/\/ciudadyregion.com.co\/#website\",\"url\":\"https:\/\/ciudadyregion.com.co\/\",\"name\":\"Ciudad y Region\",\"description\":\"\",\"potentialAction\":[{\"@type\":\"SearchAction\",\"target\":{\"@type\":\"EntryPoint\",\"urlTemplate\":\"https:\/\/ciudadyregion.com.co\/?s={search_term_string}\"},\"query-input\":{\"@type\":\"PropertyValueSpecification\",\"valueRequired\":true,\"valueName\":\"search_term_string\"}}],\"inLanguage\":\"es\"},{\"@type\":\"Person\",\"@id\":\"https:\/\/ciudadyregion.com.co\/#\/schema\/person\/04a4954373ebc4051f46e8c65ff78622\",\"name\":\"David Andr\u00e9s Aguirre\",\"image\":{\"@type\":\"ImageObject\",\"inLanguage\":\"es\",\"@id\":\"https:\/\/ciudadyregion.com.co\/#\/schema\/person\/image\/\",\"url\":\"https:\/\/secure.gravatar.com\/avatar\/bc3c655860202182ee6d1b5edd042dbe?s=96&d=mm&r=g\",\"contentUrl\":\"https:\/\/secure.gravatar.com\/avatar\/bc3c655860202182ee6d1b5edd042dbe?s=96&d=mm&r=g\",\"caption\":\"David Andr\u00e9s Aguirre\"},\"url\":\"https:\/\/ciudadyregion.com.co\/index.php\/author\/diegoaguirre\/\"}]}<\/script>\n<!-- \/ Yoast SEO plugin. -->","yoast_head_json":{"title":"La m\u00fasica andina brill\u00f3 en Bogot\u00e1 con la gala de los 40 a\u00f1os del Festival Nacional de la M\u00fasica Colombiana - Ciudad y Region","robots":{"index":"index","follow":"follow","max-snippet":"max-snippet:-1","max-image-preview":"max-image-preview:large","max-video-preview":"max-video-preview:-1"},"canonical":"https:\/\/ciudadyregion.com.co\/index.php\/la-musica-andina-brillo-en-bogota-con-la-gala-de-los-40-anos-del-festival-nacional-de-la-musica-colombiana\/ibague\/","og_locale":"es_ES","og_type":"article","og_title":"La m\u00fasica andina brill\u00f3 en Bogot\u00e1 con la gala de los 40 a\u00f1os del Festival Nacional de la M\u00fasica Colombiana - Ciudad y Region","og_description":"El Teatro Mayor Julio Mario Santo Domingo fue escenario de una emotiva velada, que marc\u00f3 el inicio de esta celebraci\u00f3n nacional, cuya programaci\u00f3n se lleva a cabo cada a\u00f1o en Ibagu\u00e9. En una noche cargada de identidad, tradici\u00f3n y memoria musical, el Concierto de Gala por los 40 a\u00f1os delContinuar Leyendo","og_url":"https:\/\/ciudadyregion.com.co\/index.php\/la-musica-andina-brillo-en-bogota-con-la-gala-de-los-40-anos-del-festival-nacional-de-la-musica-colombiana\/ibague\/","og_site_name":"Ciudad y Region","article_published_time":"2026-03-09T02:33:24+00:00","og_image":[{"width":800,"height":445,"url":"https:\/\/ciudadyregion.com.co\/wp-content\/uploads\/2026\/03\/a-4-2.jpg","type":"image\/jpeg"}],"author":"David Andr\u00e9s Aguirre","twitter_card":"summary_large_image","twitter_misc":{"Escrito por":"David Andr\u00e9s Aguirre","Tiempo de lectura":"3 minutos"},"schema":{"@context":"https:\/\/schema.org","@graph":[{"@type":"WebPage","@id":"https:\/\/ciudadyregion.com.co\/index.php\/la-musica-andina-brillo-en-bogota-con-la-gala-de-los-40-anos-del-festival-nacional-de-la-musica-colombiana\/ibague\/","url":"https:\/\/ciudadyregion.com.co\/index.php\/la-musica-andina-brillo-en-bogota-con-la-gala-de-los-40-anos-del-festival-nacional-de-la-musica-colombiana\/ibague\/","name":"La m\u00fasica andina brill\u00f3 en Bogot\u00e1 con la gala de los 40 a\u00f1os del Festival Nacional de la M\u00fasica Colombiana - Ciudad y Region","isPartOf":{"@id":"https:\/\/ciudadyregion.com.co\/#website"},"primaryImageOfPage":{"@id":"https:\/\/ciudadyregion.com.co\/index.php\/la-musica-andina-brillo-en-bogota-con-la-gala-de-los-40-anos-del-festival-nacional-de-la-musica-colombiana\/ibague\/#primaryimage"},"image":{"@id":"https:\/\/ciudadyregion.com.co\/index.php\/la-musica-andina-brillo-en-bogota-con-la-gala-de-los-40-anos-del-festival-nacional-de-la-musica-colombiana\/ibague\/#primaryimage"},"thumbnailUrl":"https:\/\/i0.wp.com\/ciudadyregion.com.co\/wp-content\/uploads\/2026\/03\/a-4-2.jpg?fit=800%2C445&ssl=1","datePublished":"2026-03-09T02:33:24+00:00","dateModified":"2026-03-09T02:33:24+00:00","author":{"@id":"https:\/\/ciudadyregion.com.co\/#\/schema\/person\/04a4954373ebc4051f46e8c65ff78622"},"breadcrumb":{"@id":"https:\/\/ciudadyregion.com.co\/index.php\/la-musica-andina-brillo-en-bogota-con-la-gala-de-los-40-anos-del-festival-nacional-de-la-musica-colombiana\/ibague\/#breadcrumb"},"inLanguage":"es","potentialAction":[{"@type":"ReadAction","target":["https:\/\/ciudadyregion.com.co\/index.php\/la-musica-andina-brillo-en-bogota-con-la-gala-de-los-40-anos-del-festival-nacional-de-la-musica-colombiana\/ibague\/"]}]},{"@type":"ImageObject","inLanguage":"es","@id":"https:\/\/ciudadyregion.com.co\/index.php\/la-musica-andina-brillo-en-bogota-con-la-gala-de-los-40-anos-del-festival-nacional-de-la-musica-colombiana\/ibague\/#primaryimage","url":"https:\/\/i0.wp.com\/ciudadyregion.com.co\/wp-content\/uploads\/2026\/03\/a-4-2.jpg?fit=800%2C445&ssl=1","contentUrl":"https:\/\/i0.wp.com\/ciudadyregion.com.co\/wp-content\/uploads\/2026\/03\/a-4-2.jpg?fit=800%2C445&ssl=1","width":800,"height":445},{"@type":"BreadcrumbList","@id":"https:\/\/ciudadyregion.com.co\/index.php\/la-musica-andina-brillo-en-bogota-con-la-gala-de-los-40-anos-del-festival-nacional-de-la-musica-colombiana\/ibague\/#breadcrumb","itemListElement":[{"@type":"ListItem","position":1,"name":"Portada","item":"https:\/\/ciudadyregion.com.co\/"},{"@type":"ListItem","position":2,"name":"La m\u00fasica andina brill\u00f3 en Bogot\u00e1 con la gala de los 40 a\u00f1os del Festival Nacional de la M\u00fasica Colombiana"}]},{"@type":"WebSite","@id":"https:\/\/ciudadyregion.com.co\/#website","url":"https:\/\/ciudadyregion.com.co\/","name":"Ciudad y Region","description":"","potentialAction":[{"@type":"SearchAction","target":{"@type":"EntryPoint","urlTemplate":"https:\/\/ciudadyregion.com.co\/?s={search_term_string}"},"query-input":{"@type":"PropertyValueSpecification","valueRequired":true,"valueName":"search_term_string"}}],"inLanguage":"es"},{"@type":"Person","@id":"https:\/\/ciudadyregion.com.co\/#\/schema\/person\/04a4954373ebc4051f46e8c65ff78622","name":"David Andr\u00e9s Aguirre","image":{"@type":"ImageObject","inLanguage":"es","@id":"https:\/\/ciudadyregion.com.co\/#\/schema\/person\/image\/","url":"https:\/\/secure.gravatar.com\/avatar\/bc3c655860202182ee6d1b5edd042dbe?s=96&d=mm&r=g","contentUrl":"https:\/\/secure.gravatar.com\/avatar\/bc3c655860202182ee6d1b5edd042dbe?s=96&d=mm&r=g","caption":"David Andr\u00e9s Aguirre"},"url":"https:\/\/ciudadyregion.com.co\/index.php\/author\/diegoaguirre\/"}]}},"jetpack_featured_media_url":"https:\/\/i0.wp.com\/ciudadyregion.com.co\/wp-content\/uploads\/2026\/03\/a-4-2.jpg?fit=800%2C445&ssl=1","jetpack_sharing_enabled":true,"jetpack_shortlink":"https:\/\/wp.me\/pbS7hh-eMp","jetpack-related-posts":[],"_links":{"self":[{"href":"https:\/\/ciudadyregion.com.co\/index.php\/wp-json\/wp\/v2\/posts\/56817"}],"collection":[{"href":"https:\/\/ciudadyregion.com.co\/index.php\/wp-json\/wp\/v2\/posts"}],"about":[{"href":"https:\/\/ciudadyregion.com.co\/index.php\/wp-json\/wp\/v2\/types\/post"}],"author":[{"embeddable":true,"href":"https:\/\/ciudadyregion.com.co\/index.php\/wp-json\/wp\/v2\/users\/2"}],"replies":[{"embeddable":true,"href":"https:\/\/ciudadyregion.com.co\/index.php\/wp-json\/wp\/v2\/comments?post=56817"}],"version-history":[{"count":2,"href":"https:\/\/ciudadyregion.com.co\/index.php\/wp-json\/wp\/v2\/posts\/56817\/revisions"}],"predecessor-version":[{"id":56820,"href":"https:\/\/ciudadyregion.com.co\/index.php\/wp-json\/wp\/v2\/posts\/56817\/revisions\/56820"}],"wp:featuredmedia":[{"embeddable":true,"href":"https:\/\/ciudadyregion.com.co\/index.php\/wp-json\/wp\/v2\/media\/56818"}],"wp:attachment":[{"href":"https:\/\/ciudadyregion.com.co\/index.php\/wp-json\/wp\/v2\/media?parent=56817"}],"wp:term":[{"taxonomy":"category","embeddable":true,"href":"https:\/\/ciudadyregion.com.co\/index.php\/wp-json\/wp\/v2\/categories?post=56817"},{"taxonomy":"post_tag","embeddable":true,"href":"https:\/\/ciudadyregion.com.co\/index.php\/wp-json\/wp\/v2\/tags?post=56817"}],"curies":[{"name":"wp","href":"https:\/\/api.w.org\/{rel}","templated":true}]}}