{"id":56814,"date":"2026-03-08T21:24:18","date_gmt":"2026-03-09T02:24:18","guid":{"rendered":"https:\/\/ciudadyregion.com.co\/?p=56814"},"modified":"2026-03-08T21:24:18","modified_gmt":"2026-03-09T02:24:18","slug":"capturado-alias-ayatola-con-48-dosis-de-cocaina","status":"publish","type":"post","link":"https:\/\/ciudadyregion.com.co\/index.php\/capturado-alias-ayatola-con-48-dosis-de-cocaina\/judicial\/","title":{"rendered":"CAPTURADO ALIAS \u201cAYATOLA\u201d CON 48 DOSIS DE COCA\u00cdNA."},"content":{"rendered":"<p>El individuo fue sorprendido por uniformados en la invasi\u00f3n del Santofimio durante labores de patrullaje y control.<\/p>\n<p>Este presunto expendedor, registra tres anotaciones judiciales como indiciado por los delitos de hurto calificado y agravado y porte ilegal de armas de fuego por hechos ocurridos en el a\u00f1o 2025.<\/p>\n<p>Ibagu\u00e9.\u00a0En desarrollo de las acciones permanentes contra el microtr\u00e1fico que adelanta la Polic\u00eda Metropolitana de Ibagu\u00e9, uniformados adscritos a la Unidad Nacional de Intervenci\u00f3n Policial y de Antiterrorismo lograron la captura en flagrancia de un individuo de 21 a\u00f1os, conocido con el alias de \u201cAyatola\u201d, por el delito de tr\u00e1fico, fabricaci\u00f3n o porte de estupefacientes.<\/p>\n<p>El procedimiento se registr\u00f3 en la invasi\u00f3n del barrio Santofimio, donde los uniformados adelantaban labores de patrullaje, registro y control con el fin de prevenir la comisi\u00f3n de delitos y garantizar la seguridad en esta zona de la ciudad. Durante la actividad policial, los efectivos abordaron al sujeto para su plena identificaci\u00f3n y un registro personal.<\/p>\n<p>En medio del procedimiento, los uniformados hallaron en su poder 48 dosis de coca\u00edna listas para su distribuci\u00f3n, motivo por el cual procedieron de manera inmediata a materializar su captura y a dejarlo a disposici\u00f3n de la Fiscal\u00eda General de la Naci\u00f3n.<\/p>\n<p>Es de anotar que, al verificar sus antecedentes judiciales, se evidenci\u00f3 que al capturado le figuran tres anotaciones como indiciado por los delitos de hurto calificado y agravado, as\u00ed como porte ilegal de armas de fuego, por hechos ocurridos durante los meses de enero y marzo del a\u00f1o 2025.<\/p>\n<p>\u201dContinuaremos intensificando los operativos contra el tr\u00e1fico local de estupefacientes, reiterando nuestro compromiso con la seguridad y la convivencia ciudadana, e invitando a la comunidad a denunciar oportunamente cualquier hecho delictivo a trav\u00e9s de la l\u00ednea 123 o con la zona de atenci\u00f3n policial m\u00e1s cercana.\u201d Manifest\u00f3 el Mayor Luis Carlos Fl\u00f3rez Quintero, Comandante de la Estaci\u00f3n de Polic\u00eda Sur.<\/p>\n","protected":false},"excerpt":{"rendered":"<p>El individuo fue sorprendido por uniformados en la invasi\u00f3n del Santofimio durante labores de patrullaje y control. Este presunto expendedor, registra tres anotaciones judiciales como indiciado por los delitos de hurto calificado y agravado y porte ilegal de armas de fuego por hechos ocurridos en el a\u00f1o 2025. Ibagu\u00e9.\u00a0En desarrollo<span class=\"more-link\"><a href=\"https:\/\/ciudadyregion.com.co\/index.php\/capturado-alias-ayatola-con-48-dosis-de-cocaina\/judicial\/\">Continuar Leyendo<\/a><\/span><\/p>\n","protected":false},"author":2,"featured_media":56815,"comment_status":"open","ping_status":"open","sticky":false,"template":"","format":"standard","meta":{"_uf_show_specific_survey":0,"_uf_disable_surveys":false,"_jetpack_memberships_contains_paid_content":false,"footnotes":"","jetpack_publicize_message":"","jetpack_publicize_feature_enabled":true,"jetpack_social_post_already_shared":true,"jetpack_social_options":{"image_generator_settings":{"template":"highway","enabled":false},"version":2}},"categories":[18],"tags":[],"class_list":["entry","author-diegoaguirre","post-56814","post","type-post","status-publish","format-standard","has-post-thumbnail","category-judicial"],"jetpack_publicize_connections":[],"yoast_head":"<!-- This site is optimized with the Yoast SEO plugin v24.3 - https:\/\/yoast.com\/wordpress\/plugins\/seo\/ -->\n<title>CAPTURADO ALIAS \u201cAYATOLA\u201d CON 48 DOSIS DE COCA\u00cdNA. - Ciudad y Region<\/title>\n<meta name=\"robots\" content=\"index, follow, max-snippet:-1, max-image-preview:large, max-video-preview:-1\" \/>\n<link rel=\"canonical\" href=\"https:\/\/ciudadyregion.com.co\/index.php\/capturado-alias-ayatola-con-48-dosis-de-cocaina\/judicial\/\" \/>\n<meta property=\"og:locale\" content=\"es_ES\" \/>\n<meta property=\"og:type\" content=\"article\" \/>\n<meta property=\"og:title\" content=\"CAPTURADO ALIAS \u201cAYATOLA\u201d CON 48 DOSIS DE COCA\u00cdNA. - Ciudad y Region\" \/>\n<meta property=\"og:description\" content=\"El individuo fue sorprendido por uniformados en la invasi\u00f3n del Santofimio durante labores de patrullaje y control. Este presunto expendedor, registra tres anotaciones judiciales como indiciado por los delitos de hurto calificado y agravado y porte ilegal de armas de fuego por hechos ocurridos en el a\u00f1o 2025. Ibagu\u00e9.\u00a0En desarrolloContinuar Leyendo\" \/>\n<meta property=\"og:url\" content=\"https:\/\/ciudadyregion.com.co\/index.php\/capturado-alias-ayatola-con-48-dosis-de-cocaina\/judicial\/\" \/>\n<meta property=\"og:site_name\" content=\"Ciudad y Region\" \/>\n<meta property=\"article:published_time\" content=\"2026-03-09T02:24:18+00:00\" \/>\n<meta property=\"og:image\" content=\"https:\/\/ciudadyregion.com.co\/wp-content\/uploads\/2026\/03\/a-3-2.jpg\" \/>\n\t<meta property=\"og:image:width\" content=\"800\" \/>\n\t<meta property=\"og:image:height\" content=\"445\" \/>\n\t<meta property=\"og:image:type\" content=\"image\/jpeg\" \/>\n<meta name=\"author\" content=\"David Andr\u00e9s Aguirre\" \/>\n<meta name=\"twitter:card\" content=\"summary_large_image\" \/>\n<meta name=\"twitter:label1\" content=\"Escrito por\" \/>\n\t<meta name=\"twitter:data1\" content=\"David Andr\u00e9s Aguirre\" \/>\n\t<meta name=\"twitter:label2\" content=\"Tiempo de lectura\" \/>\n\t<meta name=\"twitter:data2\" content=\"2 minutos\" \/>\n<script type=\"application\/ld+json\" class=\"yoast-schema-graph\">{\"@context\":\"https:\/\/schema.org\",\"@graph\":[{\"@type\":\"WebPage\",\"@id\":\"https:\/\/ciudadyregion.com.co\/index.php\/capturado-alias-ayatola-con-48-dosis-de-cocaina\/judicial\/\",\"url\":\"https:\/\/ciudadyregion.com.co\/index.php\/capturado-alias-ayatola-con-48-dosis-de-cocaina\/judicial\/\",\"name\":\"CAPTURADO ALIAS \u201cAYATOLA\u201d CON 48 DOSIS DE COCA\u00cdNA. - Ciudad y Region\",\"isPartOf\":{\"@id\":\"https:\/\/ciudadyregion.com.co\/#website\"},\"primaryImageOfPage\":{\"@id\":\"https:\/\/ciudadyregion.com.co\/index.php\/capturado-alias-ayatola-con-48-dosis-de-cocaina\/judicial\/#primaryimage\"},\"image\":{\"@id\":\"https:\/\/ciudadyregion.com.co\/index.php\/capturado-alias-ayatola-con-48-dosis-de-cocaina\/judicial\/#primaryimage\"},\"thumbnailUrl\":\"https:\/\/i0.wp.com\/ciudadyregion.com.co\/wp-content\/uploads\/2026\/03\/a-3-2.jpg?fit=800%2C445&ssl=1\",\"datePublished\":\"2026-03-09T02:24:18+00:00\",\"dateModified\":\"2026-03-09T02:24:18+00:00\",\"author\":{\"@id\":\"https:\/\/ciudadyregion.com.co\/#\/schema\/person\/04a4954373ebc4051f46e8c65ff78622\"},\"breadcrumb\":{\"@id\":\"https:\/\/ciudadyregion.com.co\/index.php\/capturado-alias-ayatola-con-48-dosis-de-cocaina\/judicial\/#breadcrumb\"},\"inLanguage\":\"es\",\"potentialAction\":[{\"@type\":\"ReadAction\",\"target\":[\"https:\/\/ciudadyregion.com.co\/index.php\/capturado-alias-ayatola-con-48-dosis-de-cocaina\/judicial\/\"]}]},{\"@type\":\"ImageObject\",\"inLanguage\":\"es\",\"@id\":\"https:\/\/ciudadyregion.com.co\/index.php\/capturado-alias-ayatola-con-48-dosis-de-cocaina\/judicial\/#primaryimage\",\"url\":\"https:\/\/i0.wp.com\/ciudadyregion.com.co\/wp-content\/uploads\/2026\/03\/a-3-2.jpg?fit=800%2C445&ssl=1\",\"contentUrl\":\"https:\/\/i0.wp.com\/ciudadyregion.com.co\/wp-content\/uploads\/2026\/03\/a-3-2.jpg?fit=800%2C445&ssl=1\",\"width\":800,\"height\":445},{\"@type\":\"BreadcrumbList\",\"@id\":\"https:\/\/ciudadyregion.com.co\/index.php\/capturado-alias-ayatola-con-48-dosis-de-cocaina\/judicial\/#breadcrumb\",\"itemListElement\":[{\"@type\":\"ListItem\",\"position\":1,\"name\":\"Portada\",\"item\":\"https:\/\/ciudadyregion.com.co\/\"},{\"@type\":\"ListItem\",\"position\":2,\"name\":\"CAPTURADO ALIAS \u201cAYATOLA\u201d CON 48 DOSIS DE COCA\u00cdNA.\"}]},{\"@type\":\"WebSite\",\"@id\":\"https:\/\/ciudadyregion.com.co\/#website\",\"url\":\"https:\/\/ciudadyregion.com.co\/\",\"name\":\"Ciudad y Region\",\"description\":\"\",\"potentialAction\":[{\"@type\":\"SearchAction\",\"target\":{\"@type\":\"EntryPoint\",\"urlTemplate\":\"https:\/\/ciudadyregion.com.co\/?s={search_term_string}\"},\"query-input\":{\"@type\":\"PropertyValueSpecification\",\"valueRequired\":true,\"valueName\":\"search_term_string\"}}],\"inLanguage\":\"es\"},{\"@type\":\"Person\",\"@id\":\"https:\/\/ciudadyregion.com.co\/#\/schema\/person\/04a4954373ebc4051f46e8c65ff78622\",\"name\":\"David Andr\u00e9s Aguirre\",\"image\":{\"@type\":\"ImageObject\",\"inLanguage\":\"es\",\"@id\":\"https:\/\/ciudadyregion.com.co\/#\/schema\/person\/image\/\",\"url\":\"https:\/\/secure.gravatar.com\/avatar\/bc3c655860202182ee6d1b5edd042dbe?s=96&d=mm&r=g\",\"contentUrl\":\"https:\/\/secure.gravatar.com\/avatar\/bc3c655860202182ee6d1b5edd042dbe?s=96&d=mm&r=g\",\"caption\":\"David Andr\u00e9s Aguirre\"},\"url\":\"https:\/\/ciudadyregion.com.co\/index.php\/author\/diegoaguirre\/\"}]}<\/script>\n<!-- \/ Yoast SEO plugin. -->","yoast_head_json":{"title":"CAPTURADO ALIAS \u201cAYATOLA\u201d CON 48 DOSIS DE COCA\u00cdNA. - Ciudad y Region","robots":{"index":"index","follow":"follow","max-snippet":"max-snippet:-1","max-image-preview":"max-image-preview:large","max-video-preview":"max-video-preview:-1"},"canonical":"https:\/\/ciudadyregion.com.co\/index.php\/capturado-alias-ayatola-con-48-dosis-de-cocaina\/judicial\/","og_locale":"es_ES","og_type":"article","og_title":"CAPTURADO ALIAS \u201cAYATOLA\u201d CON 48 DOSIS DE COCA\u00cdNA. - Ciudad y Region","og_description":"El individuo fue sorprendido por uniformados en la invasi\u00f3n del Santofimio durante labores de patrullaje y control. Este presunto expendedor, registra tres anotaciones judiciales como indiciado por los delitos de hurto calificado y agravado y porte ilegal de armas de fuego por hechos ocurridos en el a\u00f1o 2025. Ibagu\u00e9.\u00a0En desarrolloContinuar Leyendo","og_url":"https:\/\/ciudadyregion.com.co\/index.php\/capturado-alias-ayatola-con-48-dosis-de-cocaina\/judicial\/","og_site_name":"Ciudad y Region","article_published_time":"2026-03-09T02:24:18+00:00","og_image":[{"width":800,"height":445,"url":"https:\/\/ciudadyregion.com.co\/wp-content\/uploads\/2026\/03\/a-3-2.jpg","type":"image\/jpeg"}],"author":"David Andr\u00e9s Aguirre","twitter_card":"summary_large_image","twitter_misc":{"Escrito por":"David Andr\u00e9s Aguirre","Tiempo de lectura":"2 minutos"},"schema":{"@context":"https:\/\/schema.org","@graph":[{"@type":"WebPage","@id":"https:\/\/ciudadyregion.com.co\/index.php\/capturado-alias-ayatola-con-48-dosis-de-cocaina\/judicial\/","url":"https:\/\/ciudadyregion.com.co\/index.php\/capturado-alias-ayatola-con-48-dosis-de-cocaina\/judicial\/","name":"CAPTURADO ALIAS \u201cAYATOLA\u201d CON 48 DOSIS DE COCA\u00cdNA. - Ciudad y Region","isPartOf":{"@id":"https:\/\/ciudadyregion.com.co\/#website"},"primaryImageOfPage":{"@id":"https:\/\/ciudadyregion.com.co\/index.php\/capturado-alias-ayatola-con-48-dosis-de-cocaina\/judicial\/#primaryimage"},"image":{"@id":"https:\/\/ciudadyregion.com.co\/index.php\/capturado-alias-ayatola-con-48-dosis-de-cocaina\/judicial\/#primaryimage"},"thumbnailUrl":"https:\/\/i0.wp.com\/ciudadyregion.com.co\/wp-content\/uploads\/2026\/03\/a-3-2.jpg?fit=800%2C445&ssl=1","datePublished":"2026-03-09T02:24:18+00:00","dateModified":"2026-03-09T02:24:18+00:00","author":{"@id":"https:\/\/ciudadyregion.com.co\/#\/schema\/person\/04a4954373ebc4051f46e8c65ff78622"},"breadcrumb":{"@id":"https:\/\/ciudadyregion.com.co\/index.php\/capturado-alias-ayatola-con-48-dosis-de-cocaina\/judicial\/#breadcrumb"},"inLanguage":"es","potentialAction":[{"@type":"ReadAction","target":["https:\/\/ciudadyregion.com.co\/index.php\/capturado-alias-ayatola-con-48-dosis-de-cocaina\/judicial\/"]}]},{"@type":"ImageObject","inLanguage":"es","@id":"https:\/\/ciudadyregion.com.co\/index.php\/capturado-alias-ayatola-con-48-dosis-de-cocaina\/judicial\/#primaryimage","url":"https:\/\/i0.wp.com\/ciudadyregion.com.co\/wp-content\/uploads\/2026\/03\/a-3-2.jpg?fit=800%2C445&ssl=1","contentUrl":"https:\/\/i0.wp.com\/ciudadyregion.com.co\/wp-content\/uploads\/2026\/03\/a-3-2.jpg?fit=800%2C445&ssl=1","width":800,"height":445},{"@type":"BreadcrumbList","@id":"https:\/\/ciudadyregion.com.co\/index.php\/capturado-alias-ayatola-con-48-dosis-de-cocaina\/judicial\/#breadcrumb","itemListElement":[{"@type":"ListItem","position":1,"name":"Portada","item":"https:\/\/ciudadyregion.com.co\/"},{"@type":"ListItem","position":2,"name":"CAPTURADO ALIAS \u201cAYATOLA\u201d CON 48 DOSIS DE COCA\u00cdNA."}]},{"@type":"WebSite","@id":"https:\/\/ciudadyregion.com.co\/#website","url":"https:\/\/ciudadyregion.com.co\/","name":"Ciudad y Region","description":"","potentialAction":[{"@type":"SearchAction","target":{"@type":"EntryPoint","urlTemplate":"https:\/\/ciudadyregion.com.co\/?s={search_term_string}"},"query-input":{"@type":"PropertyValueSpecification","valueRequired":true,"valueName":"search_term_string"}}],"inLanguage":"es"},{"@type":"Person","@id":"https:\/\/ciudadyregion.com.co\/#\/schema\/person\/04a4954373ebc4051f46e8c65ff78622","name":"David Andr\u00e9s Aguirre","image":{"@type":"ImageObject","inLanguage":"es","@id":"https:\/\/ciudadyregion.com.co\/#\/schema\/person\/image\/","url":"https:\/\/secure.gravatar.com\/avatar\/bc3c655860202182ee6d1b5edd042dbe?s=96&d=mm&r=g","contentUrl":"https:\/\/secure.gravatar.com\/avatar\/bc3c655860202182ee6d1b5edd042dbe?s=96&d=mm&r=g","caption":"David Andr\u00e9s Aguirre"},"url":"https:\/\/ciudadyregion.com.co\/index.php\/author\/diegoaguirre\/"}]}},"jetpack_featured_media_url":"https:\/\/i0.wp.com\/ciudadyregion.com.co\/wp-content\/uploads\/2026\/03\/a-3-2.jpg?fit=800%2C445&ssl=1","jetpack_sharing_enabled":true,"jetpack_shortlink":"https:\/\/wp.me\/pbS7hh-eMm","jetpack-related-posts":[],"_links":{"self":[{"href":"https:\/\/ciudadyregion.com.co\/index.php\/wp-json\/wp\/v2\/posts\/56814"}],"collection":[{"href":"https:\/\/ciudadyregion.com.co\/index.php\/wp-json\/wp\/v2\/posts"}],"about":[{"href":"https:\/\/ciudadyregion.com.co\/index.php\/wp-json\/wp\/v2\/types\/post"}],"author":[{"embeddable":true,"href":"https:\/\/ciudadyregion.com.co\/index.php\/wp-json\/wp\/v2\/users\/2"}],"replies":[{"embeddable":true,"href":"https:\/\/ciudadyregion.com.co\/index.php\/wp-json\/wp\/v2\/comments?post=56814"}],"version-history":[{"count":1,"href":"https:\/\/ciudadyregion.com.co\/index.php\/wp-json\/wp\/v2\/posts\/56814\/revisions"}],"predecessor-version":[{"id":56816,"href":"https:\/\/ciudadyregion.com.co\/index.php\/wp-json\/wp\/v2\/posts\/56814\/revisions\/56816"}],"wp:featuredmedia":[{"embeddable":true,"href":"https:\/\/ciudadyregion.com.co\/index.php\/wp-json\/wp\/v2\/media\/56815"}],"wp:attachment":[{"href":"https:\/\/ciudadyregion.com.co\/index.php\/wp-json\/wp\/v2\/media?parent=56814"}],"wp:term":[{"taxonomy":"category","embeddable":true,"href":"https:\/\/ciudadyregion.com.co\/index.php\/wp-json\/wp\/v2\/categories?post=56814"},{"taxonomy":"post_tag","embeddable":true,"href":"https:\/\/ciudadyregion.com.co\/index.php\/wp-json\/wp\/v2\/tags?post=56814"}],"curies":[{"name":"wp","href":"https:\/\/api.w.org\/{rel}","templated":true}]}}