{"id":56811,"date":"2026-03-08T21:21:54","date_gmt":"2026-03-09T02:21:54","guid":{"rendered":"https:\/\/ciudadyregion.com.co\/?p=56811"},"modified":"2026-03-08T21:21:54","modified_gmt":"2026-03-09T02:21:54","slug":"capturado-por-presunto-abuso-sexual-contra-menor-de-8-anos","status":"publish","type":"post","link":"https:\/\/ciudadyregion.com.co\/index.php\/capturado-por-presunto-abuso-sexual-contra-menor-de-8-anos\/judicial\/","title":{"rendered":"CAPTURADO POR PRESUNTO ABUSO SEXUAL CONTRA MENOR DE 8 A\u00d1OS."},"content":{"rendered":"<p>La detenci\u00f3n se logr\u00f3 tras 11 meses de investigaci\u00f3n en el barrio Los Alpes del Salado.<\/p>\n<p>El procedimiento fue posible gracias al trabajo articulado entre la Polic\u00eda Nacional y la Fiscal\u00eda, lo que permiti\u00f3 establecer que los hechos presuntamente se registraron en noviembre de 2024. El capturado fue cobijado con medida de aseguramiento intramural.<\/p>\n<p>En el marco de la Estrategia de Protecci\u00f3n a la Adolescencia e Infancia Segura, la Unidad B\u00e1sica de Investigaci\u00f3n Criminal de la Seccional de Protecci\u00f3n y Servicios Especiales, logr\u00f3 la captura de un hombre de 36 a\u00f1os, en el barrio Los Alpes del Salado, comuna 7 de la capital tolimense, en un trabajo articulado con la Fiscal\u00eda 64 Seccional de la Unidad Especial de Investigaci\u00f3n de Delitos contra Ni\u00f1os, Ni\u00f1as y Adolescentes.<\/p>\n<p>Tras 11 meses de labores investigativas, se estableci\u00f3 que el indiciado ten\u00eda una orden judicial vigente, emitida por el Juzgado S\u00e9ptimo Penal Municipal con funci\u00f3n de control de garant\u00edas de Ibagu\u00e9, por el delito de acceso carnal abusivo con menor de 14 a\u00f1os agravado.<\/p>\n<p>Los hechos que motivaron dicha orden ocurrieron el 12 de noviembre de 2024, en el barrio Ceiba, donde el hoy capturado presuntamente habr\u00eda accedido carnalmente a una menor de 8 a\u00f1os.<\/p>\n<p>El detenido fue puesto a disposici\u00f3n de la autoridad judicial competente, la cual le impuso medida de aseguramiento en centro carcelario.<\/p>\n<p>\u201dEste caso es una muestra clara del compromiso de la Polic\u00eda Metropolitana de Ibagu\u00e9 en la protecci\u00f3n de nuestros ni\u00f1os, ni\u00f1as y adolescentes, y en la lucha frontal contra los delitos que atentan contra su integridad.\u201d<\/p>\n<p>\u201dInvitamos a la ciudadan\u00eda a denunciar de manera oportuna cualquier situaci\u00f3n que pueda poner en riesgo a un menor. La informaci\u00f3n de la comunidad es fundamental para continuar obteniendo resultados contundentes.\u201d Manifest\u00f3 el Mayor Ricardo Andr\u00e9s Moreno Vargas, Comandante del Distrito Uno de Polic\u00eda.<\/p>\n","protected":false},"excerpt":{"rendered":"<p>La detenci\u00f3n se logr\u00f3 tras 11 meses de investigaci\u00f3n en el barrio Los Alpes del Salado. El procedimiento fue posible gracias al trabajo articulado entre la Polic\u00eda Nacional y la Fiscal\u00eda, lo que permiti\u00f3 establecer que los hechos presuntamente se registraron en noviembre de 2024. El capturado fue cobijado con<span class=\"more-link\"><a href=\"https:\/\/ciudadyregion.com.co\/index.php\/capturado-por-presunto-abuso-sexual-contra-menor-de-8-anos\/judicial\/\">Continuar Leyendo<\/a><\/span><\/p>\n","protected":false},"author":2,"featured_media":56812,"comment_status":"open","ping_status":"open","sticky":false,"template":"","format":"standard","meta":{"_uf_show_specific_survey":0,"_uf_disable_surveys":false,"_jetpack_memberships_contains_paid_content":false,"footnotes":"","jetpack_publicize_message":"","jetpack_publicize_feature_enabled":true,"jetpack_social_post_already_shared":true,"jetpack_social_options":{"image_generator_settings":{"template":"highway","enabled":false},"version":2}},"categories":[18],"tags":[],"class_list":["entry","author-diegoaguirre","post-56811","post","type-post","status-publish","format-standard","has-post-thumbnail","category-judicial"],"jetpack_publicize_connections":[],"yoast_head":"<!-- This site is optimized with the Yoast SEO plugin v24.3 - https:\/\/yoast.com\/wordpress\/plugins\/seo\/ -->\n<title>CAPTURADO POR PRESUNTO ABUSO SEXUAL CONTRA MENOR DE 8 A\u00d1OS. - Ciudad y Region<\/title>\n<meta name=\"robots\" content=\"index, follow, max-snippet:-1, max-image-preview:large, max-video-preview:-1\" \/>\n<link rel=\"canonical\" href=\"https:\/\/ciudadyregion.com.co\/index.php\/capturado-por-presunto-abuso-sexual-contra-menor-de-8-anos\/judicial\/\" \/>\n<meta property=\"og:locale\" content=\"es_ES\" \/>\n<meta property=\"og:type\" content=\"article\" \/>\n<meta property=\"og:title\" content=\"CAPTURADO POR PRESUNTO ABUSO SEXUAL CONTRA MENOR DE 8 A\u00d1OS. - Ciudad y Region\" \/>\n<meta property=\"og:description\" content=\"La detenci\u00f3n se logr\u00f3 tras 11 meses de investigaci\u00f3n en el barrio Los Alpes del Salado. El procedimiento fue posible gracias al trabajo articulado entre la Polic\u00eda Nacional y la Fiscal\u00eda, lo que permiti\u00f3 establecer que los hechos presuntamente se registraron en noviembre de 2024. El capturado fue cobijado conContinuar Leyendo\" \/>\n<meta property=\"og:url\" content=\"https:\/\/ciudadyregion.com.co\/index.php\/capturado-por-presunto-abuso-sexual-contra-menor-de-8-anos\/judicial\/\" \/>\n<meta property=\"og:site_name\" content=\"Ciudad y Region\" \/>\n<meta property=\"article:published_time\" content=\"2026-03-09T02:21:54+00:00\" \/>\n<meta property=\"og:image\" content=\"https:\/\/ciudadyregion.com.co\/wp-content\/uploads\/2026\/03\/a-2-2.jpg\" \/>\n\t<meta property=\"og:image:width\" content=\"800\" \/>\n\t<meta property=\"og:image:height\" content=\"445\" \/>\n\t<meta property=\"og:image:type\" content=\"image\/jpeg\" \/>\n<meta name=\"author\" content=\"David Andr\u00e9s Aguirre\" \/>\n<meta name=\"twitter:card\" content=\"summary_large_image\" \/>\n<meta name=\"twitter:label1\" content=\"Escrito por\" \/>\n\t<meta name=\"twitter:data1\" content=\"David Andr\u00e9s Aguirre\" \/>\n\t<meta name=\"twitter:label2\" content=\"Tiempo de lectura\" \/>\n\t<meta name=\"twitter:data2\" content=\"2 minutos\" \/>\n<script type=\"application\/ld+json\" class=\"yoast-schema-graph\">{\"@context\":\"https:\/\/schema.org\",\"@graph\":[{\"@type\":\"WebPage\",\"@id\":\"https:\/\/ciudadyregion.com.co\/index.php\/capturado-por-presunto-abuso-sexual-contra-menor-de-8-anos\/judicial\/\",\"url\":\"https:\/\/ciudadyregion.com.co\/index.php\/capturado-por-presunto-abuso-sexual-contra-menor-de-8-anos\/judicial\/\",\"name\":\"CAPTURADO POR PRESUNTO ABUSO SEXUAL CONTRA MENOR DE 8 A\u00d1OS. - Ciudad y Region\",\"isPartOf\":{\"@id\":\"https:\/\/ciudadyregion.com.co\/#website\"},\"primaryImageOfPage\":{\"@id\":\"https:\/\/ciudadyregion.com.co\/index.php\/capturado-por-presunto-abuso-sexual-contra-menor-de-8-anos\/judicial\/#primaryimage\"},\"image\":{\"@id\":\"https:\/\/ciudadyregion.com.co\/index.php\/capturado-por-presunto-abuso-sexual-contra-menor-de-8-anos\/judicial\/#primaryimage\"},\"thumbnailUrl\":\"https:\/\/i0.wp.com\/ciudadyregion.com.co\/wp-content\/uploads\/2026\/03\/a-2-2.jpg?fit=800%2C445&ssl=1\",\"datePublished\":\"2026-03-09T02:21:54+00:00\",\"dateModified\":\"2026-03-09T02:21:54+00:00\",\"author\":{\"@id\":\"https:\/\/ciudadyregion.com.co\/#\/schema\/person\/04a4954373ebc4051f46e8c65ff78622\"},\"breadcrumb\":{\"@id\":\"https:\/\/ciudadyregion.com.co\/index.php\/capturado-por-presunto-abuso-sexual-contra-menor-de-8-anos\/judicial\/#breadcrumb\"},\"inLanguage\":\"es\",\"potentialAction\":[{\"@type\":\"ReadAction\",\"target\":[\"https:\/\/ciudadyregion.com.co\/index.php\/capturado-por-presunto-abuso-sexual-contra-menor-de-8-anos\/judicial\/\"]}]},{\"@type\":\"ImageObject\",\"inLanguage\":\"es\",\"@id\":\"https:\/\/ciudadyregion.com.co\/index.php\/capturado-por-presunto-abuso-sexual-contra-menor-de-8-anos\/judicial\/#primaryimage\",\"url\":\"https:\/\/i0.wp.com\/ciudadyregion.com.co\/wp-content\/uploads\/2026\/03\/a-2-2.jpg?fit=800%2C445&ssl=1\",\"contentUrl\":\"https:\/\/i0.wp.com\/ciudadyregion.com.co\/wp-content\/uploads\/2026\/03\/a-2-2.jpg?fit=800%2C445&ssl=1\",\"width\":800,\"height\":445},{\"@type\":\"BreadcrumbList\",\"@id\":\"https:\/\/ciudadyregion.com.co\/index.php\/capturado-por-presunto-abuso-sexual-contra-menor-de-8-anos\/judicial\/#breadcrumb\",\"itemListElement\":[{\"@type\":\"ListItem\",\"position\":1,\"name\":\"Portada\",\"item\":\"https:\/\/ciudadyregion.com.co\/\"},{\"@type\":\"ListItem\",\"position\":2,\"name\":\"CAPTURADO POR PRESUNTO ABUSO SEXUAL CONTRA MENOR DE 8 A\u00d1OS.\"}]},{\"@type\":\"WebSite\",\"@id\":\"https:\/\/ciudadyregion.com.co\/#website\",\"url\":\"https:\/\/ciudadyregion.com.co\/\",\"name\":\"Ciudad y Region\",\"description\":\"\",\"potentialAction\":[{\"@type\":\"SearchAction\",\"target\":{\"@type\":\"EntryPoint\",\"urlTemplate\":\"https:\/\/ciudadyregion.com.co\/?s={search_term_string}\"},\"query-input\":{\"@type\":\"PropertyValueSpecification\",\"valueRequired\":true,\"valueName\":\"search_term_string\"}}],\"inLanguage\":\"es\"},{\"@type\":\"Person\",\"@id\":\"https:\/\/ciudadyregion.com.co\/#\/schema\/person\/04a4954373ebc4051f46e8c65ff78622\",\"name\":\"David Andr\u00e9s Aguirre\",\"image\":{\"@type\":\"ImageObject\",\"inLanguage\":\"es\",\"@id\":\"https:\/\/ciudadyregion.com.co\/#\/schema\/person\/image\/\",\"url\":\"https:\/\/secure.gravatar.com\/avatar\/bc3c655860202182ee6d1b5edd042dbe?s=96&d=mm&r=g\",\"contentUrl\":\"https:\/\/secure.gravatar.com\/avatar\/bc3c655860202182ee6d1b5edd042dbe?s=96&d=mm&r=g\",\"caption\":\"David Andr\u00e9s Aguirre\"},\"url\":\"https:\/\/ciudadyregion.com.co\/index.php\/author\/diegoaguirre\/\"}]}<\/script>\n<!-- \/ Yoast SEO plugin. -->","yoast_head_json":{"title":"CAPTURADO POR PRESUNTO ABUSO SEXUAL CONTRA MENOR DE 8 A\u00d1OS. - Ciudad y Region","robots":{"index":"index","follow":"follow","max-snippet":"max-snippet:-1","max-image-preview":"max-image-preview:large","max-video-preview":"max-video-preview:-1"},"canonical":"https:\/\/ciudadyregion.com.co\/index.php\/capturado-por-presunto-abuso-sexual-contra-menor-de-8-anos\/judicial\/","og_locale":"es_ES","og_type":"article","og_title":"CAPTURADO POR PRESUNTO ABUSO SEXUAL CONTRA MENOR DE 8 A\u00d1OS. - Ciudad y Region","og_description":"La detenci\u00f3n se logr\u00f3 tras 11 meses de investigaci\u00f3n en el barrio Los Alpes del Salado. El procedimiento fue posible gracias al trabajo articulado entre la Polic\u00eda Nacional y la Fiscal\u00eda, lo que permiti\u00f3 establecer que los hechos presuntamente se registraron en noviembre de 2024. El capturado fue cobijado conContinuar Leyendo","og_url":"https:\/\/ciudadyregion.com.co\/index.php\/capturado-por-presunto-abuso-sexual-contra-menor-de-8-anos\/judicial\/","og_site_name":"Ciudad y Region","article_published_time":"2026-03-09T02:21:54+00:00","og_image":[{"width":800,"height":445,"url":"https:\/\/ciudadyregion.com.co\/wp-content\/uploads\/2026\/03\/a-2-2.jpg","type":"image\/jpeg"}],"author":"David Andr\u00e9s Aguirre","twitter_card":"summary_large_image","twitter_misc":{"Escrito por":"David Andr\u00e9s Aguirre","Tiempo de lectura":"2 minutos"},"schema":{"@context":"https:\/\/schema.org","@graph":[{"@type":"WebPage","@id":"https:\/\/ciudadyregion.com.co\/index.php\/capturado-por-presunto-abuso-sexual-contra-menor-de-8-anos\/judicial\/","url":"https:\/\/ciudadyregion.com.co\/index.php\/capturado-por-presunto-abuso-sexual-contra-menor-de-8-anos\/judicial\/","name":"CAPTURADO POR PRESUNTO ABUSO SEXUAL CONTRA MENOR DE 8 A\u00d1OS. - Ciudad y Region","isPartOf":{"@id":"https:\/\/ciudadyregion.com.co\/#website"},"primaryImageOfPage":{"@id":"https:\/\/ciudadyregion.com.co\/index.php\/capturado-por-presunto-abuso-sexual-contra-menor-de-8-anos\/judicial\/#primaryimage"},"image":{"@id":"https:\/\/ciudadyregion.com.co\/index.php\/capturado-por-presunto-abuso-sexual-contra-menor-de-8-anos\/judicial\/#primaryimage"},"thumbnailUrl":"https:\/\/i0.wp.com\/ciudadyregion.com.co\/wp-content\/uploads\/2026\/03\/a-2-2.jpg?fit=800%2C445&ssl=1","datePublished":"2026-03-09T02:21:54+00:00","dateModified":"2026-03-09T02:21:54+00:00","author":{"@id":"https:\/\/ciudadyregion.com.co\/#\/schema\/person\/04a4954373ebc4051f46e8c65ff78622"},"breadcrumb":{"@id":"https:\/\/ciudadyregion.com.co\/index.php\/capturado-por-presunto-abuso-sexual-contra-menor-de-8-anos\/judicial\/#breadcrumb"},"inLanguage":"es","potentialAction":[{"@type":"ReadAction","target":["https:\/\/ciudadyregion.com.co\/index.php\/capturado-por-presunto-abuso-sexual-contra-menor-de-8-anos\/judicial\/"]}]},{"@type":"ImageObject","inLanguage":"es","@id":"https:\/\/ciudadyregion.com.co\/index.php\/capturado-por-presunto-abuso-sexual-contra-menor-de-8-anos\/judicial\/#primaryimage","url":"https:\/\/i0.wp.com\/ciudadyregion.com.co\/wp-content\/uploads\/2026\/03\/a-2-2.jpg?fit=800%2C445&ssl=1","contentUrl":"https:\/\/i0.wp.com\/ciudadyregion.com.co\/wp-content\/uploads\/2026\/03\/a-2-2.jpg?fit=800%2C445&ssl=1","width":800,"height":445},{"@type":"BreadcrumbList","@id":"https:\/\/ciudadyregion.com.co\/index.php\/capturado-por-presunto-abuso-sexual-contra-menor-de-8-anos\/judicial\/#breadcrumb","itemListElement":[{"@type":"ListItem","position":1,"name":"Portada","item":"https:\/\/ciudadyregion.com.co\/"},{"@type":"ListItem","position":2,"name":"CAPTURADO POR PRESUNTO ABUSO SEXUAL CONTRA MENOR DE 8 A\u00d1OS."}]},{"@type":"WebSite","@id":"https:\/\/ciudadyregion.com.co\/#website","url":"https:\/\/ciudadyregion.com.co\/","name":"Ciudad y Region","description":"","potentialAction":[{"@type":"SearchAction","target":{"@type":"EntryPoint","urlTemplate":"https:\/\/ciudadyregion.com.co\/?s={search_term_string}"},"query-input":{"@type":"PropertyValueSpecification","valueRequired":true,"valueName":"search_term_string"}}],"inLanguage":"es"},{"@type":"Person","@id":"https:\/\/ciudadyregion.com.co\/#\/schema\/person\/04a4954373ebc4051f46e8c65ff78622","name":"David Andr\u00e9s Aguirre","image":{"@type":"ImageObject","inLanguage":"es","@id":"https:\/\/ciudadyregion.com.co\/#\/schema\/person\/image\/","url":"https:\/\/secure.gravatar.com\/avatar\/bc3c655860202182ee6d1b5edd042dbe?s=96&d=mm&r=g","contentUrl":"https:\/\/secure.gravatar.com\/avatar\/bc3c655860202182ee6d1b5edd042dbe?s=96&d=mm&r=g","caption":"David Andr\u00e9s Aguirre"},"url":"https:\/\/ciudadyregion.com.co\/index.php\/author\/diegoaguirre\/"}]}},"jetpack_featured_media_url":"https:\/\/i0.wp.com\/ciudadyregion.com.co\/wp-content\/uploads\/2026\/03\/a-2-2.jpg?fit=800%2C445&ssl=1","jetpack_sharing_enabled":true,"jetpack_shortlink":"https:\/\/wp.me\/pbS7hh-eMj","jetpack-related-posts":[],"_links":{"self":[{"href":"https:\/\/ciudadyregion.com.co\/index.php\/wp-json\/wp\/v2\/posts\/56811"}],"collection":[{"href":"https:\/\/ciudadyregion.com.co\/index.php\/wp-json\/wp\/v2\/posts"}],"about":[{"href":"https:\/\/ciudadyregion.com.co\/index.php\/wp-json\/wp\/v2\/types\/post"}],"author":[{"embeddable":true,"href":"https:\/\/ciudadyregion.com.co\/index.php\/wp-json\/wp\/v2\/users\/2"}],"replies":[{"embeddable":true,"href":"https:\/\/ciudadyregion.com.co\/index.php\/wp-json\/wp\/v2\/comments?post=56811"}],"version-history":[{"count":1,"href":"https:\/\/ciudadyregion.com.co\/index.php\/wp-json\/wp\/v2\/posts\/56811\/revisions"}],"predecessor-version":[{"id":56813,"href":"https:\/\/ciudadyregion.com.co\/index.php\/wp-json\/wp\/v2\/posts\/56811\/revisions\/56813"}],"wp:featuredmedia":[{"embeddable":true,"href":"https:\/\/ciudadyregion.com.co\/index.php\/wp-json\/wp\/v2\/media\/56812"}],"wp:attachment":[{"href":"https:\/\/ciudadyregion.com.co\/index.php\/wp-json\/wp\/v2\/media?parent=56811"}],"wp:term":[{"taxonomy":"category","embeddable":true,"href":"https:\/\/ciudadyregion.com.co\/index.php\/wp-json\/wp\/v2\/categories?post=56811"},{"taxonomy":"post_tag","embeddable":true,"href":"https:\/\/ciudadyregion.com.co\/index.php\/wp-json\/wp\/v2\/tags?post=56811"}],"curies":[{"name":"wp","href":"https:\/\/api.w.org\/{rel}","templated":true}]}}