{"id":56805,"date":"2026-03-08T21:17:47","date_gmt":"2026-03-09T02:17:47","guid":{"rendered":"https:\/\/ciudadyregion.com.co\/?p=56805"},"modified":"2026-03-08T21:17:47","modified_gmt":"2026-03-09T02:17:47","slug":"7-capturas-y-mas-de-170-armas-cortopunzantes-incautadas-es-parte-del-balance-de-seguridad-durante-el-fin-de-semana-en-la-ciudad","status":"publish","type":"post","link":"https:\/\/ciudadyregion.com.co\/index.php\/7-capturas-y-mas-de-170-armas-cortopunzantes-incautadas-es-parte-del-balance-de-seguridad-durante-el-fin-de-semana-en-la-ciudad\/judicial\/","title":{"rendered":"7\u00a0capturas\u00a0y\u00a0m\u00e1s de 170 armas\u00a0cortopunzantes\u00a0incautadas:\u00a0es parte del\u00a0balance de seguridad durante el\u00a0fin de semana en la ciudad."},"content":{"rendered":"<p>Un amplio despliegue institucional permiti\u00f3 la incautaci\u00f3n de un arma traum\u00e1tica y m\u00e1s de 200 gramos de estupefacientes, adem\u00e1s se realizaron 617 planes de prevenci\u00f3n y control, verificaron m\u00e1s de 54 mil antecedentes y la l\u00ednea 123 atendi\u00f3 1.856 llamadas, entre ellas 42 por ri\u00f1as y 17 por violencia intrafamiliar.<\/p>\n<p>En el marco de un amplio despliegue institucional y en coordinaci\u00f3n con la Alcald\u00eda Municipal, las autoridades locales velaron por el normal desarrollo de las diversas actividades realizadas durante el fin de semana en la ciudad, que permiti\u00f3 la captura de 6 personas\u202fen flagrancia y 1 por orden judicial, por delitos como hurto, acceso carnal abusivo con menor de 14 a\u00f1os agravado, extorsi\u00f3n agravada y tr\u00e1fico, fabricaci\u00f3n o porte de estupefacientes.<\/p>\n<p>Sumado a estas capturas, y en el firme prop\u00f3sito de las autoridades por hacer frente a los delitos de impacto, como las lesiones personales y el homicidio, se incautaron, 178 armas cortopunzantes, 1 traum\u00e1tica y m\u00e1s 200 gramos de estupefacientes.<\/p>\n<p>En cuanto a la aplicaci\u00f3n del C\u00f3digo Nacional de Seguridad y Convivencia (Ley 1801 de 2016), se impusieron 317 \u00f3rdenes de comparendo. De estas, 178 por portar armas blancas, 24 por consumir, portar, o comercializar sustancias psicoactivas, 59 por ri\u00f1as y 39 por irrespetar a las autoridades de polic\u00eda.<\/p>\n<p>Por su parte, en la l\u00ednea de emergencias 123 se atendieron 1.856 llamadas, entre las que se destacaron 42 reportes por ri\u00f1a y 17 casos de violencia intrafamiliar.<\/p>\n<p>Al respecto manifest\u00f3 el se\u00f1or Coronel Edgar Fernando L\u00f3pez Gonz\u00e1lez, Comandante de la Polic\u00eda Metropolitana de Ibagu\u00e9, \u201cReafirmamos nuestro compromiso de continuar adelantando acciones contundentes contra cualquier manifestaci\u00f3n delictiva que afecte la seguridad y la convivencia. Invitamos a la ciudadan\u00eda a denunciar y aportar informaci\u00f3n que permita fortalecer la respuesta institucional frente al delito.\u201d<\/p>\n","protected":false},"excerpt":{"rendered":"<p>Un amplio despliegue institucional permiti\u00f3 la incautaci\u00f3n de un arma traum\u00e1tica y m\u00e1s de 200 gramos de estupefacientes, adem\u00e1s se realizaron 617 planes de prevenci\u00f3n y control, verificaron m\u00e1s de 54 mil antecedentes y la l\u00ednea 123 atendi\u00f3 1.856 llamadas, entre ellas 42 por ri\u00f1as y 17 por violencia intrafamiliar.<span class=\"more-link\"><a href=\"https:\/\/ciudadyregion.com.co\/index.php\/7-capturas-y-mas-de-170-armas-cortopunzantes-incautadas-es-parte-del-balance-de-seguridad-durante-el-fin-de-semana-en-la-ciudad\/judicial\/\">Continuar Leyendo<\/a><\/span><\/p>\n","protected":false},"author":2,"featured_media":56806,"comment_status":"open","ping_status":"open","sticky":false,"template":"","format":"standard","meta":{"_uf_show_specific_survey":0,"_uf_disable_surveys":false,"_jetpack_memberships_contains_paid_content":false,"footnotes":"","jetpack_publicize_message":"","jetpack_publicize_feature_enabled":true,"jetpack_social_post_already_shared":true,"jetpack_social_options":{"image_generator_settings":{"template":"highway","enabled":false},"version":2}},"categories":[18],"tags":[],"class_list":["entry","author-diegoaguirre","post-56805","post","type-post","status-publish","format-standard","has-post-thumbnail","category-judicial"],"jetpack_publicize_connections":[],"yoast_head":"<!-- This site is optimized with the Yoast SEO plugin v24.3 - https:\/\/yoast.com\/wordpress\/plugins\/seo\/ -->\n<title>7\u00a0capturas\u00a0y\u00a0m\u00e1s de 170 armas\u00a0cortopunzantes\u00a0incautadas:\u00a0es parte del\u00a0balance de seguridad durante el\u00a0fin de semana en la ciudad. - Ciudad y Region<\/title>\n<meta name=\"robots\" content=\"index, follow, max-snippet:-1, max-image-preview:large, max-video-preview:-1\" \/>\n<link rel=\"canonical\" href=\"https:\/\/ciudadyregion.com.co\/index.php\/7-capturas-y-mas-de-170-armas-cortopunzantes-incautadas-es-parte-del-balance-de-seguridad-durante-el-fin-de-semana-en-la-ciudad\/judicial\/\" \/>\n<meta property=\"og:locale\" content=\"es_ES\" \/>\n<meta property=\"og:type\" content=\"article\" \/>\n<meta property=\"og:title\" content=\"7\u00a0capturas\u00a0y\u00a0m\u00e1s de 170 armas\u00a0cortopunzantes\u00a0incautadas:\u00a0es parte del\u00a0balance de seguridad durante el\u00a0fin de semana en la ciudad. - Ciudad y Region\" \/>\n<meta property=\"og:description\" content=\"Un amplio despliegue institucional permiti\u00f3 la incautaci\u00f3n de un arma traum\u00e1tica y m\u00e1s de 200 gramos de estupefacientes, adem\u00e1s se realizaron 617 planes de prevenci\u00f3n y control, verificaron m\u00e1s de 54 mil antecedentes y la l\u00ednea 123 atendi\u00f3 1.856 llamadas, entre ellas 42 por ri\u00f1as y 17 por violencia intrafamiliar.Continuar Leyendo\" \/>\n<meta property=\"og:url\" content=\"https:\/\/ciudadyregion.com.co\/index.php\/7-capturas-y-mas-de-170-armas-cortopunzantes-incautadas-es-parte-del-balance-de-seguridad-durante-el-fin-de-semana-en-la-ciudad\/judicial\/\" \/>\n<meta property=\"og:site_name\" content=\"Ciudad y Region\" \/>\n<meta property=\"article:published_time\" content=\"2026-03-09T02:17:47+00:00\" \/>\n<meta property=\"og:image\" content=\"https:\/\/ciudadyregion.com.co\/wp-content\/uploads\/2026\/03\/a-16.jpg\" \/>\n\t<meta property=\"og:image:width\" content=\"800\" \/>\n\t<meta property=\"og:image:height\" content=\"445\" \/>\n\t<meta property=\"og:image:type\" content=\"image\/jpeg\" \/>\n<meta name=\"author\" content=\"David Andr\u00e9s Aguirre\" \/>\n<meta name=\"twitter:card\" content=\"summary_large_image\" \/>\n<meta name=\"twitter:label1\" content=\"Escrito por\" \/>\n\t<meta name=\"twitter:data1\" content=\"David Andr\u00e9s Aguirre\" \/>\n\t<meta name=\"twitter:label2\" content=\"Tiempo de lectura\" \/>\n\t<meta name=\"twitter:data2\" content=\"2 minutos\" \/>\n<script type=\"application\/ld+json\" class=\"yoast-schema-graph\">{\"@context\":\"https:\/\/schema.org\",\"@graph\":[{\"@type\":\"WebPage\",\"@id\":\"https:\/\/ciudadyregion.com.co\/index.php\/7-capturas-y-mas-de-170-armas-cortopunzantes-incautadas-es-parte-del-balance-de-seguridad-durante-el-fin-de-semana-en-la-ciudad\/judicial\/\",\"url\":\"https:\/\/ciudadyregion.com.co\/index.php\/7-capturas-y-mas-de-170-armas-cortopunzantes-incautadas-es-parte-del-balance-de-seguridad-durante-el-fin-de-semana-en-la-ciudad\/judicial\/\",\"name\":\"7\u00a0capturas\u00a0y\u00a0m\u00e1s de 170 armas\u00a0cortopunzantes\u00a0incautadas:\u00a0es parte del\u00a0balance de seguridad durante el\u00a0fin de semana en la ciudad. - Ciudad y Region\",\"isPartOf\":{\"@id\":\"https:\/\/ciudadyregion.com.co\/#website\"},\"primaryImageOfPage\":{\"@id\":\"https:\/\/ciudadyregion.com.co\/index.php\/7-capturas-y-mas-de-170-armas-cortopunzantes-incautadas-es-parte-del-balance-de-seguridad-durante-el-fin-de-semana-en-la-ciudad\/judicial\/#primaryimage\"},\"image\":{\"@id\":\"https:\/\/ciudadyregion.com.co\/index.php\/7-capturas-y-mas-de-170-armas-cortopunzantes-incautadas-es-parte-del-balance-de-seguridad-durante-el-fin-de-semana-en-la-ciudad\/judicial\/#primaryimage\"},\"thumbnailUrl\":\"https:\/\/i0.wp.com\/ciudadyregion.com.co\/wp-content\/uploads\/2026\/03\/a-16.jpg?fit=800%2C445&ssl=1\",\"datePublished\":\"2026-03-09T02:17:47+00:00\",\"dateModified\":\"2026-03-09T02:17:47+00:00\",\"author\":{\"@id\":\"https:\/\/ciudadyregion.com.co\/#\/schema\/person\/04a4954373ebc4051f46e8c65ff78622\"},\"breadcrumb\":{\"@id\":\"https:\/\/ciudadyregion.com.co\/index.php\/7-capturas-y-mas-de-170-armas-cortopunzantes-incautadas-es-parte-del-balance-de-seguridad-durante-el-fin-de-semana-en-la-ciudad\/judicial\/#breadcrumb\"},\"inLanguage\":\"es\",\"potentialAction\":[{\"@type\":\"ReadAction\",\"target\":[\"https:\/\/ciudadyregion.com.co\/index.php\/7-capturas-y-mas-de-170-armas-cortopunzantes-incautadas-es-parte-del-balance-de-seguridad-durante-el-fin-de-semana-en-la-ciudad\/judicial\/\"]}]},{\"@type\":\"ImageObject\",\"inLanguage\":\"es\",\"@id\":\"https:\/\/ciudadyregion.com.co\/index.php\/7-capturas-y-mas-de-170-armas-cortopunzantes-incautadas-es-parte-del-balance-de-seguridad-durante-el-fin-de-semana-en-la-ciudad\/judicial\/#primaryimage\",\"url\":\"https:\/\/i0.wp.com\/ciudadyregion.com.co\/wp-content\/uploads\/2026\/03\/a-16.jpg?fit=800%2C445&ssl=1\",\"contentUrl\":\"https:\/\/i0.wp.com\/ciudadyregion.com.co\/wp-content\/uploads\/2026\/03\/a-16.jpg?fit=800%2C445&ssl=1\",\"width\":800,\"height\":445},{\"@type\":\"BreadcrumbList\",\"@id\":\"https:\/\/ciudadyregion.com.co\/index.php\/7-capturas-y-mas-de-170-armas-cortopunzantes-incautadas-es-parte-del-balance-de-seguridad-durante-el-fin-de-semana-en-la-ciudad\/judicial\/#breadcrumb\",\"itemListElement\":[{\"@type\":\"ListItem\",\"position\":1,\"name\":\"Portada\",\"item\":\"https:\/\/ciudadyregion.com.co\/\"},{\"@type\":\"ListItem\",\"position\":2,\"name\":\"7\u00a0capturas\u00a0y\u00a0m\u00e1s de 170 armas\u00a0cortopunzantes\u00a0incautadas:\u00a0es parte del\u00a0balance de seguridad durante el\u00a0fin de semana en la ciudad.\"}]},{\"@type\":\"WebSite\",\"@id\":\"https:\/\/ciudadyregion.com.co\/#website\",\"url\":\"https:\/\/ciudadyregion.com.co\/\",\"name\":\"Ciudad y Region\",\"description\":\"\",\"potentialAction\":[{\"@type\":\"SearchAction\",\"target\":{\"@type\":\"EntryPoint\",\"urlTemplate\":\"https:\/\/ciudadyregion.com.co\/?s={search_term_string}\"},\"query-input\":{\"@type\":\"PropertyValueSpecification\",\"valueRequired\":true,\"valueName\":\"search_term_string\"}}],\"inLanguage\":\"es\"},{\"@type\":\"Person\",\"@id\":\"https:\/\/ciudadyregion.com.co\/#\/schema\/person\/04a4954373ebc4051f46e8c65ff78622\",\"name\":\"David Andr\u00e9s Aguirre\",\"image\":{\"@type\":\"ImageObject\",\"inLanguage\":\"es\",\"@id\":\"https:\/\/ciudadyregion.com.co\/#\/schema\/person\/image\/\",\"url\":\"https:\/\/secure.gravatar.com\/avatar\/bc3c655860202182ee6d1b5edd042dbe?s=96&d=mm&r=g\",\"contentUrl\":\"https:\/\/secure.gravatar.com\/avatar\/bc3c655860202182ee6d1b5edd042dbe?s=96&d=mm&r=g\",\"caption\":\"David Andr\u00e9s Aguirre\"},\"url\":\"https:\/\/ciudadyregion.com.co\/index.php\/author\/diegoaguirre\/\"}]}<\/script>\n<!-- \/ Yoast SEO plugin. -->","yoast_head_json":{"title":"7\u00a0capturas\u00a0y\u00a0m\u00e1s de 170 armas\u00a0cortopunzantes\u00a0incautadas:\u00a0es parte del\u00a0balance de seguridad durante el\u00a0fin de semana en la ciudad. - Ciudad y Region","robots":{"index":"index","follow":"follow","max-snippet":"max-snippet:-1","max-image-preview":"max-image-preview:large","max-video-preview":"max-video-preview:-1"},"canonical":"https:\/\/ciudadyregion.com.co\/index.php\/7-capturas-y-mas-de-170-armas-cortopunzantes-incautadas-es-parte-del-balance-de-seguridad-durante-el-fin-de-semana-en-la-ciudad\/judicial\/","og_locale":"es_ES","og_type":"article","og_title":"7\u00a0capturas\u00a0y\u00a0m\u00e1s de 170 armas\u00a0cortopunzantes\u00a0incautadas:\u00a0es parte del\u00a0balance de seguridad durante el\u00a0fin de semana en la ciudad. - Ciudad y Region","og_description":"Un amplio despliegue institucional permiti\u00f3 la incautaci\u00f3n de un arma traum\u00e1tica y m\u00e1s de 200 gramos de estupefacientes, adem\u00e1s se realizaron 617 planes de prevenci\u00f3n y control, verificaron m\u00e1s de 54 mil antecedentes y la l\u00ednea 123 atendi\u00f3 1.856 llamadas, entre ellas 42 por ri\u00f1as y 17 por violencia intrafamiliar.Continuar Leyendo","og_url":"https:\/\/ciudadyregion.com.co\/index.php\/7-capturas-y-mas-de-170-armas-cortopunzantes-incautadas-es-parte-del-balance-de-seguridad-durante-el-fin-de-semana-en-la-ciudad\/judicial\/","og_site_name":"Ciudad y Region","article_published_time":"2026-03-09T02:17:47+00:00","og_image":[{"width":800,"height":445,"url":"https:\/\/ciudadyregion.com.co\/wp-content\/uploads\/2026\/03\/a-16.jpg","type":"image\/jpeg"}],"author":"David Andr\u00e9s Aguirre","twitter_card":"summary_large_image","twitter_misc":{"Escrito por":"David Andr\u00e9s Aguirre","Tiempo de lectura":"2 minutos"},"schema":{"@context":"https:\/\/schema.org","@graph":[{"@type":"WebPage","@id":"https:\/\/ciudadyregion.com.co\/index.php\/7-capturas-y-mas-de-170-armas-cortopunzantes-incautadas-es-parte-del-balance-de-seguridad-durante-el-fin-de-semana-en-la-ciudad\/judicial\/","url":"https:\/\/ciudadyregion.com.co\/index.php\/7-capturas-y-mas-de-170-armas-cortopunzantes-incautadas-es-parte-del-balance-de-seguridad-durante-el-fin-de-semana-en-la-ciudad\/judicial\/","name":"7\u00a0capturas\u00a0y\u00a0m\u00e1s de 170 armas\u00a0cortopunzantes\u00a0incautadas:\u00a0es parte del\u00a0balance de seguridad durante el\u00a0fin de semana en la ciudad. - Ciudad y Region","isPartOf":{"@id":"https:\/\/ciudadyregion.com.co\/#website"},"primaryImageOfPage":{"@id":"https:\/\/ciudadyregion.com.co\/index.php\/7-capturas-y-mas-de-170-armas-cortopunzantes-incautadas-es-parte-del-balance-de-seguridad-durante-el-fin-de-semana-en-la-ciudad\/judicial\/#primaryimage"},"image":{"@id":"https:\/\/ciudadyregion.com.co\/index.php\/7-capturas-y-mas-de-170-armas-cortopunzantes-incautadas-es-parte-del-balance-de-seguridad-durante-el-fin-de-semana-en-la-ciudad\/judicial\/#primaryimage"},"thumbnailUrl":"https:\/\/i0.wp.com\/ciudadyregion.com.co\/wp-content\/uploads\/2026\/03\/a-16.jpg?fit=800%2C445&ssl=1","datePublished":"2026-03-09T02:17:47+00:00","dateModified":"2026-03-09T02:17:47+00:00","author":{"@id":"https:\/\/ciudadyregion.com.co\/#\/schema\/person\/04a4954373ebc4051f46e8c65ff78622"},"breadcrumb":{"@id":"https:\/\/ciudadyregion.com.co\/index.php\/7-capturas-y-mas-de-170-armas-cortopunzantes-incautadas-es-parte-del-balance-de-seguridad-durante-el-fin-de-semana-en-la-ciudad\/judicial\/#breadcrumb"},"inLanguage":"es","potentialAction":[{"@type":"ReadAction","target":["https:\/\/ciudadyregion.com.co\/index.php\/7-capturas-y-mas-de-170-armas-cortopunzantes-incautadas-es-parte-del-balance-de-seguridad-durante-el-fin-de-semana-en-la-ciudad\/judicial\/"]}]},{"@type":"ImageObject","inLanguage":"es","@id":"https:\/\/ciudadyregion.com.co\/index.php\/7-capturas-y-mas-de-170-armas-cortopunzantes-incautadas-es-parte-del-balance-de-seguridad-durante-el-fin-de-semana-en-la-ciudad\/judicial\/#primaryimage","url":"https:\/\/i0.wp.com\/ciudadyregion.com.co\/wp-content\/uploads\/2026\/03\/a-16.jpg?fit=800%2C445&ssl=1","contentUrl":"https:\/\/i0.wp.com\/ciudadyregion.com.co\/wp-content\/uploads\/2026\/03\/a-16.jpg?fit=800%2C445&ssl=1","width":800,"height":445},{"@type":"BreadcrumbList","@id":"https:\/\/ciudadyregion.com.co\/index.php\/7-capturas-y-mas-de-170-armas-cortopunzantes-incautadas-es-parte-del-balance-de-seguridad-durante-el-fin-de-semana-en-la-ciudad\/judicial\/#breadcrumb","itemListElement":[{"@type":"ListItem","position":1,"name":"Portada","item":"https:\/\/ciudadyregion.com.co\/"},{"@type":"ListItem","position":2,"name":"7\u00a0capturas\u00a0y\u00a0m\u00e1s de 170 armas\u00a0cortopunzantes\u00a0incautadas:\u00a0es parte del\u00a0balance de seguridad durante el\u00a0fin de semana en la ciudad."}]},{"@type":"WebSite","@id":"https:\/\/ciudadyregion.com.co\/#website","url":"https:\/\/ciudadyregion.com.co\/","name":"Ciudad y Region","description":"","potentialAction":[{"@type":"SearchAction","target":{"@type":"EntryPoint","urlTemplate":"https:\/\/ciudadyregion.com.co\/?s={search_term_string}"},"query-input":{"@type":"PropertyValueSpecification","valueRequired":true,"valueName":"search_term_string"}}],"inLanguage":"es"},{"@type":"Person","@id":"https:\/\/ciudadyregion.com.co\/#\/schema\/person\/04a4954373ebc4051f46e8c65ff78622","name":"David Andr\u00e9s Aguirre","image":{"@type":"ImageObject","inLanguage":"es","@id":"https:\/\/ciudadyregion.com.co\/#\/schema\/person\/image\/","url":"https:\/\/secure.gravatar.com\/avatar\/bc3c655860202182ee6d1b5edd042dbe?s=96&d=mm&r=g","contentUrl":"https:\/\/secure.gravatar.com\/avatar\/bc3c655860202182ee6d1b5edd042dbe?s=96&d=mm&r=g","caption":"David Andr\u00e9s Aguirre"},"url":"https:\/\/ciudadyregion.com.co\/index.php\/author\/diegoaguirre\/"}]}},"jetpack_featured_media_url":"https:\/\/i0.wp.com\/ciudadyregion.com.co\/wp-content\/uploads\/2026\/03\/a-16.jpg?fit=800%2C445&ssl=1","jetpack_sharing_enabled":true,"jetpack_shortlink":"https:\/\/wp.me\/pbS7hh-eMd","jetpack-related-posts":[],"_links":{"self":[{"href":"https:\/\/ciudadyregion.com.co\/index.php\/wp-json\/wp\/v2\/posts\/56805"}],"collection":[{"href":"https:\/\/ciudadyregion.com.co\/index.php\/wp-json\/wp\/v2\/posts"}],"about":[{"href":"https:\/\/ciudadyregion.com.co\/index.php\/wp-json\/wp\/v2\/types\/post"}],"author":[{"embeddable":true,"href":"https:\/\/ciudadyregion.com.co\/index.php\/wp-json\/wp\/v2\/users\/2"}],"replies":[{"embeddable":true,"href":"https:\/\/ciudadyregion.com.co\/index.php\/wp-json\/wp\/v2\/comments?post=56805"}],"version-history":[{"count":1,"href":"https:\/\/ciudadyregion.com.co\/index.php\/wp-json\/wp\/v2\/posts\/56805\/revisions"}],"predecessor-version":[{"id":56807,"href":"https:\/\/ciudadyregion.com.co\/index.php\/wp-json\/wp\/v2\/posts\/56805\/revisions\/56807"}],"wp:featuredmedia":[{"embeddable":true,"href":"https:\/\/ciudadyregion.com.co\/index.php\/wp-json\/wp\/v2\/media\/56806"}],"wp:attachment":[{"href":"https:\/\/ciudadyregion.com.co\/index.php\/wp-json\/wp\/v2\/media?parent=56805"}],"wp:term":[{"taxonomy":"category","embeddable":true,"href":"https:\/\/ciudadyregion.com.co\/index.php\/wp-json\/wp\/v2\/categories?post=56805"},{"taxonomy":"post_tag","embeddable":true,"href":"https:\/\/ciudadyregion.com.co\/index.php\/wp-json\/wp\/v2\/tags?post=56805"}],"curies":[{"name":"wp","href":"https:\/\/api.w.org\/{rel}","templated":true}]}}