{"id":56794,"date":"2026-03-06T08:55:19","date_gmt":"2026-03-06T13:55:19","guid":{"rendered":"https:\/\/ciudadyregion.com.co\/?p=56794"},"modified":"2026-03-06T08:55:19","modified_gmt":"2026-03-06T13:55:19","slug":"mas-de-8-400-dosis-contra-la-fiebre-amarilla-se-han-aplicado-en-ibague-este-ano","status":"publish","type":"post","link":"https:\/\/ciudadyregion.com.co\/index.php\/mas-de-8-400-dosis-contra-la-fiebre-amarilla-se-han-aplicado-en-ibague-este-ano\/salud\/","title":{"rendered":"M\u00e1s de 8.400 dosis contra la fiebre amarilla se han aplicado en Ibagu\u00e9 este a\u00f1o"},"content":{"rendered":"<p>Adem\u00e1s, en este mismo periodo la Administraci\u00f3n Municipal ha reforzado acciones contra el dengue, con 131 dosis suministradas contra esta enfermedad.<\/p>\n<p>Durante lo corrido de 2026, la Secretar\u00eda de Salud de Ibagu\u00e9 ha desarrollado un amplio trabajo en promoci\u00f3n, prevenci\u00f3n, vigilancia y control, orientado a proteger la salud de la poblaci\u00f3n y a fortalecer la atenci\u00f3n en el municipio.<\/p>\n<p>En materia de inmunizaci\u00f3n, se han aplicado 8.464 dosis contra la fiebre amarilla y 131 dosis contra el dengue, como parte de las acciones de prevenci\u00f3n frente a estas enfermedades.<\/p>\n<p>En vigilancia epidemiol\u00f3gica se registran desde abril del 2025 un caso de fiebre amarilla, y en las primeras 8 semanas del a\u00f1o, 320 casos de dengue, lo que ha obligado a reforzar las acciones de vigilancia y control en salud p\u00fablica.<\/p>\n<p>\u201cDurante este 2026 hemos realizado 921 visitas de inspecci\u00f3n, vigilancia y control en diferentes establecimientos de la ciudad, un trabajo que se suma a las acciones de vacunaci\u00f3n, vigilancia epidemiol\u00f3gica y atenci\u00f3n en salud mental para proteger a nuestra comunidad y prevenir riesgos en salud p\u00fablica\u201d, afirm\u00f3 Yennifer Guzm\u00e1n, secretaria de Salud Municipal.<\/p>\n<p>Salud mental y visitas a EPS<\/p>\n<p>De igual manera, a trav\u00e9s de la l\u00ednea naranja se ha brindado atenci\u00f3n a 223 personas, mediante procesos de escucha activa y acompa\u00f1amiento en salud mental.<\/p>\n<p>Adicionalmente, durante este a\u00f1o se han efectuado m\u00e1s de 20 visitas a Entidades Promotoras de Salud, EPS, con el prop\u00f3sito de verificar la articulaci\u00f3n de los servicios y promover oportunidades de mejora para los usuarios.<\/p>\n","protected":false},"excerpt":{"rendered":"<p>Adem\u00e1s, en este mismo periodo la Administraci\u00f3n Municipal ha reforzado acciones contra el dengue, con 131 dosis suministradas contra esta enfermedad. Durante lo corrido de 2026, la Secretar\u00eda de Salud de Ibagu\u00e9 ha desarrollado un amplio trabajo en promoci\u00f3n, prevenci\u00f3n, vigilancia y control, orientado a proteger la salud de la<span class=\"more-link\"><a href=\"https:\/\/ciudadyregion.com.co\/index.php\/mas-de-8-400-dosis-contra-la-fiebre-amarilla-se-han-aplicado-en-ibague-este-ano\/salud\/\">Continuar Leyendo<\/a><\/span><\/p>\n","protected":false},"author":2,"featured_media":56795,"comment_status":"open","ping_status":"open","sticky":false,"template":"","format":"standard","meta":{"_uf_show_specific_survey":0,"_uf_disable_surveys":false,"_jetpack_memberships_contains_paid_content":false,"footnotes":"","jetpack_publicize_message":"","jetpack_publicize_feature_enabled":true,"jetpack_social_post_already_shared":true,"jetpack_social_options":{"image_generator_settings":{"template":"highway","enabled":false},"version":2}},"categories":[29],"tags":[],"class_list":["entry","author-diegoaguirre","post-56794","post","type-post","status-publish","format-standard","has-post-thumbnail","category-salud"],"jetpack_publicize_connections":[],"yoast_head":"<!-- This site is optimized with the Yoast SEO plugin v24.3 - https:\/\/yoast.com\/wordpress\/plugins\/seo\/ -->\n<title>M\u00e1s de 8.400 dosis contra la fiebre amarilla se han aplicado en Ibagu\u00e9 este a\u00f1o - Ciudad y Region<\/title>\n<meta name=\"robots\" content=\"index, follow, max-snippet:-1, max-image-preview:large, max-video-preview:-1\" \/>\n<link rel=\"canonical\" href=\"https:\/\/ciudadyregion.com.co\/index.php\/mas-de-8-400-dosis-contra-la-fiebre-amarilla-se-han-aplicado-en-ibague-este-ano\/salud\/\" \/>\n<meta property=\"og:locale\" content=\"es_ES\" \/>\n<meta property=\"og:type\" content=\"article\" \/>\n<meta property=\"og:title\" content=\"M\u00e1s de 8.400 dosis contra la fiebre amarilla se han aplicado en Ibagu\u00e9 este a\u00f1o - Ciudad y Region\" \/>\n<meta property=\"og:description\" content=\"Adem\u00e1s, en este mismo periodo la Administraci\u00f3n Municipal ha reforzado acciones contra el dengue, con 131 dosis suministradas contra esta enfermedad. Durante lo corrido de 2026, la Secretar\u00eda de Salud de Ibagu\u00e9 ha desarrollado un amplio trabajo en promoci\u00f3n, prevenci\u00f3n, vigilancia y control, orientado a proteger la salud de laContinuar Leyendo\" \/>\n<meta property=\"og:url\" content=\"https:\/\/ciudadyregion.com.co\/index.php\/mas-de-8-400-dosis-contra-la-fiebre-amarilla-se-han-aplicado-en-ibague-este-ano\/salud\/\" \/>\n<meta property=\"og:site_name\" content=\"Ciudad y Region\" \/>\n<meta property=\"article:published_time\" content=\"2026-03-06T13:55:19+00:00\" \/>\n<meta property=\"og:image\" content=\"https:\/\/ciudadyregion.com.co\/wp-content\/uploads\/2026\/03\/Pag-2026-03-06T085416.543.jpg\" \/>\n\t<meta property=\"og:image:width\" content=\"800\" \/>\n\t<meta property=\"og:image:height\" content=\"445\" \/>\n\t<meta property=\"og:image:type\" content=\"image\/jpeg\" \/>\n<meta name=\"author\" content=\"David Andr\u00e9s Aguirre\" \/>\n<meta name=\"twitter:card\" content=\"summary_large_image\" \/>\n<meta name=\"twitter:label1\" content=\"Escrito por\" \/>\n\t<meta name=\"twitter:data1\" content=\"David Andr\u00e9s Aguirre\" \/>\n\t<meta name=\"twitter:label2\" content=\"Tiempo de lectura\" \/>\n\t<meta name=\"twitter:data2\" content=\"2 minutos\" \/>\n<script type=\"application\/ld+json\" class=\"yoast-schema-graph\">{\"@context\":\"https:\/\/schema.org\",\"@graph\":[{\"@type\":\"WebPage\",\"@id\":\"https:\/\/ciudadyregion.com.co\/index.php\/mas-de-8-400-dosis-contra-la-fiebre-amarilla-se-han-aplicado-en-ibague-este-ano\/salud\/\",\"url\":\"https:\/\/ciudadyregion.com.co\/index.php\/mas-de-8-400-dosis-contra-la-fiebre-amarilla-se-han-aplicado-en-ibague-este-ano\/salud\/\",\"name\":\"M\u00e1s de 8.400 dosis contra la fiebre amarilla se han aplicado en Ibagu\u00e9 este a\u00f1o - Ciudad y Region\",\"isPartOf\":{\"@id\":\"https:\/\/ciudadyregion.com.co\/#website\"},\"primaryImageOfPage\":{\"@id\":\"https:\/\/ciudadyregion.com.co\/index.php\/mas-de-8-400-dosis-contra-la-fiebre-amarilla-se-han-aplicado-en-ibague-este-ano\/salud\/#primaryimage\"},\"image\":{\"@id\":\"https:\/\/ciudadyregion.com.co\/index.php\/mas-de-8-400-dosis-contra-la-fiebre-amarilla-se-han-aplicado-en-ibague-este-ano\/salud\/#primaryimage\"},\"thumbnailUrl\":\"https:\/\/i0.wp.com\/ciudadyregion.com.co\/wp-content\/uploads\/2026\/03\/Pag-2026-03-06T085416.543.jpg?fit=800%2C445&ssl=1\",\"datePublished\":\"2026-03-06T13:55:19+00:00\",\"dateModified\":\"2026-03-06T13:55:19+00:00\",\"author\":{\"@id\":\"https:\/\/ciudadyregion.com.co\/#\/schema\/person\/04a4954373ebc4051f46e8c65ff78622\"},\"breadcrumb\":{\"@id\":\"https:\/\/ciudadyregion.com.co\/index.php\/mas-de-8-400-dosis-contra-la-fiebre-amarilla-se-han-aplicado-en-ibague-este-ano\/salud\/#breadcrumb\"},\"inLanguage\":\"es\",\"potentialAction\":[{\"@type\":\"ReadAction\",\"target\":[\"https:\/\/ciudadyregion.com.co\/index.php\/mas-de-8-400-dosis-contra-la-fiebre-amarilla-se-han-aplicado-en-ibague-este-ano\/salud\/\"]}]},{\"@type\":\"ImageObject\",\"inLanguage\":\"es\",\"@id\":\"https:\/\/ciudadyregion.com.co\/index.php\/mas-de-8-400-dosis-contra-la-fiebre-amarilla-se-han-aplicado-en-ibague-este-ano\/salud\/#primaryimage\",\"url\":\"https:\/\/i0.wp.com\/ciudadyregion.com.co\/wp-content\/uploads\/2026\/03\/Pag-2026-03-06T085416.543.jpg?fit=800%2C445&ssl=1\",\"contentUrl\":\"https:\/\/i0.wp.com\/ciudadyregion.com.co\/wp-content\/uploads\/2026\/03\/Pag-2026-03-06T085416.543.jpg?fit=800%2C445&ssl=1\",\"width\":800,\"height\":445},{\"@type\":\"BreadcrumbList\",\"@id\":\"https:\/\/ciudadyregion.com.co\/index.php\/mas-de-8-400-dosis-contra-la-fiebre-amarilla-se-han-aplicado-en-ibague-este-ano\/salud\/#breadcrumb\",\"itemListElement\":[{\"@type\":\"ListItem\",\"position\":1,\"name\":\"Portada\",\"item\":\"https:\/\/ciudadyregion.com.co\/\"},{\"@type\":\"ListItem\",\"position\":2,\"name\":\"M\u00e1s de 8.400 dosis contra la fiebre amarilla se han aplicado en Ibagu\u00e9 este a\u00f1o\"}]},{\"@type\":\"WebSite\",\"@id\":\"https:\/\/ciudadyregion.com.co\/#website\",\"url\":\"https:\/\/ciudadyregion.com.co\/\",\"name\":\"Ciudad y Region\",\"description\":\"\",\"potentialAction\":[{\"@type\":\"SearchAction\",\"target\":{\"@type\":\"EntryPoint\",\"urlTemplate\":\"https:\/\/ciudadyregion.com.co\/?s={search_term_string}\"},\"query-input\":{\"@type\":\"PropertyValueSpecification\",\"valueRequired\":true,\"valueName\":\"search_term_string\"}}],\"inLanguage\":\"es\"},{\"@type\":\"Person\",\"@id\":\"https:\/\/ciudadyregion.com.co\/#\/schema\/person\/04a4954373ebc4051f46e8c65ff78622\",\"name\":\"David Andr\u00e9s Aguirre\",\"image\":{\"@type\":\"ImageObject\",\"inLanguage\":\"es\",\"@id\":\"https:\/\/ciudadyregion.com.co\/#\/schema\/person\/image\/\",\"url\":\"https:\/\/secure.gravatar.com\/avatar\/bc3c655860202182ee6d1b5edd042dbe?s=96&d=mm&r=g\",\"contentUrl\":\"https:\/\/secure.gravatar.com\/avatar\/bc3c655860202182ee6d1b5edd042dbe?s=96&d=mm&r=g\",\"caption\":\"David Andr\u00e9s Aguirre\"},\"url\":\"https:\/\/ciudadyregion.com.co\/index.php\/author\/diegoaguirre\/\"}]}<\/script>\n<!-- \/ Yoast SEO plugin. -->","yoast_head_json":{"title":"M\u00e1s de 8.400 dosis contra la fiebre amarilla se han aplicado en Ibagu\u00e9 este a\u00f1o - Ciudad y Region","robots":{"index":"index","follow":"follow","max-snippet":"max-snippet:-1","max-image-preview":"max-image-preview:large","max-video-preview":"max-video-preview:-1"},"canonical":"https:\/\/ciudadyregion.com.co\/index.php\/mas-de-8-400-dosis-contra-la-fiebre-amarilla-se-han-aplicado-en-ibague-este-ano\/salud\/","og_locale":"es_ES","og_type":"article","og_title":"M\u00e1s de 8.400 dosis contra la fiebre amarilla se han aplicado en Ibagu\u00e9 este a\u00f1o - Ciudad y Region","og_description":"Adem\u00e1s, en este mismo periodo la Administraci\u00f3n Municipal ha reforzado acciones contra el dengue, con 131 dosis suministradas contra esta enfermedad. Durante lo corrido de 2026, la Secretar\u00eda de Salud de Ibagu\u00e9 ha desarrollado un amplio trabajo en promoci\u00f3n, prevenci\u00f3n, vigilancia y control, orientado a proteger la salud de laContinuar Leyendo","og_url":"https:\/\/ciudadyregion.com.co\/index.php\/mas-de-8-400-dosis-contra-la-fiebre-amarilla-se-han-aplicado-en-ibague-este-ano\/salud\/","og_site_name":"Ciudad y Region","article_published_time":"2026-03-06T13:55:19+00:00","og_image":[{"width":800,"height":445,"url":"https:\/\/ciudadyregion.com.co\/wp-content\/uploads\/2026\/03\/Pag-2026-03-06T085416.543.jpg","type":"image\/jpeg"}],"author":"David Andr\u00e9s Aguirre","twitter_card":"summary_large_image","twitter_misc":{"Escrito por":"David Andr\u00e9s Aguirre","Tiempo de lectura":"2 minutos"},"schema":{"@context":"https:\/\/schema.org","@graph":[{"@type":"WebPage","@id":"https:\/\/ciudadyregion.com.co\/index.php\/mas-de-8-400-dosis-contra-la-fiebre-amarilla-se-han-aplicado-en-ibague-este-ano\/salud\/","url":"https:\/\/ciudadyregion.com.co\/index.php\/mas-de-8-400-dosis-contra-la-fiebre-amarilla-se-han-aplicado-en-ibague-este-ano\/salud\/","name":"M\u00e1s de 8.400 dosis contra la fiebre amarilla se han aplicado en Ibagu\u00e9 este a\u00f1o - Ciudad y Region","isPartOf":{"@id":"https:\/\/ciudadyregion.com.co\/#website"},"primaryImageOfPage":{"@id":"https:\/\/ciudadyregion.com.co\/index.php\/mas-de-8-400-dosis-contra-la-fiebre-amarilla-se-han-aplicado-en-ibague-este-ano\/salud\/#primaryimage"},"image":{"@id":"https:\/\/ciudadyregion.com.co\/index.php\/mas-de-8-400-dosis-contra-la-fiebre-amarilla-se-han-aplicado-en-ibague-este-ano\/salud\/#primaryimage"},"thumbnailUrl":"https:\/\/i0.wp.com\/ciudadyregion.com.co\/wp-content\/uploads\/2026\/03\/Pag-2026-03-06T085416.543.jpg?fit=800%2C445&ssl=1","datePublished":"2026-03-06T13:55:19+00:00","dateModified":"2026-03-06T13:55:19+00:00","author":{"@id":"https:\/\/ciudadyregion.com.co\/#\/schema\/person\/04a4954373ebc4051f46e8c65ff78622"},"breadcrumb":{"@id":"https:\/\/ciudadyregion.com.co\/index.php\/mas-de-8-400-dosis-contra-la-fiebre-amarilla-se-han-aplicado-en-ibague-este-ano\/salud\/#breadcrumb"},"inLanguage":"es","potentialAction":[{"@type":"ReadAction","target":["https:\/\/ciudadyregion.com.co\/index.php\/mas-de-8-400-dosis-contra-la-fiebre-amarilla-se-han-aplicado-en-ibague-este-ano\/salud\/"]}]},{"@type":"ImageObject","inLanguage":"es","@id":"https:\/\/ciudadyregion.com.co\/index.php\/mas-de-8-400-dosis-contra-la-fiebre-amarilla-se-han-aplicado-en-ibague-este-ano\/salud\/#primaryimage","url":"https:\/\/i0.wp.com\/ciudadyregion.com.co\/wp-content\/uploads\/2026\/03\/Pag-2026-03-06T085416.543.jpg?fit=800%2C445&ssl=1","contentUrl":"https:\/\/i0.wp.com\/ciudadyregion.com.co\/wp-content\/uploads\/2026\/03\/Pag-2026-03-06T085416.543.jpg?fit=800%2C445&ssl=1","width":800,"height":445},{"@type":"BreadcrumbList","@id":"https:\/\/ciudadyregion.com.co\/index.php\/mas-de-8-400-dosis-contra-la-fiebre-amarilla-se-han-aplicado-en-ibague-este-ano\/salud\/#breadcrumb","itemListElement":[{"@type":"ListItem","position":1,"name":"Portada","item":"https:\/\/ciudadyregion.com.co\/"},{"@type":"ListItem","position":2,"name":"M\u00e1s de 8.400 dosis contra la fiebre amarilla se han aplicado en Ibagu\u00e9 este a\u00f1o"}]},{"@type":"WebSite","@id":"https:\/\/ciudadyregion.com.co\/#website","url":"https:\/\/ciudadyregion.com.co\/","name":"Ciudad y Region","description":"","potentialAction":[{"@type":"SearchAction","target":{"@type":"EntryPoint","urlTemplate":"https:\/\/ciudadyregion.com.co\/?s={search_term_string}"},"query-input":{"@type":"PropertyValueSpecification","valueRequired":true,"valueName":"search_term_string"}}],"inLanguage":"es"},{"@type":"Person","@id":"https:\/\/ciudadyregion.com.co\/#\/schema\/person\/04a4954373ebc4051f46e8c65ff78622","name":"David Andr\u00e9s Aguirre","image":{"@type":"ImageObject","inLanguage":"es","@id":"https:\/\/ciudadyregion.com.co\/#\/schema\/person\/image\/","url":"https:\/\/secure.gravatar.com\/avatar\/bc3c655860202182ee6d1b5edd042dbe?s=96&d=mm&r=g","contentUrl":"https:\/\/secure.gravatar.com\/avatar\/bc3c655860202182ee6d1b5edd042dbe?s=96&d=mm&r=g","caption":"David Andr\u00e9s Aguirre"},"url":"https:\/\/ciudadyregion.com.co\/index.php\/author\/diegoaguirre\/"}]}},"jetpack_featured_media_url":"https:\/\/i0.wp.com\/ciudadyregion.com.co\/wp-content\/uploads\/2026\/03\/Pag-2026-03-06T085416.543.jpg?fit=800%2C445&ssl=1","jetpack_sharing_enabled":true,"jetpack_shortlink":"https:\/\/wp.me\/pbS7hh-eM2","jetpack-related-posts":[],"_links":{"self":[{"href":"https:\/\/ciudadyregion.com.co\/index.php\/wp-json\/wp\/v2\/posts\/56794"}],"collection":[{"href":"https:\/\/ciudadyregion.com.co\/index.php\/wp-json\/wp\/v2\/posts"}],"about":[{"href":"https:\/\/ciudadyregion.com.co\/index.php\/wp-json\/wp\/v2\/types\/post"}],"author":[{"embeddable":true,"href":"https:\/\/ciudadyregion.com.co\/index.php\/wp-json\/wp\/v2\/users\/2"}],"replies":[{"embeddable":true,"href":"https:\/\/ciudadyregion.com.co\/index.php\/wp-json\/wp\/v2\/comments?post=56794"}],"version-history":[{"count":1,"href":"https:\/\/ciudadyregion.com.co\/index.php\/wp-json\/wp\/v2\/posts\/56794\/revisions"}],"predecessor-version":[{"id":56796,"href":"https:\/\/ciudadyregion.com.co\/index.php\/wp-json\/wp\/v2\/posts\/56794\/revisions\/56796"}],"wp:featuredmedia":[{"embeddable":true,"href":"https:\/\/ciudadyregion.com.co\/index.php\/wp-json\/wp\/v2\/media\/56795"}],"wp:attachment":[{"href":"https:\/\/ciudadyregion.com.co\/index.php\/wp-json\/wp\/v2\/media?parent=56794"}],"wp:term":[{"taxonomy":"category","embeddable":true,"href":"https:\/\/ciudadyregion.com.co\/index.php\/wp-json\/wp\/v2\/categories?post=56794"},{"taxonomy":"post_tag","embeddable":true,"href":"https:\/\/ciudadyregion.com.co\/index.php\/wp-json\/wp\/v2\/tags?post=56794"}],"curies":[{"name":"wp","href":"https:\/\/api.w.org\/{rel}","templated":true}]}}