{"id":56788,"date":"2026-03-06T08:49:25","date_gmt":"2026-03-06T13:49:25","guid":{"rendered":"https:\/\/ciudadyregion.com.co\/?p=56788"},"modified":"2026-03-06T08:49:25","modified_gmt":"2026-03-06T13:49:25","slug":"alcaldia-de-ibague-refuerza-canales-de-apoyo-con-la-linea-no-estas-sola","status":"publish","type":"post","link":"https:\/\/ciudadyregion.com.co\/index.php\/alcaldia-de-ibague-refuerza-canales-de-apoyo-con-la-linea-no-estas-sola\/ibague\/","title":{"rendered":"Alcald\u00eda de Ibagu\u00e9 refuerza canales de apoyo con la \u2018L\u00ednea No Est\u00e1s Sola\u2019"},"content":{"rendered":"<p>La estrategia brinda orientaci\u00f3n y asesor\u00eda en casos de violencia a trav\u00e9s del contacto 312 270 6494, dispuesto para quienes requieren informaci\u00f3n y acompa\u00f1amiento.<\/p>\n<p>La Alcald\u00eda de Ibagu\u00e9 refuerza sus estrategias de acompa\u00f1amiento institucional a trav\u00e9s de la \u2018L\u00ednea No Est\u00e1s Sola\u2019, un canal de atenci\u00f3n enfocado en brindar orientaci\u00f3n y asesor\u00eda en casos de violencia, ofreciendo informaci\u00f3n clara sobre las rutas de atenci\u00f3n disponibles.<\/p>\n<p>Este servicio ofrece atenci\u00f3n confidencial por parte de un equipo de profesionales capacitados, quienes brindan orientaci\u00f3n psicosocial y jur\u00eddica, asesorando a las personas sobre el paso a paso para interponer denuncias, el acceso a las l\u00edneas de atenci\u00f3n y las rutas institucionales de protecci\u00f3n, con el prop\u00f3sito de eliminar barreras de acceso que muchas veces impiden denunciar o buscar ayuda.<\/p>\n<p>La \u2018L\u00ednea No Est\u00e1s Sola\u2019 se convierte en un espacio cercano donde las personas que enfrentan situaciones de violencia pueden recibir informaci\u00f3n, gu\u00eda y acompa\u00f1amiento inicial, permitiendo que conozcan sus derechos y las instituciones a las que pueden acudir para activar las rutas de protecci\u00f3n.<\/p>\n<p>\u201cSabemos que muchas veces las personas no denuncian por desconocimiento o por temor a los tr\u00e1mites. Por eso la \u2018L\u00ednea No Est\u00e1s Sola\u2019 nace como un espacio de orientaci\u00f3n, donde brindamos informaci\u00f3n clara sobre las rutas de atenci\u00f3n, el paso a paso para denunciar y el acompa\u00f1amiento necesario para que las v\u00edctimas puedan acceder a sus derechos. Seguimos trabajando para que la ciudadan\u00eda tenga herramientas y apoyo institucional frente a situaciones de violencia\u201d, expres\u00f3 Claudia Aristiz\u00e1bal, secretaria de Desarrollo Social Comunitario.<\/p>\n<p>Quienes requieran orientaci\u00f3n podr\u00e1n comunicarse con la \u2018L\u00ednea No Est\u00e1s Sola\u2019 312 270 6494, donde recibir\u00e1n asesor\u00eda por parte del equipo profesional dispuesto por la Administraci\u00f3n Municipal.<\/p>\n","protected":false},"excerpt":{"rendered":"<p>La estrategia brinda orientaci\u00f3n y asesor\u00eda en casos de violencia a trav\u00e9s del contacto 312 270 6494, dispuesto para quienes requieren informaci\u00f3n y acompa\u00f1amiento. La Alcald\u00eda de Ibagu\u00e9 refuerza sus estrategias de acompa\u00f1amiento institucional a trav\u00e9s de la \u2018L\u00ednea No Est\u00e1s Sola\u2019, un canal de atenci\u00f3n enfocado en brindar orientaci\u00f3n<span class=\"more-link\"><a href=\"https:\/\/ciudadyregion.com.co\/index.php\/alcaldia-de-ibague-refuerza-canales-de-apoyo-con-la-linea-no-estas-sola\/ibague\/\">Continuar Leyendo<\/a><\/span><\/p>\n","protected":false},"author":2,"featured_media":56789,"comment_status":"open","ping_status":"open","sticky":false,"template":"","format":"standard","meta":{"_uf_show_specific_survey":0,"_uf_disable_surveys":false,"_jetpack_memberships_contains_paid_content":false,"footnotes":"","jetpack_publicize_message":"","jetpack_publicize_feature_enabled":true,"jetpack_social_post_already_shared":true,"jetpack_social_options":{"image_generator_settings":{"template":"highway","enabled":false},"version":2}},"categories":[14],"tags":[],"class_list":["entry","author-diegoaguirre","post-56788","post","type-post","status-publish","format-standard","has-post-thumbnail","category-ibague"],"jetpack_publicize_connections":[],"yoast_head":"<!-- This site is optimized with the Yoast SEO plugin v24.3 - https:\/\/yoast.com\/wordpress\/plugins\/seo\/ -->\n<title>Alcald\u00eda de Ibagu\u00e9 refuerza canales de apoyo con la \u2018L\u00ednea No Est\u00e1s Sola\u2019 - Ciudad y Region<\/title>\n<meta name=\"robots\" content=\"index, follow, max-snippet:-1, max-image-preview:large, max-video-preview:-1\" \/>\n<link rel=\"canonical\" href=\"https:\/\/ciudadyregion.com.co\/index.php\/alcaldia-de-ibague-refuerza-canales-de-apoyo-con-la-linea-no-estas-sola\/ibague\/\" \/>\n<meta property=\"og:locale\" content=\"es_ES\" \/>\n<meta property=\"og:type\" content=\"article\" \/>\n<meta property=\"og:title\" content=\"Alcald\u00eda de Ibagu\u00e9 refuerza canales de apoyo con la \u2018L\u00ednea No Est\u00e1s Sola\u2019 - Ciudad y Region\" \/>\n<meta property=\"og:description\" content=\"La estrategia brinda orientaci\u00f3n y asesor\u00eda en casos de violencia a trav\u00e9s del contacto 312 270 6494, dispuesto para quienes requieren informaci\u00f3n y acompa\u00f1amiento. La Alcald\u00eda de Ibagu\u00e9 refuerza sus estrategias de acompa\u00f1amiento institucional a trav\u00e9s de la \u2018L\u00ednea No Est\u00e1s Sola\u2019, un canal de atenci\u00f3n enfocado en brindar orientaci\u00f3nContinuar Leyendo\" \/>\n<meta property=\"og:url\" content=\"https:\/\/ciudadyregion.com.co\/index.php\/alcaldia-de-ibague-refuerza-canales-de-apoyo-con-la-linea-no-estas-sola\/ibague\/\" \/>\n<meta property=\"og:site_name\" content=\"Ciudad y Region\" \/>\n<meta property=\"article:published_time\" content=\"2026-03-06T13:49:25+00:00\" \/>\n<meta property=\"og:image\" content=\"https:\/\/ciudadyregion.com.co\/wp-content\/uploads\/2026\/03\/Pag-2026-03-06T084641.690.jpg\" \/>\n\t<meta property=\"og:image:width\" content=\"800\" \/>\n\t<meta property=\"og:image:height\" content=\"445\" \/>\n\t<meta property=\"og:image:type\" content=\"image\/jpeg\" \/>\n<meta name=\"author\" content=\"David Andr\u00e9s Aguirre\" \/>\n<meta name=\"twitter:card\" content=\"summary_large_image\" \/>\n<meta name=\"twitter:label1\" content=\"Escrito por\" \/>\n\t<meta name=\"twitter:data1\" content=\"David Andr\u00e9s Aguirre\" \/>\n\t<meta name=\"twitter:label2\" content=\"Tiempo de lectura\" \/>\n\t<meta name=\"twitter:data2\" content=\"2 minutos\" \/>\n<script type=\"application\/ld+json\" class=\"yoast-schema-graph\">{\"@context\":\"https:\/\/schema.org\",\"@graph\":[{\"@type\":\"WebPage\",\"@id\":\"https:\/\/ciudadyregion.com.co\/index.php\/alcaldia-de-ibague-refuerza-canales-de-apoyo-con-la-linea-no-estas-sola\/ibague\/\",\"url\":\"https:\/\/ciudadyregion.com.co\/index.php\/alcaldia-de-ibague-refuerza-canales-de-apoyo-con-la-linea-no-estas-sola\/ibague\/\",\"name\":\"Alcald\u00eda de Ibagu\u00e9 refuerza canales de apoyo con la \u2018L\u00ednea No Est\u00e1s Sola\u2019 - Ciudad y Region\",\"isPartOf\":{\"@id\":\"https:\/\/ciudadyregion.com.co\/#website\"},\"primaryImageOfPage\":{\"@id\":\"https:\/\/ciudadyregion.com.co\/index.php\/alcaldia-de-ibague-refuerza-canales-de-apoyo-con-la-linea-no-estas-sola\/ibague\/#primaryimage\"},\"image\":{\"@id\":\"https:\/\/ciudadyregion.com.co\/index.php\/alcaldia-de-ibague-refuerza-canales-de-apoyo-con-la-linea-no-estas-sola\/ibague\/#primaryimage\"},\"thumbnailUrl\":\"https:\/\/i0.wp.com\/ciudadyregion.com.co\/wp-content\/uploads\/2026\/03\/Pag-2026-03-06T084641.690.jpg?fit=800%2C445&ssl=1\",\"datePublished\":\"2026-03-06T13:49:25+00:00\",\"dateModified\":\"2026-03-06T13:49:25+00:00\",\"author\":{\"@id\":\"https:\/\/ciudadyregion.com.co\/#\/schema\/person\/04a4954373ebc4051f46e8c65ff78622\"},\"breadcrumb\":{\"@id\":\"https:\/\/ciudadyregion.com.co\/index.php\/alcaldia-de-ibague-refuerza-canales-de-apoyo-con-la-linea-no-estas-sola\/ibague\/#breadcrumb\"},\"inLanguage\":\"es\",\"potentialAction\":[{\"@type\":\"ReadAction\",\"target\":[\"https:\/\/ciudadyregion.com.co\/index.php\/alcaldia-de-ibague-refuerza-canales-de-apoyo-con-la-linea-no-estas-sola\/ibague\/\"]}]},{\"@type\":\"ImageObject\",\"inLanguage\":\"es\",\"@id\":\"https:\/\/ciudadyregion.com.co\/index.php\/alcaldia-de-ibague-refuerza-canales-de-apoyo-con-la-linea-no-estas-sola\/ibague\/#primaryimage\",\"url\":\"https:\/\/i0.wp.com\/ciudadyregion.com.co\/wp-content\/uploads\/2026\/03\/Pag-2026-03-06T084641.690.jpg?fit=800%2C445&ssl=1\",\"contentUrl\":\"https:\/\/i0.wp.com\/ciudadyregion.com.co\/wp-content\/uploads\/2026\/03\/Pag-2026-03-06T084641.690.jpg?fit=800%2C445&ssl=1\",\"width\":800,\"height\":445},{\"@type\":\"BreadcrumbList\",\"@id\":\"https:\/\/ciudadyregion.com.co\/index.php\/alcaldia-de-ibague-refuerza-canales-de-apoyo-con-la-linea-no-estas-sola\/ibague\/#breadcrumb\",\"itemListElement\":[{\"@type\":\"ListItem\",\"position\":1,\"name\":\"Portada\",\"item\":\"https:\/\/ciudadyregion.com.co\/\"},{\"@type\":\"ListItem\",\"position\":2,\"name\":\"Alcald\u00eda de Ibagu\u00e9 refuerza canales de apoyo con la \u2018L\u00ednea No Est\u00e1s Sola\u2019\"}]},{\"@type\":\"WebSite\",\"@id\":\"https:\/\/ciudadyregion.com.co\/#website\",\"url\":\"https:\/\/ciudadyregion.com.co\/\",\"name\":\"Ciudad y Region\",\"description\":\"\",\"potentialAction\":[{\"@type\":\"SearchAction\",\"target\":{\"@type\":\"EntryPoint\",\"urlTemplate\":\"https:\/\/ciudadyregion.com.co\/?s={search_term_string}\"},\"query-input\":{\"@type\":\"PropertyValueSpecification\",\"valueRequired\":true,\"valueName\":\"search_term_string\"}}],\"inLanguage\":\"es\"},{\"@type\":\"Person\",\"@id\":\"https:\/\/ciudadyregion.com.co\/#\/schema\/person\/04a4954373ebc4051f46e8c65ff78622\",\"name\":\"David Andr\u00e9s Aguirre\",\"image\":{\"@type\":\"ImageObject\",\"inLanguage\":\"es\",\"@id\":\"https:\/\/ciudadyregion.com.co\/#\/schema\/person\/image\/\",\"url\":\"https:\/\/secure.gravatar.com\/avatar\/bc3c655860202182ee6d1b5edd042dbe?s=96&d=mm&r=g\",\"contentUrl\":\"https:\/\/secure.gravatar.com\/avatar\/bc3c655860202182ee6d1b5edd042dbe?s=96&d=mm&r=g\",\"caption\":\"David Andr\u00e9s Aguirre\"},\"url\":\"https:\/\/ciudadyregion.com.co\/index.php\/author\/diegoaguirre\/\"}]}<\/script>\n<!-- \/ Yoast SEO plugin. -->","yoast_head_json":{"title":"Alcald\u00eda de Ibagu\u00e9 refuerza canales de apoyo con la \u2018L\u00ednea No Est\u00e1s Sola\u2019 - Ciudad y Region","robots":{"index":"index","follow":"follow","max-snippet":"max-snippet:-1","max-image-preview":"max-image-preview:large","max-video-preview":"max-video-preview:-1"},"canonical":"https:\/\/ciudadyregion.com.co\/index.php\/alcaldia-de-ibague-refuerza-canales-de-apoyo-con-la-linea-no-estas-sola\/ibague\/","og_locale":"es_ES","og_type":"article","og_title":"Alcald\u00eda de Ibagu\u00e9 refuerza canales de apoyo con la \u2018L\u00ednea No Est\u00e1s Sola\u2019 - Ciudad y Region","og_description":"La estrategia brinda orientaci\u00f3n y asesor\u00eda en casos de violencia a trav\u00e9s del contacto 312 270 6494, dispuesto para quienes requieren informaci\u00f3n y acompa\u00f1amiento. La Alcald\u00eda de Ibagu\u00e9 refuerza sus estrategias de acompa\u00f1amiento institucional a trav\u00e9s de la \u2018L\u00ednea No Est\u00e1s Sola\u2019, un canal de atenci\u00f3n enfocado en brindar orientaci\u00f3nContinuar Leyendo","og_url":"https:\/\/ciudadyregion.com.co\/index.php\/alcaldia-de-ibague-refuerza-canales-de-apoyo-con-la-linea-no-estas-sola\/ibague\/","og_site_name":"Ciudad y Region","article_published_time":"2026-03-06T13:49:25+00:00","og_image":[{"width":800,"height":445,"url":"https:\/\/ciudadyregion.com.co\/wp-content\/uploads\/2026\/03\/Pag-2026-03-06T084641.690.jpg","type":"image\/jpeg"}],"author":"David Andr\u00e9s Aguirre","twitter_card":"summary_large_image","twitter_misc":{"Escrito por":"David Andr\u00e9s Aguirre","Tiempo de lectura":"2 minutos"},"schema":{"@context":"https:\/\/schema.org","@graph":[{"@type":"WebPage","@id":"https:\/\/ciudadyregion.com.co\/index.php\/alcaldia-de-ibague-refuerza-canales-de-apoyo-con-la-linea-no-estas-sola\/ibague\/","url":"https:\/\/ciudadyregion.com.co\/index.php\/alcaldia-de-ibague-refuerza-canales-de-apoyo-con-la-linea-no-estas-sola\/ibague\/","name":"Alcald\u00eda de Ibagu\u00e9 refuerza canales de apoyo con la \u2018L\u00ednea No Est\u00e1s Sola\u2019 - Ciudad y Region","isPartOf":{"@id":"https:\/\/ciudadyregion.com.co\/#website"},"primaryImageOfPage":{"@id":"https:\/\/ciudadyregion.com.co\/index.php\/alcaldia-de-ibague-refuerza-canales-de-apoyo-con-la-linea-no-estas-sola\/ibague\/#primaryimage"},"image":{"@id":"https:\/\/ciudadyregion.com.co\/index.php\/alcaldia-de-ibague-refuerza-canales-de-apoyo-con-la-linea-no-estas-sola\/ibague\/#primaryimage"},"thumbnailUrl":"https:\/\/i0.wp.com\/ciudadyregion.com.co\/wp-content\/uploads\/2026\/03\/Pag-2026-03-06T084641.690.jpg?fit=800%2C445&ssl=1","datePublished":"2026-03-06T13:49:25+00:00","dateModified":"2026-03-06T13:49:25+00:00","author":{"@id":"https:\/\/ciudadyregion.com.co\/#\/schema\/person\/04a4954373ebc4051f46e8c65ff78622"},"breadcrumb":{"@id":"https:\/\/ciudadyregion.com.co\/index.php\/alcaldia-de-ibague-refuerza-canales-de-apoyo-con-la-linea-no-estas-sola\/ibague\/#breadcrumb"},"inLanguage":"es","potentialAction":[{"@type":"ReadAction","target":["https:\/\/ciudadyregion.com.co\/index.php\/alcaldia-de-ibague-refuerza-canales-de-apoyo-con-la-linea-no-estas-sola\/ibague\/"]}]},{"@type":"ImageObject","inLanguage":"es","@id":"https:\/\/ciudadyregion.com.co\/index.php\/alcaldia-de-ibague-refuerza-canales-de-apoyo-con-la-linea-no-estas-sola\/ibague\/#primaryimage","url":"https:\/\/i0.wp.com\/ciudadyregion.com.co\/wp-content\/uploads\/2026\/03\/Pag-2026-03-06T084641.690.jpg?fit=800%2C445&ssl=1","contentUrl":"https:\/\/i0.wp.com\/ciudadyregion.com.co\/wp-content\/uploads\/2026\/03\/Pag-2026-03-06T084641.690.jpg?fit=800%2C445&ssl=1","width":800,"height":445},{"@type":"BreadcrumbList","@id":"https:\/\/ciudadyregion.com.co\/index.php\/alcaldia-de-ibague-refuerza-canales-de-apoyo-con-la-linea-no-estas-sola\/ibague\/#breadcrumb","itemListElement":[{"@type":"ListItem","position":1,"name":"Portada","item":"https:\/\/ciudadyregion.com.co\/"},{"@type":"ListItem","position":2,"name":"Alcald\u00eda de Ibagu\u00e9 refuerza canales de apoyo con la \u2018L\u00ednea No Est\u00e1s Sola\u2019"}]},{"@type":"WebSite","@id":"https:\/\/ciudadyregion.com.co\/#website","url":"https:\/\/ciudadyregion.com.co\/","name":"Ciudad y Region","description":"","potentialAction":[{"@type":"SearchAction","target":{"@type":"EntryPoint","urlTemplate":"https:\/\/ciudadyregion.com.co\/?s={search_term_string}"},"query-input":{"@type":"PropertyValueSpecification","valueRequired":true,"valueName":"search_term_string"}}],"inLanguage":"es"},{"@type":"Person","@id":"https:\/\/ciudadyregion.com.co\/#\/schema\/person\/04a4954373ebc4051f46e8c65ff78622","name":"David Andr\u00e9s Aguirre","image":{"@type":"ImageObject","inLanguage":"es","@id":"https:\/\/ciudadyregion.com.co\/#\/schema\/person\/image\/","url":"https:\/\/secure.gravatar.com\/avatar\/bc3c655860202182ee6d1b5edd042dbe?s=96&d=mm&r=g","contentUrl":"https:\/\/secure.gravatar.com\/avatar\/bc3c655860202182ee6d1b5edd042dbe?s=96&d=mm&r=g","caption":"David Andr\u00e9s Aguirre"},"url":"https:\/\/ciudadyregion.com.co\/index.php\/author\/diegoaguirre\/"}]}},"jetpack_featured_media_url":"https:\/\/i0.wp.com\/ciudadyregion.com.co\/wp-content\/uploads\/2026\/03\/Pag-2026-03-06T084641.690.jpg?fit=800%2C445&ssl=1","jetpack_sharing_enabled":true,"jetpack_shortlink":"https:\/\/wp.me\/pbS7hh-eLW","jetpack-related-posts":[],"_links":{"self":[{"href":"https:\/\/ciudadyregion.com.co\/index.php\/wp-json\/wp\/v2\/posts\/56788"}],"collection":[{"href":"https:\/\/ciudadyregion.com.co\/index.php\/wp-json\/wp\/v2\/posts"}],"about":[{"href":"https:\/\/ciudadyregion.com.co\/index.php\/wp-json\/wp\/v2\/types\/post"}],"author":[{"embeddable":true,"href":"https:\/\/ciudadyregion.com.co\/index.php\/wp-json\/wp\/v2\/users\/2"}],"replies":[{"embeddable":true,"href":"https:\/\/ciudadyregion.com.co\/index.php\/wp-json\/wp\/v2\/comments?post=56788"}],"version-history":[{"count":1,"href":"https:\/\/ciudadyregion.com.co\/index.php\/wp-json\/wp\/v2\/posts\/56788\/revisions"}],"predecessor-version":[{"id":56790,"href":"https:\/\/ciudadyregion.com.co\/index.php\/wp-json\/wp\/v2\/posts\/56788\/revisions\/56790"}],"wp:featuredmedia":[{"embeddable":true,"href":"https:\/\/ciudadyregion.com.co\/index.php\/wp-json\/wp\/v2\/media\/56789"}],"wp:attachment":[{"href":"https:\/\/ciudadyregion.com.co\/index.php\/wp-json\/wp\/v2\/media?parent=56788"}],"wp:term":[{"taxonomy":"category","embeddable":true,"href":"https:\/\/ciudadyregion.com.co\/index.php\/wp-json\/wp\/v2\/categories?post=56788"},{"taxonomy":"post_tag","embeddable":true,"href":"https:\/\/ciudadyregion.com.co\/index.php\/wp-json\/wp\/v2\/tags?post=56788"}],"curies":[{"name":"wp","href":"https:\/\/api.w.org\/{rel}","templated":true}]}}