{"id":56785,"date":"2026-03-06T08:44:45","date_gmt":"2026-03-06T13:44:45","guid":{"rendered":"https:\/\/ciudadyregion.com.co\/?p=56785"},"modified":"2026-03-06T08:44:45","modified_gmt":"2026-03-06T13:44:45","slug":"tome-nota-asi-funcionara-este-fin-de-semana-las-piscinas-de-olas-del-parque-deportivo","status":"publish","type":"post","link":"https:\/\/ciudadyregion.com.co\/index.php\/tome-nota-asi-funcionara-este-fin-de-semana-las-piscinas-de-olas-del-parque-deportivo\/ibague\/","title":{"rendered":"\u00a1Tome nota! As\u00ed funcionar\u00e1 este fin de semana las Piscinas de Olas del Parque Deportivo"},"content":{"rendered":"<p>El ingreso ser\u00e1 gratuito este s\u00e1bado 7 de marzo desde las 9:00 de la ma\u00f1ana y el aforo ser\u00e1 controlado para 800 personas. El domingo, el escenario no prestar\u00e1 el servicio por la realizaci\u00f3n de la jornada electoral.<\/p>\n<p>El Instituto Municipal para el Deporte y la Recreaci\u00f3n, IMDRI, sigue promoviendo el esparcimiento de las familias ibaguere\u00f1as; por tal raz\u00f3n, y por segundo fin de semana consecutivo, se habilitar\u00e1 de manera gratuita el Parque Acu\u00e1tico Recreativo mientras se ajustan los temas para el correcto cobro y facturaci\u00f3n.<\/p>\n<p>As\u00ed las cosas, este s\u00e1bado 7 de marzo, desde las 9:00 de la ma\u00f1ana, los ciudadanos podr\u00e1n ingresar al lugar sin costo alguno. Personal del Imdri se encargar\u00e1 de la log\u00edstica para verificar el aforo permitido para 800 personas hasta las 4:00 de la tarde.<\/p>\n<p>Los interesados en disfrutar del lugar deben cumplir con algunos requisitos: llegar temprano en caso de movilizarse en transporte particular, no ingresar bebidas ni comidas, los menores de edad deben estar acompa\u00f1ados por un adulto responsable y llevar la ropa adecuada.<\/p>\n<p>Cabe destacar que el parqueadero del Parque Deportivo estar\u00e1 a disposici\u00f3n de la ciudadan\u00eda hasta completar los cupos permitidos.<\/p>\n<p>\u201cEs importante que aquellas personas que quieran asistir lo hagan cuidando la infraestructura. La cultura ciudadana es clave en este proceso. Queremos que aprovechen estos espacios que habilitamos para que los conozcan y disfruten\u201d, dijo Felipe La Rota, gerente del Imdri.<\/p>\n<p>Finalmente, y por recomendaci\u00f3n de las autoridades, el domingo 8 de marzo no se prestar\u00e1 servicio debido a la jornada electoral que se vivir\u00e1 en todo el pa\u00eds.<\/p>\n","protected":false},"excerpt":{"rendered":"<p>El ingreso ser\u00e1 gratuito este s\u00e1bado 7 de marzo desde las 9:00 de la ma\u00f1ana y el aforo ser\u00e1 controlado para 800 personas. El domingo, el escenario no prestar\u00e1 el servicio por la realizaci\u00f3n de la jornada electoral. El Instituto Municipal para el Deporte y la Recreaci\u00f3n, IMDRI, sigue promoviendo<span class=\"more-link\"><a href=\"https:\/\/ciudadyregion.com.co\/index.php\/tome-nota-asi-funcionara-este-fin-de-semana-las-piscinas-de-olas-del-parque-deportivo\/ibague\/\">Continuar Leyendo<\/a><\/span><\/p>\n","protected":false},"author":2,"featured_media":56786,"comment_status":"open","ping_status":"open","sticky":false,"template":"","format":"standard","meta":{"_uf_show_specific_survey":0,"_uf_disable_surveys":false,"_jetpack_memberships_contains_paid_content":false,"footnotes":"","jetpack_publicize_message":"","jetpack_publicize_feature_enabled":true,"jetpack_social_post_already_shared":true,"jetpack_social_options":{"image_generator_settings":{"template":"highway","enabled":false},"version":2}},"categories":[14],"tags":[],"class_list":["entry","author-diegoaguirre","post-56785","post","type-post","status-publish","format-standard","has-post-thumbnail","category-ibague"],"jetpack_publicize_connections":[],"yoast_head":"<!-- This site is optimized with the Yoast SEO plugin v24.3 - https:\/\/yoast.com\/wordpress\/plugins\/seo\/ -->\n<title>\u00a1Tome nota! As\u00ed funcionar\u00e1 este fin de semana las Piscinas de Olas del Parque Deportivo - Ciudad y Region<\/title>\n<meta name=\"robots\" content=\"index, follow, max-snippet:-1, max-image-preview:large, max-video-preview:-1\" \/>\n<link rel=\"canonical\" href=\"https:\/\/ciudadyregion.com.co\/index.php\/tome-nota-asi-funcionara-este-fin-de-semana-las-piscinas-de-olas-del-parque-deportivo\/ibague\/\" \/>\n<meta property=\"og:locale\" content=\"es_ES\" \/>\n<meta property=\"og:type\" content=\"article\" \/>\n<meta property=\"og:title\" content=\"\u00a1Tome nota! As\u00ed funcionar\u00e1 este fin de semana las Piscinas de Olas del Parque Deportivo - Ciudad y Region\" \/>\n<meta property=\"og:description\" content=\"El ingreso ser\u00e1 gratuito este s\u00e1bado 7 de marzo desde las 9:00 de la ma\u00f1ana y el aforo ser\u00e1 controlado para 800 personas. El domingo, el escenario no prestar\u00e1 el servicio por la realizaci\u00f3n de la jornada electoral. El Instituto Municipal para el Deporte y la Recreaci\u00f3n, IMDRI, sigue promoviendoContinuar Leyendo\" \/>\n<meta property=\"og:url\" content=\"https:\/\/ciudadyregion.com.co\/index.php\/tome-nota-asi-funcionara-este-fin-de-semana-las-piscinas-de-olas-del-parque-deportivo\/ibague\/\" \/>\n<meta property=\"og:site_name\" content=\"Ciudad y Region\" \/>\n<meta property=\"article:published_time\" content=\"2026-03-06T13:44:45+00:00\" \/>\n<meta property=\"og:image\" content=\"https:\/\/ciudadyregion.com.co\/wp-content\/uploads\/2026\/03\/piscina-de-olas.jpg\" \/>\n\t<meta property=\"og:image:width\" content=\"800\" \/>\n\t<meta property=\"og:image:height\" content=\"445\" \/>\n\t<meta property=\"og:image:type\" content=\"image\/jpeg\" \/>\n<meta name=\"author\" content=\"David Andr\u00e9s Aguirre\" \/>\n<meta name=\"twitter:card\" content=\"summary_large_image\" \/>\n<meta name=\"twitter:label1\" content=\"Escrito por\" \/>\n\t<meta name=\"twitter:data1\" content=\"David Andr\u00e9s Aguirre\" \/>\n\t<meta name=\"twitter:label2\" content=\"Tiempo de lectura\" \/>\n\t<meta name=\"twitter:data2\" content=\"2 minutos\" \/>\n<script type=\"application\/ld+json\" class=\"yoast-schema-graph\">{\"@context\":\"https:\/\/schema.org\",\"@graph\":[{\"@type\":\"WebPage\",\"@id\":\"https:\/\/ciudadyregion.com.co\/index.php\/tome-nota-asi-funcionara-este-fin-de-semana-las-piscinas-de-olas-del-parque-deportivo\/ibague\/\",\"url\":\"https:\/\/ciudadyregion.com.co\/index.php\/tome-nota-asi-funcionara-este-fin-de-semana-las-piscinas-de-olas-del-parque-deportivo\/ibague\/\",\"name\":\"\u00a1Tome nota! As\u00ed funcionar\u00e1 este fin de semana las Piscinas de Olas del Parque Deportivo - Ciudad y Region\",\"isPartOf\":{\"@id\":\"https:\/\/ciudadyregion.com.co\/#website\"},\"primaryImageOfPage\":{\"@id\":\"https:\/\/ciudadyregion.com.co\/index.php\/tome-nota-asi-funcionara-este-fin-de-semana-las-piscinas-de-olas-del-parque-deportivo\/ibague\/#primaryimage\"},\"image\":{\"@id\":\"https:\/\/ciudadyregion.com.co\/index.php\/tome-nota-asi-funcionara-este-fin-de-semana-las-piscinas-de-olas-del-parque-deportivo\/ibague\/#primaryimage\"},\"thumbnailUrl\":\"https:\/\/i0.wp.com\/ciudadyregion.com.co\/wp-content\/uploads\/2026\/03\/piscina-de-olas.jpg?fit=800%2C445&ssl=1\",\"datePublished\":\"2026-03-06T13:44:45+00:00\",\"dateModified\":\"2026-03-06T13:44:45+00:00\",\"author\":{\"@id\":\"https:\/\/ciudadyregion.com.co\/#\/schema\/person\/04a4954373ebc4051f46e8c65ff78622\"},\"breadcrumb\":{\"@id\":\"https:\/\/ciudadyregion.com.co\/index.php\/tome-nota-asi-funcionara-este-fin-de-semana-las-piscinas-de-olas-del-parque-deportivo\/ibague\/#breadcrumb\"},\"inLanguage\":\"es\",\"potentialAction\":[{\"@type\":\"ReadAction\",\"target\":[\"https:\/\/ciudadyregion.com.co\/index.php\/tome-nota-asi-funcionara-este-fin-de-semana-las-piscinas-de-olas-del-parque-deportivo\/ibague\/\"]}]},{\"@type\":\"ImageObject\",\"inLanguage\":\"es\",\"@id\":\"https:\/\/ciudadyregion.com.co\/index.php\/tome-nota-asi-funcionara-este-fin-de-semana-las-piscinas-de-olas-del-parque-deportivo\/ibague\/#primaryimage\",\"url\":\"https:\/\/i0.wp.com\/ciudadyregion.com.co\/wp-content\/uploads\/2026\/03\/piscina-de-olas.jpg?fit=800%2C445&ssl=1\",\"contentUrl\":\"https:\/\/i0.wp.com\/ciudadyregion.com.co\/wp-content\/uploads\/2026\/03\/piscina-de-olas.jpg?fit=800%2C445&ssl=1\",\"width\":800,\"height\":445},{\"@type\":\"BreadcrumbList\",\"@id\":\"https:\/\/ciudadyregion.com.co\/index.php\/tome-nota-asi-funcionara-este-fin-de-semana-las-piscinas-de-olas-del-parque-deportivo\/ibague\/#breadcrumb\",\"itemListElement\":[{\"@type\":\"ListItem\",\"position\":1,\"name\":\"Portada\",\"item\":\"https:\/\/ciudadyregion.com.co\/\"},{\"@type\":\"ListItem\",\"position\":2,\"name\":\"\u00a1Tome nota! As\u00ed funcionar\u00e1 este fin de semana las Piscinas de Olas del Parque Deportivo\"}]},{\"@type\":\"WebSite\",\"@id\":\"https:\/\/ciudadyregion.com.co\/#website\",\"url\":\"https:\/\/ciudadyregion.com.co\/\",\"name\":\"Ciudad y Region\",\"description\":\"\",\"potentialAction\":[{\"@type\":\"SearchAction\",\"target\":{\"@type\":\"EntryPoint\",\"urlTemplate\":\"https:\/\/ciudadyregion.com.co\/?s={search_term_string}\"},\"query-input\":{\"@type\":\"PropertyValueSpecification\",\"valueRequired\":true,\"valueName\":\"search_term_string\"}}],\"inLanguage\":\"es\"},{\"@type\":\"Person\",\"@id\":\"https:\/\/ciudadyregion.com.co\/#\/schema\/person\/04a4954373ebc4051f46e8c65ff78622\",\"name\":\"David Andr\u00e9s Aguirre\",\"image\":{\"@type\":\"ImageObject\",\"inLanguage\":\"es\",\"@id\":\"https:\/\/ciudadyregion.com.co\/#\/schema\/person\/image\/\",\"url\":\"https:\/\/secure.gravatar.com\/avatar\/bc3c655860202182ee6d1b5edd042dbe?s=96&d=mm&r=g\",\"contentUrl\":\"https:\/\/secure.gravatar.com\/avatar\/bc3c655860202182ee6d1b5edd042dbe?s=96&d=mm&r=g\",\"caption\":\"David Andr\u00e9s Aguirre\"},\"url\":\"https:\/\/ciudadyregion.com.co\/index.php\/author\/diegoaguirre\/\"}]}<\/script>\n<!-- \/ Yoast SEO plugin. -->","yoast_head_json":{"title":"\u00a1Tome nota! As\u00ed funcionar\u00e1 este fin de semana las Piscinas de Olas del Parque Deportivo - Ciudad y Region","robots":{"index":"index","follow":"follow","max-snippet":"max-snippet:-1","max-image-preview":"max-image-preview:large","max-video-preview":"max-video-preview:-1"},"canonical":"https:\/\/ciudadyregion.com.co\/index.php\/tome-nota-asi-funcionara-este-fin-de-semana-las-piscinas-de-olas-del-parque-deportivo\/ibague\/","og_locale":"es_ES","og_type":"article","og_title":"\u00a1Tome nota! As\u00ed funcionar\u00e1 este fin de semana las Piscinas de Olas del Parque Deportivo - Ciudad y Region","og_description":"El ingreso ser\u00e1 gratuito este s\u00e1bado 7 de marzo desde las 9:00 de la ma\u00f1ana y el aforo ser\u00e1 controlado para 800 personas. El domingo, el escenario no prestar\u00e1 el servicio por la realizaci\u00f3n de la jornada electoral. El Instituto Municipal para el Deporte y la Recreaci\u00f3n, IMDRI, sigue promoviendoContinuar Leyendo","og_url":"https:\/\/ciudadyregion.com.co\/index.php\/tome-nota-asi-funcionara-este-fin-de-semana-las-piscinas-de-olas-del-parque-deportivo\/ibague\/","og_site_name":"Ciudad y Region","article_published_time":"2026-03-06T13:44:45+00:00","og_image":[{"width":800,"height":445,"url":"https:\/\/ciudadyregion.com.co\/wp-content\/uploads\/2026\/03\/piscina-de-olas.jpg","type":"image\/jpeg"}],"author":"David Andr\u00e9s Aguirre","twitter_card":"summary_large_image","twitter_misc":{"Escrito por":"David Andr\u00e9s Aguirre","Tiempo de lectura":"2 minutos"},"schema":{"@context":"https:\/\/schema.org","@graph":[{"@type":"WebPage","@id":"https:\/\/ciudadyregion.com.co\/index.php\/tome-nota-asi-funcionara-este-fin-de-semana-las-piscinas-de-olas-del-parque-deportivo\/ibague\/","url":"https:\/\/ciudadyregion.com.co\/index.php\/tome-nota-asi-funcionara-este-fin-de-semana-las-piscinas-de-olas-del-parque-deportivo\/ibague\/","name":"\u00a1Tome nota! As\u00ed funcionar\u00e1 este fin de semana las Piscinas de Olas del Parque Deportivo - Ciudad y Region","isPartOf":{"@id":"https:\/\/ciudadyregion.com.co\/#website"},"primaryImageOfPage":{"@id":"https:\/\/ciudadyregion.com.co\/index.php\/tome-nota-asi-funcionara-este-fin-de-semana-las-piscinas-de-olas-del-parque-deportivo\/ibague\/#primaryimage"},"image":{"@id":"https:\/\/ciudadyregion.com.co\/index.php\/tome-nota-asi-funcionara-este-fin-de-semana-las-piscinas-de-olas-del-parque-deportivo\/ibague\/#primaryimage"},"thumbnailUrl":"https:\/\/i0.wp.com\/ciudadyregion.com.co\/wp-content\/uploads\/2026\/03\/piscina-de-olas.jpg?fit=800%2C445&ssl=1","datePublished":"2026-03-06T13:44:45+00:00","dateModified":"2026-03-06T13:44:45+00:00","author":{"@id":"https:\/\/ciudadyregion.com.co\/#\/schema\/person\/04a4954373ebc4051f46e8c65ff78622"},"breadcrumb":{"@id":"https:\/\/ciudadyregion.com.co\/index.php\/tome-nota-asi-funcionara-este-fin-de-semana-las-piscinas-de-olas-del-parque-deportivo\/ibague\/#breadcrumb"},"inLanguage":"es","potentialAction":[{"@type":"ReadAction","target":["https:\/\/ciudadyregion.com.co\/index.php\/tome-nota-asi-funcionara-este-fin-de-semana-las-piscinas-de-olas-del-parque-deportivo\/ibague\/"]}]},{"@type":"ImageObject","inLanguage":"es","@id":"https:\/\/ciudadyregion.com.co\/index.php\/tome-nota-asi-funcionara-este-fin-de-semana-las-piscinas-de-olas-del-parque-deportivo\/ibague\/#primaryimage","url":"https:\/\/i0.wp.com\/ciudadyregion.com.co\/wp-content\/uploads\/2026\/03\/piscina-de-olas.jpg?fit=800%2C445&ssl=1","contentUrl":"https:\/\/i0.wp.com\/ciudadyregion.com.co\/wp-content\/uploads\/2026\/03\/piscina-de-olas.jpg?fit=800%2C445&ssl=1","width":800,"height":445},{"@type":"BreadcrumbList","@id":"https:\/\/ciudadyregion.com.co\/index.php\/tome-nota-asi-funcionara-este-fin-de-semana-las-piscinas-de-olas-del-parque-deportivo\/ibague\/#breadcrumb","itemListElement":[{"@type":"ListItem","position":1,"name":"Portada","item":"https:\/\/ciudadyregion.com.co\/"},{"@type":"ListItem","position":2,"name":"\u00a1Tome nota! As\u00ed funcionar\u00e1 este fin de semana las Piscinas de Olas del Parque Deportivo"}]},{"@type":"WebSite","@id":"https:\/\/ciudadyregion.com.co\/#website","url":"https:\/\/ciudadyregion.com.co\/","name":"Ciudad y Region","description":"","potentialAction":[{"@type":"SearchAction","target":{"@type":"EntryPoint","urlTemplate":"https:\/\/ciudadyregion.com.co\/?s={search_term_string}"},"query-input":{"@type":"PropertyValueSpecification","valueRequired":true,"valueName":"search_term_string"}}],"inLanguage":"es"},{"@type":"Person","@id":"https:\/\/ciudadyregion.com.co\/#\/schema\/person\/04a4954373ebc4051f46e8c65ff78622","name":"David Andr\u00e9s Aguirre","image":{"@type":"ImageObject","inLanguage":"es","@id":"https:\/\/ciudadyregion.com.co\/#\/schema\/person\/image\/","url":"https:\/\/secure.gravatar.com\/avatar\/bc3c655860202182ee6d1b5edd042dbe?s=96&d=mm&r=g","contentUrl":"https:\/\/secure.gravatar.com\/avatar\/bc3c655860202182ee6d1b5edd042dbe?s=96&d=mm&r=g","caption":"David Andr\u00e9s Aguirre"},"url":"https:\/\/ciudadyregion.com.co\/index.php\/author\/diegoaguirre\/"}]}},"jetpack_featured_media_url":"https:\/\/i0.wp.com\/ciudadyregion.com.co\/wp-content\/uploads\/2026\/03\/piscina-de-olas.jpg?fit=800%2C445&ssl=1","jetpack_sharing_enabled":true,"jetpack_shortlink":"https:\/\/wp.me\/pbS7hh-eLT","jetpack-related-posts":[],"_links":{"self":[{"href":"https:\/\/ciudadyregion.com.co\/index.php\/wp-json\/wp\/v2\/posts\/56785"}],"collection":[{"href":"https:\/\/ciudadyregion.com.co\/index.php\/wp-json\/wp\/v2\/posts"}],"about":[{"href":"https:\/\/ciudadyregion.com.co\/index.php\/wp-json\/wp\/v2\/types\/post"}],"author":[{"embeddable":true,"href":"https:\/\/ciudadyregion.com.co\/index.php\/wp-json\/wp\/v2\/users\/2"}],"replies":[{"embeddable":true,"href":"https:\/\/ciudadyregion.com.co\/index.php\/wp-json\/wp\/v2\/comments?post=56785"}],"version-history":[{"count":1,"href":"https:\/\/ciudadyregion.com.co\/index.php\/wp-json\/wp\/v2\/posts\/56785\/revisions"}],"predecessor-version":[{"id":56787,"href":"https:\/\/ciudadyregion.com.co\/index.php\/wp-json\/wp\/v2\/posts\/56785\/revisions\/56787"}],"wp:featuredmedia":[{"embeddable":true,"href":"https:\/\/ciudadyregion.com.co\/index.php\/wp-json\/wp\/v2\/media\/56786"}],"wp:attachment":[{"href":"https:\/\/ciudadyregion.com.co\/index.php\/wp-json\/wp\/v2\/media?parent=56785"}],"wp:term":[{"taxonomy":"category","embeddable":true,"href":"https:\/\/ciudadyregion.com.co\/index.php\/wp-json\/wp\/v2\/categories?post=56785"},{"taxonomy":"post_tag","embeddable":true,"href":"https:\/\/ciudadyregion.com.co\/index.php\/wp-json\/wp\/v2\/tags?post=56785"}],"curies":[{"name":"wp","href":"https:\/\/api.w.org\/{rel}","templated":true}]}}