{"id":56782,"date":"2026-03-06T08:42:03","date_gmt":"2026-03-06T13:42:03","guid":{"rendered":"https:\/\/ciudadyregion.com.co\/?p=56782"},"modified":"2026-03-06T08:42:03","modified_gmt":"2026-03-06T13:42:03","slug":"cinco-veredas-de-dolores-tendran-energia-electrica-gracias-a-una-inversion-superior-a-1-800-millones-de-la-gobernacion-del-tolima","status":"publish","type":"post","link":"https:\/\/ciudadyregion.com.co\/index.php\/cinco-veredas-de-dolores-tendran-energia-electrica-gracias-a-una-inversion-superior-a-1-800-millones-de-la-gobernacion-del-tolima\/regional\/","title":{"rendered":"Cinco veredas de Dolores tendr\u00e1n energ\u00eda el\u00e9ctrica gracias a una inversi\u00f3n superior a $1.800 millones de la Gobernaci\u00f3n del Tolima"},"content":{"rendered":"<p>El proyecto de electrificaci\u00f3n rural, con una inversi\u00f3n superior a $1.800 millones, beneficiar\u00e1 a las veredas Llanitos parte alta, Llanitos parte baja, Guayacanal, Yopo y Macal.<\/p>\n<p>La electrificaci\u00f3n rural contin\u00faa siendo una de las prioridades del gobierno departamental. As\u00ed lo reiter\u00f3 la mandataria Adriana Magali Matiz Vargas durante un encuentro con el gerente de Empresa Generadora de Energ\u00eda del Tolima \u2013 EGETSA, Rodrigo Hern\u00e1ndez, y el alcalde de Dolores, Jhon Armando Vergel, en el que se revisaron proyectos de electrificaci\u00f3n rural.<\/p>\n<p>Seg\u00fan explic\u00f3 el gerente de EGETSA, el departamento registra actualmente una cobertura del 95,5 % en electrificaci\u00f3n, lo que significa que cerca del 4,5 % del territorio a\u00fan carece de este servicio, principalmente en zonas rurales dispersas. \u201cEn estos dos a\u00f1os de gobierno hemos logrado aumentar casi cinco puntos en el \u00edndice de electrificaci\u00f3n del departamento, lo cual representa un avance importante teniendo en cuenta las dificultades para llegar a las zonas m\u00e1s apartadas\u201d, indic\u00f3 Hern\u00e1ndez.<\/p>\n<p>En el encuentro tambi\u00e9n se socializ\u00f3 el proyecto de electrificaci\u00f3n para Dolores, que beneficiar\u00e1 a cinco veredas con una inversi\u00f3n superior a $1.800 millones. Las comunidades beneficiadas ser\u00e1n Llanitos parte alta, Llanitos parte baja, Guayacanal, Yopo y Macal, territorios que durante a\u00f1os han solicitado este servicio.<\/p>\n<p>La gobernadora Matiz explic\u00f3 que esta iniciativa surgi\u00f3 tras un laboratorio ciudadano realizado en octubre del a\u00f1o pasado, espacio en el que se definieron compromisos entre la administraci\u00f3n departamental y la alcald\u00eda para avanzar en los estudios y dise\u00f1os del proyecto.<\/p>\n<p>\u201cDolores estaba dentro de los diez municipios con una situaci\u00f3n cr\u00edtica en electrificaci\u00f3n rural, por eso hoy estamos haciendo esta apuesta para mejorar las condiciones de vida de estas comunidades\u201d, afirm\u00f3.<\/p>\n<p>Por su parte, el alcalde del municipio agradeci\u00f3 el respaldo del gobierno departamental y destac\u00f3 la expectativa que existe en las veredas beneficiadas. \u201cLas comunidades han esperado durante mucho tiempo esta soluci\u00f3n. Hoy est\u00e1n agradecidas y esperanzadas con este proyecto que cambiar\u00e1 su calidad de vida\u201d, se\u00f1al\u00f3.<\/p>\n<p>La mandataria departamental explic\u00f3 que el proyecto a\u00fan est\u00e1 pendiente de la contrataci\u00f3n de la interventor\u00eda, requisito necesario para iniciar su ejecuci\u00f3n. Sin embargo, dej\u00f3 claro que la meta es comenzar las obras en el menor tiempo posible.<\/p>\n<p>\u201cYa hab\u00eda una vereda en la que se estaba ejecutando un proyecto por una acci\u00f3n de tutela, pero decidimos ampliar la cobertura para beneficiar a cuatro veredas m\u00e1s. En total ser\u00e1n cinco veredas del municipio de Dolores las que contar\u00e1n con energ\u00eda el\u00e9ctrica\u201d, concluy\u00f3 la gobernadora.<\/p>\n","protected":false},"excerpt":{"rendered":"<p>El proyecto de electrificaci\u00f3n rural, con una inversi\u00f3n superior a $1.800 millones, beneficiar\u00e1 a las veredas Llanitos parte alta, Llanitos parte baja, Guayacanal, Yopo y Macal. La electrificaci\u00f3n rural contin\u00faa siendo una de las prioridades del gobierno departamental. As\u00ed lo reiter\u00f3 la mandataria Adriana Magali Matiz Vargas durante un encuentro<span class=\"more-link\"><a href=\"https:\/\/ciudadyregion.com.co\/index.php\/cinco-veredas-de-dolores-tendran-energia-electrica-gracias-a-una-inversion-superior-a-1-800-millones-de-la-gobernacion-del-tolima\/regional\/\">Continuar Leyendo<\/a><\/span><\/p>\n","protected":false},"author":2,"featured_media":56783,"comment_status":"open","ping_status":"open","sticky":false,"template":"","format":"standard","meta":{"_uf_show_specific_survey":0,"_uf_disable_surveys":false,"_jetpack_memberships_contains_paid_content":false,"footnotes":"","jetpack_publicize_message":"","jetpack_publicize_feature_enabled":true,"jetpack_social_post_already_shared":true,"jetpack_social_options":{"image_generator_settings":{"template":"highway","enabled":false},"version":2}},"categories":[13],"tags":[],"class_list":["entry","author-diegoaguirre","post-56782","post","type-post","status-publish","format-standard","has-post-thumbnail","category-regional"],"jetpack_publicize_connections":[],"yoast_head":"<!-- This site is optimized with the Yoast SEO plugin v24.3 - https:\/\/yoast.com\/wordpress\/plugins\/seo\/ -->\n<title>Cinco veredas de Dolores tendr\u00e1n energ\u00eda el\u00e9ctrica gracias a una inversi\u00f3n superior a $1.800 millones de la Gobernaci\u00f3n del Tolima - Ciudad y Region<\/title>\n<meta name=\"robots\" content=\"index, follow, max-snippet:-1, max-image-preview:large, max-video-preview:-1\" \/>\n<link rel=\"canonical\" href=\"https:\/\/ciudadyregion.com.co\/index.php\/cinco-veredas-de-dolores-tendran-energia-electrica-gracias-a-una-inversion-superior-a-1-800-millones-de-la-gobernacion-del-tolima\/regional\/\" \/>\n<meta property=\"og:locale\" content=\"es_ES\" \/>\n<meta property=\"og:type\" content=\"article\" \/>\n<meta property=\"og:title\" content=\"Cinco veredas de Dolores tendr\u00e1n energ\u00eda el\u00e9ctrica gracias a una inversi\u00f3n superior a $1.800 millones de la Gobernaci\u00f3n del Tolima - Ciudad y Region\" \/>\n<meta property=\"og:description\" content=\"El proyecto de electrificaci\u00f3n rural, con una inversi\u00f3n superior a $1.800 millones, beneficiar\u00e1 a las veredas Llanitos parte alta, Llanitos parte baja, Guayacanal, Yopo y Macal. La electrificaci\u00f3n rural contin\u00faa siendo una de las prioridades del gobierno departamental. As\u00ed lo reiter\u00f3 la mandataria Adriana Magali Matiz Vargas durante un encuentroContinuar Leyendo\" \/>\n<meta property=\"og:url\" content=\"https:\/\/ciudadyregion.com.co\/index.php\/cinco-veredas-de-dolores-tendran-energia-electrica-gracias-a-una-inversion-superior-a-1-800-millones-de-la-gobernacion-del-tolima\/regional\/\" \/>\n<meta property=\"og:site_name\" content=\"Ciudad y Region\" \/>\n<meta property=\"article:published_time\" content=\"2026-03-06T13:42:03+00:00\" \/>\n<meta property=\"og:image\" content=\"https:\/\/ciudadyregion.com.co\/wp-content\/uploads\/2026\/03\/Pag-2026-03-06T083929.291.jpg\" \/>\n\t<meta property=\"og:image:width\" content=\"800\" \/>\n\t<meta property=\"og:image:height\" content=\"445\" \/>\n\t<meta property=\"og:image:type\" content=\"image\/jpeg\" \/>\n<meta name=\"author\" content=\"David Andr\u00e9s Aguirre\" \/>\n<meta name=\"twitter:card\" content=\"summary_large_image\" \/>\n<meta name=\"twitter:label1\" content=\"Escrito por\" \/>\n\t<meta name=\"twitter:data1\" content=\"David Andr\u00e9s Aguirre\" \/>\n\t<meta name=\"twitter:label2\" content=\"Tiempo de lectura\" \/>\n\t<meta name=\"twitter:data2\" content=\"3 minutos\" \/>\n<script type=\"application\/ld+json\" class=\"yoast-schema-graph\">{\"@context\":\"https:\/\/schema.org\",\"@graph\":[{\"@type\":\"WebPage\",\"@id\":\"https:\/\/ciudadyregion.com.co\/index.php\/cinco-veredas-de-dolores-tendran-energia-electrica-gracias-a-una-inversion-superior-a-1-800-millones-de-la-gobernacion-del-tolima\/regional\/\",\"url\":\"https:\/\/ciudadyregion.com.co\/index.php\/cinco-veredas-de-dolores-tendran-energia-electrica-gracias-a-una-inversion-superior-a-1-800-millones-de-la-gobernacion-del-tolima\/regional\/\",\"name\":\"Cinco veredas de Dolores tendr\u00e1n energ\u00eda el\u00e9ctrica gracias a una inversi\u00f3n superior a $1.800 millones de la Gobernaci\u00f3n del Tolima - Ciudad y Region\",\"isPartOf\":{\"@id\":\"https:\/\/ciudadyregion.com.co\/#website\"},\"primaryImageOfPage\":{\"@id\":\"https:\/\/ciudadyregion.com.co\/index.php\/cinco-veredas-de-dolores-tendran-energia-electrica-gracias-a-una-inversion-superior-a-1-800-millones-de-la-gobernacion-del-tolima\/regional\/#primaryimage\"},\"image\":{\"@id\":\"https:\/\/ciudadyregion.com.co\/index.php\/cinco-veredas-de-dolores-tendran-energia-electrica-gracias-a-una-inversion-superior-a-1-800-millones-de-la-gobernacion-del-tolima\/regional\/#primaryimage\"},\"thumbnailUrl\":\"https:\/\/i0.wp.com\/ciudadyregion.com.co\/wp-content\/uploads\/2026\/03\/Pag-2026-03-06T083929.291.jpg?fit=800%2C445&ssl=1\",\"datePublished\":\"2026-03-06T13:42:03+00:00\",\"dateModified\":\"2026-03-06T13:42:03+00:00\",\"author\":{\"@id\":\"https:\/\/ciudadyregion.com.co\/#\/schema\/person\/04a4954373ebc4051f46e8c65ff78622\"},\"breadcrumb\":{\"@id\":\"https:\/\/ciudadyregion.com.co\/index.php\/cinco-veredas-de-dolores-tendran-energia-electrica-gracias-a-una-inversion-superior-a-1-800-millones-de-la-gobernacion-del-tolima\/regional\/#breadcrumb\"},\"inLanguage\":\"es\",\"potentialAction\":[{\"@type\":\"ReadAction\",\"target\":[\"https:\/\/ciudadyregion.com.co\/index.php\/cinco-veredas-de-dolores-tendran-energia-electrica-gracias-a-una-inversion-superior-a-1-800-millones-de-la-gobernacion-del-tolima\/regional\/\"]}]},{\"@type\":\"ImageObject\",\"inLanguage\":\"es\",\"@id\":\"https:\/\/ciudadyregion.com.co\/index.php\/cinco-veredas-de-dolores-tendran-energia-electrica-gracias-a-una-inversion-superior-a-1-800-millones-de-la-gobernacion-del-tolima\/regional\/#primaryimage\",\"url\":\"https:\/\/i0.wp.com\/ciudadyregion.com.co\/wp-content\/uploads\/2026\/03\/Pag-2026-03-06T083929.291.jpg?fit=800%2C445&ssl=1\",\"contentUrl\":\"https:\/\/i0.wp.com\/ciudadyregion.com.co\/wp-content\/uploads\/2026\/03\/Pag-2026-03-06T083929.291.jpg?fit=800%2C445&ssl=1\",\"width\":800,\"height\":445},{\"@type\":\"BreadcrumbList\",\"@id\":\"https:\/\/ciudadyregion.com.co\/index.php\/cinco-veredas-de-dolores-tendran-energia-electrica-gracias-a-una-inversion-superior-a-1-800-millones-de-la-gobernacion-del-tolima\/regional\/#breadcrumb\",\"itemListElement\":[{\"@type\":\"ListItem\",\"position\":1,\"name\":\"Portada\",\"item\":\"https:\/\/ciudadyregion.com.co\/\"},{\"@type\":\"ListItem\",\"position\":2,\"name\":\"Cinco veredas de Dolores tendr\u00e1n energ\u00eda el\u00e9ctrica gracias a una inversi\u00f3n superior a $1.800 millones de la Gobernaci\u00f3n del Tolima\"}]},{\"@type\":\"WebSite\",\"@id\":\"https:\/\/ciudadyregion.com.co\/#website\",\"url\":\"https:\/\/ciudadyregion.com.co\/\",\"name\":\"Ciudad y Region\",\"description\":\"\",\"potentialAction\":[{\"@type\":\"SearchAction\",\"target\":{\"@type\":\"EntryPoint\",\"urlTemplate\":\"https:\/\/ciudadyregion.com.co\/?s={search_term_string}\"},\"query-input\":{\"@type\":\"PropertyValueSpecification\",\"valueRequired\":true,\"valueName\":\"search_term_string\"}}],\"inLanguage\":\"es\"},{\"@type\":\"Person\",\"@id\":\"https:\/\/ciudadyregion.com.co\/#\/schema\/person\/04a4954373ebc4051f46e8c65ff78622\",\"name\":\"David Andr\u00e9s Aguirre\",\"image\":{\"@type\":\"ImageObject\",\"inLanguage\":\"es\",\"@id\":\"https:\/\/ciudadyregion.com.co\/#\/schema\/person\/image\/\",\"url\":\"https:\/\/secure.gravatar.com\/avatar\/bc3c655860202182ee6d1b5edd042dbe?s=96&d=mm&r=g\",\"contentUrl\":\"https:\/\/secure.gravatar.com\/avatar\/bc3c655860202182ee6d1b5edd042dbe?s=96&d=mm&r=g\",\"caption\":\"David Andr\u00e9s Aguirre\"},\"url\":\"https:\/\/ciudadyregion.com.co\/index.php\/author\/diegoaguirre\/\"}]}<\/script>\n<!-- \/ Yoast SEO plugin. -->","yoast_head_json":{"title":"Cinco veredas de Dolores tendr\u00e1n energ\u00eda el\u00e9ctrica gracias a una inversi\u00f3n superior a $1.800 millones de la Gobernaci\u00f3n del Tolima - Ciudad y Region","robots":{"index":"index","follow":"follow","max-snippet":"max-snippet:-1","max-image-preview":"max-image-preview:large","max-video-preview":"max-video-preview:-1"},"canonical":"https:\/\/ciudadyregion.com.co\/index.php\/cinco-veredas-de-dolores-tendran-energia-electrica-gracias-a-una-inversion-superior-a-1-800-millones-de-la-gobernacion-del-tolima\/regional\/","og_locale":"es_ES","og_type":"article","og_title":"Cinco veredas de Dolores tendr\u00e1n energ\u00eda el\u00e9ctrica gracias a una inversi\u00f3n superior a $1.800 millones de la Gobernaci\u00f3n del Tolima - Ciudad y Region","og_description":"El proyecto de electrificaci\u00f3n rural, con una inversi\u00f3n superior a $1.800 millones, beneficiar\u00e1 a las veredas Llanitos parte alta, Llanitos parte baja, Guayacanal, Yopo y Macal. La electrificaci\u00f3n rural contin\u00faa siendo una de las prioridades del gobierno departamental. As\u00ed lo reiter\u00f3 la mandataria Adriana Magali Matiz Vargas durante un encuentroContinuar Leyendo","og_url":"https:\/\/ciudadyregion.com.co\/index.php\/cinco-veredas-de-dolores-tendran-energia-electrica-gracias-a-una-inversion-superior-a-1-800-millones-de-la-gobernacion-del-tolima\/regional\/","og_site_name":"Ciudad y Region","article_published_time":"2026-03-06T13:42:03+00:00","og_image":[{"width":800,"height":445,"url":"https:\/\/ciudadyregion.com.co\/wp-content\/uploads\/2026\/03\/Pag-2026-03-06T083929.291.jpg","type":"image\/jpeg"}],"author":"David Andr\u00e9s Aguirre","twitter_card":"summary_large_image","twitter_misc":{"Escrito por":"David Andr\u00e9s Aguirre","Tiempo de lectura":"3 minutos"},"schema":{"@context":"https:\/\/schema.org","@graph":[{"@type":"WebPage","@id":"https:\/\/ciudadyregion.com.co\/index.php\/cinco-veredas-de-dolores-tendran-energia-electrica-gracias-a-una-inversion-superior-a-1-800-millones-de-la-gobernacion-del-tolima\/regional\/","url":"https:\/\/ciudadyregion.com.co\/index.php\/cinco-veredas-de-dolores-tendran-energia-electrica-gracias-a-una-inversion-superior-a-1-800-millones-de-la-gobernacion-del-tolima\/regional\/","name":"Cinco veredas de Dolores tendr\u00e1n energ\u00eda el\u00e9ctrica gracias a una inversi\u00f3n superior a $1.800 millones de la Gobernaci\u00f3n del Tolima - Ciudad y Region","isPartOf":{"@id":"https:\/\/ciudadyregion.com.co\/#website"},"primaryImageOfPage":{"@id":"https:\/\/ciudadyregion.com.co\/index.php\/cinco-veredas-de-dolores-tendran-energia-electrica-gracias-a-una-inversion-superior-a-1-800-millones-de-la-gobernacion-del-tolima\/regional\/#primaryimage"},"image":{"@id":"https:\/\/ciudadyregion.com.co\/index.php\/cinco-veredas-de-dolores-tendran-energia-electrica-gracias-a-una-inversion-superior-a-1-800-millones-de-la-gobernacion-del-tolima\/regional\/#primaryimage"},"thumbnailUrl":"https:\/\/i0.wp.com\/ciudadyregion.com.co\/wp-content\/uploads\/2026\/03\/Pag-2026-03-06T083929.291.jpg?fit=800%2C445&ssl=1","datePublished":"2026-03-06T13:42:03+00:00","dateModified":"2026-03-06T13:42:03+00:00","author":{"@id":"https:\/\/ciudadyregion.com.co\/#\/schema\/person\/04a4954373ebc4051f46e8c65ff78622"},"breadcrumb":{"@id":"https:\/\/ciudadyregion.com.co\/index.php\/cinco-veredas-de-dolores-tendran-energia-electrica-gracias-a-una-inversion-superior-a-1-800-millones-de-la-gobernacion-del-tolima\/regional\/#breadcrumb"},"inLanguage":"es","potentialAction":[{"@type":"ReadAction","target":["https:\/\/ciudadyregion.com.co\/index.php\/cinco-veredas-de-dolores-tendran-energia-electrica-gracias-a-una-inversion-superior-a-1-800-millones-de-la-gobernacion-del-tolima\/regional\/"]}]},{"@type":"ImageObject","inLanguage":"es","@id":"https:\/\/ciudadyregion.com.co\/index.php\/cinco-veredas-de-dolores-tendran-energia-electrica-gracias-a-una-inversion-superior-a-1-800-millones-de-la-gobernacion-del-tolima\/regional\/#primaryimage","url":"https:\/\/i0.wp.com\/ciudadyregion.com.co\/wp-content\/uploads\/2026\/03\/Pag-2026-03-06T083929.291.jpg?fit=800%2C445&ssl=1","contentUrl":"https:\/\/i0.wp.com\/ciudadyregion.com.co\/wp-content\/uploads\/2026\/03\/Pag-2026-03-06T083929.291.jpg?fit=800%2C445&ssl=1","width":800,"height":445},{"@type":"BreadcrumbList","@id":"https:\/\/ciudadyregion.com.co\/index.php\/cinco-veredas-de-dolores-tendran-energia-electrica-gracias-a-una-inversion-superior-a-1-800-millones-de-la-gobernacion-del-tolima\/regional\/#breadcrumb","itemListElement":[{"@type":"ListItem","position":1,"name":"Portada","item":"https:\/\/ciudadyregion.com.co\/"},{"@type":"ListItem","position":2,"name":"Cinco veredas de Dolores tendr\u00e1n energ\u00eda el\u00e9ctrica gracias a una inversi\u00f3n superior a $1.800 millones de la Gobernaci\u00f3n del Tolima"}]},{"@type":"WebSite","@id":"https:\/\/ciudadyregion.com.co\/#website","url":"https:\/\/ciudadyregion.com.co\/","name":"Ciudad y Region","description":"","potentialAction":[{"@type":"SearchAction","target":{"@type":"EntryPoint","urlTemplate":"https:\/\/ciudadyregion.com.co\/?s={search_term_string}"},"query-input":{"@type":"PropertyValueSpecification","valueRequired":true,"valueName":"search_term_string"}}],"inLanguage":"es"},{"@type":"Person","@id":"https:\/\/ciudadyregion.com.co\/#\/schema\/person\/04a4954373ebc4051f46e8c65ff78622","name":"David Andr\u00e9s Aguirre","image":{"@type":"ImageObject","inLanguage":"es","@id":"https:\/\/ciudadyregion.com.co\/#\/schema\/person\/image\/","url":"https:\/\/secure.gravatar.com\/avatar\/bc3c655860202182ee6d1b5edd042dbe?s=96&d=mm&r=g","contentUrl":"https:\/\/secure.gravatar.com\/avatar\/bc3c655860202182ee6d1b5edd042dbe?s=96&d=mm&r=g","caption":"David Andr\u00e9s Aguirre"},"url":"https:\/\/ciudadyregion.com.co\/index.php\/author\/diegoaguirre\/"}]}},"jetpack_featured_media_url":"https:\/\/i0.wp.com\/ciudadyregion.com.co\/wp-content\/uploads\/2026\/03\/Pag-2026-03-06T083929.291.jpg?fit=800%2C445&ssl=1","jetpack_sharing_enabled":true,"jetpack_shortlink":"https:\/\/wp.me\/pbS7hh-eLQ","jetpack-related-posts":[],"_links":{"self":[{"href":"https:\/\/ciudadyregion.com.co\/index.php\/wp-json\/wp\/v2\/posts\/56782"}],"collection":[{"href":"https:\/\/ciudadyregion.com.co\/index.php\/wp-json\/wp\/v2\/posts"}],"about":[{"href":"https:\/\/ciudadyregion.com.co\/index.php\/wp-json\/wp\/v2\/types\/post"}],"author":[{"embeddable":true,"href":"https:\/\/ciudadyregion.com.co\/index.php\/wp-json\/wp\/v2\/users\/2"}],"replies":[{"embeddable":true,"href":"https:\/\/ciudadyregion.com.co\/index.php\/wp-json\/wp\/v2\/comments?post=56782"}],"version-history":[{"count":1,"href":"https:\/\/ciudadyregion.com.co\/index.php\/wp-json\/wp\/v2\/posts\/56782\/revisions"}],"predecessor-version":[{"id":56784,"href":"https:\/\/ciudadyregion.com.co\/index.php\/wp-json\/wp\/v2\/posts\/56782\/revisions\/56784"}],"wp:featuredmedia":[{"embeddable":true,"href":"https:\/\/ciudadyregion.com.co\/index.php\/wp-json\/wp\/v2\/media\/56783"}],"wp:attachment":[{"href":"https:\/\/ciudadyregion.com.co\/index.php\/wp-json\/wp\/v2\/media?parent=56782"}],"wp:term":[{"taxonomy":"category","embeddable":true,"href":"https:\/\/ciudadyregion.com.co\/index.php\/wp-json\/wp\/v2\/categories?post=56782"},{"taxonomy":"post_tag","embeddable":true,"href":"https:\/\/ciudadyregion.com.co\/index.php\/wp-json\/wp\/v2\/tags?post=56782"}],"curies":[{"name":"wp","href":"https:\/\/api.w.org\/{rel}","templated":true}]}}