{"id":56766,"date":"2026-03-06T08:23:39","date_gmt":"2026-03-06T13:23:39","guid":{"rendered":"https:\/\/ciudadyregion.com.co\/?p=56766"},"modified":"2026-03-06T08:23:39","modified_gmt":"2026-03-06T13:23:39","slug":"dos-hombres-involucrados-en-delitos-sexuales-con-menores-de-edad-fueron-condenados-en-cali-a-penas-de-17-y-19-anos-de-prision","status":"publish","type":"post","link":"https:\/\/ciudadyregion.com.co\/index.php\/dos-hombres-involucrados-en-delitos-sexuales-con-menores-de-edad-fueron-condenados-en-cali-a-penas-de-17-y-19-anos-de-prision\/judicial\/","title":{"rendered":"Dos hombres involucrados en delitos sexuales con menores de edad fueron condenados en Cali a penas de 17 y 19 a\u00f1os de prisi\u00f3n"},"content":{"rendered":"<h4><strong><em>En ambos casos, las v\u00edctimas eran menores de 5 y 10 a\u00f1os. Un padrastro y un t\u00edo pol\u00edtico son los sentenciados.<\/em><\/strong><\/h4>\n<p>Las pruebas aportadas por la Fiscal\u00eda General de la Naci\u00f3n permitieron que jueces de conocimiento de Cali (Valle del Cauca) condenaran a dos hombres por su responsabilidad en las<strong>\u00a0agresiones sexuales de menores de edad de 5 y 10 a\u00f1os<\/strong>. Las penas que les fueron impuestas a los procesados alcanzan los 17 y 19 a\u00f1os de prisi\u00f3n.<\/p>\n<p>Se trata de casos independientes en los cuales los hoy sentenciados fueron encontrados responsables, seg\u00fan su participaci\u00f3n individual, de\u00a0<strong>delitos como acceso carnal abusivo con menor de 14 a\u00f1os<\/strong>\u00a0y actos sexuales con menor de 14 a\u00f1os agravado.<\/p>\n<ul>\n<li>Un hombre fue condenado a 17 a\u00f1os de prisi\u00f3n por realizar\u00a0<strong>actos de \u00edndole sexual a su hijastra, de 10 a\u00f1os.<\/strong>\u00a0Los hechos ocurrieron entre abril y diciembre de 2022 en esta ciudad. El agresor, se aprovech\u00f3 de su condici\u00f3n y cercan\u00eda con la v\u00edctima para cometer el il\u00edcito.<\/li>\n<li>Por otros hechos, un hombre fue sentenciado a 19 a\u00f1os de prisi\u00f3n\u00a0<strong>por haber abusado sexualmente de la sobrina de su esposa<\/strong>, una menor de 5 a\u00f1os; situaci\u00f3n que ocurri\u00f3 durante varios meses, en 2008. El il\u00edcito ocurri\u00f3 en la casa de la menor y de la abuela, cuando la v\u00edctima quedaba sola.<\/li>\n<\/ul>\n<p>En ambos casos, los juzgadores decidieron que los implicados deben purgar las condenas en centros penitenciarios, sin ning\u00fan tipo de beneficio.<\/p>\n<p>Las decisiones fueron apeladas por los defensores.<\/p>\n","protected":false},"excerpt":{"rendered":"<p>En ambos casos, las v\u00edctimas eran menores de 5 y 10 a\u00f1os. Un padrastro y un t\u00edo pol\u00edtico son los sentenciados. Las pruebas aportadas por la Fiscal\u00eda General de la Naci\u00f3n permitieron que jueces de conocimiento de Cali (Valle del Cauca) condenaran a dos hombres por su responsabilidad en las\u00a0agresiones<span class=\"more-link\"><a href=\"https:\/\/ciudadyregion.com.co\/index.php\/dos-hombres-involucrados-en-delitos-sexuales-con-menores-de-edad-fueron-condenados-en-cali-a-penas-de-17-y-19-anos-de-prision\/judicial\/\">Continuar Leyendo<\/a><\/span><\/p>\n","protected":false},"author":2,"featured_media":56770,"comment_status":"open","ping_status":"open","sticky":false,"template":"","format":"standard","meta":{"_uf_show_specific_survey":0,"_uf_disable_surveys":false,"_jetpack_memberships_contains_paid_content":false,"footnotes":"","jetpack_publicize_message":"","jetpack_publicize_feature_enabled":true,"jetpack_social_post_already_shared":true,"jetpack_social_options":{"image_generator_settings":{"template":"highway","enabled":false},"version":2}},"categories":[18],"tags":[],"class_list":["entry","author-diegoaguirre","post-56766","post","type-post","status-publish","format-standard","has-post-thumbnail","category-judicial"],"jetpack_publicize_connections":[],"yoast_head":"<!-- This site is optimized with the Yoast SEO plugin v24.3 - https:\/\/yoast.com\/wordpress\/plugins\/seo\/ -->\n<title>Dos hombres involucrados en delitos sexuales con menores de edad fueron condenados en Cali a penas de 17 y 19 a\u00f1os de prisi\u00f3n - Ciudad y Region<\/title>\n<meta name=\"robots\" content=\"index, follow, max-snippet:-1, max-image-preview:large, max-video-preview:-1\" \/>\n<link rel=\"canonical\" href=\"https:\/\/ciudadyregion.com.co\/index.php\/dos-hombres-involucrados-en-delitos-sexuales-con-menores-de-edad-fueron-condenados-en-cali-a-penas-de-17-y-19-anos-de-prision\/judicial\/\" \/>\n<meta property=\"og:locale\" content=\"es_ES\" \/>\n<meta property=\"og:type\" content=\"article\" \/>\n<meta property=\"og:title\" content=\"Dos hombres involucrados en delitos sexuales con menores de edad fueron condenados en Cali a penas de 17 y 19 a\u00f1os de prisi\u00f3n - Ciudad y Region\" \/>\n<meta property=\"og:description\" content=\"En ambos casos, las v\u00edctimas eran menores de 5 y 10 a\u00f1os. Un padrastro y un t\u00edo pol\u00edtico son los sentenciados. Las pruebas aportadas por la Fiscal\u00eda General de la Naci\u00f3n permitieron que jueces de conocimiento de Cali (Valle del Cauca) condenaran a dos hombres por su responsabilidad en las\u00a0agresionesContinuar Leyendo\" \/>\n<meta property=\"og:url\" content=\"https:\/\/ciudadyregion.com.co\/index.php\/dos-hombres-involucrados-en-delitos-sexuales-con-menores-de-edad-fueron-condenados-en-cali-a-penas-de-17-y-19-anos-de-prision\/judicial\/\" \/>\n<meta property=\"og:site_name\" content=\"Ciudad y Region\" \/>\n<meta property=\"article:published_time\" content=\"2026-03-06T13:23:39+00:00\" \/>\n<meta property=\"og:image\" content=\"https:\/\/ciudadyregion.com.co\/wp-content\/uploads\/2026\/03\/Pag-2026-03-06T081215.102.jpg\" \/>\n\t<meta property=\"og:image:width\" content=\"800\" \/>\n\t<meta property=\"og:image:height\" content=\"445\" \/>\n\t<meta property=\"og:image:type\" content=\"image\/jpeg\" \/>\n<meta name=\"author\" content=\"David Andr\u00e9s Aguirre\" \/>\n<meta name=\"twitter:card\" content=\"summary_large_image\" \/>\n<meta name=\"twitter:label1\" content=\"Escrito por\" \/>\n\t<meta name=\"twitter:data1\" content=\"David Andr\u00e9s Aguirre\" \/>\n\t<meta name=\"twitter:label2\" content=\"Tiempo de lectura\" \/>\n\t<meta name=\"twitter:data2\" content=\"2 minutos\" \/>\n<script type=\"application\/ld+json\" class=\"yoast-schema-graph\">{\"@context\":\"https:\/\/schema.org\",\"@graph\":[{\"@type\":\"WebPage\",\"@id\":\"https:\/\/ciudadyregion.com.co\/index.php\/dos-hombres-involucrados-en-delitos-sexuales-con-menores-de-edad-fueron-condenados-en-cali-a-penas-de-17-y-19-anos-de-prision\/judicial\/\",\"url\":\"https:\/\/ciudadyregion.com.co\/index.php\/dos-hombres-involucrados-en-delitos-sexuales-con-menores-de-edad-fueron-condenados-en-cali-a-penas-de-17-y-19-anos-de-prision\/judicial\/\",\"name\":\"Dos hombres involucrados en delitos sexuales con menores de edad fueron condenados en Cali a penas de 17 y 19 a\u00f1os de prisi\u00f3n - Ciudad y Region\",\"isPartOf\":{\"@id\":\"https:\/\/ciudadyregion.com.co\/#website\"},\"primaryImageOfPage\":{\"@id\":\"https:\/\/ciudadyregion.com.co\/index.php\/dos-hombres-involucrados-en-delitos-sexuales-con-menores-de-edad-fueron-condenados-en-cali-a-penas-de-17-y-19-anos-de-prision\/judicial\/#primaryimage\"},\"image\":{\"@id\":\"https:\/\/ciudadyregion.com.co\/index.php\/dos-hombres-involucrados-en-delitos-sexuales-con-menores-de-edad-fueron-condenados-en-cali-a-penas-de-17-y-19-anos-de-prision\/judicial\/#primaryimage\"},\"thumbnailUrl\":\"https:\/\/i0.wp.com\/ciudadyregion.com.co\/wp-content\/uploads\/2026\/03\/Pag-2026-03-06T081215.102.jpg?fit=800%2C445&ssl=1\",\"datePublished\":\"2026-03-06T13:23:39+00:00\",\"dateModified\":\"2026-03-06T13:23:39+00:00\",\"author\":{\"@id\":\"https:\/\/ciudadyregion.com.co\/#\/schema\/person\/04a4954373ebc4051f46e8c65ff78622\"},\"breadcrumb\":{\"@id\":\"https:\/\/ciudadyregion.com.co\/index.php\/dos-hombres-involucrados-en-delitos-sexuales-con-menores-de-edad-fueron-condenados-en-cali-a-penas-de-17-y-19-anos-de-prision\/judicial\/#breadcrumb\"},\"inLanguage\":\"es\",\"potentialAction\":[{\"@type\":\"ReadAction\",\"target\":[\"https:\/\/ciudadyregion.com.co\/index.php\/dos-hombres-involucrados-en-delitos-sexuales-con-menores-de-edad-fueron-condenados-en-cali-a-penas-de-17-y-19-anos-de-prision\/judicial\/\"]}]},{\"@type\":\"ImageObject\",\"inLanguage\":\"es\",\"@id\":\"https:\/\/ciudadyregion.com.co\/index.php\/dos-hombres-involucrados-en-delitos-sexuales-con-menores-de-edad-fueron-condenados-en-cali-a-penas-de-17-y-19-anos-de-prision\/judicial\/#primaryimage\",\"url\":\"https:\/\/i0.wp.com\/ciudadyregion.com.co\/wp-content\/uploads\/2026\/03\/Pag-2026-03-06T081215.102.jpg?fit=800%2C445&ssl=1\",\"contentUrl\":\"https:\/\/i0.wp.com\/ciudadyregion.com.co\/wp-content\/uploads\/2026\/03\/Pag-2026-03-06T081215.102.jpg?fit=800%2C445&ssl=1\",\"width\":800,\"height\":445},{\"@type\":\"BreadcrumbList\",\"@id\":\"https:\/\/ciudadyregion.com.co\/index.php\/dos-hombres-involucrados-en-delitos-sexuales-con-menores-de-edad-fueron-condenados-en-cali-a-penas-de-17-y-19-anos-de-prision\/judicial\/#breadcrumb\",\"itemListElement\":[{\"@type\":\"ListItem\",\"position\":1,\"name\":\"Portada\",\"item\":\"https:\/\/ciudadyregion.com.co\/\"},{\"@type\":\"ListItem\",\"position\":2,\"name\":\"Dos hombres involucrados en delitos sexuales con menores de edad fueron condenados en Cali a penas de 17 y 19 a\u00f1os de prisi\u00f3n\"}]},{\"@type\":\"WebSite\",\"@id\":\"https:\/\/ciudadyregion.com.co\/#website\",\"url\":\"https:\/\/ciudadyregion.com.co\/\",\"name\":\"Ciudad y Region\",\"description\":\"\",\"potentialAction\":[{\"@type\":\"SearchAction\",\"target\":{\"@type\":\"EntryPoint\",\"urlTemplate\":\"https:\/\/ciudadyregion.com.co\/?s={search_term_string}\"},\"query-input\":{\"@type\":\"PropertyValueSpecification\",\"valueRequired\":true,\"valueName\":\"search_term_string\"}}],\"inLanguage\":\"es\"},{\"@type\":\"Person\",\"@id\":\"https:\/\/ciudadyregion.com.co\/#\/schema\/person\/04a4954373ebc4051f46e8c65ff78622\",\"name\":\"David Andr\u00e9s Aguirre\",\"image\":{\"@type\":\"ImageObject\",\"inLanguage\":\"es\",\"@id\":\"https:\/\/ciudadyregion.com.co\/#\/schema\/person\/image\/\",\"url\":\"https:\/\/secure.gravatar.com\/avatar\/bc3c655860202182ee6d1b5edd042dbe?s=96&d=mm&r=g\",\"contentUrl\":\"https:\/\/secure.gravatar.com\/avatar\/bc3c655860202182ee6d1b5edd042dbe?s=96&d=mm&r=g\",\"caption\":\"David Andr\u00e9s Aguirre\"},\"url\":\"https:\/\/ciudadyregion.com.co\/index.php\/author\/diegoaguirre\/\"}]}<\/script>\n<!-- \/ Yoast SEO plugin. -->","yoast_head_json":{"title":"Dos hombres involucrados en delitos sexuales con menores de edad fueron condenados en Cali a penas de 17 y 19 a\u00f1os de prisi\u00f3n - Ciudad y Region","robots":{"index":"index","follow":"follow","max-snippet":"max-snippet:-1","max-image-preview":"max-image-preview:large","max-video-preview":"max-video-preview:-1"},"canonical":"https:\/\/ciudadyregion.com.co\/index.php\/dos-hombres-involucrados-en-delitos-sexuales-con-menores-de-edad-fueron-condenados-en-cali-a-penas-de-17-y-19-anos-de-prision\/judicial\/","og_locale":"es_ES","og_type":"article","og_title":"Dos hombres involucrados en delitos sexuales con menores de edad fueron condenados en Cali a penas de 17 y 19 a\u00f1os de prisi\u00f3n - Ciudad y Region","og_description":"En ambos casos, las v\u00edctimas eran menores de 5 y 10 a\u00f1os. Un padrastro y un t\u00edo pol\u00edtico son los sentenciados. Las pruebas aportadas por la Fiscal\u00eda General de la Naci\u00f3n permitieron que jueces de conocimiento de Cali (Valle del Cauca) condenaran a dos hombres por su responsabilidad en las\u00a0agresionesContinuar Leyendo","og_url":"https:\/\/ciudadyregion.com.co\/index.php\/dos-hombres-involucrados-en-delitos-sexuales-con-menores-de-edad-fueron-condenados-en-cali-a-penas-de-17-y-19-anos-de-prision\/judicial\/","og_site_name":"Ciudad y Region","article_published_time":"2026-03-06T13:23:39+00:00","og_image":[{"width":800,"height":445,"url":"https:\/\/ciudadyregion.com.co\/wp-content\/uploads\/2026\/03\/Pag-2026-03-06T081215.102.jpg","type":"image\/jpeg"}],"author":"David Andr\u00e9s Aguirre","twitter_card":"summary_large_image","twitter_misc":{"Escrito por":"David Andr\u00e9s Aguirre","Tiempo de lectura":"2 minutos"},"schema":{"@context":"https:\/\/schema.org","@graph":[{"@type":"WebPage","@id":"https:\/\/ciudadyregion.com.co\/index.php\/dos-hombres-involucrados-en-delitos-sexuales-con-menores-de-edad-fueron-condenados-en-cali-a-penas-de-17-y-19-anos-de-prision\/judicial\/","url":"https:\/\/ciudadyregion.com.co\/index.php\/dos-hombres-involucrados-en-delitos-sexuales-con-menores-de-edad-fueron-condenados-en-cali-a-penas-de-17-y-19-anos-de-prision\/judicial\/","name":"Dos hombres involucrados en delitos sexuales con menores de edad fueron condenados en Cali a penas de 17 y 19 a\u00f1os de prisi\u00f3n - Ciudad y Region","isPartOf":{"@id":"https:\/\/ciudadyregion.com.co\/#website"},"primaryImageOfPage":{"@id":"https:\/\/ciudadyregion.com.co\/index.php\/dos-hombres-involucrados-en-delitos-sexuales-con-menores-de-edad-fueron-condenados-en-cali-a-penas-de-17-y-19-anos-de-prision\/judicial\/#primaryimage"},"image":{"@id":"https:\/\/ciudadyregion.com.co\/index.php\/dos-hombres-involucrados-en-delitos-sexuales-con-menores-de-edad-fueron-condenados-en-cali-a-penas-de-17-y-19-anos-de-prision\/judicial\/#primaryimage"},"thumbnailUrl":"https:\/\/i0.wp.com\/ciudadyregion.com.co\/wp-content\/uploads\/2026\/03\/Pag-2026-03-06T081215.102.jpg?fit=800%2C445&ssl=1","datePublished":"2026-03-06T13:23:39+00:00","dateModified":"2026-03-06T13:23:39+00:00","author":{"@id":"https:\/\/ciudadyregion.com.co\/#\/schema\/person\/04a4954373ebc4051f46e8c65ff78622"},"breadcrumb":{"@id":"https:\/\/ciudadyregion.com.co\/index.php\/dos-hombres-involucrados-en-delitos-sexuales-con-menores-de-edad-fueron-condenados-en-cali-a-penas-de-17-y-19-anos-de-prision\/judicial\/#breadcrumb"},"inLanguage":"es","potentialAction":[{"@type":"ReadAction","target":["https:\/\/ciudadyregion.com.co\/index.php\/dos-hombres-involucrados-en-delitos-sexuales-con-menores-de-edad-fueron-condenados-en-cali-a-penas-de-17-y-19-anos-de-prision\/judicial\/"]}]},{"@type":"ImageObject","inLanguage":"es","@id":"https:\/\/ciudadyregion.com.co\/index.php\/dos-hombres-involucrados-en-delitos-sexuales-con-menores-de-edad-fueron-condenados-en-cali-a-penas-de-17-y-19-anos-de-prision\/judicial\/#primaryimage","url":"https:\/\/i0.wp.com\/ciudadyregion.com.co\/wp-content\/uploads\/2026\/03\/Pag-2026-03-06T081215.102.jpg?fit=800%2C445&ssl=1","contentUrl":"https:\/\/i0.wp.com\/ciudadyregion.com.co\/wp-content\/uploads\/2026\/03\/Pag-2026-03-06T081215.102.jpg?fit=800%2C445&ssl=1","width":800,"height":445},{"@type":"BreadcrumbList","@id":"https:\/\/ciudadyregion.com.co\/index.php\/dos-hombres-involucrados-en-delitos-sexuales-con-menores-de-edad-fueron-condenados-en-cali-a-penas-de-17-y-19-anos-de-prision\/judicial\/#breadcrumb","itemListElement":[{"@type":"ListItem","position":1,"name":"Portada","item":"https:\/\/ciudadyregion.com.co\/"},{"@type":"ListItem","position":2,"name":"Dos hombres involucrados en delitos sexuales con menores de edad fueron condenados en Cali a penas de 17 y 19 a\u00f1os de prisi\u00f3n"}]},{"@type":"WebSite","@id":"https:\/\/ciudadyregion.com.co\/#website","url":"https:\/\/ciudadyregion.com.co\/","name":"Ciudad y Region","description":"","potentialAction":[{"@type":"SearchAction","target":{"@type":"EntryPoint","urlTemplate":"https:\/\/ciudadyregion.com.co\/?s={search_term_string}"},"query-input":{"@type":"PropertyValueSpecification","valueRequired":true,"valueName":"search_term_string"}}],"inLanguage":"es"},{"@type":"Person","@id":"https:\/\/ciudadyregion.com.co\/#\/schema\/person\/04a4954373ebc4051f46e8c65ff78622","name":"David Andr\u00e9s Aguirre","image":{"@type":"ImageObject","inLanguage":"es","@id":"https:\/\/ciudadyregion.com.co\/#\/schema\/person\/image\/","url":"https:\/\/secure.gravatar.com\/avatar\/bc3c655860202182ee6d1b5edd042dbe?s=96&d=mm&r=g","contentUrl":"https:\/\/secure.gravatar.com\/avatar\/bc3c655860202182ee6d1b5edd042dbe?s=96&d=mm&r=g","caption":"David Andr\u00e9s Aguirre"},"url":"https:\/\/ciudadyregion.com.co\/index.php\/author\/diegoaguirre\/"}]}},"jetpack_featured_media_url":"https:\/\/i0.wp.com\/ciudadyregion.com.co\/wp-content\/uploads\/2026\/03\/Pag-2026-03-06T081215.102.jpg?fit=800%2C445&ssl=1","jetpack_sharing_enabled":true,"jetpack_shortlink":"https:\/\/wp.me\/pbS7hh-eLA","jetpack-related-posts":[],"_links":{"self":[{"href":"https:\/\/ciudadyregion.com.co\/index.php\/wp-json\/wp\/v2\/posts\/56766"}],"collection":[{"href":"https:\/\/ciudadyregion.com.co\/index.php\/wp-json\/wp\/v2\/posts"}],"about":[{"href":"https:\/\/ciudadyregion.com.co\/index.php\/wp-json\/wp\/v2\/types\/post"}],"author":[{"embeddable":true,"href":"https:\/\/ciudadyregion.com.co\/index.php\/wp-json\/wp\/v2\/users\/2"}],"replies":[{"embeddable":true,"href":"https:\/\/ciudadyregion.com.co\/index.php\/wp-json\/wp\/v2\/comments?post=56766"}],"version-history":[{"count":1,"href":"https:\/\/ciudadyregion.com.co\/index.php\/wp-json\/wp\/v2\/posts\/56766\/revisions"}],"predecessor-version":[{"id":56771,"href":"https:\/\/ciudadyregion.com.co\/index.php\/wp-json\/wp\/v2\/posts\/56766\/revisions\/56771"}],"wp:featuredmedia":[{"embeddable":true,"href":"https:\/\/ciudadyregion.com.co\/index.php\/wp-json\/wp\/v2\/media\/56770"}],"wp:attachment":[{"href":"https:\/\/ciudadyregion.com.co\/index.php\/wp-json\/wp\/v2\/media?parent=56766"}],"wp:term":[{"taxonomy":"category","embeddable":true,"href":"https:\/\/ciudadyregion.com.co\/index.php\/wp-json\/wp\/v2\/categories?post=56766"},{"taxonomy":"post_tag","embeddable":true,"href":"https:\/\/ciudadyregion.com.co\/index.php\/wp-json\/wp\/v2\/tags?post=56766"}],"curies":[{"name":"wp","href":"https:\/\/api.w.org\/{rel}","templated":true}]}}