{"id":56765,"date":"2026-03-06T08:01:52","date_gmt":"2026-03-06T13:01:52","guid":{"rendered":"https:\/\/ciudadyregion.com.co\/?p=56765"},"modified":"2026-03-06T08:01:52","modified_gmt":"2026-03-06T13:01:52","slug":"judicializan-a-soldados-senalados-de-causarle-la-muerte-a-un-perro-recien-nacido-y-grabar-las-agresiones-en-valle-del-cauca","status":"publish","type":"post","link":"https:\/\/ciudadyregion.com.co\/index.php\/judicializan-a-soldados-senalados-de-causarle-la-muerte-a-un-perro-recien-nacido-y-grabar-las-agresiones-en-valle-del-cauca\/judicial\/","title":{"rendered":"Judicializan a soldados se\u00f1alados de causarle la muerte a un perro reci\u00e9n nacido y grabar las agresiones en Valle del Cauca"},"content":{"rendered":"<blockquote>\n<h4><strong><i>Uno de los militares\u00a0grab\u00f3\u00a0las agresiones en un video, que posteriormente comparti\u00f3 por un chat de mensajer\u00eda instant\u00e1nea.<\/i>\u00a0<\/strong><\/h4>\n<\/blockquote>\n<p><span data-contrast=\"auto\">La\u00a0Fiscal\u00eda General\u00a0de la Naci\u00f3n, a trav\u00e9s del Grupo Especial para la Lucha contra el Maltrato Animal (GELMA),\u00a0logr\u00f3 la judicializaci\u00f3n de los soldados\u00a0Abel Jos\u00e9 Meza G\u00f3mez,\u00a0Jorge Luis Benavides Alvear\u00a0y\u00a0John Sebasti\u00e1n Fajardo Padilla, como presuntos responsables de causarle la muerte a un perro\u00a0el\u00a0pasado\u00a05 de febrero,\u00a0en un Puesto\u00a0Avanzado de Infanter\u00eda de Marina (PAIM)\u00a0ubicado en inmediaciones del aeropuerto de\u00a0Buenaventura (Valle del Cauca).<\/span><span data-ccp-props=\"{&quot;335551550&quot;:6,&quot;335551620&quot;:6,&quot;335559685&quot;:-425,&quot;335559739&quot;:240}\">\u00a0<\/span><\/p>\n<p><span data-contrast=\"auto\">Las evidencias\u00a0indican que los militares habr\u00edan recogido al canino reci\u00e9n nacido en medio de la vegetaci\u00f3n.\u00a0Meza G\u00f3mez\u00a0lo\u00a0habr\u00eda sujetado\u00a0a la fuerza\u00a0y\u00a0agredido; mientras que\u00a0Fajardo Padilla presuntamente lo\u00a0atac\u00f3 con un machete.<\/span><span data-ccp-props=\"{&quot;335551550&quot;:6,&quot;335551620&quot;:6,&quot;335559685&quot;:-425,&quot;335559739&quot;:240}\">\u00a0<\/span><\/p>\n<p><span data-contrast=\"auto\">Entre tanto,\u00a0Benavides Alvear\u00a0es se\u00f1alado de grabar en video lo sucedido y posteriormente compartir el registro a sus contactos por chats de mensajer\u00eda instant\u00e1nea.<\/span><span data-ccp-props=\"{&quot;335551550&quot;:6,&quot;335551620&quot;:6,&quot;335559685&quot;:-425,&quot;335559739&quot;:240}\">\u00a0<\/span><\/p>\n<p><span data-contrast=\"auto\">Los\u00a0tres soldados\u00a0fueron capturados en una acci\u00f3n conjunta realizada con unidades de la Polic\u00eda Nacional. La Fiscal\u00eda los present\u00f3 ante un juez penal de control de garant\u00edas y les imput\u00f3\u00a0el delito de muerte animal agravada.\u00a0<\/span><span data-ccp-props=\"{&quot;335551550&quot;:6,&quot;335551620&quot;:6,&quot;335559685&quot;:-425,&quot;335559739&quot;:240}\">\u00a0<\/span><\/p>\n<p><span data-contrast=\"auto\">Fajardo Padilla\u00a0acept\u00f3\u00a0los cargos\u00a0y seguir\u00e1 vinculado a la investigaci\u00f3n. Los otros dos procesados recibieron medida de aseguramiento privativa de la libertad en centro carcelario.<\/span><span data-ccp-props=\"{&quot;335551550&quot;:6,&quot;335551620&quot;:6,&quot;335559685&quot;:-425,&quot;335559739&quot;:240}\">\u00a0<\/span><\/p>\n","protected":false},"excerpt":{"rendered":"<p>Uno de los militares\u00a0grab\u00f3\u00a0las agresiones en un video, que posteriormente comparti\u00f3 por un chat de mensajer\u00eda instant\u00e1nea.\u00a0 La\u00a0Fiscal\u00eda General\u00a0de la Naci\u00f3n, a trav\u00e9s del Grupo Especial para la Lucha contra el Maltrato Animal (GELMA),\u00a0logr\u00f3 la judicializaci\u00f3n de los soldados\u00a0Abel Jos\u00e9 Meza G\u00f3mez,\u00a0Jorge Luis Benavides Alvear\u00a0y\u00a0John Sebasti\u00e1n Fajardo Padilla, como presuntos<span class=\"more-link\"><a href=\"https:\/\/ciudadyregion.com.co\/index.php\/judicializan-a-soldados-senalados-de-causarle-la-muerte-a-un-perro-recien-nacido-y-grabar-las-agresiones-en-valle-del-cauca\/judicial\/\">Continuar Leyendo<\/a><\/span><\/p>\n","protected":false},"author":2,"featured_media":56767,"comment_status":"open","ping_status":"open","sticky":false,"template":"","format":"standard","meta":{"_uf_show_specific_survey":0,"_uf_disable_surveys":false,"_jetpack_memberships_contains_paid_content":false,"footnotes":"","jetpack_publicize_message":"","jetpack_publicize_feature_enabled":true,"jetpack_social_post_already_shared":true,"jetpack_social_options":{"image_generator_settings":{"template":"highway","enabled":false},"version":2}},"categories":[18],"tags":[],"class_list":["entry","author-diegoaguirre","post-56765","post","type-post","status-publish","format-standard","has-post-thumbnail","category-judicial"],"jetpack_publicize_connections":[],"yoast_head":"<!-- This site is optimized with the Yoast SEO plugin v24.3 - https:\/\/yoast.com\/wordpress\/plugins\/seo\/ -->\n<title>Judicializan a soldados se\u00f1alados de causarle la muerte a un perro reci\u00e9n nacido y grabar las agresiones en Valle del Cauca - Ciudad y Region<\/title>\n<meta name=\"robots\" content=\"index, follow, max-snippet:-1, max-image-preview:large, max-video-preview:-1\" \/>\n<link rel=\"canonical\" href=\"https:\/\/ciudadyregion.com.co\/index.php\/judicializan-a-soldados-senalados-de-causarle-la-muerte-a-un-perro-recien-nacido-y-grabar-las-agresiones-en-valle-del-cauca\/judicial\/\" \/>\n<meta property=\"og:locale\" content=\"es_ES\" \/>\n<meta property=\"og:type\" content=\"article\" \/>\n<meta property=\"og:title\" content=\"Judicializan a soldados se\u00f1alados de causarle la muerte a un perro reci\u00e9n nacido y grabar las agresiones en Valle del Cauca - Ciudad y Region\" \/>\n<meta property=\"og:description\" content=\"Uno de los militares\u00a0grab\u00f3\u00a0las agresiones en un video, que posteriormente comparti\u00f3 por un chat de mensajer\u00eda instant\u00e1nea.\u00a0 La\u00a0Fiscal\u00eda General\u00a0de la Naci\u00f3n, a trav\u00e9s del Grupo Especial para la Lucha contra el Maltrato Animal (GELMA),\u00a0logr\u00f3 la judicializaci\u00f3n de los soldados\u00a0Abel Jos\u00e9 Meza G\u00f3mez,\u00a0Jorge Luis Benavides Alvear\u00a0y\u00a0John Sebasti\u00e1n Fajardo Padilla, como presuntosContinuar Leyendo\" \/>\n<meta property=\"og:url\" content=\"https:\/\/ciudadyregion.com.co\/index.php\/judicializan-a-soldados-senalados-de-causarle-la-muerte-a-un-perro-recien-nacido-y-grabar-las-agresiones-en-valle-del-cauca\/judicial\/\" \/>\n<meta property=\"og:site_name\" content=\"Ciudad y Region\" \/>\n<meta property=\"article:published_time\" content=\"2026-03-06T13:01:52+00:00\" \/>\n<meta property=\"og:image\" content=\"https:\/\/ciudadyregion.com.co\/wp-content\/uploads\/2026\/03\/Pag-2026-03-06T080107.488.jpg\" \/>\n\t<meta property=\"og:image:width\" content=\"800\" \/>\n\t<meta property=\"og:image:height\" content=\"445\" \/>\n\t<meta property=\"og:image:type\" content=\"image\/jpeg\" \/>\n<meta name=\"author\" content=\"David Andr\u00e9s Aguirre\" \/>\n<meta name=\"twitter:card\" content=\"summary_large_image\" \/>\n<meta name=\"twitter:label1\" content=\"Escrito por\" \/>\n\t<meta name=\"twitter:data1\" content=\"David Andr\u00e9s Aguirre\" \/>\n\t<meta name=\"twitter:label2\" content=\"Tiempo de lectura\" \/>\n\t<meta name=\"twitter:data2\" content=\"1 minuto\" \/>\n<script type=\"application\/ld+json\" class=\"yoast-schema-graph\">{\"@context\":\"https:\/\/schema.org\",\"@graph\":[{\"@type\":\"WebPage\",\"@id\":\"https:\/\/ciudadyregion.com.co\/index.php\/judicializan-a-soldados-senalados-de-causarle-la-muerte-a-un-perro-recien-nacido-y-grabar-las-agresiones-en-valle-del-cauca\/judicial\/\",\"url\":\"https:\/\/ciudadyregion.com.co\/index.php\/judicializan-a-soldados-senalados-de-causarle-la-muerte-a-un-perro-recien-nacido-y-grabar-las-agresiones-en-valle-del-cauca\/judicial\/\",\"name\":\"Judicializan a soldados se\u00f1alados de causarle la muerte a un perro reci\u00e9n nacido y grabar las agresiones en Valle del Cauca - Ciudad y Region\",\"isPartOf\":{\"@id\":\"https:\/\/ciudadyregion.com.co\/#website\"},\"primaryImageOfPage\":{\"@id\":\"https:\/\/ciudadyregion.com.co\/index.php\/judicializan-a-soldados-senalados-de-causarle-la-muerte-a-un-perro-recien-nacido-y-grabar-las-agresiones-en-valle-del-cauca\/judicial\/#primaryimage\"},\"image\":{\"@id\":\"https:\/\/ciudadyregion.com.co\/index.php\/judicializan-a-soldados-senalados-de-causarle-la-muerte-a-un-perro-recien-nacido-y-grabar-las-agresiones-en-valle-del-cauca\/judicial\/#primaryimage\"},\"thumbnailUrl\":\"https:\/\/i0.wp.com\/ciudadyregion.com.co\/wp-content\/uploads\/2026\/03\/Pag-2026-03-06T080107.488.jpg?fit=800%2C445&ssl=1\",\"datePublished\":\"2026-03-06T13:01:52+00:00\",\"dateModified\":\"2026-03-06T13:01:52+00:00\",\"author\":{\"@id\":\"https:\/\/ciudadyregion.com.co\/#\/schema\/person\/04a4954373ebc4051f46e8c65ff78622\"},\"breadcrumb\":{\"@id\":\"https:\/\/ciudadyregion.com.co\/index.php\/judicializan-a-soldados-senalados-de-causarle-la-muerte-a-un-perro-recien-nacido-y-grabar-las-agresiones-en-valle-del-cauca\/judicial\/#breadcrumb\"},\"inLanguage\":\"es\",\"potentialAction\":[{\"@type\":\"ReadAction\",\"target\":[\"https:\/\/ciudadyregion.com.co\/index.php\/judicializan-a-soldados-senalados-de-causarle-la-muerte-a-un-perro-recien-nacido-y-grabar-las-agresiones-en-valle-del-cauca\/judicial\/\"]}]},{\"@type\":\"ImageObject\",\"inLanguage\":\"es\",\"@id\":\"https:\/\/ciudadyregion.com.co\/index.php\/judicializan-a-soldados-senalados-de-causarle-la-muerte-a-un-perro-recien-nacido-y-grabar-las-agresiones-en-valle-del-cauca\/judicial\/#primaryimage\",\"url\":\"https:\/\/i0.wp.com\/ciudadyregion.com.co\/wp-content\/uploads\/2026\/03\/Pag-2026-03-06T080107.488.jpg?fit=800%2C445&ssl=1\",\"contentUrl\":\"https:\/\/i0.wp.com\/ciudadyregion.com.co\/wp-content\/uploads\/2026\/03\/Pag-2026-03-06T080107.488.jpg?fit=800%2C445&ssl=1\",\"width\":800,\"height\":445},{\"@type\":\"BreadcrumbList\",\"@id\":\"https:\/\/ciudadyregion.com.co\/index.php\/judicializan-a-soldados-senalados-de-causarle-la-muerte-a-un-perro-recien-nacido-y-grabar-las-agresiones-en-valle-del-cauca\/judicial\/#breadcrumb\",\"itemListElement\":[{\"@type\":\"ListItem\",\"position\":1,\"name\":\"Portada\",\"item\":\"https:\/\/ciudadyregion.com.co\/\"},{\"@type\":\"ListItem\",\"position\":2,\"name\":\"Judicializan a soldados se\u00f1alados de causarle la muerte a un perro reci\u00e9n nacido y grabar las agresiones en Valle del Cauca\"}]},{\"@type\":\"WebSite\",\"@id\":\"https:\/\/ciudadyregion.com.co\/#website\",\"url\":\"https:\/\/ciudadyregion.com.co\/\",\"name\":\"Ciudad y Region\",\"description\":\"\",\"potentialAction\":[{\"@type\":\"SearchAction\",\"target\":{\"@type\":\"EntryPoint\",\"urlTemplate\":\"https:\/\/ciudadyregion.com.co\/?s={search_term_string}\"},\"query-input\":{\"@type\":\"PropertyValueSpecification\",\"valueRequired\":true,\"valueName\":\"search_term_string\"}}],\"inLanguage\":\"es\"},{\"@type\":\"Person\",\"@id\":\"https:\/\/ciudadyregion.com.co\/#\/schema\/person\/04a4954373ebc4051f46e8c65ff78622\",\"name\":\"David Andr\u00e9s Aguirre\",\"image\":{\"@type\":\"ImageObject\",\"inLanguage\":\"es\",\"@id\":\"https:\/\/ciudadyregion.com.co\/#\/schema\/person\/image\/\",\"url\":\"https:\/\/secure.gravatar.com\/avatar\/bc3c655860202182ee6d1b5edd042dbe?s=96&d=mm&r=g\",\"contentUrl\":\"https:\/\/secure.gravatar.com\/avatar\/bc3c655860202182ee6d1b5edd042dbe?s=96&d=mm&r=g\",\"caption\":\"David Andr\u00e9s Aguirre\"},\"url\":\"https:\/\/ciudadyregion.com.co\/index.php\/author\/diegoaguirre\/\"}]}<\/script>\n<!-- \/ Yoast SEO plugin. -->","yoast_head_json":{"title":"Judicializan a soldados se\u00f1alados de causarle la muerte a un perro reci\u00e9n nacido y grabar las agresiones en Valle del Cauca - Ciudad y Region","robots":{"index":"index","follow":"follow","max-snippet":"max-snippet:-1","max-image-preview":"max-image-preview:large","max-video-preview":"max-video-preview:-1"},"canonical":"https:\/\/ciudadyregion.com.co\/index.php\/judicializan-a-soldados-senalados-de-causarle-la-muerte-a-un-perro-recien-nacido-y-grabar-las-agresiones-en-valle-del-cauca\/judicial\/","og_locale":"es_ES","og_type":"article","og_title":"Judicializan a soldados se\u00f1alados de causarle la muerte a un perro reci\u00e9n nacido y grabar las agresiones en Valle del Cauca - Ciudad y Region","og_description":"Uno de los militares\u00a0grab\u00f3\u00a0las agresiones en un video, que posteriormente comparti\u00f3 por un chat de mensajer\u00eda instant\u00e1nea.\u00a0 La\u00a0Fiscal\u00eda General\u00a0de la Naci\u00f3n, a trav\u00e9s del Grupo Especial para la Lucha contra el Maltrato Animal (GELMA),\u00a0logr\u00f3 la judicializaci\u00f3n de los soldados\u00a0Abel Jos\u00e9 Meza G\u00f3mez,\u00a0Jorge Luis Benavides Alvear\u00a0y\u00a0John Sebasti\u00e1n Fajardo Padilla, como presuntosContinuar Leyendo","og_url":"https:\/\/ciudadyregion.com.co\/index.php\/judicializan-a-soldados-senalados-de-causarle-la-muerte-a-un-perro-recien-nacido-y-grabar-las-agresiones-en-valle-del-cauca\/judicial\/","og_site_name":"Ciudad y Region","article_published_time":"2026-03-06T13:01:52+00:00","og_image":[{"width":800,"height":445,"url":"https:\/\/ciudadyregion.com.co\/wp-content\/uploads\/2026\/03\/Pag-2026-03-06T080107.488.jpg","type":"image\/jpeg"}],"author":"David Andr\u00e9s Aguirre","twitter_card":"summary_large_image","twitter_misc":{"Escrito por":"David Andr\u00e9s Aguirre","Tiempo de lectura":"1 minuto"},"schema":{"@context":"https:\/\/schema.org","@graph":[{"@type":"WebPage","@id":"https:\/\/ciudadyregion.com.co\/index.php\/judicializan-a-soldados-senalados-de-causarle-la-muerte-a-un-perro-recien-nacido-y-grabar-las-agresiones-en-valle-del-cauca\/judicial\/","url":"https:\/\/ciudadyregion.com.co\/index.php\/judicializan-a-soldados-senalados-de-causarle-la-muerte-a-un-perro-recien-nacido-y-grabar-las-agresiones-en-valle-del-cauca\/judicial\/","name":"Judicializan a soldados se\u00f1alados de causarle la muerte a un perro reci\u00e9n nacido y grabar las agresiones en Valle del Cauca - Ciudad y Region","isPartOf":{"@id":"https:\/\/ciudadyregion.com.co\/#website"},"primaryImageOfPage":{"@id":"https:\/\/ciudadyregion.com.co\/index.php\/judicializan-a-soldados-senalados-de-causarle-la-muerte-a-un-perro-recien-nacido-y-grabar-las-agresiones-en-valle-del-cauca\/judicial\/#primaryimage"},"image":{"@id":"https:\/\/ciudadyregion.com.co\/index.php\/judicializan-a-soldados-senalados-de-causarle-la-muerte-a-un-perro-recien-nacido-y-grabar-las-agresiones-en-valle-del-cauca\/judicial\/#primaryimage"},"thumbnailUrl":"https:\/\/i0.wp.com\/ciudadyregion.com.co\/wp-content\/uploads\/2026\/03\/Pag-2026-03-06T080107.488.jpg?fit=800%2C445&ssl=1","datePublished":"2026-03-06T13:01:52+00:00","dateModified":"2026-03-06T13:01:52+00:00","author":{"@id":"https:\/\/ciudadyregion.com.co\/#\/schema\/person\/04a4954373ebc4051f46e8c65ff78622"},"breadcrumb":{"@id":"https:\/\/ciudadyregion.com.co\/index.php\/judicializan-a-soldados-senalados-de-causarle-la-muerte-a-un-perro-recien-nacido-y-grabar-las-agresiones-en-valle-del-cauca\/judicial\/#breadcrumb"},"inLanguage":"es","potentialAction":[{"@type":"ReadAction","target":["https:\/\/ciudadyregion.com.co\/index.php\/judicializan-a-soldados-senalados-de-causarle-la-muerte-a-un-perro-recien-nacido-y-grabar-las-agresiones-en-valle-del-cauca\/judicial\/"]}]},{"@type":"ImageObject","inLanguage":"es","@id":"https:\/\/ciudadyregion.com.co\/index.php\/judicializan-a-soldados-senalados-de-causarle-la-muerte-a-un-perro-recien-nacido-y-grabar-las-agresiones-en-valle-del-cauca\/judicial\/#primaryimage","url":"https:\/\/i0.wp.com\/ciudadyregion.com.co\/wp-content\/uploads\/2026\/03\/Pag-2026-03-06T080107.488.jpg?fit=800%2C445&ssl=1","contentUrl":"https:\/\/i0.wp.com\/ciudadyregion.com.co\/wp-content\/uploads\/2026\/03\/Pag-2026-03-06T080107.488.jpg?fit=800%2C445&ssl=1","width":800,"height":445},{"@type":"BreadcrumbList","@id":"https:\/\/ciudadyregion.com.co\/index.php\/judicializan-a-soldados-senalados-de-causarle-la-muerte-a-un-perro-recien-nacido-y-grabar-las-agresiones-en-valle-del-cauca\/judicial\/#breadcrumb","itemListElement":[{"@type":"ListItem","position":1,"name":"Portada","item":"https:\/\/ciudadyregion.com.co\/"},{"@type":"ListItem","position":2,"name":"Judicializan a soldados se\u00f1alados de causarle la muerte a un perro reci\u00e9n nacido y grabar las agresiones en Valle del Cauca"}]},{"@type":"WebSite","@id":"https:\/\/ciudadyregion.com.co\/#website","url":"https:\/\/ciudadyregion.com.co\/","name":"Ciudad y Region","description":"","potentialAction":[{"@type":"SearchAction","target":{"@type":"EntryPoint","urlTemplate":"https:\/\/ciudadyregion.com.co\/?s={search_term_string}"},"query-input":{"@type":"PropertyValueSpecification","valueRequired":true,"valueName":"search_term_string"}}],"inLanguage":"es"},{"@type":"Person","@id":"https:\/\/ciudadyregion.com.co\/#\/schema\/person\/04a4954373ebc4051f46e8c65ff78622","name":"David Andr\u00e9s Aguirre","image":{"@type":"ImageObject","inLanguage":"es","@id":"https:\/\/ciudadyregion.com.co\/#\/schema\/person\/image\/","url":"https:\/\/secure.gravatar.com\/avatar\/bc3c655860202182ee6d1b5edd042dbe?s=96&d=mm&r=g","contentUrl":"https:\/\/secure.gravatar.com\/avatar\/bc3c655860202182ee6d1b5edd042dbe?s=96&d=mm&r=g","caption":"David Andr\u00e9s Aguirre"},"url":"https:\/\/ciudadyregion.com.co\/index.php\/author\/diegoaguirre\/"}]}},"jetpack_featured_media_url":"https:\/\/i0.wp.com\/ciudadyregion.com.co\/wp-content\/uploads\/2026\/03\/Pag-2026-03-06T080107.488.jpg?fit=800%2C445&ssl=1","jetpack_sharing_enabled":true,"jetpack_shortlink":"https:\/\/wp.me\/pbS7hh-eLz","jetpack-related-posts":[],"_links":{"self":[{"href":"https:\/\/ciudadyregion.com.co\/index.php\/wp-json\/wp\/v2\/posts\/56765"}],"collection":[{"href":"https:\/\/ciudadyregion.com.co\/index.php\/wp-json\/wp\/v2\/posts"}],"about":[{"href":"https:\/\/ciudadyregion.com.co\/index.php\/wp-json\/wp\/v2\/types\/post"}],"author":[{"embeddable":true,"href":"https:\/\/ciudadyregion.com.co\/index.php\/wp-json\/wp\/v2\/users\/2"}],"replies":[{"embeddable":true,"href":"https:\/\/ciudadyregion.com.co\/index.php\/wp-json\/wp\/v2\/comments?post=56765"}],"version-history":[{"count":1,"href":"https:\/\/ciudadyregion.com.co\/index.php\/wp-json\/wp\/v2\/posts\/56765\/revisions"}],"predecessor-version":[{"id":56768,"href":"https:\/\/ciudadyregion.com.co\/index.php\/wp-json\/wp\/v2\/posts\/56765\/revisions\/56768"}],"wp:featuredmedia":[{"embeddable":true,"href":"https:\/\/ciudadyregion.com.co\/index.php\/wp-json\/wp\/v2\/media\/56767"}],"wp:attachment":[{"href":"https:\/\/ciudadyregion.com.co\/index.php\/wp-json\/wp\/v2\/media?parent=56765"}],"wp:term":[{"taxonomy":"category","embeddable":true,"href":"https:\/\/ciudadyregion.com.co\/index.php\/wp-json\/wp\/v2\/categories?post=56765"},{"taxonomy":"post_tag","embeddable":true,"href":"https:\/\/ciudadyregion.com.co\/index.php\/wp-json\/wp\/v2\/tags?post=56765"}],"curies":[{"name":"wp","href":"https:\/\/api.w.org\/{rel}","templated":true}]}}