{"id":56757,"date":"2026-03-06T07:38:47","date_gmt":"2026-03-06T12:38:47","guid":{"rendered":"https:\/\/ciudadyregion.com.co\/?p=56757"},"modified":"2026-03-06T07:38:47","modified_gmt":"2026-03-06T12:38:47","slug":"asegurado-hombre-que-estaria-repartiendo-panfletos-amenazantes-a-comerciantes-y-ciudadanos-en-el-carmen-de-bolivar-bolivar","status":"publish","type":"post","link":"https:\/\/ciudadyregion.com.co\/index.php\/asegurado-hombre-que-estaria-repartiendo-panfletos-amenazantes-a-comerciantes-y-ciudadanos-en-el-carmen-de-bolivar-bolivar\/judicial\/","title":{"rendered":"Asegurado hombre que estar\u00eda repartiendo panfletos amenazantes a comerciantes y ciudadanos en el Carmen de Bol\u00edvar (Bol\u00edvar)"},"content":{"rendered":"<p>Los elementos materiales probatorios aportados por la Fiscal\u00eda General de la Naci\u00f3n permitieron que un juez con funciones de control de garant\u00edas impusiera medida de aseguramiento en centro carcelario contra Nestey Yessic Watts Chamorro, presuntamente implicado en el delito de terrorismo.<\/p>\n<p>Los hechos se registraron el pasado 28 de febrero en el barrio Cantagallo del municipio de El Carmen de Bol\u00edvar (Bol\u00edvar). Uniformados de la Polic\u00eda Nacional requirieron al, ahora procesado, para una requisa rutinaria. En su poder le habr\u00edan encontrado 66 panfletos de un grupo denominado Frente de Guerra Los Colorados.<\/p>\n<p>El mensaje impreso ir\u00eda dirigido a los comerciantes locales para que cerraran sus negocios a partir de las 7:00 de la noche; y a la ciudadan\u00eda, para que no transitar\u00e1 por las calles despu\u00e9s del mismo horario, so pena de ser declarados objetivo militar.<\/p>\n<p>En las audiencias preliminares el hombre, de 28 a\u00f1os, neg\u00f3 su responsabilidad frente a los cargos en su contra.<\/p>\n","protected":false},"excerpt":{"rendered":"<p>Los elementos materiales probatorios aportados por la Fiscal\u00eda General de la Naci\u00f3n permitieron que un juez con funciones de control de garant\u00edas impusiera medida de aseguramiento en centro carcelario contra Nestey Yessic Watts Chamorro, presuntamente implicado en el delito de terrorismo. Los hechos se registraron el pasado 28 de febrero<span class=\"more-link\"><a href=\"https:\/\/ciudadyregion.com.co\/index.php\/asegurado-hombre-que-estaria-repartiendo-panfletos-amenazantes-a-comerciantes-y-ciudadanos-en-el-carmen-de-bolivar-bolivar\/judicial\/\">Continuar Leyendo<\/a><\/span><\/p>\n","protected":false},"author":2,"featured_media":56758,"comment_status":"open","ping_status":"open","sticky":false,"template":"","format":"standard","meta":{"_uf_show_specific_survey":0,"_uf_disable_surveys":false,"_jetpack_memberships_contains_paid_content":false,"footnotes":"","jetpack_publicize_message":"","jetpack_publicize_feature_enabled":true,"jetpack_social_post_already_shared":true,"jetpack_social_options":{"image_generator_settings":{"template":"highway","enabled":false},"version":2}},"categories":[18],"tags":[],"class_list":["entry","author-diegoaguirre","post-56757","post","type-post","status-publish","format-standard","has-post-thumbnail","category-judicial"],"jetpack_publicize_connections":[],"yoast_head":"<!-- This site is optimized with the Yoast SEO plugin v24.3 - https:\/\/yoast.com\/wordpress\/plugins\/seo\/ -->\n<title>Asegurado hombre que estar\u00eda repartiendo panfletos amenazantes a comerciantes y ciudadanos en el Carmen de Bol\u00edvar (Bol\u00edvar) - Ciudad y Region<\/title>\n<meta name=\"robots\" content=\"index, follow, max-snippet:-1, max-image-preview:large, max-video-preview:-1\" \/>\n<link rel=\"canonical\" href=\"https:\/\/ciudadyregion.com.co\/index.php\/asegurado-hombre-que-estaria-repartiendo-panfletos-amenazantes-a-comerciantes-y-ciudadanos-en-el-carmen-de-bolivar-bolivar\/judicial\/\" \/>\n<meta property=\"og:locale\" content=\"es_ES\" \/>\n<meta property=\"og:type\" content=\"article\" \/>\n<meta property=\"og:title\" content=\"Asegurado hombre que estar\u00eda repartiendo panfletos amenazantes a comerciantes y ciudadanos en el Carmen de Bol\u00edvar (Bol\u00edvar) - Ciudad y Region\" \/>\n<meta property=\"og:description\" content=\"Los elementos materiales probatorios aportados por la Fiscal\u00eda General de la Naci\u00f3n permitieron que un juez con funciones de control de garant\u00edas impusiera medida de aseguramiento en centro carcelario contra Nestey Yessic Watts Chamorro, presuntamente implicado en el delito de terrorismo. Los hechos se registraron el pasado 28 de febreroContinuar Leyendo\" \/>\n<meta property=\"og:url\" content=\"https:\/\/ciudadyregion.com.co\/index.php\/asegurado-hombre-que-estaria-repartiendo-panfletos-amenazantes-a-comerciantes-y-ciudadanos-en-el-carmen-de-bolivar-bolivar\/judicial\/\" \/>\n<meta property=\"og:site_name\" content=\"Ciudad y Region\" \/>\n<meta property=\"article:published_time\" content=\"2026-03-06T12:38:47+00:00\" \/>\n<meta property=\"og:image\" content=\"https:\/\/ciudadyregion.com.co\/wp-content\/uploads\/2026\/03\/Panfletos-1.jpg\" \/>\n\t<meta property=\"og:image:width\" content=\"800\" \/>\n\t<meta property=\"og:image:height\" content=\"445\" \/>\n\t<meta property=\"og:image:type\" content=\"image\/jpeg\" \/>\n<meta name=\"author\" content=\"David Andr\u00e9s Aguirre\" \/>\n<meta name=\"twitter:card\" content=\"summary_large_image\" \/>\n<meta name=\"twitter:label1\" content=\"Escrito por\" \/>\n\t<meta name=\"twitter:data1\" content=\"David Andr\u00e9s Aguirre\" \/>\n\t<meta name=\"twitter:label2\" content=\"Tiempo de lectura\" \/>\n\t<meta name=\"twitter:data2\" content=\"1 minuto\" \/>\n<script type=\"application\/ld+json\" class=\"yoast-schema-graph\">{\"@context\":\"https:\/\/schema.org\",\"@graph\":[{\"@type\":\"WebPage\",\"@id\":\"https:\/\/ciudadyregion.com.co\/index.php\/asegurado-hombre-que-estaria-repartiendo-panfletos-amenazantes-a-comerciantes-y-ciudadanos-en-el-carmen-de-bolivar-bolivar\/judicial\/\",\"url\":\"https:\/\/ciudadyregion.com.co\/index.php\/asegurado-hombre-que-estaria-repartiendo-panfletos-amenazantes-a-comerciantes-y-ciudadanos-en-el-carmen-de-bolivar-bolivar\/judicial\/\",\"name\":\"Asegurado hombre que estar\u00eda repartiendo panfletos amenazantes a comerciantes y ciudadanos en el Carmen de Bol\u00edvar (Bol\u00edvar) - Ciudad y Region\",\"isPartOf\":{\"@id\":\"https:\/\/ciudadyregion.com.co\/#website\"},\"primaryImageOfPage\":{\"@id\":\"https:\/\/ciudadyregion.com.co\/index.php\/asegurado-hombre-que-estaria-repartiendo-panfletos-amenazantes-a-comerciantes-y-ciudadanos-en-el-carmen-de-bolivar-bolivar\/judicial\/#primaryimage\"},\"image\":{\"@id\":\"https:\/\/ciudadyregion.com.co\/index.php\/asegurado-hombre-que-estaria-repartiendo-panfletos-amenazantes-a-comerciantes-y-ciudadanos-en-el-carmen-de-bolivar-bolivar\/judicial\/#primaryimage\"},\"thumbnailUrl\":\"https:\/\/i0.wp.com\/ciudadyregion.com.co\/wp-content\/uploads\/2026\/03\/Panfletos-1.jpg?fit=800%2C445&ssl=1\",\"datePublished\":\"2026-03-06T12:38:47+00:00\",\"dateModified\":\"2026-03-06T12:38:47+00:00\",\"author\":{\"@id\":\"https:\/\/ciudadyregion.com.co\/#\/schema\/person\/04a4954373ebc4051f46e8c65ff78622\"},\"breadcrumb\":{\"@id\":\"https:\/\/ciudadyregion.com.co\/index.php\/asegurado-hombre-que-estaria-repartiendo-panfletos-amenazantes-a-comerciantes-y-ciudadanos-en-el-carmen-de-bolivar-bolivar\/judicial\/#breadcrumb\"},\"inLanguage\":\"es\",\"potentialAction\":[{\"@type\":\"ReadAction\",\"target\":[\"https:\/\/ciudadyregion.com.co\/index.php\/asegurado-hombre-que-estaria-repartiendo-panfletos-amenazantes-a-comerciantes-y-ciudadanos-en-el-carmen-de-bolivar-bolivar\/judicial\/\"]}]},{\"@type\":\"ImageObject\",\"inLanguage\":\"es\",\"@id\":\"https:\/\/ciudadyregion.com.co\/index.php\/asegurado-hombre-que-estaria-repartiendo-panfletos-amenazantes-a-comerciantes-y-ciudadanos-en-el-carmen-de-bolivar-bolivar\/judicial\/#primaryimage\",\"url\":\"https:\/\/i0.wp.com\/ciudadyregion.com.co\/wp-content\/uploads\/2026\/03\/Panfletos-1.jpg?fit=800%2C445&ssl=1\",\"contentUrl\":\"https:\/\/i0.wp.com\/ciudadyregion.com.co\/wp-content\/uploads\/2026\/03\/Panfletos-1.jpg?fit=800%2C445&ssl=1\",\"width\":800,\"height\":445},{\"@type\":\"BreadcrumbList\",\"@id\":\"https:\/\/ciudadyregion.com.co\/index.php\/asegurado-hombre-que-estaria-repartiendo-panfletos-amenazantes-a-comerciantes-y-ciudadanos-en-el-carmen-de-bolivar-bolivar\/judicial\/#breadcrumb\",\"itemListElement\":[{\"@type\":\"ListItem\",\"position\":1,\"name\":\"Portada\",\"item\":\"https:\/\/ciudadyregion.com.co\/\"},{\"@type\":\"ListItem\",\"position\":2,\"name\":\"Asegurado hombre que estar\u00eda repartiendo panfletos amenazantes a comerciantes y ciudadanos en el Carmen de Bol\u00edvar (Bol\u00edvar)\"}]},{\"@type\":\"WebSite\",\"@id\":\"https:\/\/ciudadyregion.com.co\/#website\",\"url\":\"https:\/\/ciudadyregion.com.co\/\",\"name\":\"Ciudad y Region\",\"description\":\"\",\"potentialAction\":[{\"@type\":\"SearchAction\",\"target\":{\"@type\":\"EntryPoint\",\"urlTemplate\":\"https:\/\/ciudadyregion.com.co\/?s={search_term_string}\"},\"query-input\":{\"@type\":\"PropertyValueSpecification\",\"valueRequired\":true,\"valueName\":\"search_term_string\"}}],\"inLanguage\":\"es\"},{\"@type\":\"Person\",\"@id\":\"https:\/\/ciudadyregion.com.co\/#\/schema\/person\/04a4954373ebc4051f46e8c65ff78622\",\"name\":\"David Andr\u00e9s Aguirre\",\"image\":{\"@type\":\"ImageObject\",\"inLanguage\":\"es\",\"@id\":\"https:\/\/ciudadyregion.com.co\/#\/schema\/person\/image\/\",\"url\":\"https:\/\/secure.gravatar.com\/avatar\/bc3c655860202182ee6d1b5edd042dbe?s=96&d=mm&r=g\",\"contentUrl\":\"https:\/\/secure.gravatar.com\/avatar\/bc3c655860202182ee6d1b5edd042dbe?s=96&d=mm&r=g\",\"caption\":\"David Andr\u00e9s Aguirre\"},\"url\":\"https:\/\/ciudadyregion.com.co\/index.php\/author\/diegoaguirre\/\"}]}<\/script>\n<!-- \/ Yoast SEO plugin. -->","yoast_head_json":{"title":"Asegurado hombre que estar\u00eda repartiendo panfletos amenazantes a comerciantes y ciudadanos en el Carmen de Bol\u00edvar (Bol\u00edvar) - Ciudad y Region","robots":{"index":"index","follow":"follow","max-snippet":"max-snippet:-1","max-image-preview":"max-image-preview:large","max-video-preview":"max-video-preview:-1"},"canonical":"https:\/\/ciudadyregion.com.co\/index.php\/asegurado-hombre-que-estaria-repartiendo-panfletos-amenazantes-a-comerciantes-y-ciudadanos-en-el-carmen-de-bolivar-bolivar\/judicial\/","og_locale":"es_ES","og_type":"article","og_title":"Asegurado hombre que estar\u00eda repartiendo panfletos amenazantes a comerciantes y ciudadanos en el Carmen de Bol\u00edvar (Bol\u00edvar) - Ciudad y Region","og_description":"Los elementos materiales probatorios aportados por la Fiscal\u00eda General de la Naci\u00f3n permitieron que un juez con funciones de control de garant\u00edas impusiera medida de aseguramiento en centro carcelario contra Nestey Yessic Watts Chamorro, presuntamente implicado en el delito de terrorismo. Los hechos se registraron el pasado 28 de febreroContinuar Leyendo","og_url":"https:\/\/ciudadyregion.com.co\/index.php\/asegurado-hombre-que-estaria-repartiendo-panfletos-amenazantes-a-comerciantes-y-ciudadanos-en-el-carmen-de-bolivar-bolivar\/judicial\/","og_site_name":"Ciudad y Region","article_published_time":"2026-03-06T12:38:47+00:00","og_image":[{"width":800,"height":445,"url":"https:\/\/ciudadyregion.com.co\/wp-content\/uploads\/2026\/03\/Panfletos-1.jpg","type":"image\/jpeg"}],"author":"David Andr\u00e9s Aguirre","twitter_card":"summary_large_image","twitter_misc":{"Escrito por":"David Andr\u00e9s Aguirre","Tiempo de lectura":"1 minuto"},"schema":{"@context":"https:\/\/schema.org","@graph":[{"@type":"WebPage","@id":"https:\/\/ciudadyregion.com.co\/index.php\/asegurado-hombre-que-estaria-repartiendo-panfletos-amenazantes-a-comerciantes-y-ciudadanos-en-el-carmen-de-bolivar-bolivar\/judicial\/","url":"https:\/\/ciudadyregion.com.co\/index.php\/asegurado-hombre-que-estaria-repartiendo-panfletos-amenazantes-a-comerciantes-y-ciudadanos-en-el-carmen-de-bolivar-bolivar\/judicial\/","name":"Asegurado hombre que estar\u00eda repartiendo panfletos amenazantes a comerciantes y ciudadanos en el Carmen de Bol\u00edvar (Bol\u00edvar) - Ciudad y Region","isPartOf":{"@id":"https:\/\/ciudadyregion.com.co\/#website"},"primaryImageOfPage":{"@id":"https:\/\/ciudadyregion.com.co\/index.php\/asegurado-hombre-que-estaria-repartiendo-panfletos-amenazantes-a-comerciantes-y-ciudadanos-en-el-carmen-de-bolivar-bolivar\/judicial\/#primaryimage"},"image":{"@id":"https:\/\/ciudadyregion.com.co\/index.php\/asegurado-hombre-que-estaria-repartiendo-panfletos-amenazantes-a-comerciantes-y-ciudadanos-en-el-carmen-de-bolivar-bolivar\/judicial\/#primaryimage"},"thumbnailUrl":"https:\/\/i0.wp.com\/ciudadyregion.com.co\/wp-content\/uploads\/2026\/03\/Panfletos-1.jpg?fit=800%2C445&ssl=1","datePublished":"2026-03-06T12:38:47+00:00","dateModified":"2026-03-06T12:38:47+00:00","author":{"@id":"https:\/\/ciudadyregion.com.co\/#\/schema\/person\/04a4954373ebc4051f46e8c65ff78622"},"breadcrumb":{"@id":"https:\/\/ciudadyregion.com.co\/index.php\/asegurado-hombre-que-estaria-repartiendo-panfletos-amenazantes-a-comerciantes-y-ciudadanos-en-el-carmen-de-bolivar-bolivar\/judicial\/#breadcrumb"},"inLanguage":"es","potentialAction":[{"@type":"ReadAction","target":["https:\/\/ciudadyregion.com.co\/index.php\/asegurado-hombre-que-estaria-repartiendo-panfletos-amenazantes-a-comerciantes-y-ciudadanos-en-el-carmen-de-bolivar-bolivar\/judicial\/"]}]},{"@type":"ImageObject","inLanguage":"es","@id":"https:\/\/ciudadyregion.com.co\/index.php\/asegurado-hombre-que-estaria-repartiendo-panfletos-amenazantes-a-comerciantes-y-ciudadanos-en-el-carmen-de-bolivar-bolivar\/judicial\/#primaryimage","url":"https:\/\/i0.wp.com\/ciudadyregion.com.co\/wp-content\/uploads\/2026\/03\/Panfletos-1.jpg?fit=800%2C445&ssl=1","contentUrl":"https:\/\/i0.wp.com\/ciudadyregion.com.co\/wp-content\/uploads\/2026\/03\/Panfletos-1.jpg?fit=800%2C445&ssl=1","width":800,"height":445},{"@type":"BreadcrumbList","@id":"https:\/\/ciudadyregion.com.co\/index.php\/asegurado-hombre-que-estaria-repartiendo-panfletos-amenazantes-a-comerciantes-y-ciudadanos-en-el-carmen-de-bolivar-bolivar\/judicial\/#breadcrumb","itemListElement":[{"@type":"ListItem","position":1,"name":"Portada","item":"https:\/\/ciudadyregion.com.co\/"},{"@type":"ListItem","position":2,"name":"Asegurado hombre que estar\u00eda repartiendo panfletos amenazantes a comerciantes y ciudadanos en el Carmen de Bol\u00edvar (Bol\u00edvar)"}]},{"@type":"WebSite","@id":"https:\/\/ciudadyregion.com.co\/#website","url":"https:\/\/ciudadyregion.com.co\/","name":"Ciudad y Region","description":"","potentialAction":[{"@type":"SearchAction","target":{"@type":"EntryPoint","urlTemplate":"https:\/\/ciudadyregion.com.co\/?s={search_term_string}"},"query-input":{"@type":"PropertyValueSpecification","valueRequired":true,"valueName":"search_term_string"}}],"inLanguage":"es"},{"@type":"Person","@id":"https:\/\/ciudadyregion.com.co\/#\/schema\/person\/04a4954373ebc4051f46e8c65ff78622","name":"David Andr\u00e9s Aguirre","image":{"@type":"ImageObject","inLanguage":"es","@id":"https:\/\/ciudadyregion.com.co\/#\/schema\/person\/image\/","url":"https:\/\/secure.gravatar.com\/avatar\/bc3c655860202182ee6d1b5edd042dbe?s=96&d=mm&r=g","contentUrl":"https:\/\/secure.gravatar.com\/avatar\/bc3c655860202182ee6d1b5edd042dbe?s=96&d=mm&r=g","caption":"David Andr\u00e9s Aguirre"},"url":"https:\/\/ciudadyregion.com.co\/index.php\/author\/diegoaguirre\/"}]}},"jetpack_featured_media_url":"https:\/\/i0.wp.com\/ciudadyregion.com.co\/wp-content\/uploads\/2026\/03\/Panfletos-1.jpg?fit=800%2C445&ssl=1","jetpack_sharing_enabled":true,"jetpack_shortlink":"https:\/\/wp.me\/pbS7hh-eLr","jetpack-related-posts":[],"_links":{"self":[{"href":"https:\/\/ciudadyregion.com.co\/index.php\/wp-json\/wp\/v2\/posts\/56757"}],"collection":[{"href":"https:\/\/ciudadyregion.com.co\/index.php\/wp-json\/wp\/v2\/posts"}],"about":[{"href":"https:\/\/ciudadyregion.com.co\/index.php\/wp-json\/wp\/v2\/types\/post"}],"author":[{"embeddable":true,"href":"https:\/\/ciudadyregion.com.co\/index.php\/wp-json\/wp\/v2\/users\/2"}],"replies":[{"embeddable":true,"href":"https:\/\/ciudadyregion.com.co\/index.php\/wp-json\/wp\/v2\/comments?post=56757"}],"version-history":[{"count":1,"href":"https:\/\/ciudadyregion.com.co\/index.php\/wp-json\/wp\/v2\/posts\/56757\/revisions"}],"predecessor-version":[{"id":56759,"href":"https:\/\/ciudadyregion.com.co\/index.php\/wp-json\/wp\/v2\/posts\/56757\/revisions\/56759"}],"wp:featuredmedia":[{"embeddable":true,"href":"https:\/\/ciudadyregion.com.co\/index.php\/wp-json\/wp\/v2\/media\/56758"}],"wp:attachment":[{"href":"https:\/\/ciudadyregion.com.co\/index.php\/wp-json\/wp\/v2\/media?parent=56757"}],"wp:term":[{"taxonomy":"category","embeddable":true,"href":"https:\/\/ciudadyregion.com.co\/index.php\/wp-json\/wp\/v2\/categories?post=56757"},{"taxonomy":"post_tag","embeddable":true,"href":"https:\/\/ciudadyregion.com.co\/index.php\/wp-json\/wp\/v2\/tags?post=56757"}],"curies":[{"name":"wp","href":"https:\/\/api.w.org\/{rel}","templated":true}]}}