{"id":56751,"date":"2026-03-06T07:11:08","date_gmt":"2026-03-06T12:11:08","guid":{"rendered":"https:\/\/ciudadyregion.com.co\/?p=56751"},"modified":"2026-03-06T07:11:08","modified_gmt":"2026-03-06T12:11:08","slug":"su-carino-se-queda-grabado-en-mi-alma-miguel-barreto-agradece-el-respaldo-a-la-campana-c3","status":"publish","type":"post","link":"https:\/\/ciudadyregion.com.co\/index.php\/su-carino-se-queda-grabado-en-mi-alma-miguel-barreto-agradece-el-respaldo-a-la-campana-c3\/politica\/","title":{"rendered":"Su cari\u00f1o se queda grabado en mi alma\u201d: Miguel Barreto agradece el respaldo a la campa\u00f1a C3"},"content":{"rendered":"<p>Conmovido por el recibimiento en cada hogar, barrio y vereda, el senador Miguel Barreto envi\u00f3 un mensaje de gratitud profunda a quienes entregaron su tiempo y esperanza a la campa\u00f1a del C3.<\/p>\n<p>M\u00e1s all\u00e1 de las cifras, el senador destac\u00f3 la grandeza de una campa\u00f1a hecha a mano: las banderas en las fachadas, los mensajes espont\u00e1neos y el esfuerzo propio de las comunidades que se unieron por un prop\u00f3sito com\u00fan.<\/p>\n<p>\u00abHe sentido su cari\u00f1o, pero sobre todo, su confianza. Esos abrazos y palabras de aliento son el motor para seguir trabajando por ustedes. Gracias de coraz\u00f3n por creer y por darlo todo\u00bb, expres\u00f3 Miguel Barreto.<\/p>\n<p>Este domingo 8 de marzo, el senador invita a convertir ese sentimiento en una victoria colectiva en las urnas, votando con el orgullo de quien ama a su tierra.<\/p>\n","protected":false},"excerpt":{"rendered":"<p>Conmovido por el recibimiento en cada hogar, barrio y vereda, el senador Miguel Barreto envi\u00f3 un mensaje de gratitud profunda a quienes entregaron su tiempo y esperanza a la campa\u00f1a del C3. M\u00e1s all\u00e1 de las cifras, el senador destac\u00f3 la grandeza de una campa\u00f1a hecha a mano: las banderas<span class=\"more-link\"><a href=\"https:\/\/ciudadyregion.com.co\/index.php\/su-carino-se-queda-grabado-en-mi-alma-miguel-barreto-agradece-el-respaldo-a-la-campana-c3\/politica\/\">Continuar Leyendo<\/a><\/span><\/p>\n","protected":false},"author":2,"featured_media":56752,"comment_status":"open","ping_status":"open","sticky":false,"template":"","format":"standard","meta":{"_uf_show_specific_survey":0,"_uf_disable_surveys":false,"_jetpack_memberships_contains_paid_content":false,"footnotes":"","jetpack_publicize_message":"","jetpack_publicize_feature_enabled":true,"jetpack_social_post_already_shared":true,"jetpack_social_options":{"image_generator_settings":{"template":"highway","enabled":false},"version":2}},"categories":[17],"tags":[],"class_list":["entry","author-diegoaguirre","post-56751","post","type-post","status-publish","format-standard","has-post-thumbnail","category-politica"],"jetpack_publicize_connections":[],"yoast_head":"<!-- This site is optimized with the Yoast SEO plugin v24.3 - https:\/\/yoast.com\/wordpress\/plugins\/seo\/ -->\n<title>Su cari\u00f1o se queda grabado en mi alma\u201d: Miguel Barreto agradece el respaldo a la campa\u00f1a C3 - Ciudad y Region<\/title>\n<meta name=\"robots\" content=\"index, follow, max-snippet:-1, max-image-preview:large, max-video-preview:-1\" \/>\n<link rel=\"canonical\" href=\"https:\/\/ciudadyregion.com.co\/index.php\/su-carino-se-queda-grabado-en-mi-alma-miguel-barreto-agradece-el-respaldo-a-la-campana-c3\/politica\/\" \/>\n<meta property=\"og:locale\" content=\"es_ES\" \/>\n<meta property=\"og:type\" content=\"article\" \/>\n<meta property=\"og:title\" content=\"Su cari\u00f1o se queda grabado en mi alma\u201d: Miguel Barreto agradece el respaldo a la campa\u00f1a C3 - Ciudad y Region\" \/>\n<meta property=\"og:description\" content=\"Conmovido por el recibimiento en cada hogar, barrio y vereda, el senador Miguel Barreto envi\u00f3 un mensaje de gratitud profunda a quienes entregaron su tiempo y esperanza a la campa\u00f1a del C3. M\u00e1s all\u00e1 de las cifras, el senador destac\u00f3 la grandeza de una campa\u00f1a hecha a mano: las banderasContinuar Leyendo\" \/>\n<meta property=\"og:url\" content=\"https:\/\/ciudadyregion.com.co\/index.php\/su-carino-se-queda-grabado-en-mi-alma-miguel-barreto-agradece-el-respaldo-a-la-campana-c3\/politica\/\" \/>\n<meta property=\"og:site_name\" content=\"Ciudad y Region\" \/>\n<meta property=\"article:published_time\" content=\"2026-03-06T12:11:08+00:00\" \/>\n<meta property=\"og:image\" content=\"https:\/\/ciudadyregion.com.co\/wp-content\/uploads\/2026\/03\/Pag-2026-03-06T071020.030.jpg\" \/>\n\t<meta property=\"og:image:width\" content=\"800\" \/>\n\t<meta property=\"og:image:height\" content=\"445\" \/>\n\t<meta property=\"og:image:type\" content=\"image\/jpeg\" \/>\n<meta name=\"author\" content=\"David Andr\u00e9s Aguirre\" \/>\n<meta name=\"twitter:card\" content=\"summary_large_image\" \/>\n<meta name=\"twitter:label1\" content=\"Escrito por\" \/>\n\t<meta name=\"twitter:data1\" content=\"David Andr\u00e9s Aguirre\" \/>\n\t<meta name=\"twitter:label2\" content=\"Tiempo de lectura\" \/>\n\t<meta name=\"twitter:data2\" content=\"1 minuto\" \/>\n<script type=\"application\/ld+json\" class=\"yoast-schema-graph\">{\"@context\":\"https:\/\/schema.org\",\"@graph\":[{\"@type\":\"WebPage\",\"@id\":\"https:\/\/ciudadyregion.com.co\/index.php\/su-carino-se-queda-grabado-en-mi-alma-miguel-barreto-agradece-el-respaldo-a-la-campana-c3\/politica\/\",\"url\":\"https:\/\/ciudadyregion.com.co\/index.php\/su-carino-se-queda-grabado-en-mi-alma-miguel-barreto-agradece-el-respaldo-a-la-campana-c3\/politica\/\",\"name\":\"Su cari\u00f1o se queda grabado en mi alma\u201d: Miguel Barreto agradece el respaldo a la campa\u00f1a C3 - Ciudad y Region\",\"isPartOf\":{\"@id\":\"https:\/\/ciudadyregion.com.co\/#website\"},\"primaryImageOfPage\":{\"@id\":\"https:\/\/ciudadyregion.com.co\/index.php\/su-carino-se-queda-grabado-en-mi-alma-miguel-barreto-agradece-el-respaldo-a-la-campana-c3\/politica\/#primaryimage\"},\"image\":{\"@id\":\"https:\/\/ciudadyregion.com.co\/index.php\/su-carino-se-queda-grabado-en-mi-alma-miguel-barreto-agradece-el-respaldo-a-la-campana-c3\/politica\/#primaryimage\"},\"thumbnailUrl\":\"https:\/\/i0.wp.com\/ciudadyregion.com.co\/wp-content\/uploads\/2026\/03\/Pag-2026-03-06T071020.030.jpg?fit=800%2C445&ssl=1\",\"datePublished\":\"2026-03-06T12:11:08+00:00\",\"dateModified\":\"2026-03-06T12:11:08+00:00\",\"author\":{\"@id\":\"https:\/\/ciudadyregion.com.co\/#\/schema\/person\/04a4954373ebc4051f46e8c65ff78622\"},\"breadcrumb\":{\"@id\":\"https:\/\/ciudadyregion.com.co\/index.php\/su-carino-se-queda-grabado-en-mi-alma-miguel-barreto-agradece-el-respaldo-a-la-campana-c3\/politica\/#breadcrumb\"},\"inLanguage\":\"es\",\"potentialAction\":[{\"@type\":\"ReadAction\",\"target\":[\"https:\/\/ciudadyregion.com.co\/index.php\/su-carino-se-queda-grabado-en-mi-alma-miguel-barreto-agradece-el-respaldo-a-la-campana-c3\/politica\/\"]}]},{\"@type\":\"ImageObject\",\"inLanguage\":\"es\",\"@id\":\"https:\/\/ciudadyregion.com.co\/index.php\/su-carino-se-queda-grabado-en-mi-alma-miguel-barreto-agradece-el-respaldo-a-la-campana-c3\/politica\/#primaryimage\",\"url\":\"https:\/\/i0.wp.com\/ciudadyregion.com.co\/wp-content\/uploads\/2026\/03\/Pag-2026-03-06T071020.030.jpg?fit=800%2C445&ssl=1\",\"contentUrl\":\"https:\/\/i0.wp.com\/ciudadyregion.com.co\/wp-content\/uploads\/2026\/03\/Pag-2026-03-06T071020.030.jpg?fit=800%2C445&ssl=1\",\"width\":800,\"height\":445},{\"@type\":\"BreadcrumbList\",\"@id\":\"https:\/\/ciudadyregion.com.co\/index.php\/su-carino-se-queda-grabado-en-mi-alma-miguel-barreto-agradece-el-respaldo-a-la-campana-c3\/politica\/#breadcrumb\",\"itemListElement\":[{\"@type\":\"ListItem\",\"position\":1,\"name\":\"Portada\",\"item\":\"https:\/\/ciudadyregion.com.co\/\"},{\"@type\":\"ListItem\",\"position\":2,\"name\":\"Su cari\u00f1o se queda grabado en mi alma\u201d: Miguel Barreto agradece el respaldo a la campa\u00f1a C3\"}]},{\"@type\":\"WebSite\",\"@id\":\"https:\/\/ciudadyregion.com.co\/#website\",\"url\":\"https:\/\/ciudadyregion.com.co\/\",\"name\":\"Ciudad y Region\",\"description\":\"\",\"potentialAction\":[{\"@type\":\"SearchAction\",\"target\":{\"@type\":\"EntryPoint\",\"urlTemplate\":\"https:\/\/ciudadyregion.com.co\/?s={search_term_string}\"},\"query-input\":{\"@type\":\"PropertyValueSpecification\",\"valueRequired\":true,\"valueName\":\"search_term_string\"}}],\"inLanguage\":\"es\"},{\"@type\":\"Person\",\"@id\":\"https:\/\/ciudadyregion.com.co\/#\/schema\/person\/04a4954373ebc4051f46e8c65ff78622\",\"name\":\"David Andr\u00e9s Aguirre\",\"image\":{\"@type\":\"ImageObject\",\"inLanguage\":\"es\",\"@id\":\"https:\/\/ciudadyregion.com.co\/#\/schema\/person\/image\/\",\"url\":\"https:\/\/secure.gravatar.com\/avatar\/bc3c655860202182ee6d1b5edd042dbe?s=96&d=mm&r=g\",\"contentUrl\":\"https:\/\/secure.gravatar.com\/avatar\/bc3c655860202182ee6d1b5edd042dbe?s=96&d=mm&r=g\",\"caption\":\"David Andr\u00e9s Aguirre\"},\"url\":\"https:\/\/ciudadyregion.com.co\/index.php\/author\/diegoaguirre\/\"}]}<\/script>\n<!-- \/ Yoast SEO plugin. -->","yoast_head_json":{"title":"Su cari\u00f1o se queda grabado en mi alma\u201d: Miguel Barreto agradece el respaldo a la campa\u00f1a C3 - Ciudad y Region","robots":{"index":"index","follow":"follow","max-snippet":"max-snippet:-1","max-image-preview":"max-image-preview:large","max-video-preview":"max-video-preview:-1"},"canonical":"https:\/\/ciudadyregion.com.co\/index.php\/su-carino-se-queda-grabado-en-mi-alma-miguel-barreto-agradece-el-respaldo-a-la-campana-c3\/politica\/","og_locale":"es_ES","og_type":"article","og_title":"Su cari\u00f1o se queda grabado en mi alma\u201d: Miguel Barreto agradece el respaldo a la campa\u00f1a C3 - Ciudad y Region","og_description":"Conmovido por el recibimiento en cada hogar, barrio y vereda, el senador Miguel Barreto envi\u00f3 un mensaje de gratitud profunda a quienes entregaron su tiempo y esperanza a la campa\u00f1a del C3. M\u00e1s all\u00e1 de las cifras, el senador destac\u00f3 la grandeza de una campa\u00f1a hecha a mano: las banderasContinuar Leyendo","og_url":"https:\/\/ciudadyregion.com.co\/index.php\/su-carino-se-queda-grabado-en-mi-alma-miguel-barreto-agradece-el-respaldo-a-la-campana-c3\/politica\/","og_site_name":"Ciudad y Region","article_published_time":"2026-03-06T12:11:08+00:00","og_image":[{"width":800,"height":445,"url":"https:\/\/ciudadyregion.com.co\/wp-content\/uploads\/2026\/03\/Pag-2026-03-06T071020.030.jpg","type":"image\/jpeg"}],"author":"David Andr\u00e9s Aguirre","twitter_card":"summary_large_image","twitter_misc":{"Escrito por":"David Andr\u00e9s Aguirre","Tiempo de lectura":"1 minuto"},"schema":{"@context":"https:\/\/schema.org","@graph":[{"@type":"WebPage","@id":"https:\/\/ciudadyregion.com.co\/index.php\/su-carino-se-queda-grabado-en-mi-alma-miguel-barreto-agradece-el-respaldo-a-la-campana-c3\/politica\/","url":"https:\/\/ciudadyregion.com.co\/index.php\/su-carino-se-queda-grabado-en-mi-alma-miguel-barreto-agradece-el-respaldo-a-la-campana-c3\/politica\/","name":"Su cari\u00f1o se queda grabado en mi alma\u201d: Miguel Barreto agradece el respaldo a la campa\u00f1a C3 - Ciudad y Region","isPartOf":{"@id":"https:\/\/ciudadyregion.com.co\/#website"},"primaryImageOfPage":{"@id":"https:\/\/ciudadyregion.com.co\/index.php\/su-carino-se-queda-grabado-en-mi-alma-miguel-barreto-agradece-el-respaldo-a-la-campana-c3\/politica\/#primaryimage"},"image":{"@id":"https:\/\/ciudadyregion.com.co\/index.php\/su-carino-se-queda-grabado-en-mi-alma-miguel-barreto-agradece-el-respaldo-a-la-campana-c3\/politica\/#primaryimage"},"thumbnailUrl":"https:\/\/i0.wp.com\/ciudadyregion.com.co\/wp-content\/uploads\/2026\/03\/Pag-2026-03-06T071020.030.jpg?fit=800%2C445&ssl=1","datePublished":"2026-03-06T12:11:08+00:00","dateModified":"2026-03-06T12:11:08+00:00","author":{"@id":"https:\/\/ciudadyregion.com.co\/#\/schema\/person\/04a4954373ebc4051f46e8c65ff78622"},"breadcrumb":{"@id":"https:\/\/ciudadyregion.com.co\/index.php\/su-carino-se-queda-grabado-en-mi-alma-miguel-barreto-agradece-el-respaldo-a-la-campana-c3\/politica\/#breadcrumb"},"inLanguage":"es","potentialAction":[{"@type":"ReadAction","target":["https:\/\/ciudadyregion.com.co\/index.php\/su-carino-se-queda-grabado-en-mi-alma-miguel-barreto-agradece-el-respaldo-a-la-campana-c3\/politica\/"]}]},{"@type":"ImageObject","inLanguage":"es","@id":"https:\/\/ciudadyregion.com.co\/index.php\/su-carino-se-queda-grabado-en-mi-alma-miguel-barreto-agradece-el-respaldo-a-la-campana-c3\/politica\/#primaryimage","url":"https:\/\/i0.wp.com\/ciudadyregion.com.co\/wp-content\/uploads\/2026\/03\/Pag-2026-03-06T071020.030.jpg?fit=800%2C445&ssl=1","contentUrl":"https:\/\/i0.wp.com\/ciudadyregion.com.co\/wp-content\/uploads\/2026\/03\/Pag-2026-03-06T071020.030.jpg?fit=800%2C445&ssl=1","width":800,"height":445},{"@type":"BreadcrumbList","@id":"https:\/\/ciudadyregion.com.co\/index.php\/su-carino-se-queda-grabado-en-mi-alma-miguel-barreto-agradece-el-respaldo-a-la-campana-c3\/politica\/#breadcrumb","itemListElement":[{"@type":"ListItem","position":1,"name":"Portada","item":"https:\/\/ciudadyregion.com.co\/"},{"@type":"ListItem","position":2,"name":"Su cari\u00f1o se queda grabado en mi alma\u201d: Miguel Barreto agradece el respaldo a la campa\u00f1a C3"}]},{"@type":"WebSite","@id":"https:\/\/ciudadyregion.com.co\/#website","url":"https:\/\/ciudadyregion.com.co\/","name":"Ciudad y Region","description":"","potentialAction":[{"@type":"SearchAction","target":{"@type":"EntryPoint","urlTemplate":"https:\/\/ciudadyregion.com.co\/?s={search_term_string}"},"query-input":{"@type":"PropertyValueSpecification","valueRequired":true,"valueName":"search_term_string"}}],"inLanguage":"es"},{"@type":"Person","@id":"https:\/\/ciudadyregion.com.co\/#\/schema\/person\/04a4954373ebc4051f46e8c65ff78622","name":"David Andr\u00e9s Aguirre","image":{"@type":"ImageObject","inLanguage":"es","@id":"https:\/\/ciudadyregion.com.co\/#\/schema\/person\/image\/","url":"https:\/\/secure.gravatar.com\/avatar\/bc3c655860202182ee6d1b5edd042dbe?s=96&d=mm&r=g","contentUrl":"https:\/\/secure.gravatar.com\/avatar\/bc3c655860202182ee6d1b5edd042dbe?s=96&d=mm&r=g","caption":"David Andr\u00e9s Aguirre"},"url":"https:\/\/ciudadyregion.com.co\/index.php\/author\/diegoaguirre\/"}]}},"jetpack_featured_media_url":"https:\/\/i0.wp.com\/ciudadyregion.com.co\/wp-content\/uploads\/2026\/03\/Pag-2026-03-06T071020.030.jpg?fit=800%2C445&ssl=1","jetpack_sharing_enabled":true,"jetpack_shortlink":"https:\/\/wp.me\/pbS7hh-eLl","jetpack-related-posts":[],"_links":{"self":[{"href":"https:\/\/ciudadyregion.com.co\/index.php\/wp-json\/wp\/v2\/posts\/56751"}],"collection":[{"href":"https:\/\/ciudadyregion.com.co\/index.php\/wp-json\/wp\/v2\/posts"}],"about":[{"href":"https:\/\/ciudadyregion.com.co\/index.php\/wp-json\/wp\/v2\/types\/post"}],"author":[{"embeddable":true,"href":"https:\/\/ciudadyregion.com.co\/index.php\/wp-json\/wp\/v2\/users\/2"}],"replies":[{"embeddable":true,"href":"https:\/\/ciudadyregion.com.co\/index.php\/wp-json\/wp\/v2\/comments?post=56751"}],"version-history":[{"count":1,"href":"https:\/\/ciudadyregion.com.co\/index.php\/wp-json\/wp\/v2\/posts\/56751\/revisions"}],"predecessor-version":[{"id":56753,"href":"https:\/\/ciudadyregion.com.co\/index.php\/wp-json\/wp\/v2\/posts\/56751\/revisions\/56753"}],"wp:featuredmedia":[{"embeddable":true,"href":"https:\/\/ciudadyregion.com.co\/index.php\/wp-json\/wp\/v2\/media\/56752"}],"wp:attachment":[{"href":"https:\/\/ciudadyregion.com.co\/index.php\/wp-json\/wp\/v2\/media?parent=56751"}],"wp:term":[{"taxonomy":"category","embeddable":true,"href":"https:\/\/ciudadyregion.com.co\/index.php\/wp-json\/wp\/v2\/categories?post=56751"},{"taxonomy":"post_tag","embeddable":true,"href":"https:\/\/ciudadyregion.com.co\/index.php\/wp-json\/wp\/v2\/tags?post=56751"}],"curies":[{"name":"wp","href":"https:\/\/api.w.org\/{rel}","templated":true}]}}