{"id":56469,"date":"2026-02-01T21:54:54","date_gmt":"2026-02-02T02:54:54","guid":{"rendered":"https:\/\/ciudadyregion.com.co\/?p=56469"},"modified":"2026-03-01T21:59:44","modified_gmt":"2026-03-02T02:59:44","slug":"eventos-de-cierre-de-campana-del-senador-miguel-barreto-estremecieron-municipios-de-boyaca","status":"publish","type":"post","link":"https:\/\/ciudadyregion.com.co\/index.php\/eventos-de-cierre-de-campana-del-senador-miguel-barreto-estremecieron-municipios-de-boyaca\/politica\/","title":{"rendered":"Eventos de cierre de campa\u00f1a del senador Miguel Barreto estremecieron municipios de Boyac\u00e1"},"content":{"rendered":"<p>Mongu\u00ed, Ventaquemada, Duitama, San Luis de Gaceno, Garagoa, Sotaquir\u00e1 y Sutatenza respaldaron masivamente el liderazgo del senador Miguel \u00c1ngel Barreto.<\/p>\n<p>Con recintos desbordados y un ambiente de masiva participaci\u00f3n, los eventos de cierre de campa\u00f1a de Miguel Barreto marcaron la diferencia en el departamento. La fuerza de estos encuentros demostr\u00f3 que su mensaje de bienestar y defensa regional ha llegado con claridad a los ciudadanos.<\/p>\n<p>El gran encuentro de cierre de campa\u00f1a en Sutatenza fue un punto de m\u00e1xima energ\u00eda. Delegaciones de toda la provincia llegaron para abrazar la propuesta del senador, convirtiendo cada espacio de reuni\u00f3n en un s\u00edmbolo de unidad para el Valle de Tenza.<\/p>\n<p>Esta etapa de reuniones masivas dej\u00f3 en evidencia el peso pol\u00edtico de su proyecto y el respaldo de un pueblo que valora su presencia constante en el territorio. Miles de boyacenses se volcaron a las sedes y escenarios p\u00fablicos para ratificar que el senador Miguel \u00c1ngel Barreto es el l\u00edder que representa sus intereses.<\/p>\n<p>Fuerza pol\u00edtica y respaldo ciudadano<\/p>\n<p>Desde la tradici\u00f3n de Mongu\u00ed, Sotaquir\u00e1 y Ventaquemada, hasta el empuje comercial de Duitama, el respaldo fue total. Familias campesinas y sectores productivos se unieron en una sola voz para apoyar una gesti\u00f3n que ha entregado resultados concretos por el departamento.<\/p>\n<p>\u00abVer estos escenarios llenos es un compromiso de vida con cada familia que me abre su coraz\u00f3n. No es solo un apoyo electoral, es la confianza en un trabajo serio\u00bb, expres\u00f3 el senador Miguel \u00c1ngel Barreto.<\/p>\n<p>La contundencia de estos cierres confirma que el proyecto de Miguel Barreto es un movimiento s\u00f3lido. Para el congresista, el respaldo ciudadano es el principal motor de su gesti\u00f3n: \u00abNuestra fuerza es la uni\u00f3n y el deseo de ver a Boyac\u00e1 siempre en los primeros renglones del desarrollo nacional\u00bb, se\u00f1al\u00f3 ante la multitud.<\/p>\n<p>El senador Miguel Barreto encara los d\u00edas definitivos con un respaldo humano significativo. Los sectores sociales ven en \u00e9l a un representante con la capacidad y la sensibilidad necesarias para gestionar el futuro de Boyac\u00e1 desde el Senado de la Rep\u00fablica.<\/p>\n","protected":false},"excerpt":{"rendered":"<p>Mongu\u00ed, Ventaquemada, Duitama, San Luis de Gaceno, Garagoa, Sotaquir\u00e1 y Sutatenza respaldaron masivamente el liderazgo del senador Miguel \u00c1ngel Barreto. Con recintos desbordados y un ambiente de masiva participaci\u00f3n, los eventos de cierre de campa\u00f1a de Miguel Barreto marcaron la diferencia en el departamento. La fuerza de estos encuentros demostr\u00f3<span class=\"more-link\"><a href=\"https:\/\/ciudadyregion.com.co\/index.php\/eventos-de-cierre-de-campana-del-senador-miguel-barreto-estremecieron-municipios-de-boyaca\/politica\/\">Continuar Leyendo<\/a><\/span><\/p>\n","protected":false},"author":2,"featured_media":56470,"comment_status":"open","ping_status":"open","sticky":false,"template":"","format":"standard","meta":{"_uf_show_specific_survey":0,"_uf_disable_surveys":false,"_jetpack_memberships_contains_paid_content":false,"footnotes":"","jetpack_publicize_message":"","jetpack_publicize_feature_enabled":true,"jetpack_social_post_already_shared":true,"jetpack_social_options":{"image_generator_settings":{"template":"highway","enabled":false},"version":2}},"categories":[17],"tags":[],"class_list":["entry","author-diegoaguirre","post-56469","post","type-post","status-publish","format-standard","has-post-thumbnail","category-politica"],"jetpack_publicize_connections":[],"yoast_head":"<!-- This site is optimized with the Yoast SEO plugin v24.3 - https:\/\/yoast.com\/wordpress\/plugins\/seo\/ -->\n<title>Eventos de cierre de campa\u00f1a del senador Miguel Barreto estremecieron municipios de Boyac\u00e1 - Ciudad y Region<\/title>\n<meta name=\"robots\" content=\"index, follow, max-snippet:-1, max-image-preview:large, max-video-preview:-1\" \/>\n<link rel=\"canonical\" href=\"https:\/\/ciudadyregion.com.co\/index.php\/eventos-de-cierre-de-campana-del-senador-miguel-barreto-estremecieron-municipios-de-boyaca\/politica\/\" \/>\n<meta property=\"og:locale\" content=\"es_ES\" \/>\n<meta property=\"og:type\" content=\"article\" \/>\n<meta property=\"og:title\" content=\"Eventos de cierre de campa\u00f1a del senador Miguel Barreto estremecieron municipios de Boyac\u00e1 - Ciudad y Region\" \/>\n<meta property=\"og:description\" content=\"Mongu\u00ed, Ventaquemada, Duitama, San Luis de Gaceno, Garagoa, Sotaquir\u00e1 y Sutatenza respaldaron masivamente el liderazgo del senador Miguel \u00c1ngel Barreto. Con recintos desbordados y un ambiente de masiva participaci\u00f3n, los eventos de cierre de campa\u00f1a de Miguel Barreto marcaron la diferencia en el departamento. La fuerza de estos encuentros demostr\u00f3Continuar Leyendo\" \/>\n<meta property=\"og:url\" content=\"https:\/\/ciudadyregion.com.co\/index.php\/eventos-de-cierre-de-campana-del-senador-miguel-barreto-estremecieron-municipios-de-boyaca\/politica\/\" \/>\n<meta property=\"og:site_name\" content=\"Ciudad y Region\" \/>\n<meta property=\"article:published_time\" content=\"2026-02-02T02:54:54+00:00\" \/>\n<meta property=\"article:modified_time\" content=\"2026-03-02T02:59:44+00:00\" \/>\n<meta property=\"og:image\" content=\"https:\/\/ciudadyregion.com.co\/wp-content\/uploads\/2026\/03\/a.jpg\" \/>\n\t<meta property=\"og:image:width\" content=\"800\" \/>\n\t<meta property=\"og:image:height\" content=\"445\" \/>\n\t<meta property=\"og:image:type\" content=\"image\/jpeg\" \/>\n<meta name=\"author\" content=\"David Andr\u00e9s Aguirre\" \/>\n<meta name=\"twitter:card\" content=\"summary_large_image\" \/>\n<meta name=\"twitter:label1\" content=\"Escrito por\" \/>\n\t<meta name=\"twitter:data1\" content=\"David Andr\u00e9s Aguirre\" \/>\n\t<meta name=\"twitter:label2\" content=\"Tiempo de lectura\" \/>\n\t<meta name=\"twitter:data2\" content=\"2 minutos\" \/>\n<script type=\"application\/ld+json\" class=\"yoast-schema-graph\">{\"@context\":\"https:\/\/schema.org\",\"@graph\":[{\"@type\":\"WebPage\",\"@id\":\"https:\/\/ciudadyregion.com.co\/index.php\/eventos-de-cierre-de-campana-del-senador-miguel-barreto-estremecieron-municipios-de-boyaca\/politica\/\",\"url\":\"https:\/\/ciudadyregion.com.co\/index.php\/eventos-de-cierre-de-campana-del-senador-miguel-barreto-estremecieron-municipios-de-boyaca\/politica\/\",\"name\":\"Eventos de cierre de campa\u00f1a del senador Miguel Barreto estremecieron municipios de Boyac\u00e1 - Ciudad y Region\",\"isPartOf\":{\"@id\":\"https:\/\/ciudadyregion.com.co\/#website\"},\"primaryImageOfPage\":{\"@id\":\"https:\/\/ciudadyregion.com.co\/index.php\/eventos-de-cierre-de-campana-del-senador-miguel-barreto-estremecieron-municipios-de-boyaca\/politica\/#primaryimage\"},\"image\":{\"@id\":\"https:\/\/ciudadyregion.com.co\/index.php\/eventos-de-cierre-de-campana-del-senador-miguel-barreto-estremecieron-municipios-de-boyaca\/politica\/#primaryimage\"},\"thumbnailUrl\":\"https:\/\/i0.wp.com\/ciudadyregion.com.co\/wp-content\/uploads\/2026\/03\/a.jpg?fit=800%2C445&ssl=1\",\"datePublished\":\"2026-02-02T02:54:54+00:00\",\"dateModified\":\"2026-03-02T02:59:44+00:00\",\"author\":{\"@id\":\"https:\/\/ciudadyregion.com.co\/#\/schema\/person\/04a4954373ebc4051f46e8c65ff78622\"},\"breadcrumb\":{\"@id\":\"https:\/\/ciudadyregion.com.co\/index.php\/eventos-de-cierre-de-campana-del-senador-miguel-barreto-estremecieron-municipios-de-boyaca\/politica\/#breadcrumb\"},\"inLanguage\":\"es\",\"potentialAction\":[{\"@type\":\"ReadAction\",\"target\":[\"https:\/\/ciudadyregion.com.co\/index.php\/eventos-de-cierre-de-campana-del-senador-miguel-barreto-estremecieron-municipios-de-boyaca\/politica\/\"]}]},{\"@type\":\"ImageObject\",\"inLanguage\":\"es\",\"@id\":\"https:\/\/ciudadyregion.com.co\/index.php\/eventos-de-cierre-de-campana-del-senador-miguel-barreto-estremecieron-municipios-de-boyaca\/politica\/#primaryimage\",\"url\":\"https:\/\/i0.wp.com\/ciudadyregion.com.co\/wp-content\/uploads\/2026\/03\/a.jpg?fit=800%2C445&ssl=1\",\"contentUrl\":\"https:\/\/i0.wp.com\/ciudadyregion.com.co\/wp-content\/uploads\/2026\/03\/a.jpg?fit=800%2C445&ssl=1\",\"width\":800,\"height\":445},{\"@type\":\"BreadcrumbList\",\"@id\":\"https:\/\/ciudadyregion.com.co\/index.php\/eventos-de-cierre-de-campana-del-senador-miguel-barreto-estremecieron-municipios-de-boyaca\/politica\/#breadcrumb\",\"itemListElement\":[{\"@type\":\"ListItem\",\"position\":1,\"name\":\"Portada\",\"item\":\"https:\/\/ciudadyregion.com.co\/\"},{\"@type\":\"ListItem\",\"position\":2,\"name\":\"Eventos de cierre de campa\u00f1a del senador Miguel Barreto estremecieron municipios de Boyac\u00e1\"}]},{\"@type\":\"WebSite\",\"@id\":\"https:\/\/ciudadyregion.com.co\/#website\",\"url\":\"https:\/\/ciudadyregion.com.co\/\",\"name\":\"Ciudad y Region\",\"description\":\"\",\"potentialAction\":[{\"@type\":\"SearchAction\",\"target\":{\"@type\":\"EntryPoint\",\"urlTemplate\":\"https:\/\/ciudadyregion.com.co\/?s={search_term_string}\"},\"query-input\":{\"@type\":\"PropertyValueSpecification\",\"valueRequired\":true,\"valueName\":\"search_term_string\"}}],\"inLanguage\":\"es\"},{\"@type\":\"Person\",\"@id\":\"https:\/\/ciudadyregion.com.co\/#\/schema\/person\/04a4954373ebc4051f46e8c65ff78622\",\"name\":\"David Andr\u00e9s Aguirre\",\"image\":{\"@type\":\"ImageObject\",\"inLanguage\":\"es\",\"@id\":\"https:\/\/ciudadyregion.com.co\/#\/schema\/person\/image\/\",\"url\":\"https:\/\/secure.gravatar.com\/avatar\/bc3c655860202182ee6d1b5edd042dbe?s=96&d=mm&r=g\",\"contentUrl\":\"https:\/\/secure.gravatar.com\/avatar\/bc3c655860202182ee6d1b5edd042dbe?s=96&d=mm&r=g\",\"caption\":\"David Andr\u00e9s Aguirre\"},\"url\":\"https:\/\/ciudadyregion.com.co\/index.php\/author\/diegoaguirre\/\"}]}<\/script>\n<!-- \/ Yoast SEO plugin. -->","yoast_head_json":{"title":"Eventos de cierre de campa\u00f1a del senador Miguel Barreto estremecieron municipios de Boyac\u00e1 - Ciudad y Region","robots":{"index":"index","follow":"follow","max-snippet":"max-snippet:-1","max-image-preview":"max-image-preview:large","max-video-preview":"max-video-preview:-1"},"canonical":"https:\/\/ciudadyregion.com.co\/index.php\/eventos-de-cierre-de-campana-del-senador-miguel-barreto-estremecieron-municipios-de-boyaca\/politica\/","og_locale":"es_ES","og_type":"article","og_title":"Eventos de cierre de campa\u00f1a del senador Miguel Barreto estremecieron municipios de Boyac\u00e1 - Ciudad y Region","og_description":"Mongu\u00ed, Ventaquemada, Duitama, San Luis de Gaceno, Garagoa, Sotaquir\u00e1 y Sutatenza respaldaron masivamente el liderazgo del senador Miguel \u00c1ngel Barreto. Con recintos desbordados y un ambiente de masiva participaci\u00f3n, los eventos de cierre de campa\u00f1a de Miguel Barreto marcaron la diferencia en el departamento. La fuerza de estos encuentros demostr\u00f3Continuar Leyendo","og_url":"https:\/\/ciudadyregion.com.co\/index.php\/eventos-de-cierre-de-campana-del-senador-miguel-barreto-estremecieron-municipios-de-boyaca\/politica\/","og_site_name":"Ciudad y Region","article_published_time":"2026-02-02T02:54:54+00:00","article_modified_time":"2026-03-02T02:59:44+00:00","og_image":[{"width":800,"height":445,"url":"https:\/\/ciudadyregion.com.co\/wp-content\/uploads\/2026\/03\/a.jpg","type":"image\/jpeg"}],"author":"David Andr\u00e9s Aguirre","twitter_card":"summary_large_image","twitter_misc":{"Escrito por":"David Andr\u00e9s Aguirre","Tiempo de lectura":"2 minutos"},"schema":{"@context":"https:\/\/schema.org","@graph":[{"@type":"WebPage","@id":"https:\/\/ciudadyregion.com.co\/index.php\/eventos-de-cierre-de-campana-del-senador-miguel-barreto-estremecieron-municipios-de-boyaca\/politica\/","url":"https:\/\/ciudadyregion.com.co\/index.php\/eventos-de-cierre-de-campana-del-senador-miguel-barreto-estremecieron-municipios-de-boyaca\/politica\/","name":"Eventos de cierre de campa\u00f1a del senador Miguel Barreto estremecieron municipios de Boyac\u00e1 - Ciudad y Region","isPartOf":{"@id":"https:\/\/ciudadyregion.com.co\/#website"},"primaryImageOfPage":{"@id":"https:\/\/ciudadyregion.com.co\/index.php\/eventos-de-cierre-de-campana-del-senador-miguel-barreto-estremecieron-municipios-de-boyaca\/politica\/#primaryimage"},"image":{"@id":"https:\/\/ciudadyregion.com.co\/index.php\/eventos-de-cierre-de-campana-del-senador-miguel-barreto-estremecieron-municipios-de-boyaca\/politica\/#primaryimage"},"thumbnailUrl":"https:\/\/i0.wp.com\/ciudadyregion.com.co\/wp-content\/uploads\/2026\/03\/a.jpg?fit=800%2C445&ssl=1","datePublished":"2026-02-02T02:54:54+00:00","dateModified":"2026-03-02T02:59:44+00:00","author":{"@id":"https:\/\/ciudadyregion.com.co\/#\/schema\/person\/04a4954373ebc4051f46e8c65ff78622"},"breadcrumb":{"@id":"https:\/\/ciudadyregion.com.co\/index.php\/eventos-de-cierre-de-campana-del-senador-miguel-barreto-estremecieron-municipios-de-boyaca\/politica\/#breadcrumb"},"inLanguage":"es","potentialAction":[{"@type":"ReadAction","target":["https:\/\/ciudadyregion.com.co\/index.php\/eventos-de-cierre-de-campana-del-senador-miguel-barreto-estremecieron-municipios-de-boyaca\/politica\/"]}]},{"@type":"ImageObject","inLanguage":"es","@id":"https:\/\/ciudadyregion.com.co\/index.php\/eventos-de-cierre-de-campana-del-senador-miguel-barreto-estremecieron-municipios-de-boyaca\/politica\/#primaryimage","url":"https:\/\/i0.wp.com\/ciudadyregion.com.co\/wp-content\/uploads\/2026\/03\/a.jpg?fit=800%2C445&ssl=1","contentUrl":"https:\/\/i0.wp.com\/ciudadyregion.com.co\/wp-content\/uploads\/2026\/03\/a.jpg?fit=800%2C445&ssl=1","width":800,"height":445},{"@type":"BreadcrumbList","@id":"https:\/\/ciudadyregion.com.co\/index.php\/eventos-de-cierre-de-campana-del-senador-miguel-barreto-estremecieron-municipios-de-boyaca\/politica\/#breadcrumb","itemListElement":[{"@type":"ListItem","position":1,"name":"Portada","item":"https:\/\/ciudadyregion.com.co\/"},{"@type":"ListItem","position":2,"name":"Eventos de cierre de campa\u00f1a del senador Miguel Barreto estremecieron municipios de Boyac\u00e1"}]},{"@type":"WebSite","@id":"https:\/\/ciudadyregion.com.co\/#website","url":"https:\/\/ciudadyregion.com.co\/","name":"Ciudad y Region","description":"","potentialAction":[{"@type":"SearchAction","target":{"@type":"EntryPoint","urlTemplate":"https:\/\/ciudadyregion.com.co\/?s={search_term_string}"},"query-input":{"@type":"PropertyValueSpecification","valueRequired":true,"valueName":"search_term_string"}}],"inLanguage":"es"},{"@type":"Person","@id":"https:\/\/ciudadyregion.com.co\/#\/schema\/person\/04a4954373ebc4051f46e8c65ff78622","name":"David Andr\u00e9s Aguirre","image":{"@type":"ImageObject","inLanguage":"es","@id":"https:\/\/ciudadyregion.com.co\/#\/schema\/person\/image\/","url":"https:\/\/secure.gravatar.com\/avatar\/bc3c655860202182ee6d1b5edd042dbe?s=96&d=mm&r=g","contentUrl":"https:\/\/secure.gravatar.com\/avatar\/bc3c655860202182ee6d1b5edd042dbe?s=96&d=mm&r=g","caption":"David Andr\u00e9s Aguirre"},"url":"https:\/\/ciudadyregion.com.co\/index.php\/author\/diegoaguirre\/"}]}},"jetpack_featured_media_url":"https:\/\/i0.wp.com\/ciudadyregion.com.co\/wp-content\/uploads\/2026\/03\/a.jpg?fit=800%2C445&ssl=1","jetpack_sharing_enabled":true,"jetpack_shortlink":"https:\/\/wp.me\/pbS7hh-eGN","jetpack-related-posts":[],"_links":{"self":[{"href":"https:\/\/ciudadyregion.com.co\/index.php\/wp-json\/wp\/v2\/posts\/56469"}],"collection":[{"href":"https:\/\/ciudadyregion.com.co\/index.php\/wp-json\/wp\/v2\/posts"}],"about":[{"href":"https:\/\/ciudadyregion.com.co\/index.php\/wp-json\/wp\/v2\/types\/post"}],"author":[{"embeddable":true,"href":"https:\/\/ciudadyregion.com.co\/index.php\/wp-json\/wp\/v2\/users\/2"}],"replies":[{"embeddable":true,"href":"https:\/\/ciudadyregion.com.co\/index.php\/wp-json\/wp\/v2\/comments?post=56469"}],"version-history":[{"count":1,"href":"https:\/\/ciudadyregion.com.co\/index.php\/wp-json\/wp\/v2\/posts\/56469\/revisions"}],"predecessor-version":[{"id":56471,"href":"https:\/\/ciudadyregion.com.co\/index.php\/wp-json\/wp\/v2\/posts\/56469\/revisions\/56471"}],"wp:featuredmedia":[{"embeddable":true,"href":"https:\/\/ciudadyregion.com.co\/index.php\/wp-json\/wp\/v2\/media\/56470"}],"wp:attachment":[{"href":"https:\/\/ciudadyregion.com.co\/index.php\/wp-json\/wp\/v2\/media?parent=56469"}],"wp:term":[{"taxonomy":"category","embeddable":true,"href":"https:\/\/ciudadyregion.com.co\/index.php\/wp-json\/wp\/v2\/categories?post=56469"},{"taxonomy":"post_tag","embeddable":true,"href":"https:\/\/ciudadyregion.com.co\/index.php\/wp-json\/wp\/v2\/tags?post=56469"}],"curies":[{"name":"wp","href":"https:\/\/api.w.org\/{rel}","templated":true}]}}