{"id":55846,"date":"2026-02-20T03:11:20","date_gmt":"2026-02-20T08:11:20","guid":{"rendered":"https:\/\/ciudadyregion.com.co\/?p=55846"},"modified":"2026-02-23T05:11:38","modified_gmt":"2026-02-23T10:11:38","slug":"cortolima-construira-nueva-planta-de-tratamiento-de-aguas-residuales-en-alpujarra","status":"publish","type":"post","link":"https:\/\/ciudadyregion.com.co\/index.php\/cortolima-construira-nueva-planta-de-tratamiento-de-aguas-residuales-en-alpujarra\/regional\/","title":{"rendered":"Cortolima construir\u00e1 nueva Planta de Tratamiento de Aguas Residuales en Alpujarra"},"content":{"rendered":"<p>La directora de la entidad, Olga Luc\u00eda Alfonso, anunci\u00f3 que se destinar\u00e1n $2.957 millones para cofinanciar una obra clave para el saneamiento b\u00e1sico del municipio.<\/p>\n<p>En el segundo semestre de 2026, la Corporaci\u00f3n Aut\u00f3noma Regional del Tolima, Cortolima, iniciar\u00e1 la construcci\u00f3n de una de las obras ambientales m\u00e1s esperadas de Alpujarra: la Planta de Tratamiento de Aguas Residuales (PTAR) del centro poblado El Carmen, as\u00ed lo anunci\u00f3 la directora de la entidad, Olga Luc\u00eda Alfonso Iannini, durante un evento en ese municipio del suroriente tolimense.<\/p>\n<p>La autoridad ambiental destinar\u00e1 $2.957 millones, mientras que la Alcald\u00eda de Alpujarra aportar\u00e1 $328 millones en una obra de saneamiento b\u00e1sico que evitar\u00e1 la contaminaci\u00f3n de fuentes h\u00eddricas, el deterioro de ecosistemas y mejorar\u00e1 la calidad de vida de al menos 3.000 personas del centro poblado y sectores aleda\u00f1os.<\/p>\n<p>\u00abEste proyecto va a beneficiar a una gran cantidad de habitantes, pero, sobre todo, va a mejorar las condiciones para que los vertimientos no lleguen a las quebradas ni a las fuentes h\u00eddricas. El alcalde, de manera juiciosa y responsable, elabor\u00f3 los estudios y dise\u00f1os. Ahora nosotros vamos a viabilizarlo y empezar el proceso contractual. Esperamos empezar la ejecuci\u00f3n de este proyecto en el segundo semestre del a\u00f1o\u00bb, afirm\u00f3 la directora.<\/p>\n<p>Seg\u00fan explic\u00f3 Alfonso Iannini ante comunidades rurales y urbanas de Alpujarra, tras varias mesas t\u00e9cnicas, se espera que la iniciativa est\u00e9 viabilizada la primera semana de marzo y as\u00ed dar inicio al proceso contractual de un proyecto que, adem\u00e1s de la PTAR, tambi\u00e9n contempla la contrucci\u00f3n de redes de alcantarillado sanitario.<\/p>\n<p>\u00abEsta era una promesa de muchos a\u00f1os en otras administraciones. En Cortolima ya presentamos los estudios y dise\u00f1os, y hemos venido adelantando mesas t\u00e9cnicas terminar la viabilidad. Ac\u00e1 estamos uniendo esfuerzos para responderle con hechos a este centro poblado y que es muy significativa para toda la poblaci\u00f3n de la parte alta de Alpujarra\u00bb, se\u00f1al\u00f3 el alcalde David Tovar.<\/p>\n<p>En su visita al municipio, la directora tambi\u00e9n anunci\u00f3 que durante este a\u00f1o se construir\u00e1n proyectos de mitigaci\u00f3n y adaptaci\u00f3n al cambio clim\u00e1tico y agroecolog\u00eda como 60 nuevas estufas ecoeficientes, 30 huertas caseras, 20 kits de Cosechas de agua (sistema de recolecci\u00f3n y reserva de agua lluvia), y diez sistemas de Tratamiento de Aguas Residuales.<\/p>\n<p>En suma, entre proyectos que ya est\u00e1n en marcha y se van a implementar este a\u00f1o, la corporaci\u00f3n habr\u00e1 destinado $5.334 millones en acciones de protecci\u00f3n, conservaci\u00f3n y restauraci\u00f3n del ambiente.<\/p>\n<p>Sobre las inversiones que ha realizado la corporaci\u00f3n en Alpujarra, Johana Rueda, integrante de grupo de l\u00edderes ambientales &#8216;Mujeres conservando el territorio&#8217;, afirm\u00f3: \u00abMucha gente se ha beneficiado con los proyectos que nos han tra\u00eddo. A Cortolima se le ha visto el compromiso con Alpujarra, con mejorar el ambiente y ayudar a las personas. Gracias por venir con hechos y realidades\u00bb.<\/p>\n","protected":false},"excerpt":{"rendered":"<p>La directora de la entidad, Olga Luc\u00eda Alfonso, anunci\u00f3 que se destinar\u00e1n $2.957 millones para cofinanciar una obra clave para el saneamiento b\u00e1sico del municipio. En el segundo semestre de 2026, la Corporaci\u00f3n Aut\u00f3noma Regional del Tolima, Cortolima, iniciar\u00e1 la construcci\u00f3n de una de las obras ambientales m\u00e1s esperadas de<span class=\"more-link\"><a href=\"https:\/\/ciudadyregion.com.co\/index.php\/cortolima-construira-nueva-planta-de-tratamiento-de-aguas-residuales-en-alpujarra\/regional\/\">Continuar Leyendo<\/a><\/span><\/p>\n","protected":false},"author":2,"featured_media":55847,"comment_status":"open","ping_status":"open","sticky":false,"template":"","format":"standard","meta":{"_uf_show_specific_survey":0,"_uf_disable_surveys":false,"_jetpack_memberships_contains_paid_content":false,"footnotes":"","jetpack_publicize_message":"","jetpack_publicize_feature_enabled":true,"jetpack_social_post_already_shared":true,"jetpack_social_options":{"image_generator_settings":{"template":"highway","enabled":false},"version":2}},"categories":[13],"tags":[],"class_list":["entry","author-diegoaguirre","post-55846","post","type-post","status-publish","format-standard","has-post-thumbnail","category-regional"],"jetpack_publicize_connections":[],"yoast_head":"<!-- This site is optimized with the Yoast SEO plugin v24.3 - https:\/\/yoast.com\/wordpress\/plugins\/seo\/ -->\n<title>Cortolima construir\u00e1 nueva Planta de Tratamiento de Aguas Residuales en Alpujarra - Ciudad y Region<\/title>\n<meta name=\"robots\" content=\"index, follow, max-snippet:-1, max-image-preview:large, max-video-preview:-1\" \/>\n<link rel=\"canonical\" href=\"https:\/\/ciudadyregion.com.co\/index.php\/cortolima-construira-nueva-planta-de-tratamiento-de-aguas-residuales-en-alpujarra\/regional\/\" \/>\n<meta property=\"og:locale\" content=\"es_ES\" \/>\n<meta property=\"og:type\" content=\"article\" \/>\n<meta property=\"og:title\" content=\"Cortolima construir\u00e1 nueva Planta de Tratamiento de Aguas Residuales en Alpujarra - Ciudad y Region\" \/>\n<meta property=\"og:description\" content=\"La directora de la entidad, Olga Luc\u00eda Alfonso, anunci\u00f3 que se destinar\u00e1n $2.957 millones para cofinanciar una obra clave para el saneamiento b\u00e1sico del municipio. En el segundo semestre de 2026, la Corporaci\u00f3n Aut\u00f3noma Regional del Tolima, Cortolima, iniciar\u00e1 la construcci\u00f3n de una de las obras ambientales m\u00e1s esperadas deContinuar Leyendo\" \/>\n<meta property=\"og:url\" content=\"https:\/\/ciudadyregion.com.co\/index.php\/cortolima-construira-nueva-planta-de-tratamiento-de-aguas-residuales-en-alpujarra\/regional\/\" \/>\n<meta property=\"og:site_name\" content=\"Ciudad y Region\" \/>\n<meta property=\"article:published_time\" content=\"2026-02-20T08:11:20+00:00\" \/>\n<meta property=\"article:modified_time\" content=\"2026-02-23T10:11:38+00:00\" \/>\n<meta property=\"og:image\" content=\"https:\/\/ciudadyregion.com.co\/wp-content\/uploads\/2026\/02\/a-2026-02-23T051037.865.jpg\" \/>\n\t<meta property=\"og:image:width\" content=\"800\" \/>\n\t<meta property=\"og:image:height\" content=\"445\" \/>\n\t<meta property=\"og:image:type\" content=\"image\/jpeg\" \/>\n<meta name=\"author\" content=\"David Andr\u00e9s Aguirre\" \/>\n<meta name=\"twitter:card\" content=\"summary_large_image\" \/>\n<meta name=\"twitter:label1\" content=\"Escrito por\" \/>\n\t<meta name=\"twitter:data1\" content=\"David Andr\u00e9s Aguirre\" \/>\n\t<meta name=\"twitter:label2\" content=\"Tiempo de lectura\" \/>\n\t<meta name=\"twitter:data2\" content=\"3 minutos\" \/>\n<script type=\"application\/ld+json\" class=\"yoast-schema-graph\">{\"@context\":\"https:\/\/schema.org\",\"@graph\":[{\"@type\":\"WebPage\",\"@id\":\"https:\/\/ciudadyregion.com.co\/index.php\/cortolima-construira-nueva-planta-de-tratamiento-de-aguas-residuales-en-alpujarra\/regional\/\",\"url\":\"https:\/\/ciudadyregion.com.co\/index.php\/cortolima-construira-nueva-planta-de-tratamiento-de-aguas-residuales-en-alpujarra\/regional\/\",\"name\":\"Cortolima construir\u00e1 nueva Planta de Tratamiento de Aguas Residuales en Alpujarra - Ciudad y Region\",\"isPartOf\":{\"@id\":\"https:\/\/ciudadyregion.com.co\/#website\"},\"primaryImageOfPage\":{\"@id\":\"https:\/\/ciudadyregion.com.co\/index.php\/cortolima-construira-nueva-planta-de-tratamiento-de-aguas-residuales-en-alpujarra\/regional\/#primaryimage\"},\"image\":{\"@id\":\"https:\/\/ciudadyregion.com.co\/index.php\/cortolima-construira-nueva-planta-de-tratamiento-de-aguas-residuales-en-alpujarra\/regional\/#primaryimage\"},\"thumbnailUrl\":\"https:\/\/i0.wp.com\/ciudadyregion.com.co\/wp-content\/uploads\/2026\/02\/a-2026-02-23T051037.865.jpg?fit=800%2C445&ssl=1\",\"datePublished\":\"2026-02-20T08:11:20+00:00\",\"dateModified\":\"2026-02-23T10:11:38+00:00\",\"author\":{\"@id\":\"https:\/\/ciudadyregion.com.co\/#\/schema\/person\/04a4954373ebc4051f46e8c65ff78622\"},\"breadcrumb\":{\"@id\":\"https:\/\/ciudadyregion.com.co\/index.php\/cortolima-construira-nueva-planta-de-tratamiento-de-aguas-residuales-en-alpujarra\/regional\/#breadcrumb\"},\"inLanguage\":\"es\",\"potentialAction\":[{\"@type\":\"ReadAction\",\"target\":[\"https:\/\/ciudadyregion.com.co\/index.php\/cortolima-construira-nueva-planta-de-tratamiento-de-aguas-residuales-en-alpujarra\/regional\/\"]}]},{\"@type\":\"ImageObject\",\"inLanguage\":\"es\",\"@id\":\"https:\/\/ciudadyregion.com.co\/index.php\/cortolima-construira-nueva-planta-de-tratamiento-de-aguas-residuales-en-alpujarra\/regional\/#primaryimage\",\"url\":\"https:\/\/i0.wp.com\/ciudadyregion.com.co\/wp-content\/uploads\/2026\/02\/a-2026-02-23T051037.865.jpg?fit=800%2C445&ssl=1\",\"contentUrl\":\"https:\/\/i0.wp.com\/ciudadyregion.com.co\/wp-content\/uploads\/2026\/02\/a-2026-02-23T051037.865.jpg?fit=800%2C445&ssl=1\",\"width\":800,\"height\":445},{\"@type\":\"BreadcrumbList\",\"@id\":\"https:\/\/ciudadyregion.com.co\/index.php\/cortolima-construira-nueva-planta-de-tratamiento-de-aguas-residuales-en-alpujarra\/regional\/#breadcrumb\",\"itemListElement\":[{\"@type\":\"ListItem\",\"position\":1,\"name\":\"Portada\",\"item\":\"https:\/\/ciudadyregion.com.co\/\"},{\"@type\":\"ListItem\",\"position\":2,\"name\":\"Cortolima construir\u00e1 nueva Planta de Tratamiento de Aguas Residuales en Alpujarra\"}]},{\"@type\":\"WebSite\",\"@id\":\"https:\/\/ciudadyregion.com.co\/#website\",\"url\":\"https:\/\/ciudadyregion.com.co\/\",\"name\":\"Ciudad y Region\",\"description\":\"\",\"potentialAction\":[{\"@type\":\"SearchAction\",\"target\":{\"@type\":\"EntryPoint\",\"urlTemplate\":\"https:\/\/ciudadyregion.com.co\/?s={search_term_string}\"},\"query-input\":{\"@type\":\"PropertyValueSpecification\",\"valueRequired\":true,\"valueName\":\"search_term_string\"}}],\"inLanguage\":\"es\"},{\"@type\":\"Person\",\"@id\":\"https:\/\/ciudadyregion.com.co\/#\/schema\/person\/04a4954373ebc4051f46e8c65ff78622\",\"name\":\"David Andr\u00e9s Aguirre\",\"image\":{\"@type\":\"ImageObject\",\"inLanguage\":\"es\",\"@id\":\"https:\/\/ciudadyregion.com.co\/#\/schema\/person\/image\/\",\"url\":\"https:\/\/secure.gravatar.com\/avatar\/bc3c655860202182ee6d1b5edd042dbe?s=96&d=mm&r=g\",\"contentUrl\":\"https:\/\/secure.gravatar.com\/avatar\/bc3c655860202182ee6d1b5edd042dbe?s=96&d=mm&r=g\",\"caption\":\"David Andr\u00e9s Aguirre\"},\"url\":\"https:\/\/ciudadyregion.com.co\/index.php\/author\/diegoaguirre\/\"}]}<\/script>\n<!-- \/ Yoast SEO plugin. -->","yoast_head_json":{"title":"Cortolima construir\u00e1 nueva Planta de Tratamiento de Aguas Residuales en Alpujarra - Ciudad y Region","robots":{"index":"index","follow":"follow","max-snippet":"max-snippet:-1","max-image-preview":"max-image-preview:large","max-video-preview":"max-video-preview:-1"},"canonical":"https:\/\/ciudadyregion.com.co\/index.php\/cortolima-construira-nueva-planta-de-tratamiento-de-aguas-residuales-en-alpujarra\/regional\/","og_locale":"es_ES","og_type":"article","og_title":"Cortolima construir\u00e1 nueva Planta de Tratamiento de Aguas Residuales en Alpujarra - Ciudad y Region","og_description":"La directora de la entidad, Olga Luc\u00eda Alfonso, anunci\u00f3 que se destinar\u00e1n $2.957 millones para cofinanciar una obra clave para el saneamiento b\u00e1sico del municipio. En el segundo semestre de 2026, la Corporaci\u00f3n Aut\u00f3noma Regional del Tolima, Cortolima, iniciar\u00e1 la construcci\u00f3n de una de las obras ambientales m\u00e1s esperadas deContinuar Leyendo","og_url":"https:\/\/ciudadyregion.com.co\/index.php\/cortolima-construira-nueva-planta-de-tratamiento-de-aguas-residuales-en-alpujarra\/regional\/","og_site_name":"Ciudad y Region","article_published_time":"2026-02-20T08:11:20+00:00","article_modified_time":"2026-02-23T10:11:38+00:00","og_image":[{"width":800,"height":445,"url":"https:\/\/ciudadyregion.com.co\/wp-content\/uploads\/2026\/02\/a-2026-02-23T051037.865.jpg","type":"image\/jpeg"}],"author":"David Andr\u00e9s Aguirre","twitter_card":"summary_large_image","twitter_misc":{"Escrito por":"David Andr\u00e9s Aguirre","Tiempo de lectura":"3 minutos"},"schema":{"@context":"https:\/\/schema.org","@graph":[{"@type":"WebPage","@id":"https:\/\/ciudadyregion.com.co\/index.php\/cortolima-construira-nueva-planta-de-tratamiento-de-aguas-residuales-en-alpujarra\/regional\/","url":"https:\/\/ciudadyregion.com.co\/index.php\/cortolima-construira-nueva-planta-de-tratamiento-de-aguas-residuales-en-alpujarra\/regional\/","name":"Cortolima construir\u00e1 nueva Planta de Tratamiento de Aguas Residuales en Alpujarra - Ciudad y Region","isPartOf":{"@id":"https:\/\/ciudadyregion.com.co\/#website"},"primaryImageOfPage":{"@id":"https:\/\/ciudadyregion.com.co\/index.php\/cortolima-construira-nueva-planta-de-tratamiento-de-aguas-residuales-en-alpujarra\/regional\/#primaryimage"},"image":{"@id":"https:\/\/ciudadyregion.com.co\/index.php\/cortolima-construira-nueva-planta-de-tratamiento-de-aguas-residuales-en-alpujarra\/regional\/#primaryimage"},"thumbnailUrl":"https:\/\/i0.wp.com\/ciudadyregion.com.co\/wp-content\/uploads\/2026\/02\/a-2026-02-23T051037.865.jpg?fit=800%2C445&ssl=1","datePublished":"2026-02-20T08:11:20+00:00","dateModified":"2026-02-23T10:11:38+00:00","author":{"@id":"https:\/\/ciudadyregion.com.co\/#\/schema\/person\/04a4954373ebc4051f46e8c65ff78622"},"breadcrumb":{"@id":"https:\/\/ciudadyregion.com.co\/index.php\/cortolima-construira-nueva-planta-de-tratamiento-de-aguas-residuales-en-alpujarra\/regional\/#breadcrumb"},"inLanguage":"es","potentialAction":[{"@type":"ReadAction","target":["https:\/\/ciudadyregion.com.co\/index.php\/cortolima-construira-nueva-planta-de-tratamiento-de-aguas-residuales-en-alpujarra\/regional\/"]}]},{"@type":"ImageObject","inLanguage":"es","@id":"https:\/\/ciudadyregion.com.co\/index.php\/cortolima-construira-nueva-planta-de-tratamiento-de-aguas-residuales-en-alpujarra\/regional\/#primaryimage","url":"https:\/\/i0.wp.com\/ciudadyregion.com.co\/wp-content\/uploads\/2026\/02\/a-2026-02-23T051037.865.jpg?fit=800%2C445&ssl=1","contentUrl":"https:\/\/i0.wp.com\/ciudadyregion.com.co\/wp-content\/uploads\/2026\/02\/a-2026-02-23T051037.865.jpg?fit=800%2C445&ssl=1","width":800,"height":445},{"@type":"BreadcrumbList","@id":"https:\/\/ciudadyregion.com.co\/index.php\/cortolima-construira-nueva-planta-de-tratamiento-de-aguas-residuales-en-alpujarra\/regional\/#breadcrumb","itemListElement":[{"@type":"ListItem","position":1,"name":"Portada","item":"https:\/\/ciudadyregion.com.co\/"},{"@type":"ListItem","position":2,"name":"Cortolima construir\u00e1 nueva Planta de Tratamiento de Aguas Residuales en Alpujarra"}]},{"@type":"WebSite","@id":"https:\/\/ciudadyregion.com.co\/#website","url":"https:\/\/ciudadyregion.com.co\/","name":"Ciudad y Region","description":"","potentialAction":[{"@type":"SearchAction","target":{"@type":"EntryPoint","urlTemplate":"https:\/\/ciudadyregion.com.co\/?s={search_term_string}"},"query-input":{"@type":"PropertyValueSpecification","valueRequired":true,"valueName":"search_term_string"}}],"inLanguage":"es"},{"@type":"Person","@id":"https:\/\/ciudadyregion.com.co\/#\/schema\/person\/04a4954373ebc4051f46e8c65ff78622","name":"David Andr\u00e9s Aguirre","image":{"@type":"ImageObject","inLanguage":"es","@id":"https:\/\/ciudadyregion.com.co\/#\/schema\/person\/image\/","url":"https:\/\/secure.gravatar.com\/avatar\/bc3c655860202182ee6d1b5edd042dbe?s=96&d=mm&r=g","contentUrl":"https:\/\/secure.gravatar.com\/avatar\/bc3c655860202182ee6d1b5edd042dbe?s=96&d=mm&r=g","caption":"David Andr\u00e9s Aguirre"},"url":"https:\/\/ciudadyregion.com.co\/index.php\/author\/diegoaguirre\/"}]}},"jetpack_featured_media_url":"https:\/\/i0.wp.com\/ciudadyregion.com.co\/wp-content\/uploads\/2026\/02\/a-2026-02-23T051037.865.jpg?fit=800%2C445&ssl=1","jetpack_sharing_enabled":true,"jetpack_shortlink":"https:\/\/wp.me\/pbS7hh-ewK","jetpack-related-posts":[],"_links":{"self":[{"href":"https:\/\/ciudadyregion.com.co\/index.php\/wp-json\/wp\/v2\/posts\/55846"}],"collection":[{"href":"https:\/\/ciudadyregion.com.co\/index.php\/wp-json\/wp\/v2\/posts"}],"about":[{"href":"https:\/\/ciudadyregion.com.co\/index.php\/wp-json\/wp\/v2\/types\/post"}],"author":[{"embeddable":true,"href":"https:\/\/ciudadyregion.com.co\/index.php\/wp-json\/wp\/v2\/users\/2"}],"replies":[{"embeddable":true,"href":"https:\/\/ciudadyregion.com.co\/index.php\/wp-json\/wp\/v2\/comments?post=55846"}],"version-history":[{"count":1,"href":"https:\/\/ciudadyregion.com.co\/index.php\/wp-json\/wp\/v2\/posts\/55846\/revisions"}],"predecessor-version":[{"id":55848,"href":"https:\/\/ciudadyregion.com.co\/index.php\/wp-json\/wp\/v2\/posts\/55846\/revisions\/55848"}],"wp:featuredmedia":[{"embeddable":true,"href":"https:\/\/ciudadyregion.com.co\/index.php\/wp-json\/wp\/v2\/media\/55847"}],"wp:attachment":[{"href":"https:\/\/ciudadyregion.com.co\/index.php\/wp-json\/wp\/v2\/media?parent=55846"}],"wp:term":[{"taxonomy":"category","embeddable":true,"href":"https:\/\/ciudadyregion.com.co\/index.php\/wp-json\/wp\/v2\/categories?post=55846"},{"taxonomy":"post_tag","embeddable":true,"href":"https:\/\/ciudadyregion.com.co\/index.php\/wp-json\/wp\/v2\/tags?post=55846"}],"curies":[{"name":"wp","href":"https:\/\/api.w.org\/{rel}","templated":true}]}}