{"id":542,"date":"2023-10-25T09:06:00","date_gmt":"2023-10-25T14:06:00","guid":{"rendered":"https:\/\/ciudadyregion.com.co\/?p=542"},"modified":"2023-10-25T09:06:00","modified_gmt":"2023-10-25T14:06:00","slug":"colombia-da-el-primer-ante-la-onu-para-prevenir-violencia-contra-las-mujeres-en-conflictos-armados","status":"publish","type":"post","link":"https:\/\/ciudadyregion.com.co\/index.php\/colombia-da-el-primer-ante-la-onu-para-prevenir-violencia-contra-las-mujeres-en-conflictos-armados\/nacional\/","title":{"rendered":"Colombia da el primer ante la ONU para prevenir violencia contra las mujeres en conflictos armados"},"content":{"rendered":"<ul>\n<li><em>La viceministra de Asuntos Multilaterales, Elizabeth Taylor Jay, se reuni\u00f3 en Nueva York con directivas de la Alianza 1325, en el marco de la Semana de Mujeres, Paz y Seguridad, y destac\u00f3 el proceso para elaborar una Agenda de Mujeres, Paz y Seguridad, de acuerdo con la Resoluci\u00f3n.<\/em><\/li>\n<\/ul>\n<p>El Gobierno del Cambio avanza en la implementaci\u00f3n de la Resoluci\u00f3n 1325, emitida en 2000 por la Organizaci\u00f3n de las Naciones Unidas, para prevenir la violencia contra las mujeres y las ni\u00f1as en los conflictos armados, inform\u00f3 la\u00a0viceministra de Asuntos Multilaterales, Elizabeth Taylor Jay.<\/p>\n<p>La funcionaria se reuni\u00f3 en Nueva York con organizaciones de mujeres de la Alianza 1325, en el marco de la Semana de Mujeres, Paz y Seguridad, en compa\u00f1\u00eda de la representante permanente de Colombia ante las Naciones Unidas, Leonor Zabaleta.<\/p>\n<blockquote><p>&#8216;Luego de 23 a\u00f1os, Colombia dio el primer paso para implementar la Resoluci\u00f3n 1325 de Mujeres, Paz y Seguridad. Nuestro compromiso es seguir trabajando de la mano de las mujeres y construir acciones para lograr la Paz Total con enfoque de g\u00e9nero y derechos para todas&#8217;, se\u00f1al\u00f3 la\u00a0viceministra.<\/p><\/blockquote>\n<p>Subray\u00f3 que se trabaja en el plan de implementaci\u00f3n del documento de Naciones Unidas, con la participaci\u00f3n de numerosas organizaciones, ya que es fundamental para que el pa\u00eds sea una potencia mundial de la vida, como lo propuso el presidente Gustavo Petro Urrego.<\/p>\n<blockquote><p>\u201cTen\u00edamos una deuda de 23 a\u00f1os, pero ya hemos dado importantes pasos\u201d, dijo la viceministra.<\/p><\/blockquote>\n<p>La Resoluci\u00f3n 1325, expedida el 31 de octubre de 2000 por el Consejo de Seguridad de la ONU y aprobada por 192 pa\u00edses miembros del organismo, establece una Agenda de Mujeres, Paz y Seguridad, insta a incrementar la participaci\u00f3n y representaci\u00f3n de las mujeres en la prevenci\u00f3n, la gesti\u00f3n y la soluci\u00f3n de conflictos, y a garantizar la protecci\u00f3n y el respeto de los derechos humanos de las mujeres y las ni\u00f1as.<\/p>\n<p>La Alianza 1325 es una iniciativa que busca promover la participaci\u00f3n activa de las mujeres en los procesos de construcci\u00f3n de paz y seguridad.<\/p>\n","protected":false},"excerpt":{"rendered":"<p>La viceministra de Asuntos Multilaterales, Elizabeth Taylor Jay, se reuni\u00f3 en Nueva York con directivas de la Alianza 1325, en el marco de la Semana de Mujeres, Paz y Seguridad, y destac\u00f3 el proceso para elaborar una Agenda de Mujeres, Paz y Seguridad, de acuerdo con la Resoluci\u00f3n. El Gobierno<span class=\"more-link\"><a href=\"https:\/\/ciudadyregion.com.co\/index.php\/colombia-da-el-primer-ante-la-onu-para-prevenir-violencia-contra-las-mujeres-en-conflictos-armados\/nacional\/\">Continuar Leyendo<\/a><\/span><\/p>\n","protected":false},"author":2,"featured_media":568,"comment_status":"open","ping_status":"open","sticky":false,"template":"","format":"standard","meta":{"_uf_show_specific_survey":0,"_uf_disable_surveys":false,"_jetpack_memberships_contains_paid_content":false,"footnotes":"","jetpack_publicize_message":"","jetpack_publicize_feature_enabled":true,"jetpack_social_post_already_shared":false,"jetpack_social_options":{"image_generator_settings":{"template":"highway","enabled":false},"version":2}},"categories":[23],"tags":[],"class_list":["entry","author-diegoaguirre","post-542","post","type-post","status-publish","format-standard","has-post-thumbnail","category-nacional"],"jetpack_publicize_connections":[],"yoast_head":"<!-- This site is optimized with the Yoast SEO plugin v24.3 - https:\/\/yoast.com\/wordpress\/plugins\/seo\/ -->\n<title>Colombia da el primer ante la ONU para prevenir violencia contra las mujeres en conflictos armados - Ciudad y Region<\/title>\n<meta name=\"robots\" content=\"index, follow, max-snippet:-1, max-image-preview:large, max-video-preview:-1\" \/>\n<link rel=\"canonical\" href=\"https:\/\/ciudadyregion.com.co\/index.php\/colombia-da-el-primer-ante-la-onu-para-prevenir-violencia-contra-las-mujeres-en-conflictos-armados\/nacional\/\" \/>\n<meta property=\"og:locale\" content=\"es_ES\" \/>\n<meta property=\"og:type\" content=\"article\" \/>\n<meta property=\"og:title\" content=\"Colombia da el primer ante la ONU para prevenir violencia contra las mujeres en conflictos armados - Ciudad y Region\" \/>\n<meta property=\"og:description\" content=\"La viceministra de Asuntos Multilaterales, Elizabeth Taylor Jay, se reuni\u00f3 en Nueva York con directivas de la Alianza 1325, en el marco de la Semana de Mujeres, Paz y Seguridad, y destac\u00f3 el proceso para elaborar una Agenda de Mujeres, Paz y Seguridad, de acuerdo con la Resoluci\u00f3n. El GobiernoContinuar Leyendo\" \/>\n<meta property=\"og:url\" content=\"https:\/\/ciudadyregion.com.co\/index.php\/colombia-da-el-primer-ante-la-onu-para-prevenir-violencia-contra-las-mujeres-en-conflictos-armados\/nacional\/\" \/>\n<meta property=\"og:site_name\" content=\"Ciudad y Region\" \/>\n<meta property=\"article:published_time\" content=\"2023-10-25T14:06:00+00:00\" \/>\n<meta property=\"og:image\" content=\"https:\/\/ciudadyregion.com.co\/wp-content\/uploads\/2023\/10\/13-1.jpg\" \/>\n\t<meta property=\"og:image:width\" content=\"800\" \/>\n\t<meta property=\"og:image:height\" content=\"445\" \/>\n\t<meta property=\"og:image:type\" content=\"image\/jpeg\" \/>\n<meta name=\"author\" content=\"David Andr\u00e9s Aguirre\" \/>\n<meta name=\"twitter:card\" content=\"summary_large_image\" \/>\n<meta name=\"twitter:label1\" content=\"Escrito por\" \/>\n\t<meta name=\"twitter:data1\" content=\"David Andr\u00e9s Aguirre\" \/>\n\t<meta name=\"twitter:label2\" content=\"Tiempo de lectura\" \/>\n\t<meta name=\"twitter:data2\" content=\"2 minutos\" \/>\n<script type=\"application\/ld+json\" class=\"yoast-schema-graph\">{\"@context\":\"https:\/\/schema.org\",\"@graph\":[{\"@type\":\"WebPage\",\"@id\":\"https:\/\/ciudadyregion.com.co\/index.php\/colombia-da-el-primer-ante-la-onu-para-prevenir-violencia-contra-las-mujeres-en-conflictos-armados\/nacional\/\",\"url\":\"https:\/\/ciudadyregion.com.co\/index.php\/colombia-da-el-primer-ante-la-onu-para-prevenir-violencia-contra-las-mujeres-en-conflictos-armados\/nacional\/\",\"name\":\"Colombia da el primer ante la ONU para prevenir violencia contra las mujeres en conflictos armados - Ciudad y Region\",\"isPartOf\":{\"@id\":\"https:\/\/ciudadyregion.com.co\/#website\"},\"primaryImageOfPage\":{\"@id\":\"https:\/\/ciudadyregion.com.co\/index.php\/colombia-da-el-primer-ante-la-onu-para-prevenir-violencia-contra-las-mujeres-en-conflictos-armados\/nacional\/#primaryimage\"},\"image\":{\"@id\":\"https:\/\/ciudadyregion.com.co\/index.php\/colombia-da-el-primer-ante-la-onu-para-prevenir-violencia-contra-las-mujeres-en-conflictos-armados\/nacional\/#primaryimage\"},\"thumbnailUrl\":\"https:\/\/i0.wp.com\/ciudadyregion.com.co\/wp-content\/uploads\/2023\/10\/13-1.jpg?fit=800%2C445&ssl=1\",\"datePublished\":\"2023-10-25T14:06:00+00:00\",\"dateModified\":\"2023-10-25T14:06:00+00:00\",\"author\":{\"@id\":\"https:\/\/ciudadyregion.com.co\/#\/schema\/person\/04a4954373ebc4051f46e8c65ff78622\"},\"breadcrumb\":{\"@id\":\"https:\/\/ciudadyregion.com.co\/index.php\/colombia-da-el-primer-ante-la-onu-para-prevenir-violencia-contra-las-mujeres-en-conflictos-armados\/nacional\/#breadcrumb\"},\"inLanguage\":\"es\",\"potentialAction\":[{\"@type\":\"ReadAction\",\"target\":[\"https:\/\/ciudadyregion.com.co\/index.php\/colombia-da-el-primer-ante-la-onu-para-prevenir-violencia-contra-las-mujeres-en-conflictos-armados\/nacional\/\"]}]},{\"@type\":\"ImageObject\",\"inLanguage\":\"es\",\"@id\":\"https:\/\/ciudadyregion.com.co\/index.php\/colombia-da-el-primer-ante-la-onu-para-prevenir-violencia-contra-las-mujeres-en-conflictos-armados\/nacional\/#primaryimage\",\"url\":\"https:\/\/i0.wp.com\/ciudadyregion.com.co\/wp-content\/uploads\/2023\/10\/13-1.jpg?fit=800%2C445&ssl=1\",\"contentUrl\":\"https:\/\/i0.wp.com\/ciudadyregion.com.co\/wp-content\/uploads\/2023\/10\/13-1.jpg?fit=800%2C445&ssl=1\",\"width\":800,\"height\":445},{\"@type\":\"BreadcrumbList\",\"@id\":\"https:\/\/ciudadyregion.com.co\/index.php\/colombia-da-el-primer-ante-la-onu-para-prevenir-violencia-contra-las-mujeres-en-conflictos-armados\/nacional\/#breadcrumb\",\"itemListElement\":[{\"@type\":\"ListItem\",\"position\":1,\"name\":\"Portada\",\"item\":\"https:\/\/ciudadyregion.com.co\/\"},{\"@type\":\"ListItem\",\"position\":2,\"name\":\"Colombia da el primer ante la ONU para prevenir violencia contra las mujeres en conflictos armados\"}]},{\"@type\":\"WebSite\",\"@id\":\"https:\/\/ciudadyregion.com.co\/#website\",\"url\":\"https:\/\/ciudadyregion.com.co\/\",\"name\":\"Ciudad y Region\",\"description\":\"\",\"potentialAction\":[{\"@type\":\"SearchAction\",\"target\":{\"@type\":\"EntryPoint\",\"urlTemplate\":\"https:\/\/ciudadyregion.com.co\/?s={search_term_string}\"},\"query-input\":{\"@type\":\"PropertyValueSpecification\",\"valueRequired\":true,\"valueName\":\"search_term_string\"}}],\"inLanguage\":\"es\"},{\"@type\":\"Person\",\"@id\":\"https:\/\/ciudadyregion.com.co\/#\/schema\/person\/04a4954373ebc4051f46e8c65ff78622\",\"name\":\"David Andr\u00e9s Aguirre\",\"image\":{\"@type\":\"ImageObject\",\"inLanguage\":\"es\",\"@id\":\"https:\/\/ciudadyregion.com.co\/#\/schema\/person\/image\/\",\"url\":\"https:\/\/secure.gravatar.com\/avatar\/bc3c655860202182ee6d1b5edd042dbe?s=96&d=mm&r=g\",\"contentUrl\":\"https:\/\/secure.gravatar.com\/avatar\/bc3c655860202182ee6d1b5edd042dbe?s=96&d=mm&r=g\",\"caption\":\"David Andr\u00e9s Aguirre\"},\"url\":\"https:\/\/ciudadyregion.com.co\/index.php\/author\/diegoaguirre\/\"}]}<\/script>\n<!-- \/ Yoast SEO plugin. -->","yoast_head_json":{"title":"Colombia da el primer ante la ONU para prevenir violencia contra las mujeres en conflictos armados - Ciudad y Region","robots":{"index":"index","follow":"follow","max-snippet":"max-snippet:-1","max-image-preview":"max-image-preview:large","max-video-preview":"max-video-preview:-1"},"canonical":"https:\/\/ciudadyregion.com.co\/index.php\/colombia-da-el-primer-ante-la-onu-para-prevenir-violencia-contra-las-mujeres-en-conflictos-armados\/nacional\/","og_locale":"es_ES","og_type":"article","og_title":"Colombia da el primer ante la ONU para prevenir violencia contra las mujeres en conflictos armados - Ciudad y Region","og_description":"La viceministra de Asuntos Multilaterales, Elizabeth Taylor Jay, se reuni\u00f3 en Nueva York con directivas de la Alianza 1325, en el marco de la Semana de Mujeres, Paz y Seguridad, y destac\u00f3 el proceso para elaborar una Agenda de Mujeres, Paz y Seguridad, de acuerdo con la Resoluci\u00f3n. El GobiernoContinuar Leyendo","og_url":"https:\/\/ciudadyregion.com.co\/index.php\/colombia-da-el-primer-ante-la-onu-para-prevenir-violencia-contra-las-mujeres-en-conflictos-armados\/nacional\/","og_site_name":"Ciudad y Region","article_published_time":"2023-10-25T14:06:00+00:00","og_image":[{"width":800,"height":445,"url":"https:\/\/ciudadyregion.com.co\/wp-content\/uploads\/2023\/10\/13-1.jpg","type":"image\/jpeg"}],"author":"David Andr\u00e9s Aguirre","twitter_card":"summary_large_image","twitter_misc":{"Escrito por":"David Andr\u00e9s Aguirre","Tiempo de lectura":"2 minutos"},"schema":{"@context":"https:\/\/schema.org","@graph":[{"@type":"WebPage","@id":"https:\/\/ciudadyregion.com.co\/index.php\/colombia-da-el-primer-ante-la-onu-para-prevenir-violencia-contra-las-mujeres-en-conflictos-armados\/nacional\/","url":"https:\/\/ciudadyregion.com.co\/index.php\/colombia-da-el-primer-ante-la-onu-para-prevenir-violencia-contra-las-mujeres-en-conflictos-armados\/nacional\/","name":"Colombia da el primer ante la ONU para prevenir violencia contra las mujeres en conflictos armados - Ciudad y Region","isPartOf":{"@id":"https:\/\/ciudadyregion.com.co\/#website"},"primaryImageOfPage":{"@id":"https:\/\/ciudadyregion.com.co\/index.php\/colombia-da-el-primer-ante-la-onu-para-prevenir-violencia-contra-las-mujeres-en-conflictos-armados\/nacional\/#primaryimage"},"image":{"@id":"https:\/\/ciudadyregion.com.co\/index.php\/colombia-da-el-primer-ante-la-onu-para-prevenir-violencia-contra-las-mujeres-en-conflictos-armados\/nacional\/#primaryimage"},"thumbnailUrl":"https:\/\/i0.wp.com\/ciudadyregion.com.co\/wp-content\/uploads\/2023\/10\/13-1.jpg?fit=800%2C445&ssl=1","datePublished":"2023-10-25T14:06:00+00:00","dateModified":"2023-10-25T14:06:00+00:00","author":{"@id":"https:\/\/ciudadyregion.com.co\/#\/schema\/person\/04a4954373ebc4051f46e8c65ff78622"},"breadcrumb":{"@id":"https:\/\/ciudadyregion.com.co\/index.php\/colombia-da-el-primer-ante-la-onu-para-prevenir-violencia-contra-las-mujeres-en-conflictos-armados\/nacional\/#breadcrumb"},"inLanguage":"es","potentialAction":[{"@type":"ReadAction","target":["https:\/\/ciudadyregion.com.co\/index.php\/colombia-da-el-primer-ante-la-onu-para-prevenir-violencia-contra-las-mujeres-en-conflictos-armados\/nacional\/"]}]},{"@type":"ImageObject","inLanguage":"es","@id":"https:\/\/ciudadyregion.com.co\/index.php\/colombia-da-el-primer-ante-la-onu-para-prevenir-violencia-contra-las-mujeres-en-conflictos-armados\/nacional\/#primaryimage","url":"https:\/\/i0.wp.com\/ciudadyregion.com.co\/wp-content\/uploads\/2023\/10\/13-1.jpg?fit=800%2C445&ssl=1","contentUrl":"https:\/\/i0.wp.com\/ciudadyregion.com.co\/wp-content\/uploads\/2023\/10\/13-1.jpg?fit=800%2C445&ssl=1","width":800,"height":445},{"@type":"BreadcrumbList","@id":"https:\/\/ciudadyregion.com.co\/index.php\/colombia-da-el-primer-ante-la-onu-para-prevenir-violencia-contra-las-mujeres-en-conflictos-armados\/nacional\/#breadcrumb","itemListElement":[{"@type":"ListItem","position":1,"name":"Portada","item":"https:\/\/ciudadyregion.com.co\/"},{"@type":"ListItem","position":2,"name":"Colombia da el primer ante la ONU para prevenir violencia contra las mujeres en conflictos armados"}]},{"@type":"WebSite","@id":"https:\/\/ciudadyregion.com.co\/#website","url":"https:\/\/ciudadyregion.com.co\/","name":"Ciudad y Region","description":"","potentialAction":[{"@type":"SearchAction","target":{"@type":"EntryPoint","urlTemplate":"https:\/\/ciudadyregion.com.co\/?s={search_term_string}"},"query-input":{"@type":"PropertyValueSpecification","valueRequired":true,"valueName":"search_term_string"}}],"inLanguage":"es"},{"@type":"Person","@id":"https:\/\/ciudadyregion.com.co\/#\/schema\/person\/04a4954373ebc4051f46e8c65ff78622","name":"David Andr\u00e9s Aguirre","image":{"@type":"ImageObject","inLanguage":"es","@id":"https:\/\/ciudadyregion.com.co\/#\/schema\/person\/image\/","url":"https:\/\/secure.gravatar.com\/avatar\/bc3c655860202182ee6d1b5edd042dbe?s=96&d=mm&r=g","contentUrl":"https:\/\/secure.gravatar.com\/avatar\/bc3c655860202182ee6d1b5edd042dbe?s=96&d=mm&r=g","caption":"David Andr\u00e9s Aguirre"},"url":"https:\/\/ciudadyregion.com.co\/index.php\/author\/diegoaguirre\/"}]}},"jetpack_featured_media_url":"https:\/\/i0.wp.com\/ciudadyregion.com.co\/wp-content\/uploads\/2023\/10\/13-1.jpg?fit=800%2C445&ssl=1","jetpack_sharing_enabled":true,"jetpack_shortlink":"https:\/\/wp.me\/pbS7hh-8K","jetpack-related-posts":[],"_links":{"self":[{"href":"https:\/\/ciudadyregion.com.co\/index.php\/wp-json\/wp\/v2\/posts\/542"}],"collection":[{"href":"https:\/\/ciudadyregion.com.co\/index.php\/wp-json\/wp\/v2\/posts"}],"about":[{"href":"https:\/\/ciudadyregion.com.co\/index.php\/wp-json\/wp\/v2\/types\/post"}],"author":[{"embeddable":true,"href":"https:\/\/ciudadyregion.com.co\/index.php\/wp-json\/wp\/v2\/users\/2"}],"replies":[{"embeddable":true,"href":"https:\/\/ciudadyregion.com.co\/index.php\/wp-json\/wp\/v2\/comments?post=542"}],"version-history":[{"count":1,"href":"https:\/\/ciudadyregion.com.co\/index.php\/wp-json\/wp\/v2\/posts\/542\/revisions"}],"predecessor-version":[{"id":543,"href":"https:\/\/ciudadyregion.com.co\/index.php\/wp-json\/wp\/v2\/posts\/542\/revisions\/543"}],"wp:featuredmedia":[{"embeddable":true,"href":"https:\/\/ciudadyregion.com.co\/index.php\/wp-json\/wp\/v2\/media\/568"}],"wp:attachment":[{"href":"https:\/\/ciudadyregion.com.co\/index.php\/wp-json\/wp\/v2\/media?parent=542"}],"wp:term":[{"taxonomy":"category","embeddable":true,"href":"https:\/\/ciudadyregion.com.co\/index.php\/wp-json\/wp\/v2\/categories?post=542"},{"taxonomy":"post_tag","embeddable":true,"href":"https:\/\/ciudadyregion.com.co\/index.php\/wp-json\/wp\/v2\/tags?post=542"}],"curies":[{"name":"wp","href":"https:\/\/api.w.org\/{rel}","templated":true}]}}