{"id":53063,"date":"2026-01-15T16:15:29","date_gmt":"2026-01-15T21:15:29","guid":{"rendered":"https:\/\/ciudadyregion.com.co\/?p=53063"},"modified":"2026-01-15T16:15:29","modified_gmt":"2026-01-15T21:15:29","slug":"le-aviso-al-pais-que-comenzaremos-a-bajar-el-precio-de-la-gasolina-presidente-petro","status":"publish","type":"post","link":"https:\/\/ciudadyregion.com.co\/index.php\/le-aviso-al-pais-que-comenzaremos-a-bajar-el-precio-de-la-gasolina-presidente-petro\/economia\/","title":{"rendered":"\u2018Le aviso al pa\u00eds que comenzaremos a bajar el precio de la gasolina\u2019: presidente Petro"},"content":{"rendered":"<p>En un\u00a0<a href=\"https:\/\/x.com\/i\/status\/2011839048311017631\" target=\"_blank\" rel=\"noopener\">mensaje<\/a>\u00a0publicado en su cuenta de X, el presidente Gustavo Petro record\u00f3 este jueves que la anterior administraci\u00f3n de Iv\u00e1n Duque \u201cnos dej\u00f3 una deuda de 70 billones de pesos del subsidio a la gasolina\u00bb, que \u201cnosotros la pagamos completica en mi gobierno\u00bb, con lo cual al pr\u00f3ximo gobierno \u201cle entregaremos un super\u00e1vit en el FEPEC (Fondo de Estabilizaci\u00f3n de Precios de los Combustible)\u00bb.<\/p>\n<p>Al responder un mensaje del exmandatario \u00c1lvaro Uribe, el presidente Petro le manifest\u00f3: \u201cSiempre hay diferencia en que recibamos de Duque un FEPEC con una deuda de 70 billones y lo entreguemos con super\u00e1vit ahora. Deber\u00eda felicitarnos, expresidente Uribe\u00bb.<\/p>\n<p>\u201cNosotros \u2013agreg\u00f3 el presidente Petro\u2013, no nos endeudamos para aumentar el gasto, sino para pagar las deudas que ustedes le dejaron a la naci\u00f3n, porque ya pagamos la deuda del FEPEC y porque se apreci\u00f3 el peso colombiano frente al d\u00f3lar\u00bb.<\/p>\n<p>\u201cEntonces les aviso a usted y al pa\u00eds que comenzaremos a bajar el precio de la gasolina\u00bb, recalc\u00f3 el jefe de Estado.<\/p>\n<h2>\u200bSomos responsables: estamos pagando deudas caras que dej\u00f3 el anterior gobierno<\/h2>\n<p>De otro lado, el presidente Petro contradijo lo dicho por Uribe sobre el tema del endeudamiento:<\/p>\n<p>\u201cExpresidente Uribe, usted dice varias mentiras en su texto. Usted habla de que tomamos un cr\u00e9dito al 12%. No, se\u00f1or: tomamos un cr\u00e9dito en d\u00f3lares al 5,9%. Por esa raz\u00f3n y por la apreciaci\u00f3n del peso sobre el d\u00f3lar, es mucho m\u00e1s barato que endeudarse internamente en pesos al 13,5%. Eso libera recursos internos para la inversi\u00f3n\u00bb.<\/p>\n<p>\u201cUsted dice \u2013agreg\u00f3\u2013 que endeudamos m\u00e1s el pa\u00eds. No, se\u00f1or: ese dinero se usa para pagar las deudas de corto plazo y m\u00e1s caras, generadas en el anterior gobierno, que usted apoy\u00f3\u00bb.<\/p>\n<p>\u201c\u00bfQu\u00e9 consecuencias trae lo que hicimos?\u00bb, pregunt\u00f3 el mandatario y dijo: \u201cBajar las cuotas de pago de las deudas de los pr\u00f3ximos gobiernos. Estamos refinanciando la deuda, para hacerla m\u00e1s pagadera a los pr\u00f3ximos gobiernos, lo contrario de lo que hizo su amigo Duque\u00bb.<\/p>\n<p>\u201cEsto lo hacen todos los gobiernos responsables: pagar deudas caras y de corto plazo con deudas m\u00e1s baratas y de largo plazo. Le llaman en ingl\u00e9s &#8216;roll over&#8217;, y usted tambi\u00e9n lo hizo y es responsable hacerlo\u00bb, sostuvo.<\/p>\n<h2>\u200bSe gastaron deuda del FMI para beneficiar a los m\u00e1s ricos<\/h2>\n<p>Asimismo, el presidente Petro se refiri\u00f3 a la deuda de corto plazo que dej\u00f3 el gobierno de Iv\u00e1n Duque: \u201cLa del FMI (Fondo Monetario Internacional), por m\u00e1s de USD 5.000 millones, mayor que la que acabamos de tomar\u00bb.<\/p>\n<p>De acuerdo con el jefe de Estado, el gobierno Duque no destin\u00f3 dicha deuda a pagar deuda anterior m\u00e1s cara, \u201csino que la gast\u00f3 en pagarles la n\u00f3mina a las empresas privadas m\u00e1s grandes del pa\u00eds, un subsidio inconstitucional al que ustedes est\u00e1n acostumbrados, y para pagarles la n\u00f3mina a los propietarios de las 130 empresas m\u00e1s grandes del pa\u00eds\u00bb.<\/p>\n<p>\u201cEsa deuda que dejaron a la naci\u00f3n la pag\u00f3 mi gobierno, completica\u00bb, puntualiz\u00f3 el presidente de la Rep\u00fablica.<\/p>\n<p>&nbsp;<\/p>\n","protected":false},"excerpt":{"rendered":"<p>En un\u00a0mensaje\u00a0publicado en su cuenta de X, el presidente Gustavo Petro record\u00f3 este jueves que la anterior administraci\u00f3n de Iv\u00e1n Duque \u201cnos dej\u00f3 una deuda de 70 billones de pesos del subsidio a la gasolina\u00bb, que \u201cnosotros la pagamos completica en mi gobierno\u00bb, con lo cual al pr\u00f3ximo gobierno \u201cle<span class=\"more-link\"><a href=\"https:\/\/ciudadyregion.com.co\/index.php\/le-aviso-al-pais-que-comenzaremos-a-bajar-el-precio-de-la-gasolina-presidente-petro\/economia\/\">Continuar Leyendo<\/a><\/span><\/p>\n","protected":false},"author":2,"featured_media":53064,"comment_status":"open","ping_status":"open","sticky":false,"template":"","format":"standard","meta":{"_uf_show_specific_survey":0,"_uf_disable_surveys":false,"_jetpack_memberships_contains_paid_content":false,"footnotes":"","jetpack_publicize_message":"","jetpack_publicize_feature_enabled":true,"jetpack_social_post_already_shared":true,"jetpack_social_options":{"image_generator_settings":{"template":"highway","enabled":false},"version":2}},"categories":[28],"tags":[],"class_list":["entry","author-diegoaguirre","post-53063","post","type-post","status-publish","format-standard","has-post-thumbnail","category-economia"],"jetpack_publicize_connections":[],"yoast_head":"<!-- This site is optimized with the Yoast SEO plugin v24.3 - https:\/\/yoast.com\/wordpress\/plugins\/seo\/ -->\n<title>\u2018Le aviso al pa\u00eds que comenzaremos a bajar el precio de la gasolina\u2019: presidente Petro - Ciudad y Region<\/title>\n<meta name=\"robots\" content=\"index, follow, max-snippet:-1, max-image-preview:large, max-video-preview:-1\" \/>\n<link rel=\"canonical\" href=\"https:\/\/ciudadyregion.com.co\/index.php\/le-aviso-al-pais-que-comenzaremos-a-bajar-el-precio-de-la-gasolina-presidente-petro\/economia\/\" \/>\n<meta property=\"og:locale\" content=\"es_ES\" \/>\n<meta property=\"og:type\" content=\"article\" \/>\n<meta property=\"og:title\" content=\"\u2018Le aviso al pa\u00eds que comenzaremos a bajar el precio de la gasolina\u2019: presidente Petro - Ciudad y Region\" \/>\n<meta property=\"og:description\" content=\"En un\u00a0mensaje\u00a0publicado en su cuenta de X, el presidente Gustavo Petro record\u00f3 este jueves que la anterior administraci\u00f3n de Iv\u00e1n Duque \u201cnos dej\u00f3 una deuda de 70 billones de pesos del subsidio a la gasolina\u00bb, que \u201cnosotros la pagamos completica en mi gobierno\u00bb, con lo cual al pr\u00f3ximo gobierno \u201cleContinuar Leyendo\" \/>\n<meta property=\"og:url\" content=\"https:\/\/ciudadyregion.com.co\/index.php\/le-aviso-al-pais-que-comenzaremos-a-bajar-el-precio-de-la-gasolina-presidente-petro\/economia\/\" \/>\n<meta property=\"og:site_name\" content=\"Ciudad y Region\" \/>\n<meta property=\"article:published_time\" content=\"2026-01-15T21:15:29+00:00\" \/>\n<meta property=\"og:image\" content=\"https:\/\/ciudadyregion.com.co\/wp-content\/uploads\/2026\/01\/a-97.jpg\" \/>\n\t<meta property=\"og:image:width\" content=\"800\" \/>\n\t<meta property=\"og:image:height\" content=\"445\" \/>\n\t<meta property=\"og:image:type\" content=\"image\/jpeg\" \/>\n<meta name=\"author\" content=\"David Andr\u00e9s Aguirre\" \/>\n<meta name=\"twitter:card\" content=\"summary_large_image\" \/>\n<meta name=\"twitter:label1\" content=\"Escrito por\" \/>\n\t<meta name=\"twitter:data1\" content=\"David Andr\u00e9s Aguirre\" \/>\n\t<meta name=\"twitter:label2\" content=\"Tiempo de lectura\" \/>\n\t<meta name=\"twitter:data2\" content=\"3 minutos\" \/>\n<script type=\"application\/ld+json\" class=\"yoast-schema-graph\">{\"@context\":\"https:\/\/schema.org\",\"@graph\":[{\"@type\":\"WebPage\",\"@id\":\"https:\/\/ciudadyregion.com.co\/index.php\/le-aviso-al-pais-que-comenzaremos-a-bajar-el-precio-de-la-gasolina-presidente-petro\/economia\/\",\"url\":\"https:\/\/ciudadyregion.com.co\/index.php\/le-aviso-al-pais-que-comenzaremos-a-bajar-el-precio-de-la-gasolina-presidente-petro\/economia\/\",\"name\":\"\u2018Le aviso al pa\u00eds que comenzaremos a bajar el precio de la gasolina\u2019: presidente Petro - Ciudad y Region\",\"isPartOf\":{\"@id\":\"https:\/\/ciudadyregion.com.co\/#website\"},\"primaryImageOfPage\":{\"@id\":\"https:\/\/ciudadyregion.com.co\/index.php\/le-aviso-al-pais-que-comenzaremos-a-bajar-el-precio-de-la-gasolina-presidente-petro\/economia\/#primaryimage\"},\"image\":{\"@id\":\"https:\/\/ciudadyregion.com.co\/index.php\/le-aviso-al-pais-que-comenzaremos-a-bajar-el-precio-de-la-gasolina-presidente-petro\/economia\/#primaryimage\"},\"thumbnailUrl\":\"https:\/\/i0.wp.com\/ciudadyregion.com.co\/wp-content\/uploads\/2026\/01\/a-97.jpg?fit=800%2C445&ssl=1\",\"datePublished\":\"2026-01-15T21:15:29+00:00\",\"dateModified\":\"2026-01-15T21:15:29+00:00\",\"author\":{\"@id\":\"https:\/\/ciudadyregion.com.co\/#\/schema\/person\/04a4954373ebc4051f46e8c65ff78622\"},\"breadcrumb\":{\"@id\":\"https:\/\/ciudadyregion.com.co\/index.php\/le-aviso-al-pais-que-comenzaremos-a-bajar-el-precio-de-la-gasolina-presidente-petro\/economia\/#breadcrumb\"},\"inLanguage\":\"es\",\"potentialAction\":[{\"@type\":\"ReadAction\",\"target\":[\"https:\/\/ciudadyregion.com.co\/index.php\/le-aviso-al-pais-que-comenzaremos-a-bajar-el-precio-de-la-gasolina-presidente-petro\/economia\/\"]}]},{\"@type\":\"ImageObject\",\"inLanguage\":\"es\",\"@id\":\"https:\/\/ciudadyregion.com.co\/index.php\/le-aviso-al-pais-que-comenzaremos-a-bajar-el-precio-de-la-gasolina-presidente-petro\/economia\/#primaryimage\",\"url\":\"https:\/\/i0.wp.com\/ciudadyregion.com.co\/wp-content\/uploads\/2026\/01\/a-97.jpg?fit=800%2C445&ssl=1\",\"contentUrl\":\"https:\/\/i0.wp.com\/ciudadyregion.com.co\/wp-content\/uploads\/2026\/01\/a-97.jpg?fit=800%2C445&ssl=1\",\"width\":800,\"height\":445},{\"@type\":\"BreadcrumbList\",\"@id\":\"https:\/\/ciudadyregion.com.co\/index.php\/le-aviso-al-pais-que-comenzaremos-a-bajar-el-precio-de-la-gasolina-presidente-petro\/economia\/#breadcrumb\",\"itemListElement\":[{\"@type\":\"ListItem\",\"position\":1,\"name\":\"Portada\",\"item\":\"https:\/\/ciudadyregion.com.co\/\"},{\"@type\":\"ListItem\",\"position\":2,\"name\":\"\u2018Le aviso al pa\u00eds que comenzaremos a bajar el precio de la gasolina\u2019: presidente Petro\"}]},{\"@type\":\"WebSite\",\"@id\":\"https:\/\/ciudadyregion.com.co\/#website\",\"url\":\"https:\/\/ciudadyregion.com.co\/\",\"name\":\"Ciudad y Region\",\"description\":\"\",\"potentialAction\":[{\"@type\":\"SearchAction\",\"target\":{\"@type\":\"EntryPoint\",\"urlTemplate\":\"https:\/\/ciudadyregion.com.co\/?s={search_term_string}\"},\"query-input\":{\"@type\":\"PropertyValueSpecification\",\"valueRequired\":true,\"valueName\":\"search_term_string\"}}],\"inLanguage\":\"es\"},{\"@type\":\"Person\",\"@id\":\"https:\/\/ciudadyregion.com.co\/#\/schema\/person\/04a4954373ebc4051f46e8c65ff78622\",\"name\":\"David Andr\u00e9s Aguirre\",\"image\":{\"@type\":\"ImageObject\",\"inLanguage\":\"es\",\"@id\":\"https:\/\/ciudadyregion.com.co\/#\/schema\/person\/image\/\",\"url\":\"https:\/\/secure.gravatar.com\/avatar\/bc3c655860202182ee6d1b5edd042dbe?s=96&d=mm&r=g\",\"contentUrl\":\"https:\/\/secure.gravatar.com\/avatar\/bc3c655860202182ee6d1b5edd042dbe?s=96&d=mm&r=g\",\"caption\":\"David Andr\u00e9s Aguirre\"},\"url\":\"https:\/\/ciudadyregion.com.co\/index.php\/author\/diegoaguirre\/\"}]}<\/script>\n<!-- \/ Yoast SEO plugin. -->","yoast_head_json":{"title":"\u2018Le aviso al pa\u00eds que comenzaremos a bajar el precio de la gasolina\u2019: presidente Petro - Ciudad y Region","robots":{"index":"index","follow":"follow","max-snippet":"max-snippet:-1","max-image-preview":"max-image-preview:large","max-video-preview":"max-video-preview:-1"},"canonical":"https:\/\/ciudadyregion.com.co\/index.php\/le-aviso-al-pais-que-comenzaremos-a-bajar-el-precio-de-la-gasolina-presidente-petro\/economia\/","og_locale":"es_ES","og_type":"article","og_title":"\u2018Le aviso al pa\u00eds que comenzaremos a bajar el precio de la gasolina\u2019: presidente Petro - Ciudad y Region","og_description":"En un\u00a0mensaje\u00a0publicado en su cuenta de X, el presidente Gustavo Petro record\u00f3 este jueves que la anterior administraci\u00f3n de Iv\u00e1n Duque \u201cnos dej\u00f3 una deuda de 70 billones de pesos del subsidio a la gasolina\u00bb, que \u201cnosotros la pagamos completica en mi gobierno\u00bb, con lo cual al pr\u00f3ximo gobierno \u201cleContinuar Leyendo","og_url":"https:\/\/ciudadyregion.com.co\/index.php\/le-aviso-al-pais-que-comenzaremos-a-bajar-el-precio-de-la-gasolina-presidente-petro\/economia\/","og_site_name":"Ciudad y Region","article_published_time":"2026-01-15T21:15:29+00:00","og_image":[{"width":800,"height":445,"url":"https:\/\/ciudadyregion.com.co\/wp-content\/uploads\/2026\/01\/a-97.jpg","type":"image\/jpeg"}],"author":"David Andr\u00e9s Aguirre","twitter_card":"summary_large_image","twitter_misc":{"Escrito por":"David Andr\u00e9s Aguirre","Tiempo de lectura":"3 minutos"},"schema":{"@context":"https:\/\/schema.org","@graph":[{"@type":"WebPage","@id":"https:\/\/ciudadyregion.com.co\/index.php\/le-aviso-al-pais-que-comenzaremos-a-bajar-el-precio-de-la-gasolina-presidente-petro\/economia\/","url":"https:\/\/ciudadyregion.com.co\/index.php\/le-aviso-al-pais-que-comenzaremos-a-bajar-el-precio-de-la-gasolina-presidente-petro\/economia\/","name":"\u2018Le aviso al pa\u00eds que comenzaremos a bajar el precio de la gasolina\u2019: presidente Petro - Ciudad y Region","isPartOf":{"@id":"https:\/\/ciudadyregion.com.co\/#website"},"primaryImageOfPage":{"@id":"https:\/\/ciudadyregion.com.co\/index.php\/le-aviso-al-pais-que-comenzaremos-a-bajar-el-precio-de-la-gasolina-presidente-petro\/economia\/#primaryimage"},"image":{"@id":"https:\/\/ciudadyregion.com.co\/index.php\/le-aviso-al-pais-que-comenzaremos-a-bajar-el-precio-de-la-gasolina-presidente-petro\/economia\/#primaryimage"},"thumbnailUrl":"https:\/\/i0.wp.com\/ciudadyregion.com.co\/wp-content\/uploads\/2026\/01\/a-97.jpg?fit=800%2C445&ssl=1","datePublished":"2026-01-15T21:15:29+00:00","dateModified":"2026-01-15T21:15:29+00:00","author":{"@id":"https:\/\/ciudadyregion.com.co\/#\/schema\/person\/04a4954373ebc4051f46e8c65ff78622"},"breadcrumb":{"@id":"https:\/\/ciudadyregion.com.co\/index.php\/le-aviso-al-pais-que-comenzaremos-a-bajar-el-precio-de-la-gasolina-presidente-petro\/economia\/#breadcrumb"},"inLanguage":"es","potentialAction":[{"@type":"ReadAction","target":["https:\/\/ciudadyregion.com.co\/index.php\/le-aviso-al-pais-que-comenzaremos-a-bajar-el-precio-de-la-gasolina-presidente-petro\/economia\/"]}]},{"@type":"ImageObject","inLanguage":"es","@id":"https:\/\/ciudadyregion.com.co\/index.php\/le-aviso-al-pais-que-comenzaremos-a-bajar-el-precio-de-la-gasolina-presidente-petro\/economia\/#primaryimage","url":"https:\/\/i0.wp.com\/ciudadyregion.com.co\/wp-content\/uploads\/2026\/01\/a-97.jpg?fit=800%2C445&ssl=1","contentUrl":"https:\/\/i0.wp.com\/ciudadyregion.com.co\/wp-content\/uploads\/2026\/01\/a-97.jpg?fit=800%2C445&ssl=1","width":800,"height":445},{"@type":"BreadcrumbList","@id":"https:\/\/ciudadyregion.com.co\/index.php\/le-aviso-al-pais-que-comenzaremos-a-bajar-el-precio-de-la-gasolina-presidente-petro\/economia\/#breadcrumb","itemListElement":[{"@type":"ListItem","position":1,"name":"Portada","item":"https:\/\/ciudadyregion.com.co\/"},{"@type":"ListItem","position":2,"name":"\u2018Le aviso al pa\u00eds que comenzaremos a bajar el precio de la gasolina\u2019: presidente Petro"}]},{"@type":"WebSite","@id":"https:\/\/ciudadyregion.com.co\/#website","url":"https:\/\/ciudadyregion.com.co\/","name":"Ciudad y Region","description":"","potentialAction":[{"@type":"SearchAction","target":{"@type":"EntryPoint","urlTemplate":"https:\/\/ciudadyregion.com.co\/?s={search_term_string}"},"query-input":{"@type":"PropertyValueSpecification","valueRequired":true,"valueName":"search_term_string"}}],"inLanguage":"es"},{"@type":"Person","@id":"https:\/\/ciudadyregion.com.co\/#\/schema\/person\/04a4954373ebc4051f46e8c65ff78622","name":"David Andr\u00e9s Aguirre","image":{"@type":"ImageObject","inLanguage":"es","@id":"https:\/\/ciudadyregion.com.co\/#\/schema\/person\/image\/","url":"https:\/\/secure.gravatar.com\/avatar\/bc3c655860202182ee6d1b5edd042dbe?s=96&d=mm&r=g","contentUrl":"https:\/\/secure.gravatar.com\/avatar\/bc3c655860202182ee6d1b5edd042dbe?s=96&d=mm&r=g","caption":"David Andr\u00e9s Aguirre"},"url":"https:\/\/ciudadyregion.com.co\/index.php\/author\/diegoaguirre\/"}]}},"jetpack_featured_media_url":"https:\/\/i0.wp.com\/ciudadyregion.com.co\/wp-content\/uploads\/2026\/01\/a-97.jpg?fit=800%2C445&ssl=1","jetpack_sharing_enabled":true,"jetpack_shortlink":"https:\/\/wp.me\/pbS7hh-dNR","jetpack-related-posts":[],"_links":{"self":[{"href":"https:\/\/ciudadyregion.com.co\/index.php\/wp-json\/wp\/v2\/posts\/53063"}],"collection":[{"href":"https:\/\/ciudadyregion.com.co\/index.php\/wp-json\/wp\/v2\/posts"}],"about":[{"href":"https:\/\/ciudadyregion.com.co\/index.php\/wp-json\/wp\/v2\/types\/post"}],"author":[{"embeddable":true,"href":"https:\/\/ciudadyregion.com.co\/index.php\/wp-json\/wp\/v2\/users\/2"}],"replies":[{"embeddable":true,"href":"https:\/\/ciudadyregion.com.co\/index.php\/wp-json\/wp\/v2\/comments?post=53063"}],"version-history":[{"count":1,"href":"https:\/\/ciudadyregion.com.co\/index.php\/wp-json\/wp\/v2\/posts\/53063\/revisions"}],"predecessor-version":[{"id":53067,"href":"https:\/\/ciudadyregion.com.co\/index.php\/wp-json\/wp\/v2\/posts\/53063\/revisions\/53067"}],"wp:featuredmedia":[{"embeddable":true,"href":"https:\/\/ciudadyregion.com.co\/index.php\/wp-json\/wp\/v2\/media\/53064"}],"wp:attachment":[{"href":"https:\/\/ciudadyregion.com.co\/index.php\/wp-json\/wp\/v2\/media?parent=53063"}],"wp:term":[{"taxonomy":"category","embeddable":true,"href":"https:\/\/ciudadyregion.com.co\/index.php\/wp-json\/wp\/v2\/categories?post=53063"},{"taxonomy":"post_tag","embeddable":true,"href":"https:\/\/ciudadyregion.com.co\/index.php\/wp-json\/wp\/v2\/tags?post=53063"}],"curies":[{"name":"wp","href":"https:\/\/api.w.org\/{rel}","templated":true}]}}