{"id":53057,"date":"2026-01-16T04:08:20","date_gmt":"2026-01-16T09:08:20","guid":{"rendered":"https:\/\/ciudadyregion.com.co\/?p=53057"},"modified":"2026-01-16T07:13:55","modified_gmt":"2026-01-16T12:13:55","slug":"autoridades-de-migracion-colombia-capturaron-en-chapinero-a-ciudadano-con-alerta-roja-de-interpol","status":"publish","type":"post","link":"https:\/\/ciudadyregion.com.co\/index.php\/autoridades-de-migracion-colombia-capturaron-en-chapinero-a-ciudadano-con-alerta-roja-de-interpol\/judicial\/","title":{"rendered":"Autoridades de Migraci\u00f3n Colombia capturaron en Chapinero a ciudadano con alerta roja de Interpol"},"content":{"rendered":"<div>La Unidad Administrativa Especial Migraci\u00f3n Colombia ubic\u00f3 y detuvo en el sector de Chapinero, en el norte de Bogot\u00e1, a un ciudadano costarricense de 46 a\u00f1os que era requerido por las autoridades de su pa\u00eds mediante una circular roja de Interpol, durante operativos de control adelantados en establecimientos de hospedaje.<\/div>\n<div><\/div>\n<div>De acuerdo con la informaci\u00f3n oficial, el procedimiento fue realizado por oficiales de la Regional Andina, quienes en actividades de verificaci\u00f3n y control migratorio identificaron al extranjero, sobre quien pesaba una alerta internacional por el delito de estafa en perjuicio de los derechos de la funci\u00f3n p\u00fablica.<\/div>\n<div><\/div>\n<div>Migraci\u00f3n Colombia inform\u00f3 que el ciudadano permanec\u00eda en el pa\u00eds desde el a\u00f1o 2019 y se encontraba en condici\u00f3n de permanencia irregular, luego del vencimiento de su visa. Tras confirmar la alerta internacional, el individuo fue dejado a disposici\u00f3n de Interpol Colombia, organismo que adelantar\u00e1 el tr\u00e1mite judicial correspondiente.<\/div>\n<div><\/div>\n<div>La entidad se\u00f1al\u00f3 que este resultado se enmarca en el reforzamiento de los controles migratorios en zonas estrat\u00e9gicas del pa\u00eds, especialmente en sectores tur\u00edsticos y hoteleros, como parte de las acciones intensificadas durante la temporada alta de viajeros.<\/div>\n<div><\/div>\n<div>Al respecto, la directora general de Migraci\u00f3n Colombia, Gloria Esperanza Arriero L\u00f3pez afirm\u00f3 que \u201clos controles migratorios no terminan en los puntos de ingreso al pa\u00eds. La presencia institucional en hoteles, zonas tur\u00edsticas y espacios de alta afluencia nos ha permitido obtener resultados concretos, producto del fortalecimiento de las verificaciones y del trabajo articulado con otras autoridades, especialmente en temporadas de mayor movilidad\u201d.<\/div>\n<div><\/div>\n<div>Migraci\u00f3n Colombia indic\u00f3 que mantendr\u00e1 estas acciones de control y verificaci\u00f3n en todo el territorio nacional, fortaleciendo la cooperaci\u00f3n internacional y la articulaci\u00f3n interinstitucional, con el objetivo de evitar que el pa\u00eds sea utilizado como refugio por personas requeridas por la justicia internacional.<\/div>\n<div><\/div>\n<div><em>Con informaci\u00f3n de Migraci\u00f3n Colombia<\/em><\/div>\n","protected":false},"excerpt":{"rendered":"<p>La Unidad Administrativa Especial Migraci\u00f3n Colombia ubic\u00f3 y detuvo en el sector de Chapinero, en el norte de Bogot\u00e1, a un ciudadano costarricense de 46 a\u00f1os que era requerido por las autoridades de su pa\u00eds mediante una circular roja de Interpol, durante operativos de control adelantados en establecimientos de hospedaje.<span class=\"more-link\"><a href=\"https:\/\/ciudadyregion.com.co\/index.php\/autoridades-de-migracion-colombia-capturaron-en-chapinero-a-ciudadano-con-alerta-roja-de-interpol\/judicial\/\">Continuar Leyendo<\/a><\/span><\/p>\n","protected":false},"author":2,"featured_media":53058,"comment_status":"open","ping_status":"open","sticky":false,"template":"","format":"standard","meta":{"_uf_show_specific_survey":0,"_uf_disable_surveys":false,"_jetpack_memberships_contains_paid_content":false,"footnotes":"","jetpack_publicize_message":"","jetpack_publicize_feature_enabled":true,"jetpack_social_post_already_shared":true,"jetpack_social_options":{"image_generator_settings":{"template":"highway","enabled":false},"version":2}},"categories":[18],"tags":[],"class_list":["entry","author-diegoaguirre","post-53057","post","type-post","status-publish","format-standard","has-post-thumbnail","category-judicial"],"jetpack_publicize_connections":[],"yoast_head":"<!-- This site is optimized with the Yoast SEO plugin v24.3 - https:\/\/yoast.com\/wordpress\/plugins\/seo\/ -->\n<title>Autoridades de Migraci\u00f3n Colombia capturaron en Chapinero a ciudadano con alerta roja de Interpol - Ciudad y Region<\/title>\n<meta name=\"robots\" content=\"index, follow, max-snippet:-1, max-image-preview:large, max-video-preview:-1\" \/>\n<link rel=\"canonical\" href=\"https:\/\/ciudadyregion.com.co\/index.php\/autoridades-de-migracion-colombia-capturaron-en-chapinero-a-ciudadano-con-alerta-roja-de-interpol\/judicial\/\" \/>\n<meta property=\"og:locale\" content=\"es_ES\" \/>\n<meta property=\"og:type\" content=\"article\" \/>\n<meta property=\"og:title\" content=\"Autoridades de Migraci\u00f3n Colombia capturaron en Chapinero a ciudadano con alerta roja de Interpol - Ciudad y Region\" \/>\n<meta property=\"og:description\" content=\"La Unidad Administrativa Especial Migraci\u00f3n Colombia ubic\u00f3 y detuvo en el sector de Chapinero, en el norte de Bogot\u00e1, a un ciudadano costarricense de 46 a\u00f1os que era requerido por las autoridades de su pa\u00eds mediante una circular roja de Interpol, durante operativos de control adelantados en establecimientos de hospedaje.Continuar Leyendo\" \/>\n<meta property=\"og:url\" content=\"https:\/\/ciudadyregion.com.co\/index.php\/autoridades-de-migracion-colombia-capturaron-en-chapinero-a-ciudadano-con-alerta-roja-de-interpol\/judicial\/\" \/>\n<meta property=\"og:site_name\" content=\"Ciudad y Region\" \/>\n<meta property=\"article:published_time\" content=\"2026-01-16T09:08:20+00:00\" \/>\n<meta property=\"article:modified_time\" content=\"2026-01-16T12:13:55+00:00\" \/>\n<meta property=\"og:image\" content=\"https:\/\/ciudadyregion.com.co\/wp-content\/uploads\/2026\/01\/a-95.jpg\" \/>\n\t<meta property=\"og:image:width\" content=\"800\" \/>\n\t<meta property=\"og:image:height\" content=\"445\" \/>\n\t<meta property=\"og:image:type\" content=\"image\/jpeg\" \/>\n<meta name=\"author\" content=\"David Andr\u00e9s Aguirre\" \/>\n<meta name=\"twitter:card\" content=\"summary_large_image\" \/>\n<meta name=\"twitter:label1\" content=\"Escrito por\" \/>\n\t<meta name=\"twitter:data1\" content=\"David Andr\u00e9s Aguirre\" \/>\n\t<meta name=\"twitter:label2\" content=\"Tiempo de lectura\" \/>\n\t<meta name=\"twitter:data2\" content=\"2 minutos\" \/>\n<script type=\"application\/ld+json\" class=\"yoast-schema-graph\">{\"@context\":\"https:\/\/schema.org\",\"@graph\":[{\"@type\":\"WebPage\",\"@id\":\"https:\/\/ciudadyregion.com.co\/index.php\/autoridades-de-migracion-colombia-capturaron-en-chapinero-a-ciudadano-con-alerta-roja-de-interpol\/judicial\/\",\"url\":\"https:\/\/ciudadyregion.com.co\/index.php\/autoridades-de-migracion-colombia-capturaron-en-chapinero-a-ciudadano-con-alerta-roja-de-interpol\/judicial\/\",\"name\":\"Autoridades de Migraci\u00f3n Colombia capturaron en Chapinero a ciudadano con alerta roja de Interpol - Ciudad y Region\",\"isPartOf\":{\"@id\":\"https:\/\/ciudadyregion.com.co\/#website\"},\"primaryImageOfPage\":{\"@id\":\"https:\/\/ciudadyregion.com.co\/index.php\/autoridades-de-migracion-colombia-capturaron-en-chapinero-a-ciudadano-con-alerta-roja-de-interpol\/judicial\/#primaryimage\"},\"image\":{\"@id\":\"https:\/\/ciudadyregion.com.co\/index.php\/autoridades-de-migracion-colombia-capturaron-en-chapinero-a-ciudadano-con-alerta-roja-de-interpol\/judicial\/#primaryimage\"},\"thumbnailUrl\":\"https:\/\/i0.wp.com\/ciudadyregion.com.co\/wp-content\/uploads\/2026\/01\/a-95.jpg?fit=800%2C445&ssl=1\",\"datePublished\":\"2026-01-16T09:08:20+00:00\",\"dateModified\":\"2026-01-16T12:13:55+00:00\",\"author\":{\"@id\":\"https:\/\/ciudadyregion.com.co\/#\/schema\/person\/04a4954373ebc4051f46e8c65ff78622\"},\"breadcrumb\":{\"@id\":\"https:\/\/ciudadyregion.com.co\/index.php\/autoridades-de-migracion-colombia-capturaron-en-chapinero-a-ciudadano-con-alerta-roja-de-interpol\/judicial\/#breadcrumb\"},\"inLanguage\":\"es\",\"potentialAction\":[{\"@type\":\"ReadAction\",\"target\":[\"https:\/\/ciudadyregion.com.co\/index.php\/autoridades-de-migracion-colombia-capturaron-en-chapinero-a-ciudadano-con-alerta-roja-de-interpol\/judicial\/\"]}]},{\"@type\":\"ImageObject\",\"inLanguage\":\"es\",\"@id\":\"https:\/\/ciudadyregion.com.co\/index.php\/autoridades-de-migracion-colombia-capturaron-en-chapinero-a-ciudadano-con-alerta-roja-de-interpol\/judicial\/#primaryimage\",\"url\":\"https:\/\/i0.wp.com\/ciudadyregion.com.co\/wp-content\/uploads\/2026\/01\/a-95.jpg?fit=800%2C445&ssl=1\",\"contentUrl\":\"https:\/\/i0.wp.com\/ciudadyregion.com.co\/wp-content\/uploads\/2026\/01\/a-95.jpg?fit=800%2C445&ssl=1\",\"width\":800,\"height\":445},{\"@type\":\"BreadcrumbList\",\"@id\":\"https:\/\/ciudadyregion.com.co\/index.php\/autoridades-de-migracion-colombia-capturaron-en-chapinero-a-ciudadano-con-alerta-roja-de-interpol\/judicial\/#breadcrumb\",\"itemListElement\":[{\"@type\":\"ListItem\",\"position\":1,\"name\":\"Portada\",\"item\":\"https:\/\/ciudadyregion.com.co\/\"},{\"@type\":\"ListItem\",\"position\":2,\"name\":\"Autoridades de Migraci\u00f3n Colombia capturaron en Chapinero a ciudadano con alerta roja de Interpol\"}]},{\"@type\":\"WebSite\",\"@id\":\"https:\/\/ciudadyregion.com.co\/#website\",\"url\":\"https:\/\/ciudadyregion.com.co\/\",\"name\":\"Ciudad y Region\",\"description\":\"\",\"potentialAction\":[{\"@type\":\"SearchAction\",\"target\":{\"@type\":\"EntryPoint\",\"urlTemplate\":\"https:\/\/ciudadyregion.com.co\/?s={search_term_string}\"},\"query-input\":{\"@type\":\"PropertyValueSpecification\",\"valueRequired\":true,\"valueName\":\"search_term_string\"}}],\"inLanguage\":\"es\"},{\"@type\":\"Person\",\"@id\":\"https:\/\/ciudadyregion.com.co\/#\/schema\/person\/04a4954373ebc4051f46e8c65ff78622\",\"name\":\"David Andr\u00e9s Aguirre\",\"image\":{\"@type\":\"ImageObject\",\"inLanguage\":\"es\",\"@id\":\"https:\/\/ciudadyregion.com.co\/#\/schema\/person\/image\/\",\"url\":\"https:\/\/secure.gravatar.com\/avatar\/bc3c655860202182ee6d1b5edd042dbe?s=96&d=mm&r=g\",\"contentUrl\":\"https:\/\/secure.gravatar.com\/avatar\/bc3c655860202182ee6d1b5edd042dbe?s=96&d=mm&r=g\",\"caption\":\"David Andr\u00e9s Aguirre\"},\"url\":\"https:\/\/ciudadyregion.com.co\/index.php\/author\/diegoaguirre\/\"}]}<\/script>\n<!-- \/ Yoast SEO plugin. -->","yoast_head_json":{"title":"Autoridades de Migraci\u00f3n Colombia capturaron en Chapinero a ciudadano con alerta roja de Interpol - Ciudad y Region","robots":{"index":"index","follow":"follow","max-snippet":"max-snippet:-1","max-image-preview":"max-image-preview:large","max-video-preview":"max-video-preview:-1"},"canonical":"https:\/\/ciudadyregion.com.co\/index.php\/autoridades-de-migracion-colombia-capturaron-en-chapinero-a-ciudadano-con-alerta-roja-de-interpol\/judicial\/","og_locale":"es_ES","og_type":"article","og_title":"Autoridades de Migraci\u00f3n Colombia capturaron en Chapinero a ciudadano con alerta roja de Interpol - Ciudad y Region","og_description":"La Unidad Administrativa Especial Migraci\u00f3n Colombia ubic\u00f3 y detuvo en el sector de Chapinero, en el norte de Bogot\u00e1, a un ciudadano costarricense de 46 a\u00f1os que era requerido por las autoridades de su pa\u00eds mediante una circular roja de Interpol, durante operativos de control adelantados en establecimientos de hospedaje.Continuar Leyendo","og_url":"https:\/\/ciudadyregion.com.co\/index.php\/autoridades-de-migracion-colombia-capturaron-en-chapinero-a-ciudadano-con-alerta-roja-de-interpol\/judicial\/","og_site_name":"Ciudad y Region","article_published_time":"2026-01-16T09:08:20+00:00","article_modified_time":"2026-01-16T12:13:55+00:00","og_image":[{"width":800,"height":445,"url":"https:\/\/ciudadyregion.com.co\/wp-content\/uploads\/2026\/01\/a-95.jpg","type":"image\/jpeg"}],"author":"David Andr\u00e9s Aguirre","twitter_card":"summary_large_image","twitter_misc":{"Escrito por":"David Andr\u00e9s Aguirre","Tiempo de lectura":"2 minutos"},"schema":{"@context":"https:\/\/schema.org","@graph":[{"@type":"WebPage","@id":"https:\/\/ciudadyregion.com.co\/index.php\/autoridades-de-migracion-colombia-capturaron-en-chapinero-a-ciudadano-con-alerta-roja-de-interpol\/judicial\/","url":"https:\/\/ciudadyregion.com.co\/index.php\/autoridades-de-migracion-colombia-capturaron-en-chapinero-a-ciudadano-con-alerta-roja-de-interpol\/judicial\/","name":"Autoridades de Migraci\u00f3n Colombia capturaron en Chapinero a ciudadano con alerta roja de Interpol - Ciudad y Region","isPartOf":{"@id":"https:\/\/ciudadyregion.com.co\/#website"},"primaryImageOfPage":{"@id":"https:\/\/ciudadyregion.com.co\/index.php\/autoridades-de-migracion-colombia-capturaron-en-chapinero-a-ciudadano-con-alerta-roja-de-interpol\/judicial\/#primaryimage"},"image":{"@id":"https:\/\/ciudadyregion.com.co\/index.php\/autoridades-de-migracion-colombia-capturaron-en-chapinero-a-ciudadano-con-alerta-roja-de-interpol\/judicial\/#primaryimage"},"thumbnailUrl":"https:\/\/i0.wp.com\/ciudadyregion.com.co\/wp-content\/uploads\/2026\/01\/a-95.jpg?fit=800%2C445&ssl=1","datePublished":"2026-01-16T09:08:20+00:00","dateModified":"2026-01-16T12:13:55+00:00","author":{"@id":"https:\/\/ciudadyregion.com.co\/#\/schema\/person\/04a4954373ebc4051f46e8c65ff78622"},"breadcrumb":{"@id":"https:\/\/ciudadyregion.com.co\/index.php\/autoridades-de-migracion-colombia-capturaron-en-chapinero-a-ciudadano-con-alerta-roja-de-interpol\/judicial\/#breadcrumb"},"inLanguage":"es","potentialAction":[{"@type":"ReadAction","target":["https:\/\/ciudadyregion.com.co\/index.php\/autoridades-de-migracion-colombia-capturaron-en-chapinero-a-ciudadano-con-alerta-roja-de-interpol\/judicial\/"]}]},{"@type":"ImageObject","inLanguage":"es","@id":"https:\/\/ciudadyregion.com.co\/index.php\/autoridades-de-migracion-colombia-capturaron-en-chapinero-a-ciudadano-con-alerta-roja-de-interpol\/judicial\/#primaryimage","url":"https:\/\/i0.wp.com\/ciudadyregion.com.co\/wp-content\/uploads\/2026\/01\/a-95.jpg?fit=800%2C445&ssl=1","contentUrl":"https:\/\/i0.wp.com\/ciudadyregion.com.co\/wp-content\/uploads\/2026\/01\/a-95.jpg?fit=800%2C445&ssl=1","width":800,"height":445},{"@type":"BreadcrumbList","@id":"https:\/\/ciudadyregion.com.co\/index.php\/autoridades-de-migracion-colombia-capturaron-en-chapinero-a-ciudadano-con-alerta-roja-de-interpol\/judicial\/#breadcrumb","itemListElement":[{"@type":"ListItem","position":1,"name":"Portada","item":"https:\/\/ciudadyregion.com.co\/"},{"@type":"ListItem","position":2,"name":"Autoridades de Migraci\u00f3n Colombia capturaron en Chapinero a ciudadano con alerta roja de Interpol"}]},{"@type":"WebSite","@id":"https:\/\/ciudadyregion.com.co\/#website","url":"https:\/\/ciudadyregion.com.co\/","name":"Ciudad y Region","description":"","potentialAction":[{"@type":"SearchAction","target":{"@type":"EntryPoint","urlTemplate":"https:\/\/ciudadyregion.com.co\/?s={search_term_string}"},"query-input":{"@type":"PropertyValueSpecification","valueRequired":true,"valueName":"search_term_string"}}],"inLanguage":"es"},{"@type":"Person","@id":"https:\/\/ciudadyregion.com.co\/#\/schema\/person\/04a4954373ebc4051f46e8c65ff78622","name":"David Andr\u00e9s Aguirre","image":{"@type":"ImageObject","inLanguage":"es","@id":"https:\/\/ciudadyregion.com.co\/#\/schema\/person\/image\/","url":"https:\/\/secure.gravatar.com\/avatar\/bc3c655860202182ee6d1b5edd042dbe?s=96&d=mm&r=g","contentUrl":"https:\/\/secure.gravatar.com\/avatar\/bc3c655860202182ee6d1b5edd042dbe?s=96&d=mm&r=g","caption":"David Andr\u00e9s Aguirre"},"url":"https:\/\/ciudadyregion.com.co\/index.php\/author\/diegoaguirre\/"}]}},"jetpack_featured_media_url":"https:\/\/i0.wp.com\/ciudadyregion.com.co\/wp-content\/uploads\/2026\/01\/a-95.jpg?fit=800%2C445&ssl=1","jetpack_sharing_enabled":true,"jetpack_shortlink":"https:\/\/wp.me\/pbS7hh-dNL","jetpack-related-posts":[],"_links":{"self":[{"href":"https:\/\/ciudadyregion.com.co\/index.php\/wp-json\/wp\/v2\/posts\/53057"}],"collection":[{"href":"https:\/\/ciudadyregion.com.co\/index.php\/wp-json\/wp\/v2\/posts"}],"about":[{"href":"https:\/\/ciudadyregion.com.co\/index.php\/wp-json\/wp\/v2\/types\/post"}],"author":[{"embeddable":true,"href":"https:\/\/ciudadyregion.com.co\/index.php\/wp-json\/wp\/v2\/users\/2"}],"replies":[{"embeddable":true,"href":"https:\/\/ciudadyregion.com.co\/index.php\/wp-json\/wp\/v2\/comments?post=53057"}],"version-history":[{"count":1,"href":"https:\/\/ciudadyregion.com.co\/index.php\/wp-json\/wp\/v2\/posts\/53057\/revisions"}],"predecessor-version":[{"id":53059,"href":"https:\/\/ciudadyregion.com.co\/index.php\/wp-json\/wp\/v2\/posts\/53057\/revisions\/53059"}],"wp:featuredmedia":[{"embeddable":true,"href":"https:\/\/ciudadyregion.com.co\/index.php\/wp-json\/wp\/v2\/media\/53058"}],"wp:attachment":[{"href":"https:\/\/ciudadyregion.com.co\/index.php\/wp-json\/wp\/v2\/media?parent=53057"}],"wp:term":[{"taxonomy":"category","embeddable":true,"href":"https:\/\/ciudadyregion.com.co\/index.php\/wp-json\/wp\/v2\/categories?post=53057"},{"taxonomy":"post_tag","embeddable":true,"href":"https:\/\/ciudadyregion.com.co\/index.php\/wp-json\/wp\/v2\/tags?post=53057"}],"curies":[{"name":"wp","href":"https:\/\/api.w.org\/{rel}","templated":true}]}}