{"id":53054,"date":"2026-01-15T12:53:56","date_gmt":"2026-01-15T17:53:56","guid":{"rendered":"https:\/\/ciudadyregion.com.co\/?p=53054"},"modified":"2026-01-15T12:53:56","modified_gmt":"2026-01-15T17:53:56","slug":"en-cartagena-condenan-a-mas-de-33-anos-de-prision-a-un-hombre-que-abuso-sexualmente-de-una-menor-de-edad","status":"publish","type":"post","link":"https:\/\/ciudadyregion.com.co\/index.php\/en-cartagena-condenan-a-mas-de-33-anos-de-prision-a-un-hombre-que-abuso-sexualmente-de-una-menor-de-edad\/judicial\/","title":{"rendered":"En Cartagena condenan a m\u00e1s de 33 a\u00f1os de prisi\u00f3n a un hombre que abus\u00f3 sexualmente de una menor de edad"},"content":{"rendered":"<p>La Fiscal\u00eda General de la Naci\u00f3n aport\u00f3 las pruebas que le permitieron a un juez con funci\u00f3n de conocimiento, condenar a 33 a\u00f1os y 3 meses de prisi\u00f3n a un hombre quien abus\u00f3 sexualmente de una menor de 11 a\u00f1os.<\/p>\n<p>Una fiscal del Centro de Atenci\u00f3n Integral a V\u00edctimas de Abuso Sexual (Caivas) demostr\u00f3 que el sentenciado es responsable de los delitos de acto sexual violento y demanda de explotaci\u00f3n sexual comercial con menor de 18 a\u00f1os, ambas conductas agravadas.<\/p>\n<p>Los hechos se registraron en mayo de 2015 en el barrio Olaya Herrera de Cartagena (Bol\u00edvar). All\u00ed, el sentenciado ten\u00eda un local comercial, cerca de la vivienda de la v\u00edctima. El ente acusador demostr\u00f3 que el hombre, de 48 a\u00f1os, aprovech\u00f3 que la ni\u00f1a fue al establecimiento de comercio para comprar v\u00edveres. Tras intimidarla con un arma blanca, la someti\u00f3 a tocamientos de \u00edndole sexual.<\/p>\n<p>La Fiscal\u00eda evidenci\u00f3 que el hombre persegu\u00eda constantemente a la v\u00edctima, la invitaba a su casa, le ofrec\u00eda dinero para que accediera a sus pretensiones y la amenazaba con asesinarla si contaba lo sucedido.<\/p>\n<p>La captura del condenado se concret\u00f3 en noviembre de 2015.<\/p>\n<p>Esta decisi\u00f3n se encuentra ejecutoriada.<\/p>\n","protected":false},"excerpt":{"rendered":"<p>La Fiscal\u00eda General de la Naci\u00f3n aport\u00f3 las pruebas que le permitieron a un juez con funci\u00f3n de conocimiento, condenar a 33 a\u00f1os y 3 meses de prisi\u00f3n a un hombre quien abus\u00f3 sexualmente de una menor de 11 a\u00f1os. Una fiscal del Centro de Atenci\u00f3n Integral a V\u00edctimas de<span class=\"more-link\"><a href=\"https:\/\/ciudadyregion.com.co\/index.php\/en-cartagena-condenan-a-mas-de-33-anos-de-prision-a-un-hombre-que-abuso-sexualmente-de-una-menor-de-edad\/judicial\/\">Continuar Leyendo<\/a><\/span><\/p>\n","protected":false},"author":2,"featured_media":41573,"comment_status":"open","ping_status":"open","sticky":false,"template":"","format":"standard","meta":{"_uf_show_specific_survey":0,"_uf_disable_surveys":false,"_jetpack_memberships_contains_paid_content":false,"footnotes":"","jetpack_publicize_message":"","jetpack_publicize_feature_enabled":true,"jetpack_social_post_already_shared":true,"jetpack_social_options":{"image_generator_settings":{"template":"highway","enabled":false},"version":2}},"categories":[18],"tags":[],"class_list":["entry","author-diegoaguirre","post-53054","post","type-post","status-publish","format-standard","has-post-thumbnail","category-judicial"],"jetpack_publicize_connections":[],"yoast_head":"<!-- This site is optimized with the Yoast SEO plugin v24.3 - https:\/\/yoast.com\/wordpress\/plugins\/seo\/ -->\n<title>En Cartagena condenan a m\u00e1s de 33 a\u00f1os de prisi\u00f3n a un hombre que abus\u00f3 sexualmente de una menor de edad - Ciudad y Region<\/title>\n<meta name=\"robots\" content=\"index, follow, max-snippet:-1, max-image-preview:large, max-video-preview:-1\" \/>\n<link rel=\"canonical\" href=\"https:\/\/ciudadyregion.com.co\/index.php\/en-cartagena-condenan-a-mas-de-33-anos-de-prision-a-un-hombre-que-abuso-sexualmente-de-una-menor-de-edad\/judicial\/\" \/>\n<meta property=\"og:locale\" content=\"es_ES\" \/>\n<meta property=\"og:type\" content=\"article\" \/>\n<meta property=\"og:title\" content=\"En Cartagena condenan a m\u00e1s de 33 a\u00f1os de prisi\u00f3n a un hombre que abus\u00f3 sexualmente de una menor de edad - Ciudad y Region\" \/>\n<meta property=\"og:description\" content=\"La Fiscal\u00eda General de la Naci\u00f3n aport\u00f3 las pruebas que le permitieron a un juez con funci\u00f3n de conocimiento, condenar a 33 a\u00f1os y 3 meses de prisi\u00f3n a un hombre quien abus\u00f3 sexualmente de una menor de 11 a\u00f1os. Una fiscal del Centro de Atenci\u00f3n Integral a V\u00edctimas deContinuar Leyendo\" \/>\n<meta property=\"og:url\" content=\"https:\/\/ciudadyregion.com.co\/index.php\/en-cartagena-condenan-a-mas-de-33-anos-de-prision-a-un-hombre-que-abuso-sexualmente-de-una-menor-de-edad\/judicial\/\" \/>\n<meta property=\"og:site_name\" content=\"Ciudad y Region\" \/>\n<meta property=\"article:published_time\" content=\"2026-01-15T17:53:56+00:00\" \/>\n<meta property=\"og:image\" content=\"https:\/\/ciudadyregion.com.co\/wp-content\/uploads\/2025\/07\/CARCEL-2.jpg\" \/>\n\t<meta property=\"og:image:width\" content=\"800\" \/>\n\t<meta property=\"og:image:height\" content=\"445\" \/>\n\t<meta property=\"og:image:type\" content=\"image\/jpeg\" \/>\n<meta name=\"author\" content=\"David Andr\u00e9s Aguirre\" \/>\n<meta name=\"twitter:card\" content=\"summary_large_image\" \/>\n<meta name=\"twitter:label1\" content=\"Escrito por\" \/>\n\t<meta name=\"twitter:data1\" content=\"David Andr\u00e9s Aguirre\" \/>\n<script type=\"application\/ld+json\" class=\"yoast-schema-graph\">{\"@context\":\"https:\/\/schema.org\",\"@graph\":[{\"@type\":\"WebPage\",\"@id\":\"https:\/\/ciudadyregion.com.co\/index.php\/en-cartagena-condenan-a-mas-de-33-anos-de-prision-a-un-hombre-que-abuso-sexualmente-de-una-menor-de-edad\/judicial\/\",\"url\":\"https:\/\/ciudadyregion.com.co\/index.php\/en-cartagena-condenan-a-mas-de-33-anos-de-prision-a-un-hombre-que-abuso-sexualmente-de-una-menor-de-edad\/judicial\/\",\"name\":\"En Cartagena condenan a m\u00e1s de 33 a\u00f1os de prisi\u00f3n a un hombre que abus\u00f3 sexualmente de una menor de edad - Ciudad y Region\",\"isPartOf\":{\"@id\":\"https:\/\/ciudadyregion.com.co\/#website\"},\"primaryImageOfPage\":{\"@id\":\"https:\/\/ciudadyregion.com.co\/index.php\/en-cartagena-condenan-a-mas-de-33-anos-de-prision-a-un-hombre-que-abuso-sexualmente-de-una-menor-de-edad\/judicial\/#primaryimage\"},\"image\":{\"@id\":\"https:\/\/ciudadyregion.com.co\/index.php\/en-cartagena-condenan-a-mas-de-33-anos-de-prision-a-un-hombre-que-abuso-sexualmente-de-una-menor-de-edad\/judicial\/#primaryimage\"},\"thumbnailUrl\":\"https:\/\/i0.wp.com\/ciudadyregion.com.co\/wp-content\/uploads\/2025\/07\/CARCEL-2.jpg?fit=800%2C445&ssl=1\",\"datePublished\":\"2026-01-15T17:53:56+00:00\",\"dateModified\":\"2026-01-15T17:53:56+00:00\",\"author\":{\"@id\":\"https:\/\/ciudadyregion.com.co\/#\/schema\/person\/04a4954373ebc4051f46e8c65ff78622\"},\"breadcrumb\":{\"@id\":\"https:\/\/ciudadyregion.com.co\/index.php\/en-cartagena-condenan-a-mas-de-33-anos-de-prision-a-un-hombre-que-abuso-sexualmente-de-una-menor-de-edad\/judicial\/#breadcrumb\"},\"inLanguage\":\"es\",\"potentialAction\":[{\"@type\":\"ReadAction\",\"target\":[\"https:\/\/ciudadyregion.com.co\/index.php\/en-cartagena-condenan-a-mas-de-33-anos-de-prision-a-un-hombre-que-abuso-sexualmente-de-una-menor-de-edad\/judicial\/\"]}]},{\"@type\":\"ImageObject\",\"inLanguage\":\"es\",\"@id\":\"https:\/\/ciudadyregion.com.co\/index.php\/en-cartagena-condenan-a-mas-de-33-anos-de-prision-a-un-hombre-que-abuso-sexualmente-de-una-menor-de-edad\/judicial\/#primaryimage\",\"url\":\"https:\/\/i0.wp.com\/ciudadyregion.com.co\/wp-content\/uploads\/2025\/07\/CARCEL-2.jpg?fit=800%2C445&ssl=1\",\"contentUrl\":\"https:\/\/i0.wp.com\/ciudadyregion.com.co\/wp-content\/uploads\/2025\/07\/CARCEL-2.jpg?fit=800%2C445&ssl=1\",\"width\":800,\"height\":445},{\"@type\":\"BreadcrumbList\",\"@id\":\"https:\/\/ciudadyregion.com.co\/index.php\/en-cartagena-condenan-a-mas-de-33-anos-de-prision-a-un-hombre-que-abuso-sexualmente-de-una-menor-de-edad\/judicial\/#breadcrumb\",\"itemListElement\":[{\"@type\":\"ListItem\",\"position\":1,\"name\":\"Portada\",\"item\":\"https:\/\/ciudadyregion.com.co\/\"},{\"@type\":\"ListItem\",\"position\":2,\"name\":\"En Cartagena condenan a m\u00e1s de 33 a\u00f1os de prisi\u00f3n a un hombre que abus\u00f3 sexualmente de una menor de edad\"}]},{\"@type\":\"WebSite\",\"@id\":\"https:\/\/ciudadyregion.com.co\/#website\",\"url\":\"https:\/\/ciudadyregion.com.co\/\",\"name\":\"Ciudad y Region\",\"description\":\"\",\"potentialAction\":[{\"@type\":\"SearchAction\",\"target\":{\"@type\":\"EntryPoint\",\"urlTemplate\":\"https:\/\/ciudadyregion.com.co\/?s={search_term_string}\"},\"query-input\":{\"@type\":\"PropertyValueSpecification\",\"valueRequired\":true,\"valueName\":\"search_term_string\"}}],\"inLanguage\":\"es\"},{\"@type\":\"Person\",\"@id\":\"https:\/\/ciudadyregion.com.co\/#\/schema\/person\/04a4954373ebc4051f46e8c65ff78622\",\"name\":\"David Andr\u00e9s Aguirre\",\"image\":{\"@type\":\"ImageObject\",\"inLanguage\":\"es\",\"@id\":\"https:\/\/ciudadyregion.com.co\/#\/schema\/person\/image\/\",\"url\":\"https:\/\/secure.gravatar.com\/avatar\/bc3c655860202182ee6d1b5edd042dbe?s=96&d=mm&r=g\",\"contentUrl\":\"https:\/\/secure.gravatar.com\/avatar\/bc3c655860202182ee6d1b5edd042dbe?s=96&d=mm&r=g\",\"caption\":\"David Andr\u00e9s Aguirre\"},\"url\":\"https:\/\/ciudadyregion.com.co\/index.php\/author\/diegoaguirre\/\"}]}<\/script>\n<!-- \/ Yoast SEO plugin. -->","yoast_head_json":{"title":"En Cartagena condenan a m\u00e1s de 33 a\u00f1os de prisi\u00f3n a un hombre que abus\u00f3 sexualmente de una menor de edad - Ciudad y Region","robots":{"index":"index","follow":"follow","max-snippet":"max-snippet:-1","max-image-preview":"max-image-preview:large","max-video-preview":"max-video-preview:-1"},"canonical":"https:\/\/ciudadyregion.com.co\/index.php\/en-cartagena-condenan-a-mas-de-33-anos-de-prision-a-un-hombre-que-abuso-sexualmente-de-una-menor-de-edad\/judicial\/","og_locale":"es_ES","og_type":"article","og_title":"En Cartagena condenan a m\u00e1s de 33 a\u00f1os de prisi\u00f3n a un hombre que abus\u00f3 sexualmente de una menor de edad - Ciudad y Region","og_description":"La Fiscal\u00eda General de la Naci\u00f3n aport\u00f3 las pruebas que le permitieron a un juez con funci\u00f3n de conocimiento, condenar a 33 a\u00f1os y 3 meses de prisi\u00f3n a un hombre quien abus\u00f3 sexualmente de una menor de 11 a\u00f1os. Una fiscal del Centro de Atenci\u00f3n Integral a V\u00edctimas deContinuar Leyendo","og_url":"https:\/\/ciudadyregion.com.co\/index.php\/en-cartagena-condenan-a-mas-de-33-anos-de-prision-a-un-hombre-que-abuso-sexualmente-de-una-menor-de-edad\/judicial\/","og_site_name":"Ciudad y Region","article_published_time":"2026-01-15T17:53:56+00:00","og_image":[{"width":800,"height":445,"url":"https:\/\/ciudadyregion.com.co\/wp-content\/uploads\/2025\/07\/CARCEL-2.jpg","type":"image\/jpeg"}],"author":"David Andr\u00e9s Aguirre","twitter_card":"summary_large_image","twitter_misc":{"Escrito por":"David Andr\u00e9s Aguirre"},"schema":{"@context":"https:\/\/schema.org","@graph":[{"@type":"WebPage","@id":"https:\/\/ciudadyregion.com.co\/index.php\/en-cartagena-condenan-a-mas-de-33-anos-de-prision-a-un-hombre-que-abuso-sexualmente-de-una-menor-de-edad\/judicial\/","url":"https:\/\/ciudadyregion.com.co\/index.php\/en-cartagena-condenan-a-mas-de-33-anos-de-prision-a-un-hombre-que-abuso-sexualmente-de-una-menor-de-edad\/judicial\/","name":"En Cartagena condenan a m\u00e1s de 33 a\u00f1os de prisi\u00f3n a un hombre que abus\u00f3 sexualmente de una menor de edad - Ciudad y Region","isPartOf":{"@id":"https:\/\/ciudadyregion.com.co\/#website"},"primaryImageOfPage":{"@id":"https:\/\/ciudadyregion.com.co\/index.php\/en-cartagena-condenan-a-mas-de-33-anos-de-prision-a-un-hombre-que-abuso-sexualmente-de-una-menor-de-edad\/judicial\/#primaryimage"},"image":{"@id":"https:\/\/ciudadyregion.com.co\/index.php\/en-cartagena-condenan-a-mas-de-33-anos-de-prision-a-un-hombre-que-abuso-sexualmente-de-una-menor-de-edad\/judicial\/#primaryimage"},"thumbnailUrl":"https:\/\/i0.wp.com\/ciudadyregion.com.co\/wp-content\/uploads\/2025\/07\/CARCEL-2.jpg?fit=800%2C445&ssl=1","datePublished":"2026-01-15T17:53:56+00:00","dateModified":"2026-01-15T17:53:56+00:00","author":{"@id":"https:\/\/ciudadyregion.com.co\/#\/schema\/person\/04a4954373ebc4051f46e8c65ff78622"},"breadcrumb":{"@id":"https:\/\/ciudadyregion.com.co\/index.php\/en-cartagena-condenan-a-mas-de-33-anos-de-prision-a-un-hombre-que-abuso-sexualmente-de-una-menor-de-edad\/judicial\/#breadcrumb"},"inLanguage":"es","potentialAction":[{"@type":"ReadAction","target":["https:\/\/ciudadyregion.com.co\/index.php\/en-cartagena-condenan-a-mas-de-33-anos-de-prision-a-un-hombre-que-abuso-sexualmente-de-una-menor-de-edad\/judicial\/"]}]},{"@type":"ImageObject","inLanguage":"es","@id":"https:\/\/ciudadyregion.com.co\/index.php\/en-cartagena-condenan-a-mas-de-33-anos-de-prision-a-un-hombre-que-abuso-sexualmente-de-una-menor-de-edad\/judicial\/#primaryimage","url":"https:\/\/i0.wp.com\/ciudadyregion.com.co\/wp-content\/uploads\/2025\/07\/CARCEL-2.jpg?fit=800%2C445&ssl=1","contentUrl":"https:\/\/i0.wp.com\/ciudadyregion.com.co\/wp-content\/uploads\/2025\/07\/CARCEL-2.jpg?fit=800%2C445&ssl=1","width":800,"height":445},{"@type":"BreadcrumbList","@id":"https:\/\/ciudadyregion.com.co\/index.php\/en-cartagena-condenan-a-mas-de-33-anos-de-prision-a-un-hombre-que-abuso-sexualmente-de-una-menor-de-edad\/judicial\/#breadcrumb","itemListElement":[{"@type":"ListItem","position":1,"name":"Portada","item":"https:\/\/ciudadyregion.com.co\/"},{"@type":"ListItem","position":2,"name":"En Cartagena condenan a m\u00e1s de 33 a\u00f1os de prisi\u00f3n a un hombre que abus\u00f3 sexualmente de una menor de edad"}]},{"@type":"WebSite","@id":"https:\/\/ciudadyregion.com.co\/#website","url":"https:\/\/ciudadyregion.com.co\/","name":"Ciudad y Region","description":"","potentialAction":[{"@type":"SearchAction","target":{"@type":"EntryPoint","urlTemplate":"https:\/\/ciudadyregion.com.co\/?s={search_term_string}"},"query-input":{"@type":"PropertyValueSpecification","valueRequired":true,"valueName":"search_term_string"}}],"inLanguage":"es"},{"@type":"Person","@id":"https:\/\/ciudadyregion.com.co\/#\/schema\/person\/04a4954373ebc4051f46e8c65ff78622","name":"David Andr\u00e9s Aguirre","image":{"@type":"ImageObject","inLanguage":"es","@id":"https:\/\/ciudadyregion.com.co\/#\/schema\/person\/image\/","url":"https:\/\/secure.gravatar.com\/avatar\/bc3c655860202182ee6d1b5edd042dbe?s=96&d=mm&r=g","contentUrl":"https:\/\/secure.gravatar.com\/avatar\/bc3c655860202182ee6d1b5edd042dbe?s=96&d=mm&r=g","caption":"David Andr\u00e9s Aguirre"},"url":"https:\/\/ciudadyregion.com.co\/index.php\/author\/diegoaguirre\/"}]}},"jetpack_featured_media_url":"https:\/\/i0.wp.com\/ciudadyregion.com.co\/wp-content\/uploads\/2025\/07\/CARCEL-2.jpg?fit=800%2C445&ssl=1","jetpack_sharing_enabled":true,"jetpack_shortlink":"https:\/\/wp.me\/pbS7hh-dNI","jetpack-related-posts":[],"_links":{"self":[{"href":"https:\/\/ciudadyregion.com.co\/index.php\/wp-json\/wp\/v2\/posts\/53054"}],"collection":[{"href":"https:\/\/ciudadyregion.com.co\/index.php\/wp-json\/wp\/v2\/posts"}],"about":[{"href":"https:\/\/ciudadyregion.com.co\/index.php\/wp-json\/wp\/v2\/types\/post"}],"author":[{"embeddable":true,"href":"https:\/\/ciudadyregion.com.co\/index.php\/wp-json\/wp\/v2\/users\/2"}],"replies":[{"embeddable":true,"href":"https:\/\/ciudadyregion.com.co\/index.php\/wp-json\/wp\/v2\/comments?post=53054"}],"version-history":[{"count":1,"href":"https:\/\/ciudadyregion.com.co\/index.php\/wp-json\/wp\/v2\/posts\/53054\/revisions"}],"predecessor-version":[{"id":53055,"href":"https:\/\/ciudadyregion.com.co\/index.php\/wp-json\/wp\/v2\/posts\/53054\/revisions\/53055"}],"wp:featuredmedia":[{"embeddable":true,"href":"https:\/\/ciudadyregion.com.co\/index.php\/wp-json\/wp\/v2\/media\/41573"}],"wp:attachment":[{"href":"https:\/\/ciudadyregion.com.co\/index.php\/wp-json\/wp\/v2\/media?parent=53054"}],"wp:term":[{"taxonomy":"category","embeddable":true,"href":"https:\/\/ciudadyregion.com.co\/index.php\/wp-json\/wp\/v2\/categories?post=53054"},{"taxonomy":"post_tag","embeddable":true,"href":"https:\/\/ciudadyregion.com.co\/index.php\/wp-json\/wp\/v2\/tags?post=53054"}],"curies":[{"name":"wp","href":"https:\/\/api.w.org\/{rel}","templated":true}]}}