{"id":53044,"date":"2026-01-15T12:41:08","date_gmt":"2026-01-15T17:41:08","guid":{"rendered":"https:\/\/ciudadyregion.com.co\/?p=53044"},"modified":"2026-01-15T12:41:08","modified_gmt":"2026-01-15T17:41:08","slug":"asegurado-sujeto-que-asesino-a-su-propio-primo-en-medellin","status":"publish","type":"post","link":"https:\/\/ciudadyregion.com.co\/index.php\/asegurado-sujeto-que-asesino-a-su-propio-primo-en-medellin\/judicial\/","title":{"rendered":"Asegurado sujeto que asesin\u00f3 a su propio primo  en Medell\u00edn"},"content":{"rendered":"<blockquote>\n<h4><em>En el hecho tambi\u00e9n result\u00f3 gravemente herido un amigo de la v\u00edctima.<\/em><\/h4>\n<\/blockquote>\n<p>Luego de valorar los\u00a0elementos materiales probatorios presentados por la Fiscal\u00eda General de la Naci\u00f3n, un\u00a0juez de control de garant\u00edas\u00a0impuso medida de aseguramiento en centro de reclusi\u00f3n en contra de Alexander Acevedo Agudelo, como presunto responsable de los delitos de\u00a0homicidio y tentativa de homicidio, las dos conductas agravadas.<\/p>\n<p>Los hechos investigados ocurrieron la tarde del pasado 11 de enero en una vivienda del\u00a0barrio Bel\u00e9n Aguas Fr\u00edas de Medell\u00edn (Antioquia), donde el hoy procesado, al parecer, agredi\u00f3 con arma blanca y le caus\u00f3 la muerte a su primo de 24 a\u00f1os.\u00a0 En la misma acci\u00f3n result\u00f3 gravemente lesionado otro hombre de 35 a\u00f1os que estaba en el inmueble.<\/p>\n<p>Seg\u00fan la investigaci\u00f3n adelantada por una fiscal de la\u00a0Unidad de Reacci\u00f3n Inmediata (URI)\u00a0de la\u00a0Seccional Medell\u00edn, la v\u00edctima fue atacada mientras dorm\u00eda y ambos afectados recibieron lesiones en la parte izquierda del pecho.<\/p>\n<p>Momentos despu\u00e9s de los hechos, Acevedo Agudelo fue capturado por servidores de la\u00a0\u00a0Polic\u00eda Nacional, quienes le incautaron un bolso dentro del cual llevaba el cuchillo que\u00a0 al parecer utiliz\u00f3 para cometer las agresiones.<\/p>\n<p>Durante las audiencias concentradas el investigado no acept\u00f3 los cargos imputados.<\/p>\n","protected":false},"excerpt":{"rendered":"<p>En el hecho tambi\u00e9n result\u00f3 gravemente herido un amigo de la v\u00edctima. Luego de valorar los\u00a0elementos materiales probatorios presentados por la Fiscal\u00eda General de la Naci\u00f3n, un\u00a0juez de control de garant\u00edas\u00a0impuso medida de aseguramiento en centro de reclusi\u00f3n en contra de Alexander Acevedo Agudelo, como presunto responsable de los delitos<span class=\"more-link\"><a href=\"https:\/\/ciudadyregion.com.co\/index.php\/asegurado-sujeto-que-asesino-a-su-propio-primo-en-medellin\/judicial\/\">Continuar Leyendo<\/a><\/span><\/p>\n","protected":false},"author":2,"featured_media":23751,"comment_status":"open","ping_status":"open","sticky":false,"template":"","format":"standard","meta":{"_uf_show_specific_survey":0,"_uf_disable_surveys":false,"_jetpack_memberships_contains_paid_content":false,"footnotes":"","jetpack_publicize_message":"","jetpack_publicize_feature_enabled":true,"jetpack_social_post_already_shared":true,"jetpack_social_options":{"image_generator_settings":{"template":"highway","enabled":false},"version":2}},"categories":[18],"tags":[],"class_list":["entry","author-diegoaguirre","post-53044","post","type-post","status-publish","format-standard","has-post-thumbnail","category-judicial"],"jetpack_publicize_connections":[],"yoast_head":"<!-- This site is optimized with the Yoast SEO plugin v24.3 - https:\/\/yoast.com\/wordpress\/plugins\/seo\/ -->\n<title>Asegurado sujeto que asesin\u00f3 a su propio primo en Medell\u00edn - Ciudad y Region<\/title>\n<meta name=\"robots\" content=\"index, follow, max-snippet:-1, max-image-preview:large, max-video-preview:-1\" \/>\n<link rel=\"canonical\" href=\"https:\/\/ciudadyregion.com.co\/index.php\/asegurado-sujeto-que-asesino-a-su-propio-primo-en-medellin\/judicial\/\" \/>\n<meta property=\"og:locale\" content=\"es_ES\" \/>\n<meta property=\"og:type\" content=\"article\" \/>\n<meta property=\"og:title\" content=\"Asegurado sujeto que asesin\u00f3 a su propio primo en Medell\u00edn - Ciudad y Region\" \/>\n<meta property=\"og:description\" content=\"En el hecho tambi\u00e9n result\u00f3 gravemente herido un amigo de la v\u00edctima. Luego de valorar los\u00a0elementos materiales probatorios presentados por la Fiscal\u00eda General de la Naci\u00f3n, un\u00a0juez de control de garant\u00edas\u00a0impuso medida de aseguramiento en centro de reclusi\u00f3n en contra de Alexander Acevedo Agudelo, como presunto responsable de los delitosContinuar Leyendo\" \/>\n<meta property=\"og:url\" content=\"https:\/\/ciudadyregion.com.co\/index.php\/asegurado-sujeto-que-asesino-a-su-propio-primo-en-medellin\/judicial\/\" \/>\n<meta property=\"og:site_name\" content=\"Ciudad y Region\" \/>\n<meta property=\"article:published_time\" content=\"2026-01-15T17:41:08+00:00\" \/>\n<meta property=\"og:image\" content=\"https:\/\/ciudadyregion.com.co\/wp-content\/uploads\/2024\/10\/3-punalada-cuchillo.jpg\" \/>\n\t<meta property=\"og:image:width\" content=\"800\" \/>\n\t<meta property=\"og:image:height\" content=\"445\" \/>\n\t<meta property=\"og:image:type\" content=\"image\/jpeg\" \/>\n<meta name=\"author\" content=\"David Andr\u00e9s Aguirre\" \/>\n<meta name=\"twitter:card\" content=\"summary_large_image\" \/>\n<meta name=\"twitter:label1\" content=\"Escrito por\" \/>\n\t<meta name=\"twitter:data1\" content=\"David Andr\u00e9s Aguirre\" \/>\n\t<meta name=\"twitter:label2\" content=\"Tiempo de lectura\" \/>\n\t<meta name=\"twitter:data2\" content=\"2 minutos\" \/>\n<script type=\"application\/ld+json\" class=\"yoast-schema-graph\">{\"@context\":\"https:\/\/schema.org\",\"@graph\":[{\"@type\":\"WebPage\",\"@id\":\"https:\/\/ciudadyregion.com.co\/index.php\/asegurado-sujeto-que-asesino-a-su-propio-primo-en-medellin\/judicial\/\",\"url\":\"https:\/\/ciudadyregion.com.co\/index.php\/asegurado-sujeto-que-asesino-a-su-propio-primo-en-medellin\/judicial\/\",\"name\":\"Asegurado sujeto que asesin\u00f3 a su propio primo en Medell\u00edn - Ciudad y Region\",\"isPartOf\":{\"@id\":\"https:\/\/ciudadyregion.com.co\/#website\"},\"primaryImageOfPage\":{\"@id\":\"https:\/\/ciudadyregion.com.co\/index.php\/asegurado-sujeto-que-asesino-a-su-propio-primo-en-medellin\/judicial\/#primaryimage\"},\"image\":{\"@id\":\"https:\/\/ciudadyregion.com.co\/index.php\/asegurado-sujeto-que-asesino-a-su-propio-primo-en-medellin\/judicial\/#primaryimage\"},\"thumbnailUrl\":\"https:\/\/i0.wp.com\/ciudadyregion.com.co\/wp-content\/uploads\/2024\/10\/3-punalada-cuchillo.jpg?fit=800%2C445&ssl=1\",\"datePublished\":\"2026-01-15T17:41:08+00:00\",\"dateModified\":\"2026-01-15T17:41:08+00:00\",\"author\":{\"@id\":\"https:\/\/ciudadyregion.com.co\/#\/schema\/person\/04a4954373ebc4051f46e8c65ff78622\"},\"breadcrumb\":{\"@id\":\"https:\/\/ciudadyregion.com.co\/index.php\/asegurado-sujeto-que-asesino-a-su-propio-primo-en-medellin\/judicial\/#breadcrumb\"},\"inLanguage\":\"es\",\"potentialAction\":[{\"@type\":\"ReadAction\",\"target\":[\"https:\/\/ciudadyregion.com.co\/index.php\/asegurado-sujeto-que-asesino-a-su-propio-primo-en-medellin\/judicial\/\"]}]},{\"@type\":\"ImageObject\",\"inLanguage\":\"es\",\"@id\":\"https:\/\/ciudadyregion.com.co\/index.php\/asegurado-sujeto-que-asesino-a-su-propio-primo-en-medellin\/judicial\/#primaryimage\",\"url\":\"https:\/\/i0.wp.com\/ciudadyregion.com.co\/wp-content\/uploads\/2024\/10\/3-punalada-cuchillo.jpg?fit=800%2C445&ssl=1\",\"contentUrl\":\"https:\/\/i0.wp.com\/ciudadyregion.com.co\/wp-content\/uploads\/2024\/10\/3-punalada-cuchillo.jpg?fit=800%2C445&ssl=1\",\"width\":800,\"height\":445},{\"@type\":\"BreadcrumbList\",\"@id\":\"https:\/\/ciudadyregion.com.co\/index.php\/asegurado-sujeto-que-asesino-a-su-propio-primo-en-medellin\/judicial\/#breadcrumb\",\"itemListElement\":[{\"@type\":\"ListItem\",\"position\":1,\"name\":\"Portada\",\"item\":\"https:\/\/ciudadyregion.com.co\/\"},{\"@type\":\"ListItem\",\"position\":2,\"name\":\"Asegurado sujeto que asesin\u00f3 a su propio primo en Medell\u00edn\"}]},{\"@type\":\"WebSite\",\"@id\":\"https:\/\/ciudadyregion.com.co\/#website\",\"url\":\"https:\/\/ciudadyregion.com.co\/\",\"name\":\"Ciudad y Region\",\"description\":\"\",\"potentialAction\":[{\"@type\":\"SearchAction\",\"target\":{\"@type\":\"EntryPoint\",\"urlTemplate\":\"https:\/\/ciudadyregion.com.co\/?s={search_term_string}\"},\"query-input\":{\"@type\":\"PropertyValueSpecification\",\"valueRequired\":true,\"valueName\":\"search_term_string\"}}],\"inLanguage\":\"es\"},{\"@type\":\"Person\",\"@id\":\"https:\/\/ciudadyregion.com.co\/#\/schema\/person\/04a4954373ebc4051f46e8c65ff78622\",\"name\":\"David Andr\u00e9s Aguirre\",\"image\":{\"@type\":\"ImageObject\",\"inLanguage\":\"es\",\"@id\":\"https:\/\/ciudadyregion.com.co\/#\/schema\/person\/image\/\",\"url\":\"https:\/\/secure.gravatar.com\/avatar\/bc3c655860202182ee6d1b5edd042dbe?s=96&d=mm&r=g\",\"contentUrl\":\"https:\/\/secure.gravatar.com\/avatar\/bc3c655860202182ee6d1b5edd042dbe?s=96&d=mm&r=g\",\"caption\":\"David Andr\u00e9s Aguirre\"},\"url\":\"https:\/\/ciudadyregion.com.co\/index.php\/author\/diegoaguirre\/\"}]}<\/script>\n<!-- \/ Yoast SEO plugin. -->","yoast_head_json":{"title":"Asegurado sujeto que asesin\u00f3 a su propio primo en Medell\u00edn - Ciudad y Region","robots":{"index":"index","follow":"follow","max-snippet":"max-snippet:-1","max-image-preview":"max-image-preview:large","max-video-preview":"max-video-preview:-1"},"canonical":"https:\/\/ciudadyregion.com.co\/index.php\/asegurado-sujeto-que-asesino-a-su-propio-primo-en-medellin\/judicial\/","og_locale":"es_ES","og_type":"article","og_title":"Asegurado sujeto que asesin\u00f3 a su propio primo en Medell\u00edn - Ciudad y Region","og_description":"En el hecho tambi\u00e9n result\u00f3 gravemente herido un amigo de la v\u00edctima. Luego de valorar los\u00a0elementos materiales probatorios presentados por la Fiscal\u00eda General de la Naci\u00f3n, un\u00a0juez de control de garant\u00edas\u00a0impuso medida de aseguramiento en centro de reclusi\u00f3n en contra de Alexander Acevedo Agudelo, como presunto responsable de los delitosContinuar Leyendo","og_url":"https:\/\/ciudadyregion.com.co\/index.php\/asegurado-sujeto-que-asesino-a-su-propio-primo-en-medellin\/judicial\/","og_site_name":"Ciudad y Region","article_published_time":"2026-01-15T17:41:08+00:00","og_image":[{"width":800,"height":445,"url":"https:\/\/ciudadyregion.com.co\/wp-content\/uploads\/2024\/10\/3-punalada-cuchillo.jpg","type":"image\/jpeg"}],"author":"David Andr\u00e9s Aguirre","twitter_card":"summary_large_image","twitter_misc":{"Escrito por":"David Andr\u00e9s Aguirre","Tiempo de lectura":"2 minutos"},"schema":{"@context":"https:\/\/schema.org","@graph":[{"@type":"WebPage","@id":"https:\/\/ciudadyregion.com.co\/index.php\/asegurado-sujeto-que-asesino-a-su-propio-primo-en-medellin\/judicial\/","url":"https:\/\/ciudadyregion.com.co\/index.php\/asegurado-sujeto-que-asesino-a-su-propio-primo-en-medellin\/judicial\/","name":"Asegurado sujeto que asesin\u00f3 a su propio primo en Medell\u00edn - Ciudad y Region","isPartOf":{"@id":"https:\/\/ciudadyregion.com.co\/#website"},"primaryImageOfPage":{"@id":"https:\/\/ciudadyregion.com.co\/index.php\/asegurado-sujeto-que-asesino-a-su-propio-primo-en-medellin\/judicial\/#primaryimage"},"image":{"@id":"https:\/\/ciudadyregion.com.co\/index.php\/asegurado-sujeto-que-asesino-a-su-propio-primo-en-medellin\/judicial\/#primaryimage"},"thumbnailUrl":"https:\/\/i0.wp.com\/ciudadyregion.com.co\/wp-content\/uploads\/2024\/10\/3-punalada-cuchillo.jpg?fit=800%2C445&ssl=1","datePublished":"2026-01-15T17:41:08+00:00","dateModified":"2026-01-15T17:41:08+00:00","author":{"@id":"https:\/\/ciudadyregion.com.co\/#\/schema\/person\/04a4954373ebc4051f46e8c65ff78622"},"breadcrumb":{"@id":"https:\/\/ciudadyregion.com.co\/index.php\/asegurado-sujeto-que-asesino-a-su-propio-primo-en-medellin\/judicial\/#breadcrumb"},"inLanguage":"es","potentialAction":[{"@type":"ReadAction","target":["https:\/\/ciudadyregion.com.co\/index.php\/asegurado-sujeto-que-asesino-a-su-propio-primo-en-medellin\/judicial\/"]}]},{"@type":"ImageObject","inLanguage":"es","@id":"https:\/\/ciudadyregion.com.co\/index.php\/asegurado-sujeto-que-asesino-a-su-propio-primo-en-medellin\/judicial\/#primaryimage","url":"https:\/\/i0.wp.com\/ciudadyregion.com.co\/wp-content\/uploads\/2024\/10\/3-punalada-cuchillo.jpg?fit=800%2C445&ssl=1","contentUrl":"https:\/\/i0.wp.com\/ciudadyregion.com.co\/wp-content\/uploads\/2024\/10\/3-punalada-cuchillo.jpg?fit=800%2C445&ssl=1","width":800,"height":445},{"@type":"BreadcrumbList","@id":"https:\/\/ciudadyregion.com.co\/index.php\/asegurado-sujeto-que-asesino-a-su-propio-primo-en-medellin\/judicial\/#breadcrumb","itemListElement":[{"@type":"ListItem","position":1,"name":"Portada","item":"https:\/\/ciudadyregion.com.co\/"},{"@type":"ListItem","position":2,"name":"Asegurado sujeto que asesin\u00f3 a su propio primo en Medell\u00edn"}]},{"@type":"WebSite","@id":"https:\/\/ciudadyregion.com.co\/#website","url":"https:\/\/ciudadyregion.com.co\/","name":"Ciudad y Region","description":"","potentialAction":[{"@type":"SearchAction","target":{"@type":"EntryPoint","urlTemplate":"https:\/\/ciudadyregion.com.co\/?s={search_term_string}"},"query-input":{"@type":"PropertyValueSpecification","valueRequired":true,"valueName":"search_term_string"}}],"inLanguage":"es"},{"@type":"Person","@id":"https:\/\/ciudadyregion.com.co\/#\/schema\/person\/04a4954373ebc4051f46e8c65ff78622","name":"David Andr\u00e9s Aguirre","image":{"@type":"ImageObject","inLanguage":"es","@id":"https:\/\/ciudadyregion.com.co\/#\/schema\/person\/image\/","url":"https:\/\/secure.gravatar.com\/avatar\/bc3c655860202182ee6d1b5edd042dbe?s=96&d=mm&r=g","contentUrl":"https:\/\/secure.gravatar.com\/avatar\/bc3c655860202182ee6d1b5edd042dbe?s=96&d=mm&r=g","caption":"David Andr\u00e9s Aguirre"},"url":"https:\/\/ciudadyregion.com.co\/index.php\/author\/diegoaguirre\/"}]}},"jetpack_featured_media_url":"https:\/\/i0.wp.com\/ciudadyregion.com.co\/wp-content\/uploads\/2024\/10\/3-punalada-cuchillo.jpg?fit=800%2C445&ssl=1","jetpack_sharing_enabled":true,"jetpack_shortlink":"https:\/\/wp.me\/pbS7hh-dNy","jetpack-related-posts":[],"_links":{"self":[{"href":"https:\/\/ciudadyregion.com.co\/index.php\/wp-json\/wp\/v2\/posts\/53044"}],"collection":[{"href":"https:\/\/ciudadyregion.com.co\/index.php\/wp-json\/wp\/v2\/posts"}],"about":[{"href":"https:\/\/ciudadyregion.com.co\/index.php\/wp-json\/wp\/v2\/types\/post"}],"author":[{"embeddable":true,"href":"https:\/\/ciudadyregion.com.co\/index.php\/wp-json\/wp\/v2\/users\/2"}],"replies":[{"embeddable":true,"href":"https:\/\/ciudadyregion.com.co\/index.php\/wp-json\/wp\/v2\/comments?post=53044"}],"version-history":[{"count":1,"href":"https:\/\/ciudadyregion.com.co\/index.php\/wp-json\/wp\/v2\/posts\/53044\/revisions"}],"predecessor-version":[{"id":53045,"href":"https:\/\/ciudadyregion.com.co\/index.php\/wp-json\/wp\/v2\/posts\/53044\/revisions\/53045"}],"wp:featuredmedia":[{"embeddable":true,"href":"https:\/\/ciudadyregion.com.co\/index.php\/wp-json\/wp\/v2\/media\/23751"}],"wp:attachment":[{"href":"https:\/\/ciudadyregion.com.co\/index.php\/wp-json\/wp\/v2\/media?parent=53044"}],"wp:term":[{"taxonomy":"category","embeddable":true,"href":"https:\/\/ciudadyregion.com.co\/index.php\/wp-json\/wp\/v2\/categories?post=53044"},{"taxonomy":"post_tag","embeddable":true,"href":"https:\/\/ciudadyregion.com.co\/index.php\/wp-json\/wp\/v2\/tags?post=53044"}],"curies":[{"name":"wp","href":"https:\/\/api.w.org\/{rel}","templated":true}]}}