{"id":50471,"date":"2025-12-02T03:19:37","date_gmt":"2025-12-02T08:19:37","guid":{"rendered":"https:\/\/ciudadyregion.com.co\/?p=50471"},"modified":"2025-12-01T18:23:28","modified_gmt":"2025-12-01T23:23:28","slug":"melgar-vivio-una-gran-jornada-del-mercado-campesino-y-tolima-fest","status":"publish","type":"post","link":"https:\/\/ciudadyregion.com.co\/index.php\/melgar-vivio-una-gran-jornada-del-mercado-campesino-y-tolima-fest\/regional\/","title":{"rendered":"Melgar vivi\u00f3 una gran jornada del Mercado Campesino y Tolima Fest"},"content":{"rendered":"<div class=\"xdj266r x14z9mp xat24cr x1lziwak x1vvkbs x126k92a\">\n<div dir=\"auto\"><span class=\"html-span xexx8yu xyri2b x18d9i69 x1c1uobl x1hl2dhg x16tdsg8 x1vvkbs x3nfvp2 x1j61x8r x1fcty0u xdj266r xat24cr xm2jcoa x1mpyi22 xxymvpz xlup9mm x1kky2od\"><img loading=\"lazy\" decoding=\"async\" class=\"xz74otr x15mokao x1ga7v0g x16uus16 xbiv7yw\" src=\"https:\/\/static.xx.fbcdn.net\/images\/emoji.php\/v9\/t9d\/1\/16\/1f33e.png\" alt=\"\ud83c\udf3e\" width=\"16\" height=\"16\" \/><\/span> Melgar le apuesta al desarrollo econ\u00f3mico desde el campo. Vivimos una gran jornada del Mercado Campesino y Tolima Fest, un espacio liderado por la Secretar\u00eda de Turismo y desarrollo Econ\u00f3mico Sostenible, a trav\u00e9s de la Direcci\u00f3n de Agropecuaria, que reuni\u00f3 a m\u00e1s de 30 emprendimientos y productores locales que impulsan la econom\u00eda rural y dinamizan el crecimiento del municipio.<\/div>\n<div dir=\"auto\"><\/div>\n<\/div>\n<div class=\"x14z9mp xat24cr x1lziwak x1vvkbs xtlvy1s x126k92a\">\n<div dir=\"auto\"><span class=\"html-span xexx8yu xyri2b x18d9i69 x1c1uobl x1hl2dhg x16tdsg8 x1vvkbs x3nfvp2 x1j61x8r x1fcty0u xdj266r xat24cr xm2jcoa x1mpyi22 xxymvpz xlup9mm x1kky2od\"><img loading=\"lazy\" decoding=\"async\" class=\"xz74otr x15mokao x1ga7v0g x16uus16 xbiv7yw\" src=\"https:\/\/static.xx.fbcdn.net\/images\/emoji.php\/v9\/t64\/1\/16\/1f91d.png\" alt=\"\ud83e\udd1d\" width=\"16\" height=\"16\" \/><\/span> Destacamos el respaldo de la <span class=\"html-span xdj266r x14z9mp xat24cr x1lziwak xexx8yu xyri2b x18d9i69 x1c1uobl x1hl2dhg x16tdsg8 x1vvkbs\"><a class=\"x1i10hfl xjbqb8w x1ejq31n x18oe1m7 x1sy0etr xstzfhl x972fbf x10w94by x1qhh985 x14e42zd x9f619 x1ypdohk xt0psk2 x3ct3a4 xdj266r x14z9mp xat24cr x1lziwak xexx8yu xyri2b x18d9i69 x1c1uobl x16tdsg8 x1hl2dhg xggy1nq x1a2a7pz xkrqix3 x1sur9pj x1fey0fg x1s688f\" tabindex=\"0\" role=\"link\" href=\"https:\/\/www.facebook.com\/GobernaciondelTolima?__cft__[0]=AZWZz1o-lRFMDTGkywEDOYSt1qEdxSJ32EGWTmllpI3n-msI-EnA6nJ0gVUsREooDpRqZ5N8BXT79EO7xnrvVaeZNJgY6VlFtqGB1WNi9YSovdhXd3c1zv_D2Uzz0CpfXoXTFZetx01sYLjI1dDPZXpGvTNzuC8H3aIa3uwhmOeT0p0XVElrOzu5HrmH87N-o6w&amp;__tn__=-]K-R\"><span class=\"xt0psk2\"><span class=\"xjp7ctv\">Gobernaci\u00f3n del Tolima<\/span><\/span><\/a><\/span>, mediante la Secretar\u00eda de Desarrollo Econ\u00f3mico, y el aporte cultural de la Casa de la Cultura. Gracias tambi\u00e9n a la comunidad melgarense por apoyar y reconocer el valor de quienes trabajan la tierra y transforman sus productos.<\/div>\n<div dir=\"auto\"><\/div>\n<\/div>\n<div class=\"x14z9mp xat24cr x1lziwak x1vvkbs xtlvy1s x126k92a\">\n<div dir=\"auto\"><span class=\"html-span xexx8yu xyri2b x18d9i69 x1c1uobl x1hl2dhg x16tdsg8 x1vvkbs x3nfvp2 x1j61x8r x1fcty0u xdj266r xat24cr xm2jcoa x1mpyi22 xxymvpz xlup9mm x1kky2od\"><img loading=\"lazy\" decoding=\"async\" class=\"xz74otr x15mokao x1ga7v0g x16uus16 xbiv7yw\" src=\"https:\/\/static.xx.fbcdn.net\/images\/emoji.php\/v9\/t69\/1\/16\/1f331.png\" alt=\"\ud83c\udf31\" width=\"16\" height=\"16\" \/><\/span> Creemos en el campo, en su capacidad de emprendimiento y en su papel fundamental para construir un Melgar m\u00e1s pr\u00f3spero y competitivo.<\/div>\n<\/div>\n","protected":false},"excerpt":{"rendered":"<p>Melgar le apuesta al desarrollo econ\u00f3mico desde el campo. Vivimos una gran jornada del Mercado Campesino y Tolima Fest, un espacio liderado por la Secretar\u00eda de Turismo y desarrollo Econ\u00f3mico Sostenible, a trav\u00e9s de la Direcci\u00f3n de Agropecuaria, que reuni\u00f3 a m\u00e1s de 30 emprendimientos y productores locales que impulsan<span class=\"more-link\"><a href=\"https:\/\/ciudadyregion.com.co\/index.php\/melgar-vivio-una-gran-jornada-del-mercado-campesino-y-tolima-fest\/regional\/\">Continuar Leyendo<\/a><\/span><\/p>\n","protected":false},"author":2,"featured_media":50475,"comment_status":"open","ping_status":"open","sticky":false,"template":"","format":"standard","meta":{"_uf_show_specific_survey":0,"_uf_disable_surveys":false,"_jetpack_memberships_contains_paid_content":false,"footnotes":"","jetpack_publicize_message":"","jetpack_publicize_feature_enabled":true,"jetpack_social_post_already_shared":true,"jetpack_social_options":{"image_generator_settings":{"template":"highway","enabled":false},"version":2}},"categories":[13],"tags":[],"class_list":["entry","author-diegoaguirre","post-50471","post","type-post","status-publish","format-standard","has-post-thumbnail","category-regional"],"jetpack_publicize_connections":[],"yoast_head":"<!-- This site is optimized with the Yoast SEO plugin v24.3 - https:\/\/yoast.com\/wordpress\/plugins\/seo\/ -->\n<title>Melgar vivi\u00f3 una gran jornada del Mercado Campesino y Tolima Fest - Ciudad y Region<\/title>\n<meta name=\"robots\" content=\"index, follow, max-snippet:-1, max-image-preview:large, max-video-preview:-1\" \/>\n<link rel=\"canonical\" href=\"https:\/\/ciudadyregion.com.co\/index.php\/melgar-vivio-una-gran-jornada-del-mercado-campesino-y-tolima-fest\/regional\/\" \/>\n<meta property=\"og:locale\" content=\"es_ES\" \/>\n<meta property=\"og:type\" content=\"article\" \/>\n<meta property=\"og:title\" content=\"Melgar vivi\u00f3 una gran jornada del Mercado Campesino y Tolima Fest - Ciudad y Region\" \/>\n<meta property=\"og:description\" content=\"Melgar le apuesta al desarrollo econ\u00f3mico desde el campo. Vivimos una gran jornada del Mercado Campesino y Tolima Fest, un espacio liderado por la Secretar\u00eda de Turismo y desarrollo Econ\u00f3mico Sostenible, a trav\u00e9s de la Direcci\u00f3n de Agropecuaria, que reuni\u00f3 a m\u00e1s de 30 emprendimientos y productores locales que impulsanContinuar Leyendo\" \/>\n<meta property=\"og:url\" content=\"https:\/\/ciudadyregion.com.co\/index.php\/melgar-vivio-una-gran-jornada-del-mercado-campesino-y-tolima-fest\/regional\/\" \/>\n<meta property=\"og:site_name\" content=\"Ciudad y Region\" \/>\n<meta property=\"article:published_time\" content=\"2025-12-02T08:19:37+00:00\" \/>\n<meta property=\"article:modified_time\" content=\"2025-12-01T23:23:28+00:00\" \/>\n<meta property=\"og:image\" content=\"https:\/\/i0.wp.com\/ciudadyregion.com.co\/wp-content\/uploads\/2025\/12\/a-30.jpg?fit=800%2C445&ssl=1\" \/>\n\t<meta property=\"og:image:width\" content=\"800\" \/>\n\t<meta property=\"og:image:height\" content=\"445\" \/>\n\t<meta property=\"og:image:type\" content=\"image\/jpeg\" \/>\n<meta name=\"author\" content=\"David Andr\u00e9s Aguirre\" \/>\n<meta name=\"twitter:card\" content=\"summary_large_image\" \/>\n<meta name=\"twitter:label1\" content=\"Escrito por\" \/>\n\t<meta name=\"twitter:data1\" content=\"David Andr\u00e9s Aguirre\" \/>\n\t<meta name=\"twitter:label2\" content=\"Tiempo de lectura\" \/>\n\t<meta name=\"twitter:data2\" content=\"2 minutos\" \/>\n<script type=\"application\/ld+json\" class=\"yoast-schema-graph\">{\"@context\":\"https:\/\/schema.org\",\"@graph\":[{\"@type\":\"WebPage\",\"@id\":\"https:\/\/ciudadyregion.com.co\/index.php\/melgar-vivio-una-gran-jornada-del-mercado-campesino-y-tolima-fest\/regional\/\",\"url\":\"https:\/\/ciudadyregion.com.co\/index.php\/melgar-vivio-una-gran-jornada-del-mercado-campesino-y-tolima-fest\/regional\/\",\"name\":\"Melgar vivi\u00f3 una gran jornada del Mercado Campesino y Tolima Fest - Ciudad y Region\",\"isPartOf\":{\"@id\":\"https:\/\/ciudadyregion.com.co\/#website\"},\"primaryImageOfPage\":{\"@id\":\"https:\/\/ciudadyregion.com.co\/index.php\/melgar-vivio-una-gran-jornada-del-mercado-campesino-y-tolima-fest\/regional\/#primaryimage\"},\"image\":{\"@id\":\"https:\/\/ciudadyregion.com.co\/index.php\/melgar-vivio-una-gran-jornada-del-mercado-campesino-y-tolima-fest\/regional\/#primaryimage\"},\"thumbnailUrl\":\"https:\/\/i0.wp.com\/ciudadyregion.com.co\/wp-content\/uploads\/2025\/12\/a-30.jpg?fit=800%2C445&ssl=1\",\"datePublished\":\"2025-12-02T08:19:37+00:00\",\"dateModified\":\"2025-12-01T23:23:28+00:00\",\"author\":{\"@id\":\"https:\/\/ciudadyregion.com.co\/#\/schema\/person\/04a4954373ebc4051f46e8c65ff78622\"},\"breadcrumb\":{\"@id\":\"https:\/\/ciudadyregion.com.co\/index.php\/melgar-vivio-una-gran-jornada-del-mercado-campesino-y-tolima-fest\/regional\/#breadcrumb\"},\"inLanguage\":\"es\",\"potentialAction\":[{\"@type\":\"ReadAction\",\"target\":[\"https:\/\/ciudadyregion.com.co\/index.php\/melgar-vivio-una-gran-jornada-del-mercado-campesino-y-tolima-fest\/regional\/\"]}]},{\"@type\":\"ImageObject\",\"inLanguage\":\"es\",\"@id\":\"https:\/\/ciudadyregion.com.co\/index.php\/melgar-vivio-una-gran-jornada-del-mercado-campesino-y-tolima-fest\/regional\/#primaryimage\",\"url\":\"https:\/\/i0.wp.com\/ciudadyregion.com.co\/wp-content\/uploads\/2025\/12\/a-30.jpg?fit=800%2C445&ssl=1\",\"contentUrl\":\"https:\/\/i0.wp.com\/ciudadyregion.com.co\/wp-content\/uploads\/2025\/12\/a-30.jpg?fit=800%2C445&ssl=1\",\"width\":800,\"height\":445},{\"@type\":\"BreadcrumbList\",\"@id\":\"https:\/\/ciudadyregion.com.co\/index.php\/melgar-vivio-una-gran-jornada-del-mercado-campesino-y-tolima-fest\/regional\/#breadcrumb\",\"itemListElement\":[{\"@type\":\"ListItem\",\"position\":1,\"name\":\"Portada\",\"item\":\"https:\/\/ciudadyregion.com.co\/\"},{\"@type\":\"ListItem\",\"position\":2,\"name\":\"Melgar vivi\u00f3 una gran jornada del Mercado Campesino y Tolima Fest\"}]},{\"@type\":\"WebSite\",\"@id\":\"https:\/\/ciudadyregion.com.co\/#website\",\"url\":\"https:\/\/ciudadyregion.com.co\/\",\"name\":\"Ciudad y Region\",\"description\":\"\",\"potentialAction\":[{\"@type\":\"SearchAction\",\"target\":{\"@type\":\"EntryPoint\",\"urlTemplate\":\"https:\/\/ciudadyregion.com.co\/?s={search_term_string}\"},\"query-input\":{\"@type\":\"PropertyValueSpecification\",\"valueRequired\":true,\"valueName\":\"search_term_string\"}}],\"inLanguage\":\"es\"},{\"@type\":\"Person\",\"@id\":\"https:\/\/ciudadyregion.com.co\/#\/schema\/person\/04a4954373ebc4051f46e8c65ff78622\",\"name\":\"David Andr\u00e9s Aguirre\",\"image\":{\"@type\":\"ImageObject\",\"inLanguage\":\"es\",\"@id\":\"https:\/\/ciudadyregion.com.co\/#\/schema\/person\/image\/\",\"url\":\"https:\/\/secure.gravatar.com\/avatar\/bc3c655860202182ee6d1b5edd042dbe?s=96&d=mm&r=g\",\"contentUrl\":\"https:\/\/secure.gravatar.com\/avatar\/bc3c655860202182ee6d1b5edd042dbe?s=96&d=mm&r=g\",\"caption\":\"David Andr\u00e9s Aguirre\"},\"url\":\"https:\/\/ciudadyregion.com.co\/index.php\/author\/diegoaguirre\/\"}]}<\/script>\n<!-- \/ Yoast SEO plugin. -->","yoast_head_json":{"title":"Melgar vivi\u00f3 una gran jornada del Mercado Campesino y Tolima Fest - Ciudad y Region","robots":{"index":"index","follow":"follow","max-snippet":"max-snippet:-1","max-image-preview":"max-image-preview:large","max-video-preview":"max-video-preview:-1"},"canonical":"https:\/\/ciudadyregion.com.co\/index.php\/melgar-vivio-una-gran-jornada-del-mercado-campesino-y-tolima-fest\/regional\/","og_locale":"es_ES","og_type":"article","og_title":"Melgar vivi\u00f3 una gran jornada del Mercado Campesino y Tolima Fest - Ciudad y Region","og_description":"Melgar le apuesta al desarrollo econ\u00f3mico desde el campo. Vivimos una gran jornada del Mercado Campesino y Tolima Fest, un espacio liderado por la Secretar\u00eda de Turismo y desarrollo Econ\u00f3mico Sostenible, a trav\u00e9s de la Direcci\u00f3n de Agropecuaria, que reuni\u00f3 a m\u00e1s de 30 emprendimientos y productores locales que impulsanContinuar Leyendo","og_url":"https:\/\/ciudadyregion.com.co\/index.php\/melgar-vivio-una-gran-jornada-del-mercado-campesino-y-tolima-fest\/regional\/","og_site_name":"Ciudad y Region","article_published_time":"2025-12-02T08:19:37+00:00","article_modified_time":"2025-12-01T23:23:28+00:00","og_image":[{"width":800,"height":445,"url":"https:\/\/i0.wp.com\/ciudadyregion.com.co\/wp-content\/uploads\/2025\/12\/a-30.jpg?fit=800%2C445&ssl=1","type":"image\/jpeg"}],"author":"David Andr\u00e9s Aguirre","twitter_card":"summary_large_image","twitter_misc":{"Escrito por":"David Andr\u00e9s Aguirre","Tiempo de lectura":"2 minutos"},"schema":{"@context":"https:\/\/schema.org","@graph":[{"@type":"WebPage","@id":"https:\/\/ciudadyregion.com.co\/index.php\/melgar-vivio-una-gran-jornada-del-mercado-campesino-y-tolima-fest\/regional\/","url":"https:\/\/ciudadyregion.com.co\/index.php\/melgar-vivio-una-gran-jornada-del-mercado-campesino-y-tolima-fest\/regional\/","name":"Melgar vivi\u00f3 una gran jornada del Mercado Campesino y Tolima Fest - Ciudad y Region","isPartOf":{"@id":"https:\/\/ciudadyregion.com.co\/#website"},"primaryImageOfPage":{"@id":"https:\/\/ciudadyregion.com.co\/index.php\/melgar-vivio-una-gran-jornada-del-mercado-campesino-y-tolima-fest\/regional\/#primaryimage"},"image":{"@id":"https:\/\/ciudadyregion.com.co\/index.php\/melgar-vivio-una-gran-jornada-del-mercado-campesino-y-tolima-fest\/regional\/#primaryimage"},"thumbnailUrl":"https:\/\/i0.wp.com\/ciudadyregion.com.co\/wp-content\/uploads\/2025\/12\/a-30.jpg?fit=800%2C445&ssl=1","datePublished":"2025-12-02T08:19:37+00:00","dateModified":"2025-12-01T23:23:28+00:00","author":{"@id":"https:\/\/ciudadyregion.com.co\/#\/schema\/person\/04a4954373ebc4051f46e8c65ff78622"},"breadcrumb":{"@id":"https:\/\/ciudadyregion.com.co\/index.php\/melgar-vivio-una-gran-jornada-del-mercado-campesino-y-tolima-fest\/regional\/#breadcrumb"},"inLanguage":"es","potentialAction":[{"@type":"ReadAction","target":["https:\/\/ciudadyregion.com.co\/index.php\/melgar-vivio-una-gran-jornada-del-mercado-campesino-y-tolima-fest\/regional\/"]}]},{"@type":"ImageObject","inLanguage":"es","@id":"https:\/\/ciudadyregion.com.co\/index.php\/melgar-vivio-una-gran-jornada-del-mercado-campesino-y-tolima-fest\/regional\/#primaryimage","url":"https:\/\/i0.wp.com\/ciudadyregion.com.co\/wp-content\/uploads\/2025\/12\/a-30.jpg?fit=800%2C445&ssl=1","contentUrl":"https:\/\/i0.wp.com\/ciudadyregion.com.co\/wp-content\/uploads\/2025\/12\/a-30.jpg?fit=800%2C445&ssl=1","width":800,"height":445},{"@type":"BreadcrumbList","@id":"https:\/\/ciudadyregion.com.co\/index.php\/melgar-vivio-una-gran-jornada-del-mercado-campesino-y-tolima-fest\/regional\/#breadcrumb","itemListElement":[{"@type":"ListItem","position":1,"name":"Portada","item":"https:\/\/ciudadyregion.com.co\/"},{"@type":"ListItem","position":2,"name":"Melgar vivi\u00f3 una gran jornada del Mercado Campesino y Tolima Fest"}]},{"@type":"WebSite","@id":"https:\/\/ciudadyregion.com.co\/#website","url":"https:\/\/ciudadyregion.com.co\/","name":"Ciudad y Region","description":"","potentialAction":[{"@type":"SearchAction","target":{"@type":"EntryPoint","urlTemplate":"https:\/\/ciudadyregion.com.co\/?s={search_term_string}"},"query-input":{"@type":"PropertyValueSpecification","valueRequired":true,"valueName":"search_term_string"}}],"inLanguage":"es"},{"@type":"Person","@id":"https:\/\/ciudadyregion.com.co\/#\/schema\/person\/04a4954373ebc4051f46e8c65ff78622","name":"David Andr\u00e9s Aguirre","image":{"@type":"ImageObject","inLanguage":"es","@id":"https:\/\/ciudadyregion.com.co\/#\/schema\/person\/image\/","url":"https:\/\/secure.gravatar.com\/avatar\/bc3c655860202182ee6d1b5edd042dbe?s=96&d=mm&r=g","contentUrl":"https:\/\/secure.gravatar.com\/avatar\/bc3c655860202182ee6d1b5edd042dbe?s=96&d=mm&r=g","caption":"David Andr\u00e9s Aguirre"},"url":"https:\/\/ciudadyregion.com.co\/index.php\/author\/diegoaguirre\/"}]}},"jetpack_featured_media_url":"https:\/\/i0.wp.com\/ciudadyregion.com.co\/wp-content\/uploads\/2025\/12\/a-30.jpg?fit=800%2C445&ssl=1","jetpack_sharing_enabled":true,"jetpack_shortlink":"https:\/\/wp.me\/pbS7hh-d83","jetpack-related-posts":[],"_links":{"self":[{"href":"https:\/\/ciudadyregion.com.co\/index.php\/wp-json\/wp\/v2\/posts\/50471"}],"collection":[{"href":"https:\/\/ciudadyregion.com.co\/index.php\/wp-json\/wp\/v2\/posts"}],"about":[{"href":"https:\/\/ciudadyregion.com.co\/index.php\/wp-json\/wp\/v2\/types\/post"}],"author":[{"embeddable":true,"href":"https:\/\/ciudadyregion.com.co\/index.php\/wp-json\/wp\/v2\/users\/2"}],"replies":[{"embeddable":true,"href":"https:\/\/ciudadyregion.com.co\/index.php\/wp-json\/wp\/v2\/comments?post=50471"}],"version-history":[{"count":1,"href":"https:\/\/ciudadyregion.com.co\/index.php\/wp-json\/wp\/v2\/posts\/50471\/revisions"}],"predecessor-version":[{"id":50476,"href":"https:\/\/ciudadyregion.com.co\/index.php\/wp-json\/wp\/v2\/posts\/50471\/revisions\/50476"}],"wp:featuredmedia":[{"embeddable":true,"href":"https:\/\/ciudadyregion.com.co\/index.php\/wp-json\/wp\/v2\/media\/50475"}],"wp:attachment":[{"href":"https:\/\/ciudadyregion.com.co\/index.php\/wp-json\/wp\/v2\/media?parent=50471"}],"wp:term":[{"taxonomy":"category","embeddable":true,"href":"https:\/\/ciudadyregion.com.co\/index.php\/wp-json\/wp\/v2\/categories?post=50471"},{"taxonomy":"post_tag","embeddable":true,"href":"https:\/\/ciudadyregion.com.co\/index.php\/wp-json\/wp\/v2\/tags?post=50471"}],"curies":[{"name":"wp","href":"https:\/\/api.w.org\/{rel}","templated":true}]}}