{"id":50437,"date":"2025-12-02T03:27:35","date_gmt":"2025-12-02T08:27:35","guid":{"rendered":"https:\/\/ciudadyregion.com.co\/?p=50437"},"modified":"2025-12-02T07:09:52","modified_gmt":"2025-12-02T12:09:52","slug":"historico-ut-presento-la-actualizacion-del-protocolo-de-prevencion-y-atencion-a-violencias-basadas-en-generoy-el-estatuto-disciplinario-estudiantilcon-enfoque-de-genero-e-interseccional","status":"publish","type":"post","link":"https:\/\/ciudadyregion.com.co\/index.php\/historico-ut-presento-la-actualizacion-del-protocolo-de-prevencion-y-atencion-a-violencias-basadas-en-generoy-el-estatuto-disciplinario-estudiantilcon-enfoque-de-genero-e-interseccional\/educacion\/","title":{"rendered":"Hist\u00f3rico: UT present\u00f3 la actualizaci\u00f3n del Protocolo de Prevenci\u00f3n y Atenci\u00f3n a Violencias Basadas en G\u00e9neroy el Estatuto Disciplinario Estudiantilcon enfoque de g\u00e9nero e interseccional"},"content":{"rendered":"<p data-wahfont=\"14\">En el marco de la conmemoraci\u00f3n del 25 de noviem\u00adbre, D\u00eda Internacional para la Eliminaci\u00f3n de las Vio\u00adlencias contra las Mujeres, la Universidad del Tolima realiz\u00f3 este martes un acto institucional de gran rele\u00advancia para la comunidad estudiantil, docente y admi\u00adnistrativa: la presentaci\u00f3n oficial de la actualizaci\u00f3n del Protocolo de Prevenci\u00f3n y Atenci\u00f3n a las Violen\u00adcias Basadas en G\u00e9nero y del Estatuto Disciplinario Es\u00adtudiantil con enfoque de g\u00e9nero e interseccional.<\/p>\n<p data-wahfont=\"14\">La jornada, desarrollada en el Auditorio de M\u00fasica, reuni\u00f3 a autoridades universitarias, colectivos estu\u00addiantiles, profesionales de la Unidad de G\u00e9nero, repre\u00adsentantes de la Vicerrector\u00eda de Desarrollo Humano, integrantes de la comisi\u00f3n que lider\u00f3 el proceso de actualizaci\u00f3n y a diversas voces que han trabajado sos\u00adtenidamente por fortalecer los mecanismos de protec\u00adci\u00f3n y acompa\u00f1amiento dentro del campus.<\/p>\n<p data-wahfont=\"14\"><strong>Un acto simb\u00f3lico y administrativo clave<\/strong><\/p>\n<p data-wahfont=\"14\">La vicerrectora de Docencia y rectora encargada, Nan\u00adcy G\u00f3mez, presidi\u00f3 el encuentro y realiz\u00f3 la firma pro\u00adtocolaria del documento actualizado, reafirmando el compromiso institucional con la construcci\u00f3n de es\u00adcenarios seguros y libres de discriminaci\u00f3n. A su vez, el secretario general de la UT, Juan David G\u00f3mez, fir\u00adm\u00f3 el Estatuto Disciplinario Estudiantil, el cual integra un enfoque de g\u00e9nero e interseccional como principio orientador para la gesti\u00f3n de los casos disciplinarios dentro de la comunidad universitaria. Ambos docu\u00admentos fueron construidos y revisados en un proceso articulado y participativo.<\/p>\n<p data-wahfont=\"14\"><strong>Un proceso participativo con liderazgo estudiantil<\/strong><\/p>\n<p data-wahfont=\"14\">La actualizaci\u00f3n del protocolo y del estatuto no fue un simple tr\u00e1mite normativo; represent\u00f3 un ejercicio de di\u00e1logo profundo entre distintas voces y experiencias. El proceso cont\u00f3 con la participaci\u00f3n activa de estu\u00addiantes que, a trav\u00e9s de mesas de trabajo, espacios de escucha y revisi\u00f3n de propuestas, aportaron perspecti\u00advas fundamentales para comprender las realidades de las violencias basadas en g\u00e9nero al interior de la uni\u00adversidad.<\/p>\n<p data-wahfont=\"14\">Este enfoque participativo permiti\u00f3 fortalecer los me\u00adcanismos de denuncia, incorporar rutas claras de aten\u00adci\u00f3n, ajustar los procedimientos disciplinarios y, sobre todo, garantizar que las herramientas institucionales respondan a las necesidades reales de quienes habitan el campus.<\/p>\n<p data-wahfont=\"14\"><strong>Reflexi\u00f3n y pedagog\u00eda en torno al 25N<\/strong><\/p>\n<p data-wahfont=\"14\">El evento abri\u00f3 con un espacio de reflexi\u00f3n sobre el significado del 25N, visibilizando la importancia de reconocer las violencias basadas en g\u00e9nero como pro\u00adblem\u00e1ticas estructurales que requieren acciones deci\u00addidas, acompa\u00f1amiento institucional y la construcci\u00f3n conjunta de entornos m\u00e1s justos y equitativos.<\/p>\n<p data-wahfont=\"14\">A lo largo de la jornada, la comisi\u00f3n encargada de la actualizaci\u00f3n explic\u00f3 los avances logrados, los cam\u00adbios incorporados y los criterios t\u00e9cnicos y sociales que orientaron cada ajuste. Tambi\u00e9n se presentaron los lineamientos que guiar\u00e1n la implementaci\u00f3n de los documentos y las estrategias pedag\u00f3gicas que se des\u00adplegar\u00e1n para su socializaci\u00f3n.<\/p>\n<p data-wahfont=\"14\"><strong>Hacia una Universidad m\u00e1s justa y protectora<\/strong><\/p>\n<p data-wahfont=\"14\">Con este acto p\u00fablico, la Universidad del Tolima ra\u00adtifica su compromiso con la garant\u00eda de derechos, el respeto por la diversidad y la consolidaci\u00f3n de una cul\u00adtura institucional basada en el cuidado mutuo.<\/p>\n<p data-wahfont=\"14\">La firma de ambos documentos representa un paso significativo en el fortalecimiento de las pol\u00edticas in\u00adternas de prevenci\u00f3n, atenci\u00f3n y sanci\u00f3n frente a las violencias basadas en g\u00e9nero, y responde a la necesi\u00addad de contar con marcos normativos actualizados, sensibles y coherentes con los principios de igualdad y no discriminaci\u00f3n.<\/p>\n<p data-wahfont=\"14\">Desde la UT seguimos avanzando en la construcci\u00f3n de una universidad m\u00e1s segura, m\u00e1s consciente y com\u00adprometida con la eliminaci\u00f3n de todas las formas de violencia.<\/p>\n","protected":false},"excerpt":{"rendered":"<p>En el marco de la conmemoraci\u00f3n del 25 de noviem\u00adbre, D\u00eda Internacional para la Eliminaci\u00f3n de las Vio\u00adlencias contra las Mujeres, la Universidad del Tolima realiz\u00f3 este martes un acto institucional de gran rele\u00advancia para la comunidad estudiantil, docente y admi\u00adnistrativa: la presentaci\u00f3n oficial de la actualizaci\u00f3n del Protocolo de<span class=\"more-link\"><a href=\"https:\/\/ciudadyregion.com.co\/index.php\/historico-ut-presento-la-actualizacion-del-protocolo-de-prevencion-y-atencion-a-violencias-basadas-en-generoy-el-estatuto-disciplinario-estudiantilcon-enfoque-de-genero-e-interseccional\/educacion\/\">Continuar Leyendo<\/a><\/span><\/p>\n","protected":false},"author":2,"featured_media":50438,"comment_status":"open","ping_status":"open","sticky":false,"template":"","format":"standard","meta":{"_uf_show_specific_survey":0,"_uf_disable_surveys":false,"_jetpack_memberships_contains_paid_content":false,"footnotes":"","jetpack_publicize_message":"","jetpack_publicize_feature_enabled":true,"jetpack_social_post_already_shared":true,"jetpack_social_options":{"image_generator_settings":{"template":"highway","enabled":false},"version":2}},"categories":[22],"tags":[],"class_list":["entry","author-diegoaguirre","post-50437","post","type-post","status-publish","format-standard","has-post-thumbnail","category-educacion"],"jetpack_publicize_connections":[],"yoast_head":"<!-- This site is optimized with the Yoast SEO plugin v24.3 - https:\/\/yoast.com\/wordpress\/plugins\/seo\/ -->\n<title>Hist\u00f3rico: UT present\u00f3 la actualizaci\u00f3n del Protocolo de Prevenci\u00f3n y Atenci\u00f3n a Violencias Basadas en G\u00e9neroy el Estatuto Disciplinario Estudiantilcon enfoque de g\u00e9nero e interseccional - Ciudad y Region<\/title>\n<meta name=\"robots\" content=\"index, follow, max-snippet:-1, max-image-preview:large, max-video-preview:-1\" \/>\n<link rel=\"canonical\" href=\"https:\/\/ciudadyregion.com.co\/index.php\/historico-ut-presento-la-actualizacion-del-protocolo-de-prevencion-y-atencion-a-violencias-basadas-en-generoy-el-estatuto-disciplinario-estudiantilcon-enfoque-de-genero-e-interseccional\/educacion\/\" \/>\n<meta property=\"og:locale\" content=\"es_ES\" \/>\n<meta property=\"og:type\" content=\"article\" \/>\n<meta property=\"og:title\" content=\"Hist\u00f3rico: UT present\u00f3 la actualizaci\u00f3n del Protocolo de Prevenci\u00f3n y Atenci\u00f3n a Violencias Basadas en G\u00e9neroy el Estatuto Disciplinario Estudiantilcon enfoque de g\u00e9nero e interseccional - Ciudad y Region\" \/>\n<meta property=\"og:description\" content=\"En el marco de la conmemoraci\u00f3n del 25 de noviem\u00adbre, D\u00eda Internacional para la Eliminaci\u00f3n de las Vio\u00adlencias contra las Mujeres, la Universidad del Tolima realiz\u00f3 este martes un acto institucional de gran rele\u00advancia para la comunidad estudiantil, docente y admi\u00adnistrativa: la presentaci\u00f3n oficial de la actualizaci\u00f3n del Protocolo deContinuar Leyendo\" \/>\n<meta property=\"og:url\" content=\"https:\/\/ciudadyregion.com.co\/index.php\/historico-ut-presento-la-actualizacion-del-protocolo-de-prevencion-y-atencion-a-violencias-basadas-en-generoy-el-estatuto-disciplinario-estudiantilcon-enfoque-de-genero-e-interseccional\/educacion\/\" \/>\n<meta property=\"og:site_name\" content=\"Ciudad y Region\" \/>\n<meta property=\"article:published_time\" content=\"2025-12-02T08:27:35+00:00\" \/>\n<meta property=\"article:modified_time\" content=\"2025-12-02T12:09:52+00:00\" \/>\n<meta property=\"og:image\" content=\"https:\/\/ciudadyregion.com.co\/wp-content\/uploads\/2025\/12\/a.png\" \/>\n\t<meta property=\"og:image:width\" content=\"800\" \/>\n\t<meta property=\"og:image:height\" content=\"445\" \/>\n\t<meta property=\"og:image:type\" content=\"image\/png\" \/>\n<meta name=\"author\" content=\"David Andr\u00e9s Aguirre\" \/>\n<meta name=\"twitter:card\" content=\"summary_large_image\" \/>\n<meta name=\"twitter:label1\" content=\"Escrito por\" \/>\n\t<meta name=\"twitter:data1\" content=\"David Andr\u00e9s Aguirre\" \/>\n\t<meta name=\"twitter:label2\" content=\"Tiempo de lectura\" \/>\n\t<meta name=\"twitter:data2\" content=\"3 minutos\" \/>\n<script type=\"application\/ld+json\" class=\"yoast-schema-graph\">{\"@context\":\"https:\/\/schema.org\",\"@graph\":[{\"@type\":\"WebPage\",\"@id\":\"https:\/\/ciudadyregion.com.co\/index.php\/historico-ut-presento-la-actualizacion-del-protocolo-de-prevencion-y-atencion-a-violencias-basadas-en-generoy-el-estatuto-disciplinario-estudiantilcon-enfoque-de-genero-e-interseccional\/educacion\/\",\"url\":\"https:\/\/ciudadyregion.com.co\/index.php\/historico-ut-presento-la-actualizacion-del-protocolo-de-prevencion-y-atencion-a-violencias-basadas-en-generoy-el-estatuto-disciplinario-estudiantilcon-enfoque-de-genero-e-interseccional\/educacion\/\",\"name\":\"Hist\u00f3rico: UT present\u00f3 la actualizaci\u00f3n del Protocolo de Prevenci\u00f3n y Atenci\u00f3n a Violencias Basadas en G\u00e9neroy el Estatuto Disciplinario Estudiantilcon enfoque de g\u00e9nero e interseccional - Ciudad y Region\",\"isPartOf\":{\"@id\":\"https:\/\/ciudadyregion.com.co\/#website\"},\"primaryImageOfPage\":{\"@id\":\"https:\/\/ciudadyregion.com.co\/index.php\/historico-ut-presento-la-actualizacion-del-protocolo-de-prevencion-y-atencion-a-violencias-basadas-en-generoy-el-estatuto-disciplinario-estudiantilcon-enfoque-de-genero-e-interseccional\/educacion\/#primaryimage\"},\"image\":{\"@id\":\"https:\/\/ciudadyregion.com.co\/index.php\/historico-ut-presento-la-actualizacion-del-protocolo-de-prevencion-y-atencion-a-violencias-basadas-en-generoy-el-estatuto-disciplinario-estudiantilcon-enfoque-de-genero-e-interseccional\/educacion\/#primaryimage\"},\"thumbnailUrl\":\"https:\/\/i0.wp.com\/ciudadyregion.com.co\/wp-content\/uploads\/2025\/12\/a.png?fit=800%2C445&ssl=1\",\"datePublished\":\"2025-12-02T08:27:35+00:00\",\"dateModified\":\"2025-12-02T12:09:52+00:00\",\"author\":{\"@id\":\"https:\/\/ciudadyregion.com.co\/#\/schema\/person\/04a4954373ebc4051f46e8c65ff78622\"},\"breadcrumb\":{\"@id\":\"https:\/\/ciudadyregion.com.co\/index.php\/historico-ut-presento-la-actualizacion-del-protocolo-de-prevencion-y-atencion-a-violencias-basadas-en-generoy-el-estatuto-disciplinario-estudiantilcon-enfoque-de-genero-e-interseccional\/educacion\/#breadcrumb\"},\"inLanguage\":\"es\",\"potentialAction\":[{\"@type\":\"ReadAction\",\"target\":[\"https:\/\/ciudadyregion.com.co\/index.php\/historico-ut-presento-la-actualizacion-del-protocolo-de-prevencion-y-atencion-a-violencias-basadas-en-generoy-el-estatuto-disciplinario-estudiantilcon-enfoque-de-genero-e-interseccional\/educacion\/\"]}]},{\"@type\":\"ImageObject\",\"inLanguage\":\"es\",\"@id\":\"https:\/\/ciudadyregion.com.co\/index.php\/historico-ut-presento-la-actualizacion-del-protocolo-de-prevencion-y-atencion-a-violencias-basadas-en-generoy-el-estatuto-disciplinario-estudiantilcon-enfoque-de-genero-e-interseccional\/educacion\/#primaryimage\",\"url\":\"https:\/\/i0.wp.com\/ciudadyregion.com.co\/wp-content\/uploads\/2025\/12\/a.png?fit=800%2C445&ssl=1\",\"contentUrl\":\"https:\/\/i0.wp.com\/ciudadyregion.com.co\/wp-content\/uploads\/2025\/12\/a.png?fit=800%2C445&ssl=1\",\"width\":800,\"height\":445},{\"@type\":\"BreadcrumbList\",\"@id\":\"https:\/\/ciudadyregion.com.co\/index.php\/historico-ut-presento-la-actualizacion-del-protocolo-de-prevencion-y-atencion-a-violencias-basadas-en-generoy-el-estatuto-disciplinario-estudiantilcon-enfoque-de-genero-e-interseccional\/educacion\/#breadcrumb\",\"itemListElement\":[{\"@type\":\"ListItem\",\"position\":1,\"name\":\"Portada\",\"item\":\"https:\/\/ciudadyregion.com.co\/\"},{\"@type\":\"ListItem\",\"position\":2,\"name\":\"Hist\u00f3rico: UT present\u00f3 la actualizaci\u00f3n del Protocolo de Prevenci\u00f3n y Atenci\u00f3n a Violencias Basadas en G\u00e9neroy el Estatuto Disciplinario Estudiantilcon enfoque de g\u00e9nero e interseccional\"}]},{\"@type\":\"WebSite\",\"@id\":\"https:\/\/ciudadyregion.com.co\/#website\",\"url\":\"https:\/\/ciudadyregion.com.co\/\",\"name\":\"Ciudad y Region\",\"description\":\"\",\"potentialAction\":[{\"@type\":\"SearchAction\",\"target\":{\"@type\":\"EntryPoint\",\"urlTemplate\":\"https:\/\/ciudadyregion.com.co\/?s={search_term_string}\"},\"query-input\":{\"@type\":\"PropertyValueSpecification\",\"valueRequired\":true,\"valueName\":\"search_term_string\"}}],\"inLanguage\":\"es\"},{\"@type\":\"Person\",\"@id\":\"https:\/\/ciudadyregion.com.co\/#\/schema\/person\/04a4954373ebc4051f46e8c65ff78622\",\"name\":\"David Andr\u00e9s Aguirre\",\"image\":{\"@type\":\"ImageObject\",\"inLanguage\":\"es\",\"@id\":\"https:\/\/ciudadyregion.com.co\/#\/schema\/person\/image\/\",\"url\":\"https:\/\/secure.gravatar.com\/avatar\/bc3c655860202182ee6d1b5edd042dbe?s=96&d=mm&r=g\",\"contentUrl\":\"https:\/\/secure.gravatar.com\/avatar\/bc3c655860202182ee6d1b5edd042dbe?s=96&d=mm&r=g\",\"caption\":\"David Andr\u00e9s Aguirre\"},\"url\":\"https:\/\/ciudadyregion.com.co\/index.php\/author\/diegoaguirre\/\"}]}<\/script>\n<!-- \/ Yoast SEO plugin. -->","yoast_head_json":{"title":"Hist\u00f3rico: UT present\u00f3 la actualizaci\u00f3n del Protocolo de Prevenci\u00f3n y Atenci\u00f3n a Violencias Basadas en G\u00e9neroy el Estatuto Disciplinario Estudiantilcon enfoque de g\u00e9nero e interseccional - Ciudad y Region","robots":{"index":"index","follow":"follow","max-snippet":"max-snippet:-1","max-image-preview":"max-image-preview:large","max-video-preview":"max-video-preview:-1"},"canonical":"https:\/\/ciudadyregion.com.co\/index.php\/historico-ut-presento-la-actualizacion-del-protocolo-de-prevencion-y-atencion-a-violencias-basadas-en-generoy-el-estatuto-disciplinario-estudiantilcon-enfoque-de-genero-e-interseccional\/educacion\/","og_locale":"es_ES","og_type":"article","og_title":"Hist\u00f3rico: UT present\u00f3 la actualizaci\u00f3n del Protocolo de Prevenci\u00f3n y Atenci\u00f3n a Violencias Basadas en G\u00e9neroy el Estatuto Disciplinario Estudiantilcon enfoque de g\u00e9nero e interseccional - Ciudad y Region","og_description":"En el marco de la conmemoraci\u00f3n del 25 de noviem\u00adbre, D\u00eda Internacional para la Eliminaci\u00f3n de las Vio\u00adlencias contra las Mujeres, la Universidad del Tolima realiz\u00f3 este martes un acto institucional de gran rele\u00advancia para la comunidad estudiantil, docente y admi\u00adnistrativa: la presentaci\u00f3n oficial de la actualizaci\u00f3n del Protocolo deContinuar Leyendo","og_url":"https:\/\/ciudadyregion.com.co\/index.php\/historico-ut-presento-la-actualizacion-del-protocolo-de-prevencion-y-atencion-a-violencias-basadas-en-generoy-el-estatuto-disciplinario-estudiantilcon-enfoque-de-genero-e-interseccional\/educacion\/","og_site_name":"Ciudad y Region","article_published_time":"2025-12-02T08:27:35+00:00","article_modified_time":"2025-12-02T12:09:52+00:00","og_image":[{"width":800,"height":445,"url":"https:\/\/ciudadyregion.com.co\/wp-content\/uploads\/2025\/12\/a.png","type":"image\/png"}],"author":"David Andr\u00e9s Aguirre","twitter_card":"summary_large_image","twitter_misc":{"Escrito por":"David Andr\u00e9s Aguirre","Tiempo de lectura":"3 minutos"},"schema":{"@context":"https:\/\/schema.org","@graph":[{"@type":"WebPage","@id":"https:\/\/ciudadyregion.com.co\/index.php\/historico-ut-presento-la-actualizacion-del-protocolo-de-prevencion-y-atencion-a-violencias-basadas-en-generoy-el-estatuto-disciplinario-estudiantilcon-enfoque-de-genero-e-interseccional\/educacion\/","url":"https:\/\/ciudadyregion.com.co\/index.php\/historico-ut-presento-la-actualizacion-del-protocolo-de-prevencion-y-atencion-a-violencias-basadas-en-generoy-el-estatuto-disciplinario-estudiantilcon-enfoque-de-genero-e-interseccional\/educacion\/","name":"Hist\u00f3rico: UT present\u00f3 la actualizaci\u00f3n del Protocolo de Prevenci\u00f3n y Atenci\u00f3n a Violencias Basadas en G\u00e9neroy el Estatuto Disciplinario Estudiantilcon enfoque de g\u00e9nero e interseccional - Ciudad y Region","isPartOf":{"@id":"https:\/\/ciudadyregion.com.co\/#website"},"primaryImageOfPage":{"@id":"https:\/\/ciudadyregion.com.co\/index.php\/historico-ut-presento-la-actualizacion-del-protocolo-de-prevencion-y-atencion-a-violencias-basadas-en-generoy-el-estatuto-disciplinario-estudiantilcon-enfoque-de-genero-e-interseccional\/educacion\/#primaryimage"},"image":{"@id":"https:\/\/ciudadyregion.com.co\/index.php\/historico-ut-presento-la-actualizacion-del-protocolo-de-prevencion-y-atencion-a-violencias-basadas-en-generoy-el-estatuto-disciplinario-estudiantilcon-enfoque-de-genero-e-interseccional\/educacion\/#primaryimage"},"thumbnailUrl":"https:\/\/i0.wp.com\/ciudadyregion.com.co\/wp-content\/uploads\/2025\/12\/a.png?fit=800%2C445&ssl=1","datePublished":"2025-12-02T08:27:35+00:00","dateModified":"2025-12-02T12:09:52+00:00","author":{"@id":"https:\/\/ciudadyregion.com.co\/#\/schema\/person\/04a4954373ebc4051f46e8c65ff78622"},"breadcrumb":{"@id":"https:\/\/ciudadyregion.com.co\/index.php\/historico-ut-presento-la-actualizacion-del-protocolo-de-prevencion-y-atencion-a-violencias-basadas-en-generoy-el-estatuto-disciplinario-estudiantilcon-enfoque-de-genero-e-interseccional\/educacion\/#breadcrumb"},"inLanguage":"es","potentialAction":[{"@type":"ReadAction","target":["https:\/\/ciudadyregion.com.co\/index.php\/historico-ut-presento-la-actualizacion-del-protocolo-de-prevencion-y-atencion-a-violencias-basadas-en-generoy-el-estatuto-disciplinario-estudiantilcon-enfoque-de-genero-e-interseccional\/educacion\/"]}]},{"@type":"ImageObject","inLanguage":"es","@id":"https:\/\/ciudadyregion.com.co\/index.php\/historico-ut-presento-la-actualizacion-del-protocolo-de-prevencion-y-atencion-a-violencias-basadas-en-generoy-el-estatuto-disciplinario-estudiantilcon-enfoque-de-genero-e-interseccional\/educacion\/#primaryimage","url":"https:\/\/i0.wp.com\/ciudadyregion.com.co\/wp-content\/uploads\/2025\/12\/a.png?fit=800%2C445&ssl=1","contentUrl":"https:\/\/i0.wp.com\/ciudadyregion.com.co\/wp-content\/uploads\/2025\/12\/a.png?fit=800%2C445&ssl=1","width":800,"height":445},{"@type":"BreadcrumbList","@id":"https:\/\/ciudadyregion.com.co\/index.php\/historico-ut-presento-la-actualizacion-del-protocolo-de-prevencion-y-atencion-a-violencias-basadas-en-generoy-el-estatuto-disciplinario-estudiantilcon-enfoque-de-genero-e-interseccional\/educacion\/#breadcrumb","itemListElement":[{"@type":"ListItem","position":1,"name":"Portada","item":"https:\/\/ciudadyregion.com.co\/"},{"@type":"ListItem","position":2,"name":"Hist\u00f3rico: UT present\u00f3 la actualizaci\u00f3n del Protocolo de Prevenci\u00f3n y Atenci\u00f3n a Violencias Basadas en G\u00e9neroy el Estatuto Disciplinario Estudiantilcon enfoque de g\u00e9nero e interseccional"}]},{"@type":"WebSite","@id":"https:\/\/ciudadyregion.com.co\/#website","url":"https:\/\/ciudadyregion.com.co\/","name":"Ciudad y Region","description":"","potentialAction":[{"@type":"SearchAction","target":{"@type":"EntryPoint","urlTemplate":"https:\/\/ciudadyregion.com.co\/?s={search_term_string}"},"query-input":{"@type":"PropertyValueSpecification","valueRequired":true,"valueName":"search_term_string"}}],"inLanguage":"es"},{"@type":"Person","@id":"https:\/\/ciudadyregion.com.co\/#\/schema\/person\/04a4954373ebc4051f46e8c65ff78622","name":"David Andr\u00e9s Aguirre","image":{"@type":"ImageObject","inLanguage":"es","@id":"https:\/\/ciudadyregion.com.co\/#\/schema\/person\/image\/","url":"https:\/\/secure.gravatar.com\/avatar\/bc3c655860202182ee6d1b5edd042dbe?s=96&d=mm&r=g","contentUrl":"https:\/\/secure.gravatar.com\/avatar\/bc3c655860202182ee6d1b5edd042dbe?s=96&d=mm&r=g","caption":"David Andr\u00e9s Aguirre"},"url":"https:\/\/ciudadyregion.com.co\/index.php\/author\/diegoaguirre\/"}]}},"jetpack_featured_media_url":"https:\/\/i0.wp.com\/ciudadyregion.com.co\/wp-content\/uploads\/2025\/12\/a.png?fit=800%2C445&ssl=1","jetpack_sharing_enabled":true,"jetpack_shortlink":"https:\/\/wp.me\/pbS7hh-d7v","jetpack-related-posts":[],"_links":{"self":[{"href":"https:\/\/ciudadyregion.com.co\/index.php\/wp-json\/wp\/v2\/posts\/50437"}],"collection":[{"href":"https:\/\/ciudadyregion.com.co\/index.php\/wp-json\/wp\/v2\/posts"}],"about":[{"href":"https:\/\/ciudadyregion.com.co\/index.php\/wp-json\/wp\/v2\/types\/post"}],"author":[{"embeddable":true,"href":"https:\/\/ciudadyregion.com.co\/index.php\/wp-json\/wp\/v2\/users\/2"}],"replies":[{"embeddable":true,"href":"https:\/\/ciudadyregion.com.co\/index.php\/wp-json\/wp\/v2\/comments?post=50437"}],"version-history":[{"count":1,"href":"https:\/\/ciudadyregion.com.co\/index.php\/wp-json\/wp\/v2\/posts\/50437\/revisions"}],"predecessor-version":[{"id":50439,"href":"https:\/\/ciudadyregion.com.co\/index.php\/wp-json\/wp\/v2\/posts\/50437\/revisions\/50439"}],"wp:featuredmedia":[{"embeddable":true,"href":"https:\/\/ciudadyregion.com.co\/index.php\/wp-json\/wp\/v2\/media\/50438"}],"wp:attachment":[{"href":"https:\/\/ciudadyregion.com.co\/index.php\/wp-json\/wp\/v2\/media?parent=50437"}],"wp:term":[{"taxonomy":"category","embeddable":true,"href":"https:\/\/ciudadyregion.com.co\/index.php\/wp-json\/wp\/v2\/categories?post=50437"},{"taxonomy":"post_tag","embeddable":true,"href":"https:\/\/ciudadyregion.com.co\/index.php\/wp-json\/wp\/v2\/tags?post=50437"}],"curies":[{"name":"wp","href":"https:\/\/api.w.org\/{rel}","templated":true}]}}