{"id":50434,"date":"2025-12-02T03:23:54","date_gmt":"2025-12-02T08:23:54","guid":{"rendered":"https:\/\/ciudadyregion.com.co\/?p=50434"},"modified":"2025-12-01T16:27:25","modified_gmt":"2025-12-01T21:27:25","slug":"lanzamiento-de-malas-lenguas-en-la-ut-observatorio-de-medios-y-genero-del-tolima-en-la-nueva-pagina-de-las-axidas","status":"publish","type":"post","link":"https:\/\/ciudadyregion.com.co\/index.php\/lanzamiento-de-malas-lenguas-en-la-ut-observatorio-de-medios-y-genero-del-tolima-en-la-nueva-pagina-de-las-axidas\/educacion\/","title":{"rendered":"Lanzamiento de Malas Lenguas en la UT: Observatorio de Medios y G\u00e9nero del Tolima en la nueva p\u00e1gina de Las \u00c1xidas"},"content":{"rendered":"<p data-wahfont=\"14\">La colectiva de comunicaci\u00f3n feminista Las \u00c1xidas anuncia el lanzamiento de su p\u00e1gina web oficial www. lasaxidas.com, un espacio digital creado para articular comunicaci\u00f3n, investigaci\u00f3n y acci\u00f3n pol\u00edtica con en\u00adfoque de g\u00e9nero. El sitio se consolida como un punto de encuentro para quienes creen en la transformaci\u00f3n social a trav\u00e9s de la palabra, el cuerpo y la memoria, reuniendo los proyectos y apuestas que la colectiva ha desarrollado durante sus cinco a\u00f1os de existencia.<\/p>\n<p data-wahfont=\"14\">Entre sus secciones principales se destaca el estreno de Malas Lenguas: Observatorio de Medios y G\u00e9nero del Tolima, un ejercicio de investigaci\u00f3n y an\u00e1lisis femi\u00adnista que examina c\u00f3mo los medios locales narran las violencias basadas en g\u00e9nero (VBG). Desde una pers\u00adpectiva \u00e9tica y pol\u00edtica, el observatorio busca develar los sesgos, silencios y estereotipos que persisten en el periodismo regional, y promover pr\u00e1cticas comunica\u00adtivas que aporten a una representaci\u00f3n justa y trans\u00adformadora de las mujeres y diversidades sexuales.<\/p>\n<p data-wahfont=\"14\">Con este lanzamiento, Las \u00c1xidas presentan adem\u00e1s el primer bolet\u00edn trimestral de Malas Lenguas, corres\u00adpondiente a los meses de junio, julio y agosto de 2025, que analiza cuantitativa y cualitativamente el uso del lenguaje judicial y policial en las noticias sobre VBG.<\/p>\n<p data-wahfont=\"14\">Este hallazgo invita a reflexionar sobre c\u00f3mo los me\u00addios del Tolima tienden a tratar las violencias contra las mujeres como asuntos de orden p\u00fablico, dejando de lado su car\u00e1cter estructural, social y cultural.<\/p>\n<p data-wahfont=\"14\">El sitio web www.lasaxidas.com est\u00e1 disponible desde el pasado 19 de Noviembre de 2025, ofreciendo acce\u00adso libre a informes, boletines, materiales pedag\u00f3gicos y contenidos multimedia que fortalecen la apuesta por una comunicaci\u00f3n feminista, cr\u00edtica y transfor\u00admadora.<\/p>\n<p data-wahfont=\"14\">https:\/\/www.instagram.com\/reel\/DRQNW7UE\u00adhgs\/?igsh=Y25iMm12cW1qOXVj<\/p>\n","protected":false},"excerpt":{"rendered":"<p>La colectiva de comunicaci\u00f3n feminista Las \u00c1xidas anuncia el lanzamiento de su p\u00e1gina web oficial www. lasaxidas.com, un espacio digital creado para articular comunicaci\u00f3n, investigaci\u00f3n y acci\u00f3n pol\u00edtica con en\u00adfoque de g\u00e9nero. El sitio se consolida como un punto de encuentro para quienes creen en la transformaci\u00f3n social a trav\u00e9s<span class=\"more-link\"><a href=\"https:\/\/ciudadyregion.com.co\/index.php\/lanzamiento-de-malas-lenguas-en-la-ut-observatorio-de-medios-y-genero-del-tolima-en-la-nueva-pagina-de-las-axidas\/educacion\/\">Continuar Leyendo<\/a><\/span><\/p>\n","protected":false},"author":2,"featured_media":50435,"comment_status":"open","ping_status":"open","sticky":false,"template":"","format":"standard","meta":{"_uf_show_specific_survey":0,"_uf_disable_surveys":false,"_jetpack_memberships_contains_paid_content":false,"footnotes":"","jetpack_publicize_message":"","jetpack_publicize_feature_enabled":true,"jetpack_social_post_already_shared":true,"jetpack_social_options":{"image_generator_settings":{"template":"highway","enabled":false},"version":2}},"categories":[22],"tags":[],"class_list":["entry","author-diegoaguirre","post-50434","post","type-post","status-publish","format-standard","has-post-thumbnail","category-educacion"],"jetpack_publicize_connections":[],"yoast_head":"<!-- This site is optimized with the Yoast SEO plugin v24.3 - https:\/\/yoast.com\/wordpress\/plugins\/seo\/ -->\n<title>Lanzamiento de Malas Lenguas en la UT: Observatorio de Medios y G\u00e9nero del Tolima en la nueva p\u00e1gina de Las \u00c1xidas - Ciudad y Region<\/title>\n<meta name=\"robots\" content=\"index, follow, max-snippet:-1, max-image-preview:large, max-video-preview:-1\" \/>\n<link rel=\"canonical\" href=\"https:\/\/ciudadyregion.com.co\/index.php\/lanzamiento-de-malas-lenguas-en-la-ut-observatorio-de-medios-y-genero-del-tolima-en-la-nueva-pagina-de-las-axidas\/educacion\/\" \/>\n<meta property=\"og:locale\" content=\"es_ES\" \/>\n<meta property=\"og:type\" content=\"article\" \/>\n<meta property=\"og:title\" content=\"Lanzamiento de Malas Lenguas en la UT: Observatorio de Medios y G\u00e9nero del Tolima en la nueva p\u00e1gina de Las \u00c1xidas - Ciudad y Region\" \/>\n<meta property=\"og:description\" content=\"La colectiva de comunicaci\u00f3n feminista Las \u00c1xidas anuncia el lanzamiento de su p\u00e1gina web oficial www. lasaxidas.com, un espacio digital creado para articular comunicaci\u00f3n, investigaci\u00f3n y acci\u00f3n pol\u00edtica con en\u00adfoque de g\u00e9nero. El sitio se consolida como un punto de encuentro para quienes creen en la transformaci\u00f3n social a trav\u00e9sContinuar Leyendo\" \/>\n<meta property=\"og:url\" content=\"https:\/\/ciudadyregion.com.co\/index.php\/lanzamiento-de-malas-lenguas-en-la-ut-observatorio-de-medios-y-genero-del-tolima-en-la-nueva-pagina-de-las-axidas\/educacion\/\" \/>\n<meta property=\"og:site_name\" content=\"Ciudad y Region\" \/>\n<meta property=\"article:published_time\" content=\"2025-12-02T08:23:54+00:00\" \/>\n<meta property=\"article:modified_time\" content=\"2025-12-01T21:27:25+00:00\" \/>\n<meta property=\"og:image\" content=\"https:\/\/i0.wp.com\/ciudadyregion.com.co\/wp-content\/uploads\/2025\/12\/a-22.jpg?fit=800%2C445&ssl=1\" \/>\n\t<meta property=\"og:image:width\" content=\"800\" \/>\n\t<meta property=\"og:image:height\" content=\"445\" \/>\n\t<meta property=\"og:image:type\" content=\"image\/jpeg\" \/>\n<meta name=\"author\" content=\"David Andr\u00e9s Aguirre\" \/>\n<meta name=\"twitter:card\" content=\"summary_large_image\" \/>\n<meta name=\"twitter:label1\" content=\"Escrito por\" \/>\n\t<meta name=\"twitter:data1\" content=\"David Andr\u00e9s Aguirre\" \/>\n\t<meta name=\"twitter:label2\" content=\"Tiempo de lectura\" \/>\n\t<meta name=\"twitter:data2\" content=\"2 minutos\" \/>\n<script type=\"application\/ld+json\" class=\"yoast-schema-graph\">{\"@context\":\"https:\/\/schema.org\",\"@graph\":[{\"@type\":\"WebPage\",\"@id\":\"https:\/\/ciudadyregion.com.co\/index.php\/lanzamiento-de-malas-lenguas-en-la-ut-observatorio-de-medios-y-genero-del-tolima-en-la-nueva-pagina-de-las-axidas\/educacion\/\",\"url\":\"https:\/\/ciudadyregion.com.co\/index.php\/lanzamiento-de-malas-lenguas-en-la-ut-observatorio-de-medios-y-genero-del-tolima-en-la-nueva-pagina-de-las-axidas\/educacion\/\",\"name\":\"Lanzamiento de Malas Lenguas en la UT: Observatorio de Medios y G\u00e9nero del Tolima en la nueva p\u00e1gina de Las \u00c1xidas - Ciudad y Region\",\"isPartOf\":{\"@id\":\"https:\/\/ciudadyregion.com.co\/#website\"},\"primaryImageOfPage\":{\"@id\":\"https:\/\/ciudadyregion.com.co\/index.php\/lanzamiento-de-malas-lenguas-en-la-ut-observatorio-de-medios-y-genero-del-tolima-en-la-nueva-pagina-de-las-axidas\/educacion\/#primaryimage\"},\"image\":{\"@id\":\"https:\/\/ciudadyregion.com.co\/index.php\/lanzamiento-de-malas-lenguas-en-la-ut-observatorio-de-medios-y-genero-del-tolima-en-la-nueva-pagina-de-las-axidas\/educacion\/#primaryimage\"},\"thumbnailUrl\":\"https:\/\/i0.wp.com\/ciudadyregion.com.co\/wp-content\/uploads\/2025\/12\/a-22.jpg?fit=800%2C445&ssl=1\",\"datePublished\":\"2025-12-02T08:23:54+00:00\",\"dateModified\":\"2025-12-01T21:27:25+00:00\",\"author\":{\"@id\":\"https:\/\/ciudadyregion.com.co\/#\/schema\/person\/04a4954373ebc4051f46e8c65ff78622\"},\"breadcrumb\":{\"@id\":\"https:\/\/ciudadyregion.com.co\/index.php\/lanzamiento-de-malas-lenguas-en-la-ut-observatorio-de-medios-y-genero-del-tolima-en-la-nueva-pagina-de-las-axidas\/educacion\/#breadcrumb\"},\"inLanguage\":\"es\",\"potentialAction\":[{\"@type\":\"ReadAction\",\"target\":[\"https:\/\/ciudadyregion.com.co\/index.php\/lanzamiento-de-malas-lenguas-en-la-ut-observatorio-de-medios-y-genero-del-tolima-en-la-nueva-pagina-de-las-axidas\/educacion\/\"]}]},{\"@type\":\"ImageObject\",\"inLanguage\":\"es\",\"@id\":\"https:\/\/ciudadyregion.com.co\/index.php\/lanzamiento-de-malas-lenguas-en-la-ut-observatorio-de-medios-y-genero-del-tolima-en-la-nueva-pagina-de-las-axidas\/educacion\/#primaryimage\",\"url\":\"https:\/\/i0.wp.com\/ciudadyregion.com.co\/wp-content\/uploads\/2025\/12\/a-22.jpg?fit=800%2C445&ssl=1\",\"contentUrl\":\"https:\/\/i0.wp.com\/ciudadyregion.com.co\/wp-content\/uploads\/2025\/12\/a-22.jpg?fit=800%2C445&ssl=1\",\"width\":800,\"height\":445},{\"@type\":\"BreadcrumbList\",\"@id\":\"https:\/\/ciudadyregion.com.co\/index.php\/lanzamiento-de-malas-lenguas-en-la-ut-observatorio-de-medios-y-genero-del-tolima-en-la-nueva-pagina-de-las-axidas\/educacion\/#breadcrumb\",\"itemListElement\":[{\"@type\":\"ListItem\",\"position\":1,\"name\":\"Portada\",\"item\":\"https:\/\/ciudadyregion.com.co\/\"},{\"@type\":\"ListItem\",\"position\":2,\"name\":\"Lanzamiento de Malas Lenguas en la UT: Observatorio de Medios y G\u00e9nero del Tolima en la nueva p\u00e1gina de Las \u00c1xidas\"}]},{\"@type\":\"WebSite\",\"@id\":\"https:\/\/ciudadyregion.com.co\/#website\",\"url\":\"https:\/\/ciudadyregion.com.co\/\",\"name\":\"Ciudad y Region\",\"description\":\"\",\"potentialAction\":[{\"@type\":\"SearchAction\",\"target\":{\"@type\":\"EntryPoint\",\"urlTemplate\":\"https:\/\/ciudadyregion.com.co\/?s={search_term_string}\"},\"query-input\":{\"@type\":\"PropertyValueSpecification\",\"valueRequired\":true,\"valueName\":\"search_term_string\"}}],\"inLanguage\":\"es\"},{\"@type\":\"Person\",\"@id\":\"https:\/\/ciudadyregion.com.co\/#\/schema\/person\/04a4954373ebc4051f46e8c65ff78622\",\"name\":\"David Andr\u00e9s Aguirre\",\"image\":{\"@type\":\"ImageObject\",\"inLanguage\":\"es\",\"@id\":\"https:\/\/ciudadyregion.com.co\/#\/schema\/person\/image\/\",\"url\":\"https:\/\/secure.gravatar.com\/avatar\/bc3c655860202182ee6d1b5edd042dbe?s=96&d=mm&r=g\",\"contentUrl\":\"https:\/\/secure.gravatar.com\/avatar\/bc3c655860202182ee6d1b5edd042dbe?s=96&d=mm&r=g\",\"caption\":\"David Andr\u00e9s Aguirre\"},\"url\":\"https:\/\/ciudadyregion.com.co\/index.php\/author\/diegoaguirre\/\"}]}<\/script>\n<!-- \/ Yoast SEO plugin. -->","yoast_head_json":{"title":"Lanzamiento de Malas Lenguas en la UT: Observatorio de Medios y G\u00e9nero del Tolima en la nueva p\u00e1gina de Las \u00c1xidas - Ciudad y Region","robots":{"index":"index","follow":"follow","max-snippet":"max-snippet:-1","max-image-preview":"max-image-preview:large","max-video-preview":"max-video-preview:-1"},"canonical":"https:\/\/ciudadyregion.com.co\/index.php\/lanzamiento-de-malas-lenguas-en-la-ut-observatorio-de-medios-y-genero-del-tolima-en-la-nueva-pagina-de-las-axidas\/educacion\/","og_locale":"es_ES","og_type":"article","og_title":"Lanzamiento de Malas Lenguas en la UT: Observatorio de Medios y G\u00e9nero del Tolima en la nueva p\u00e1gina de Las \u00c1xidas - Ciudad y Region","og_description":"La colectiva de comunicaci\u00f3n feminista Las \u00c1xidas anuncia el lanzamiento de su p\u00e1gina web oficial www. lasaxidas.com, un espacio digital creado para articular comunicaci\u00f3n, investigaci\u00f3n y acci\u00f3n pol\u00edtica con en\u00adfoque de g\u00e9nero. El sitio se consolida como un punto de encuentro para quienes creen en la transformaci\u00f3n social a trav\u00e9sContinuar Leyendo","og_url":"https:\/\/ciudadyregion.com.co\/index.php\/lanzamiento-de-malas-lenguas-en-la-ut-observatorio-de-medios-y-genero-del-tolima-en-la-nueva-pagina-de-las-axidas\/educacion\/","og_site_name":"Ciudad y Region","article_published_time":"2025-12-02T08:23:54+00:00","article_modified_time":"2025-12-01T21:27:25+00:00","og_image":[{"width":800,"height":445,"url":"https:\/\/i0.wp.com\/ciudadyregion.com.co\/wp-content\/uploads\/2025\/12\/a-22.jpg?fit=800%2C445&ssl=1","type":"image\/jpeg"}],"author":"David Andr\u00e9s Aguirre","twitter_card":"summary_large_image","twitter_misc":{"Escrito por":"David Andr\u00e9s Aguirre","Tiempo de lectura":"2 minutos"},"schema":{"@context":"https:\/\/schema.org","@graph":[{"@type":"WebPage","@id":"https:\/\/ciudadyregion.com.co\/index.php\/lanzamiento-de-malas-lenguas-en-la-ut-observatorio-de-medios-y-genero-del-tolima-en-la-nueva-pagina-de-las-axidas\/educacion\/","url":"https:\/\/ciudadyregion.com.co\/index.php\/lanzamiento-de-malas-lenguas-en-la-ut-observatorio-de-medios-y-genero-del-tolima-en-la-nueva-pagina-de-las-axidas\/educacion\/","name":"Lanzamiento de Malas Lenguas en la UT: Observatorio de Medios y G\u00e9nero del Tolima en la nueva p\u00e1gina de Las \u00c1xidas - Ciudad y Region","isPartOf":{"@id":"https:\/\/ciudadyregion.com.co\/#website"},"primaryImageOfPage":{"@id":"https:\/\/ciudadyregion.com.co\/index.php\/lanzamiento-de-malas-lenguas-en-la-ut-observatorio-de-medios-y-genero-del-tolima-en-la-nueva-pagina-de-las-axidas\/educacion\/#primaryimage"},"image":{"@id":"https:\/\/ciudadyregion.com.co\/index.php\/lanzamiento-de-malas-lenguas-en-la-ut-observatorio-de-medios-y-genero-del-tolima-en-la-nueva-pagina-de-las-axidas\/educacion\/#primaryimage"},"thumbnailUrl":"https:\/\/i0.wp.com\/ciudadyregion.com.co\/wp-content\/uploads\/2025\/12\/a-22.jpg?fit=800%2C445&ssl=1","datePublished":"2025-12-02T08:23:54+00:00","dateModified":"2025-12-01T21:27:25+00:00","author":{"@id":"https:\/\/ciudadyregion.com.co\/#\/schema\/person\/04a4954373ebc4051f46e8c65ff78622"},"breadcrumb":{"@id":"https:\/\/ciudadyregion.com.co\/index.php\/lanzamiento-de-malas-lenguas-en-la-ut-observatorio-de-medios-y-genero-del-tolima-en-la-nueva-pagina-de-las-axidas\/educacion\/#breadcrumb"},"inLanguage":"es","potentialAction":[{"@type":"ReadAction","target":["https:\/\/ciudadyregion.com.co\/index.php\/lanzamiento-de-malas-lenguas-en-la-ut-observatorio-de-medios-y-genero-del-tolima-en-la-nueva-pagina-de-las-axidas\/educacion\/"]}]},{"@type":"ImageObject","inLanguage":"es","@id":"https:\/\/ciudadyregion.com.co\/index.php\/lanzamiento-de-malas-lenguas-en-la-ut-observatorio-de-medios-y-genero-del-tolima-en-la-nueva-pagina-de-las-axidas\/educacion\/#primaryimage","url":"https:\/\/i0.wp.com\/ciudadyregion.com.co\/wp-content\/uploads\/2025\/12\/a-22.jpg?fit=800%2C445&ssl=1","contentUrl":"https:\/\/i0.wp.com\/ciudadyregion.com.co\/wp-content\/uploads\/2025\/12\/a-22.jpg?fit=800%2C445&ssl=1","width":800,"height":445},{"@type":"BreadcrumbList","@id":"https:\/\/ciudadyregion.com.co\/index.php\/lanzamiento-de-malas-lenguas-en-la-ut-observatorio-de-medios-y-genero-del-tolima-en-la-nueva-pagina-de-las-axidas\/educacion\/#breadcrumb","itemListElement":[{"@type":"ListItem","position":1,"name":"Portada","item":"https:\/\/ciudadyregion.com.co\/"},{"@type":"ListItem","position":2,"name":"Lanzamiento de Malas Lenguas en la UT: Observatorio de Medios y G\u00e9nero del Tolima en la nueva p\u00e1gina de Las \u00c1xidas"}]},{"@type":"WebSite","@id":"https:\/\/ciudadyregion.com.co\/#website","url":"https:\/\/ciudadyregion.com.co\/","name":"Ciudad y Region","description":"","potentialAction":[{"@type":"SearchAction","target":{"@type":"EntryPoint","urlTemplate":"https:\/\/ciudadyregion.com.co\/?s={search_term_string}"},"query-input":{"@type":"PropertyValueSpecification","valueRequired":true,"valueName":"search_term_string"}}],"inLanguage":"es"},{"@type":"Person","@id":"https:\/\/ciudadyregion.com.co\/#\/schema\/person\/04a4954373ebc4051f46e8c65ff78622","name":"David Andr\u00e9s Aguirre","image":{"@type":"ImageObject","inLanguage":"es","@id":"https:\/\/ciudadyregion.com.co\/#\/schema\/person\/image\/","url":"https:\/\/secure.gravatar.com\/avatar\/bc3c655860202182ee6d1b5edd042dbe?s=96&d=mm&r=g","contentUrl":"https:\/\/secure.gravatar.com\/avatar\/bc3c655860202182ee6d1b5edd042dbe?s=96&d=mm&r=g","caption":"David Andr\u00e9s Aguirre"},"url":"https:\/\/ciudadyregion.com.co\/index.php\/author\/diegoaguirre\/"}]}},"jetpack_featured_media_url":"https:\/\/i0.wp.com\/ciudadyregion.com.co\/wp-content\/uploads\/2025\/12\/a-22.jpg?fit=800%2C445&ssl=1","jetpack_sharing_enabled":true,"jetpack_shortlink":"https:\/\/wp.me\/pbS7hh-d7s","jetpack-related-posts":[],"_links":{"self":[{"href":"https:\/\/ciudadyregion.com.co\/index.php\/wp-json\/wp\/v2\/posts\/50434"}],"collection":[{"href":"https:\/\/ciudadyregion.com.co\/index.php\/wp-json\/wp\/v2\/posts"}],"about":[{"href":"https:\/\/ciudadyregion.com.co\/index.php\/wp-json\/wp\/v2\/types\/post"}],"author":[{"embeddable":true,"href":"https:\/\/ciudadyregion.com.co\/index.php\/wp-json\/wp\/v2\/users\/2"}],"replies":[{"embeddable":true,"href":"https:\/\/ciudadyregion.com.co\/index.php\/wp-json\/wp\/v2\/comments?post=50434"}],"version-history":[{"count":1,"href":"https:\/\/ciudadyregion.com.co\/index.php\/wp-json\/wp\/v2\/posts\/50434\/revisions"}],"predecessor-version":[{"id":50436,"href":"https:\/\/ciudadyregion.com.co\/index.php\/wp-json\/wp\/v2\/posts\/50434\/revisions\/50436"}],"wp:featuredmedia":[{"embeddable":true,"href":"https:\/\/ciudadyregion.com.co\/index.php\/wp-json\/wp\/v2\/media\/50435"}],"wp:attachment":[{"href":"https:\/\/ciudadyregion.com.co\/index.php\/wp-json\/wp\/v2\/media?parent=50434"}],"wp:term":[{"taxonomy":"category","embeddable":true,"href":"https:\/\/ciudadyregion.com.co\/index.php\/wp-json\/wp\/v2\/categories?post=50434"},{"taxonomy":"post_tag","embeddable":true,"href":"https:\/\/ciudadyregion.com.co\/index.php\/wp-json\/wp\/v2\/tags?post=50434"}],"curies":[{"name":"wp","href":"https:\/\/api.w.org\/{rel}","templated":true}]}}