{"id":50416,"date":"2025-12-01T08:30:00","date_gmt":"2025-12-01T13:30:00","guid":{"rendered":"https:\/\/ciudadyregion.com.co\/?p=50416"},"modified":"2025-12-01T08:30:00","modified_gmt":"2025-12-01T13:30:00","slug":"defender-a-las-mujeres-de-la-violencia-politica-la-batalla-titanica-que-emprende-la-gobernadora-del-tolima","status":"publish","type":"post","link":"https:\/\/ciudadyregion.com.co\/index.php\/defender-a-las-mujeres-de-la-violencia-politica-la-batalla-titanica-que-emprende-la-gobernadora-del-tolima\/regional\/","title":{"rendered":"Defender a las mujeres de la violencia pol\u00edtica; la batalla tit\u00e1nica que emprende la gobernadora del Tolima"},"content":{"rendered":"<p>En la clausura del \u00faltimo periodo de sesiones ordinarias de la Asamblea del Tolima, del presente a\u00f1o, la mandataria Adriana Matiz, anunci\u00f3 que convocar\u00e1 a todas las instituciones, incluso internacionales como la ONU, para la creaci\u00f3n de una mesa permanente de observaci\u00f3n, relator\u00eda, acompa\u00f1amiento y estrategia para hacer seguimiento y enfrentar casos de violencia pol\u00edtica y advirti\u00f3 que si es necesario publicar\u00e1 los nombres de los promotores de este tipo de violencia en el edificio de la Gobernaci\u00f3n del Tolima.<\/p>\n<p>La gobernadora del Tolima, Adriana Magali Matiz, liderar\u00e1 la conformaci\u00f3n de una mesa interinstitucional para enfrentar la violencia pol\u00edtica que se est\u00e1 presentando contra las mujeres que ejercen cargos en entidades del Estado. \u201cDesde ma\u00f1ana, primero de diciembre, estar\u00e1 activa de manera permanente, 24\/7, la ruta de atenci\u00f3n frente a la violencia contra la mujer. Decisi\u00f3n que responde a los reiterados casos de agresi\u00f3n verbal, f\u00edsica, de constre\u00f1imiento, acoso e irrespeto contra las mujeres del Tolima que ejercen cargos p\u00fablicos y ocupan espacios de liderazgo\u201d, afirm\u00f3 la mandataria tolimense en el cierre del \u00faltimo periodo de sesiones ordinarias de la Asamblea del Tolima del 2025.<\/p>\n<p>La jefe de la Administraci\u00f3n Seccional revel\u00f3, en la plenaria de la Duma, los casos de dos alcaldesas que est\u00e1n siendo v\u00edctimas de violencia pol\u00edtica en sus respectivos municipios. \u201cEn este Tour de las Obras me pareci\u00f3 indignante escuchar c\u00f3mo una mandataria se paraba en medio del parque y daba su discurso y lo primero que manifestaba era lo dolida que se sent\u00eda porque en su territorio la trataban de burra; as\u00ed lo dijo ella. Y ver esta ma\u00f1ana c\u00f3mo otra mandataria de otro de los municipios me llamaba a m\u00ed con l\u00e1grimas en los ojos y me manifestaba adem\u00e1s que estaba siendo objeto de violencia pol\u00edtica; eso no lo vamos a permitir en este departamento\u201d, cont\u00f3 la gobernadora.<\/p>\n<p>Adriana Matiz afirm\u00f3 que convocar\u00e1 a todas las instituciones, incluso internacionales como la Organizaci\u00f3n de Estados Americanos OEA para hacer seguimiento estricto a este tema que viene sucediendo en el Tolima. \u201cPor eso solicito a la Procuradur\u00eda, la Fiscal\u00eda, la Polic\u00eda, la Defensor\u00eda del Pueblo, la Presidencia de la Rep\u00fablica, los ministerios relacionados, las iglesias, la ONU y la OEA, la conformaci\u00f3n de una mesa permanente de observaci\u00f3n, relator\u00eda, acompa\u00f1amiento y estrategia para hacer seguimiento y enfrentar estos casos\u201d, puntualiz\u00f3.<\/p>\n<p>La mandataria fu\u00e9 m\u00e1s all\u00e1 y advirti\u00f3 que, si es necesario, publicar\u00e1 los nombres de los promotores de la violencia pol\u00edtica en el edificio de la Gobernaci\u00f3n del Tolima: \u201cEs inaudito y retr\u00f3grado que esta violencia provenga de hombres que tambi\u00e9n ejercen cargos de representaci\u00f3n popular y liderazgos p\u00fablicos. Si es necesario publicar qui\u00e9nes est\u00e1n ejerciendo esa violencia, as\u00ed lo har\u00e9.<br \/>\nA las mujeres se les respeta. Basta de violencia de g\u00e9nero\u201d.<\/p>\n<p>Seguidamente, la gobernadora Matiz denunci\u00f3 que las mujeres en cargos del Estado est\u00e1n enfrentando enemigos silenciosos: \u201cMe refiero a los que con tozudez mantienen un arcaico pensamiento arraigado en su \u00e1rea cultural sobre la mujer y sobre su rol social. Esa es una batalla cultural que apenas comienza porque es cambiar una forma de ver la vida, es remover un chip instalado en el comportamiento desde la misoginia y del machismo, que pordebajear a la mujer en su ser, en su esencia, es menospreciar sus logros, minar sus \u00e9xitos, etiquetar su comportamiento, vilipendiar su actuar en lo p\u00fablico y en lo familiar.<\/p>\n<p>Finalmente, Adriana Matiz recalc\u00f3 que \u201cno podemos permitir que en este departamento a quienes somos funcionarios p\u00fablicos mujeres se nos maltraten por tener comportamientos mis\u00f3ginos en contra de las mujeres. Me propongo convertir al Tolima en un referente nacional en la lucha contra la misoginia y la violencia hacia las mujeres\u201d.<\/p>\n","protected":false},"excerpt":{"rendered":"<p>En la clausura del \u00faltimo periodo de sesiones ordinarias de la Asamblea del Tolima, del presente a\u00f1o, la mandataria Adriana Matiz, anunci\u00f3 que convocar\u00e1 a todas las instituciones, incluso internacionales como la ONU, para la creaci\u00f3n de una mesa permanente de observaci\u00f3n, relator\u00eda, acompa\u00f1amiento y estrategia para hacer seguimiento y<span class=\"more-link\"><a href=\"https:\/\/ciudadyregion.com.co\/index.php\/defender-a-las-mujeres-de-la-violencia-politica-la-batalla-titanica-que-emprende-la-gobernadora-del-tolima\/regional\/\">Continuar Leyendo<\/a><\/span><\/p>\n","protected":false},"author":2,"featured_media":50417,"comment_status":"open","ping_status":"open","sticky":false,"template":"","format":"standard","meta":{"_uf_show_specific_survey":0,"_uf_disable_surveys":false,"_jetpack_memberships_contains_paid_content":false,"footnotes":"","jetpack_publicize_message":"","jetpack_publicize_feature_enabled":true,"jetpack_social_post_already_shared":true,"jetpack_social_options":{"image_generator_settings":{"template":"highway","enabled":false},"version":2}},"categories":[13],"tags":[],"class_list":["entry","author-diegoaguirre","post-50416","post","type-post","status-publish","format-standard","has-post-thumbnail","category-regional"],"jetpack_publicize_connections":[],"yoast_head":"<!-- This site is optimized with the Yoast SEO plugin v24.3 - https:\/\/yoast.com\/wordpress\/plugins\/seo\/ -->\n<title>Defender a las mujeres de la violencia pol\u00edtica; la batalla tit\u00e1nica que emprende la gobernadora del Tolima - Ciudad y Region<\/title>\n<meta name=\"robots\" content=\"index, follow, max-snippet:-1, max-image-preview:large, max-video-preview:-1\" \/>\n<link rel=\"canonical\" href=\"https:\/\/ciudadyregion.com.co\/index.php\/defender-a-las-mujeres-de-la-violencia-politica-la-batalla-titanica-que-emprende-la-gobernadora-del-tolima\/regional\/\" \/>\n<meta property=\"og:locale\" content=\"es_ES\" \/>\n<meta property=\"og:type\" content=\"article\" \/>\n<meta property=\"og:title\" content=\"Defender a las mujeres de la violencia pol\u00edtica; la batalla tit\u00e1nica que emprende la gobernadora del Tolima - Ciudad y Region\" \/>\n<meta property=\"og:description\" content=\"En la clausura del \u00faltimo periodo de sesiones ordinarias de la Asamblea del Tolima, del presente a\u00f1o, la mandataria Adriana Matiz, anunci\u00f3 que convocar\u00e1 a todas las instituciones, incluso internacionales como la ONU, para la creaci\u00f3n de una mesa permanente de observaci\u00f3n, relator\u00eda, acompa\u00f1amiento y estrategia para hacer seguimiento yContinuar Leyendo\" \/>\n<meta property=\"og:url\" content=\"https:\/\/ciudadyregion.com.co\/index.php\/defender-a-las-mujeres-de-la-violencia-politica-la-batalla-titanica-que-emprende-la-gobernadora-del-tolima\/regional\/\" \/>\n<meta property=\"og:site_name\" content=\"Ciudad y Region\" \/>\n<meta property=\"article:published_time\" content=\"2025-12-01T13:30:00+00:00\" \/>\n<meta property=\"og:image\" content=\"https:\/\/ciudadyregion.com.co\/wp-content\/uploads\/2025\/12\/Pag-2025-12-01T082848.476.jpg\" \/>\n\t<meta property=\"og:image:width\" content=\"800\" \/>\n\t<meta property=\"og:image:height\" content=\"445\" \/>\n\t<meta property=\"og:image:type\" content=\"image\/jpeg\" \/>\n<meta name=\"author\" content=\"David Andr\u00e9s Aguirre\" \/>\n<meta name=\"twitter:card\" content=\"summary_large_image\" \/>\n<meta name=\"twitter:label1\" content=\"Escrito por\" \/>\n\t<meta name=\"twitter:data1\" content=\"David Andr\u00e9s Aguirre\" \/>\n\t<meta name=\"twitter:label2\" content=\"Tiempo de lectura\" \/>\n\t<meta name=\"twitter:data2\" content=\"3 minutos\" \/>\n<script type=\"application\/ld+json\" class=\"yoast-schema-graph\">{\"@context\":\"https:\/\/schema.org\",\"@graph\":[{\"@type\":\"WebPage\",\"@id\":\"https:\/\/ciudadyregion.com.co\/index.php\/defender-a-las-mujeres-de-la-violencia-politica-la-batalla-titanica-que-emprende-la-gobernadora-del-tolima\/regional\/\",\"url\":\"https:\/\/ciudadyregion.com.co\/index.php\/defender-a-las-mujeres-de-la-violencia-politica-la-batalla-titanica-que-emprende-la-gobernadora-del-tolima\/regional\/\",\"name\":\"Defender a las mujeres de la violencia pol\u00edtica; la batalla tit\u00e1nica que emprende la gobernadora del Tolima - Ciudad y Region\",\"isPartOf\":{\"@id\":\"https:\/\/ciudadyregion.com.co\/#website\"},\"primaryImageOfPage\":{\"@id\":\"https:\/\/ciudadyregion.com.co\/index.php\/defender-a-las-mujeres-de-la-violencia-politica-la-batalla-titanica-que-emprende-la-gobernadora-del-tolima\/regional\/#primaryimage\"},\"image\":{\"@id\":\"https:\/\/ciudadyregion.com.co\/index.php\/defender-a-las-mujeres-de-la-violencia-politica-la-batalla-titanica-que-emprende-la-gobernadora-del-tolima\/regional\/#primaryimage\"},\"thumbnailUrl\":\"https:\/\/i0.wp.com\/ciudadyregion.com.co\/wp-content\/uploads\/2025\/12\/Pag-2025-12-01T082848.476.jpg?fit=800%2C445&ssl=1\",\"datePublished\":\"2025-12-01T13:30:00+00:00\",\"dateModified\":\"2025-12-01T13:30:00+00:00\",\"author\":{\"@id\":\"https:\/\/ciudadyregion.com.co\/#\/schema\/person\/04a4954373ebc4051f46e8c65ff78622\"},\"breadcrumb\":{\"@id\":\"https:\/\/ciudadyregion.com.co\/index.php\/defender-a-las-mujeres-de-la-violencia-politica-la-batalla-titanica-que-emprende-la-gobernadora-del-tolima\/regional\/#breadcrumb\"},\"inLanguage\":\"es\",\"potentialAction\":[{\"@type\":\"ReadAction\",\"target\":[\"https:\/\/ciudadyregion.com.co\/index.php\/defender-a-las-mujeres-de-la-violencia-politica-la-batalla-titanica-que-emprende-la-gobernadora-del-tolima\/regional\/\"]}]},{\"@type\":\"ImageObject\",\"inLanguage\":\"es\",\"@id\":\"https:\/\/ciudadyregion.com.co\/index.php\/defender-a-las-mujeres-de-la-violencia-politica-la-batalla-titanica-que-emprende-la-gobernadora-del-tolima\/regional\/#primaryimage\",\"url\":\"https:\/\/i0.wp.com\/ciudadyregion.com.co\/wp-content\/uploads\/2025\/12\/Pag-2025-12-01T082848.476.jpg?fit=800%2C445&ssl=1\",\"contentUrl\":\"https:\/\/i0.wp.com\/ciudadyregion.com.co\/wp-content\/uploads\/2025\/12\/Pag-2025-12-01T082848.476.jpg?fit=800%2C445&ssl=1\",\"width\":800,\"height\":445},{\"@type\":\"BreadcrumbList\",\"@id\":\"https:\/\/ciudadyregion.com.co\/index.php\/defender-a-las-mujeres-de-la-violencia-politica-la-batalla-titanica-que-emprende-la-gobernadora-del-tolima\/regional\/#breadcrumb\",\"itemListElement\":[{\"@type\":\"ListItem\",\"position\":1,\"name\":\"Portada\",\"item\":\"https:\/\/ciudadyregion.com.co\/\"},{\"@type\":\"ListItem\",\"position\":2,\"name\":\"Defender a las mujeres de la violencia pol\u00edtica; la batalla tit\u00e1nica que emprende la gobernadora del Tolima\"}]},{\"@type\":\"WebSite\",\"@id\":\"https:\/\/ciudadyregion.com.co\/#website\",\"url\":\"https:\/\/ciudadyregion.com.co\/\",\"name\":\"Ciudad y Region\",\"description\":\"\",\"potentialAction\":[{\"@type\":\"SearchAction\",\"target\":{\"@type\":\"EntryPoint\",\"urlTemplate\":\"https:\/\/ciudadyregion.com.co\/?s={search_term_string}\"},\"query-input\":{\"@type\":\"PropertyValueSpecification\",\"valueRequired\":true,\"valueName\":\"search_term_string\"}}],\"inLanguage\":\"es\"},{\"@type\":\"Person\",\"@id\":\"https:\/\/ciudadyregion.com.co\/#\/schema\/person\/04a4954373ebc4051f46e8c65ff78622\",\"name\":\"David Andr\u00e9s Aguirre\",\"image\":{\"@type\":\"ImageObject\",\"inLanguage\":\"es\",\"@id\":\"https:\/\/ciudadyregion.com.co\/#\/schema\/person\/image\/\",\"url\":\"https:\/\/secure.gravatar.com\/avatar\/bc3c655860202182ee6d1b5edd042dbe?s=96&d=mm&r=g\",\"contentUrl\":\"https:\/\/secure.gravatar.com\/avatar\/bc3c655860202182ee6d1b5edd042dbe?s=96&d=mm&r=g\",\"caption\":\"David Andr\u00e9s Aguirre\"},\"url\":\"https:\/\/ciudadyregion.com.co\/index.php\/author\/diegoaguirre\/\"}]}<\/script>\n<!-- \/ Yoast SEO plugin. -->","yoast_head_json":{"title":"Defender a las mujeres de la violencia pol\u00edtica; la batalla tit\u00e1nica que emprende la gobernadora del Tolima - Ciudad y Region","robots":{"index":"index","follow":"follow","max-snippet":"max-snippet:-1","max-image-preview":"max-image-preview:large","max-video-preview":"max-video-preview:-1"},"canonical":"https:\/\/ciudadyregion.com.co\/index.php\/defender-a-las-mujeres-de-la-violencia-politica-la-batalla-titanica-que-emprende-la-gobernadora-del-tolima\/regional\/","og_locale":"es_ES","og_type":"article","og_title":"Defender a las mujeres de la violencia pol\u00edtica; la batalla tit\u00e1nica que emprende la gobernadora del Tolima - Ciudad y Region","og_description":"En la clausura del \u00faltimo periodo de sesiones ordinarias de la Asamblea del Tolima, del presente a\u00f1o, la mandataria Adriana Matiz, anunci\u00f3 que convocar\u00e1 a todas las instituciones, incluso internacionales como la ONU, para la creaci\u00f3n de una mesa permanente de observaci\u00f3n, relator\u00eda, acompa\u00f1amiento y estrategia para hacer seguimiento yContinuar Leyendo","og_url":"https:\/\/ciudadyregion.com.co\/index.php\/defender-a-las-mujeres-de-la-violencia-politica-la-batalla-titanica-que-emprende-la-gobernadora-del-tolima\/regional\/","og_site_name":"Ciudad y Region","article_published_time":"2025-12-01T13:30:00+00:00","og_image":[{"width":800,"height":445,"url":"https:\/\/ciudadyregion.com.co\/wp-content\/uploads\/2025\/12\/Pag-2025-12-01T082848.476.jpg","type":"image\/jpeg"}],"author":"David Andr\u00e9s Aguirre","twitter_card":"summary_large_image","twitter_misc":{"Escrito por":"David Andr\u00e9s Aguirre","Tiempo de lectura":"3 minutos"},"schema":{"@context":"https:\/\/schema.org","@graph":[{"@type":"WebPage","@id":"https:\/\/ciudadyregion.com.co\/index.php\/defender-a-las-mujeres-de-la-violencia-politica-la-batalla-titanica-que-emprende-la-gobernadora-del-tolima\/regional\/","url":"https:\/\/ciudadyregion.com.co\/index.php\/defender-a-las-mujeres-de-la-violencia-politica-la-batalla-titanica-que-emprende-la-gobernadora-del-tolima\/regional\/","name":"Defender a las mujeres de la violencia pol\u00edtica; la batalla tit\u00e1nica que emprende la gobernadora del Tolima - Ciudad y Region","isPartOf":{"@id":"https:\/\/ciudadyregion.com.co\/#website"},"primaryImageOfPage":{"@id":"https:\/\/ciudadyregion.com.co\/index.php\/defender-a-las-mujeres-de-la-violencia-politica-la-batalla-titanica-que-emprende-la-gobernadora-del-tolima\/regional\/#primaryimage"},"image":{"@id":"https:\/\/ciudadyregion.com.co\/index.php\/defender-a-las-mujeres-de-la-violencia-politica-la-batalla-titanica-que-emprende-la-gobernadora-del-tolima\/regional\/#primaryimage"},"thumbnailUrl":"https:\/\/i0.wp.com\/ciudadyregion.com.co\/wp-content\/uploads\/2025\/12\/Pag-2025-12-01T082848.476.jpg?fit=800%2C445&ssl=1","datePublished":"2025-12-01T13:30:00+00:00","dateModified":"2025-12-01T13:30:00+00:00","author":{"@id":"https:\/\/ciudadyregion.com.co\/#\/schema\/person\/04a4954373ebc4051f46e8c65ff78622"},"breadcrumb":{"@id":"https:\/\/ciudadyregion.com.co\/index.php\/defender-a-las-mujeres-de-la-violencia-politica-la-batalla-titanica-que-emprende-la-gobernadora-del-tolima\/regional\/#breadcrumb"},"inLanguage":"es","potentialAction":[{"@type":"ReadAction","target":["https:\/\/ciudadyregion.com.co\/index.php\/defender-a-las-mujeres-de-la-violencia-politica-la-batalla-titanica-que-emprende-la-gobernadora-del-tolima\/regional\/"]}]},{"@type":"ImageObject","inLanguage":"es","@id":"https:\/\/ciudadyregion.com.co\/index.php\/defender-a-las-mujeres-de-la-violencia-politica-la-batalla-titanica-que-emprende-la-gobernadora-del-tolima\/regional\/#primaryimage","url":"https:\/\/i0.wp.com\/ciudadyregion.com.co\/wp-content\/uploads\/2025\/12\/Pag-2025-12-01T082848.476.jpg?fit=800%2C445&ssl=1","contentUrl":"https:\/\/i0.wp.com\/ciudadyregion.com.co\/wp-content\/uploads\/2025\/12\/Pag-2025-12-01T082848.476.jpg?fit=800%2C445&ssl=1","width":800,"height":445},{"@type":"BreadcrumbList","@id":"https:\/\/ciudadyregion.com.co\/index.php\/defender-a-las-mujeres-de-la-violencia-politica-la-batalla-titanica-que-emprende-la-gobernadora-del-tolima\/regional\/#breadcrumb","itemListElement":[{"@type":"ListItem","position":1,"name":"Portada","item":"https:\/\/ciudadyregion.com.co\/"},{"@type":"ListItem","position":2,"name":"Defender a las mujeres de la violencia pol\u00edtica; la batalla tit\u00e1nica que emprende la gobernadora del Tolima"}]},{"@type":"WebSite","@id":"https:\/\/ciudadyregion.com.co\/#website","url":"https:\/\/ciudadyregion.com.co\/","name":"Ciudad y Region","description":"","potentialAction":[{"@type":"SearchAction","target":{"@type":"EntryPoint","urlTemplate":"https:\/\/ciudadyregion.com.co\/?s={search_term_string}"},"query-input":{"@type":"PropertyValueSpecification","valueRequired":true,"valueName":"search_term_string"}}],"inLanguage":"es"},{"@type":"Person","@id":"https:\/\/ciudadyregion.com.co\/#\/schema\/person\/04a4954373ebc4051f46e8c65ff78622","name":"David Andr\u00e9s Aguirre","image":{"@type":"ImageObject","inLanguage":"es","@id":"https:\/\/ciudadyregion.com.co\/#\/schema\/person\/image\/","url":"https:\/\/secure.gravatar.com\/avatar\/bc3c655860202182ee6d1b5edd042dbe?s=96&d=mm&r=g","contentUrl":"https:\/\/secure.gravatar.com\/avatar\/bc3c655860202182ee6d1b5edd042dbe?s=96&d=mm&r=g","caption":"David Andr\u00e9s Aguirre"},"url":"https:\/\/ciudadyregion.com.co\/index.php\/author\/diegoaguirre\/"}]}},"jetpack_featured_media_url":"https:\/\/i0.wp.com\/ciudadyregion.com.co\/wp-content\/uploads\/2025\/12\/Pag-2025-12-01T082848.476.jpg?fit=800%2C445&ssl=1","jetpack_sharing_enabled":true,"jetpack_shortlink":"https:\/\/wp.me\/pbS7hh-d7a","jetpack-related-posts":[],"_links":{"self":[{"href":"https:\/\/ciudadyregion.com.co\/index.php\/wp-json\/wp\/v2\/posts\/50416"}],"collection":[{"href":"https:\/\/ciudadyregion.com.co\/index.php\/wp-json\/wp\/v2\/posts"}],"about":[{"href":"https:\/\/ciudadyregion.com.co\/index.php\/wp-json\/wp\/v2\/types\/post"}],"author":[{"embeddable":true,"href":"https:\/\/ciudadyregion.com.co\/index.php\/wp-json\/wp\/v2\/users\/2"}],"replies":[{"embeddable":true,"href":"https:\/\/ciudadyregion.com.co\/index.php\/wp-json\/wp\/v2\/comments?post=50416"}],"version-history":[{"count":1,"href":"https:\/\/ciudadyregion.com.co\/index.php\/wp-json\/wp\/v2\/posts\/50416\/revisions"}],"predecessor-version":[{"id":50418,"href":"https:\/\/ciudadyregion.com.co\/index.php\/wp-json\/wp\/v2\/posts\/50416\/revisions\/50418"}],"wp:featuredmedia":[{"embeddable":true,"href":"https:\/\/ciudadyregion.com.co\/index.php\/wp-json\/wp\/v2\/media\/50417"}],"wp:attachment":[{"href":"https:\/\/ciudadyregion.com.co\/index.php\/wp-json\/wp\/v2\/media?parent=50416"}],"wp:term":[{"taxonomy":"category","embeddable":true,"href":"https:\/\/ciudadyregion.com.co\/index.php\/wp-json\/wp\/v2\/categories?post=50416"},{"taxonomy":"post_tag","embeddable":true,"href":"https:\/\/ciudadyregion.com.co\/index.php\/wp-json\/wp\/v2\/tags?post=50416"}],"curies":[{"name":"wp","href":"https:\/\/api.w.org\/{rel}","templated":true}]}}