{"id":50412,"date":"2025-12-01T08:27:42","date_gmt":"2025-12-01T13:27:42","guid":{"rendered":"https:\/\/ciudadyregion.com.co\/?p=50412"},"modified":"2025-12-01T08:27:42","modified_gmt":"2025-12-01T13:27:42","slug":"gobernacion-del-tolima-anuncia-inversion-de-3-310-millones-para-el-proceso-de-reasentamiento-en-villarrica","status":"publish","type":"post","link":"https:\/\/ciudadyregion.com.co\/index.php\/gobernacion-del-tolima-anuncia-inversion-de-3-310-millones-para-el-proceso-de-reasentamiento-en-villarrica\/regional\/","title":{"rendered":"Gobernaci\u00f3n del Tolima anuncia inversi\u00f3n de $3.310 millones para el proceso de reasentamiento en Villarrica"},"content":{"rendered":"<p>La Gobernaci\u00f3n del Tolima, en articulaci\u00f3n con la Unidad Nacional para la Gesti\u00f3n del Riesgo de Desastres (UNGRD) y la Alcald\u00eda de Villarrica, confirm\u00f3 la asignaci\u00f3n de $3.310 millones destinados a avanzar en el proceso de reasentamiento de las familias que permanecen en zonas de riesgo en el municipio.<\/p>\n<p>La secretaria de Ambiente y Gesti\u00f3n del Riesgo, Ericka Lozano, explic\u00f3 que esta gesti\u00f3n fue posible gracias al trabajo conjunto con el diputado Juan Guillermo Beltr\u00e1n y con el alcalde y su equipo.<\/p>\n<blockquote><p>\u201cEfectivamente, con el apoyo del diputado Juan Guillermo Beltr\u00e1n, y con el alcalde y su equipo de trabajo, logramos gestionar 3.310 millones de pesos de la Unidad Nacional para la Gesti\u00f3n del Riesgo de Desastres\u201d, afirm\u00f3.<\/p><\/blockquote>\n<p>El convenio, recientemente aprobado por la UNGRD, incluye varios componentes clave. El primero es un censo t\u00e9cnico y caracterizado de toda la poblaci\u00f3n en riesgo, requisito fundamental para avanzar hacia la reubicaci\u00f3n permanente. Sobre esto, Ericka Lozano se\u00f1al\u00f3 que \u201cla Unidad necesita esa caracterizaci\u00f3n de acuerdo con los par\u00e1metros t\u00e9cnicos necesarios para poder avanzar en la reubicaci\u00f3n permanente\u201d. Para esta labor, se contratar\u00e1 personal especializado y un coordinador enviado directamente por la Unidad Nacional.<\/p>\n<p>Otro componente corresponde a $2.241 millones destinados a la construcci\u00f3n de albergues temporales para 60 familias, en un terreno que ser\u00e1 revisado por la Gobernaci\u00f3n, la UNGRD, Infraestructura y la SAGER, con el prop\u00f3sito de garantizar condiciones adecuadas y servicios b\u00e1sicos para las familias beneficiarias.<\/p>\n<p>Adem\u00e1s, el convenio contempla un rubro esencial para el municipio: $300 millones ser\u00e1n invertidos exclusivamente en el fortalecimiento de las capacidades operativas del Cuerpo de Bomberos de Villarrica, mejora que permitir\u00e1 responder de manera m\u00e1s efectiva ante emergencias.<\/p>\n<p>La secretaria tambi\u00e9n resalt\u00f3 el compromiso de la Alcald\u00eda de Villarrica durante el proceso. Agradeci\u00f3 especialmente la disposici\u00f3n del alcalde para entregar documentos y requisitos incluso en horarios no laborales, lo que permiti\u00f3 agilizar la firma y aprobaci\u00f3n del convenio.<\/p>\n<p>La funcionaria reiter\u00f3 que este es un paso decisivo dentro del proceso de reasentamiento que requiere el municipio:<br \/>\n\u201cYa el recurso est\u00e1 asignado por la Unidad Nacional de Gesti\u00f3n del Riesgo. Vuelvo y repito: 3.310 millones de pesos\u201d.<\/p>\n","protected":false},"excerpt":{"rendered":"<p>La Gobernaci\u00f3n del Tolima, en articulaci\u00f3n con la Unidad Nacional para la Gesti\u00f3n del Riesgo de Desastres (UNGRD) y la Alcald\u00eda de Villarrica, confirm\u00f3 la asignaci\u00f3n de $3.310 millones destinados a avanzar en el proceso de reasentamiento de las familias que permanecen en zonas de riesgo en el municipio. La<span class=\"more-link\"><a href=\"https:\/\/ciudadyregion.com.co\/index.php\/gobernacion-del-tolima-anuncia-inversion-de-3-310-millones-para-el-proceso-de-reasentamiento-en-villarrica\/regional\/\">Continuar Leyendo<\/a><\/span><\/p>\n","protected":false},"author":2,"featured_media":50413,"comment_status":"open","ping_status":"open","sticky":false,"template":"","format":"standard","meta":{"_uf_show_specific_survey":0,"_uf_disable_surveys":false,"_jetpack_memberships_contains_paid_content":false,"footnotes":"","jetpack_publicize_message":"","jetpack_publicize_feature_enabled":true,"jetpack_social_post_already_shared":true,"jetpack_social_options":{"image_generator_settings":{"template":"highway","enabled":false},"version":2}},"categories":[13],"tags":[],"class_list":["entry","author-diegoaguirre","post-50412","post","type-post","status-publish","format-standard","has-post-thumbnail","category-regional"],"jetpack_publicize_connections":[],"yoast_head":"<!-- This site is optimized with the Yoast SEO plugin v24.3 - https:\/\/yoast.com\/wordpress\/plugins\/seo\/ -->\n<title>Gobernaci\u00f3n del Tolima anuncia inversi\u00f3n de $3.310 millones para el proceso de reasentamiento en Villarrica - Ciudad y Region<\/title>\n<meta name=\"robots\" content=\"index, follow, max-snippet:-1, max-image-preview:large, max-video-preview:-1\" \/>\n<link rel=\"canonical\" href=\"https:\/\/ciudadyregion.com.co\/index.php\/gobernacion-del-tolima-anuncia-inversion-de-3-310-millones-para-el-proceso-de-reasentamiento-en-villarrica\/regional\/\" \/>\n<meta property=\"og:locale\" content=\"es_ES\" \/>\n<meta property=\"og:type\" content=\"article\" \/>\n<meta property=\"og:title\" content=\"Gobernaci\u00f3n del Tolima anuncia inversi\u00f3n de $3.310 millones para el proceso de reasentamiento en Villarrica - Ciudad y Region\" \/>\n<meta property=\"og:description\" content=\"La Gobernaci\u00f3n del Tolima, en articulaci\u00f3n con la Unidad Nacional para la Gesti\u00f3n del Riesgo de Desastres (UNGRD) y la Alcald\u00eda de Villarrica, confirm\u00f3 la asignaci\u00f3n de $3.310 millones destinados a avanzar en el proceso de reasentamiento de las familias que permanecen en zonas de riesgo en el municipio. LaContinuar Leyendo\" \/>\n<meta property=\"og:url\" content=\"https:\/\/ciudadyregion.com.co\/index.php\/gobernacion-del-tolima-anuncia-inversion-de-3-310-millones-para-el-proceso-de-reasentamiento-en-villarrica\/regional\/\" \/>\n<meta property=\"og:site_name\" content=\"Ciudad y Region\" \/>\n<meta property=\"article:published_time\" content=\"2025-12-01T13:27:42+00:00\" \/>\n<meta property=\"og:image\" content=\"https:\/\/ciudadyregion.com.co\/wp-content\/uploads\/2025\/12\/Pag-2025-12-01T082717.684.jpg\" \/>\n\t<meta property=\"og:image:width\" content=\"800\" \/>\n\t<meta property=\"og:image:height\" content=\"445\" \/>\n\t<meta property=\"og:image:type\" content=\"image\/jpeg\" \/>\n<meta name=\"author\" content=\"David Andr\u00e9s Aguirre\" \/>\n<meta name=\"twitter:card\" content=\"summary_large_image\" \/>\n<meta name=\"twitter:label1\" content=\"Escrito por\" \/>\n\t<meta name=\"twitter:data1\" content=\"David Andr\u00e9s Aguirre\" \/>\n\t<meta name=\"twitter:label2\" content=\"Tiempo de lectura\" \/>\n\t<meta name=\"twitter:data2\" content=\"2 minutos\" \/>\n<script type=\"application\/ld+json\" class=\"yoast-schema-graph\">{\"@context\":\"https:\/\/schema.org\",\"@graph\":[{\"@type\":\"WebPage\",\"@id\":\"https:\/\/ciudadyregion.com.co\/index.php\/gobernacion-del-tolima-anuncia-inversion-de-3-310-millones-para-el-proceso-de-reasentamiento-en-villarrica\/regional\/\",\"url\":\"https:\/\/ciudadyregion.com.co\/index.php\/gobernacion-del-tolima-anuncia-inversion-de-3-310-millones-para-el-proceso-de-reasentamiento-en-villarrica\/regional\/\",\"name\":\"Gobernaci\u00f3n del Tolima anuncia inversi\u00f3n de $3.310 millones para el proceso de reasentamiento en Villarrica - Ciudad y Region\",\"isPartOf\":{\"@id\":\"https:\/\/ciudadyregion.com.co\/#website\"},\"primaryImageOfPage\":{\"@id\":\"https:\/\/ciudadyregion.com.co\/index.php\/gobernacion-del-tolima-anuncia-inversion-de-3-310-millones-para-el-proceso-de-reasentamiento-en-villarrica\/regional\/#primaryimage\"},\"image\":{\"@id\":\"https:\/\/ciudadyregion.com.co\/index.php\/gobernacion-del-tolima-anuncia-inversion-de-3-310-millones-para-el-proceso-de-reasentamiento-en-villarrica\/regional\/#primaryimage\"},\"thumbnailUrl\":\"https:\/\/i0.wp.com\/ciudadyregion.com.co\/wp-content\/uploads\/2025\/12\/Pag-2025-12-01T082717.684.jpg?fit=800%2C445&ssl=1\",\"datePublished\":\"2025-12-01T13:27:42+00:00\",\"dateModified\":\"2025-12-01T13:27:42+00:00\",\"author\":{\"@id\":\"https:\/\/ciudadyregion.com.co\/#\/schema\/person\/04a4954373ebc4051f46e8c65ff78622\"},\"breadcrumb\":{\"@id\":\"https:\/\/ciudadyregion.com.co\/index.php\/gobernacion-del-tolima-anuncia-inversion-de-3-310-millones-para-el-proceso-de-reasentamiento-en-villarrica\/regional\/#breadcrumb\"},\"inLanguage\":\"es\",\"potentialAction\":[{\"@type\":\"ReadAction\",\"target\":[\"https:\/\/ciudadyregion.com.co\/index.php\/gobernacion-del-tolima-anuncia-inversion-de-3-310-millones-para-el-proceso-de-reasentamiento-en-villarrica\/regional\/\"]}]},{\"@type\":\"ImageObject\",\"inLanguage\":\"es\",\"@id\":\"https:\/\/ciudadyregion.com.co\/index.php\/gobernacion-del-tolima-anuncia-inversion-de-3-310-millones-para-el-proceso-de-reasentamiento-en-villarrica\/regional\/#primaryimage\",\"url\":\"https:\/\/i0.wp.com\/ciudadyregion.com.co\/wp-content\/uploads\/2025\/12\/Pag-2025-12-01T082717.684.jpg?fit=800%2C445&ssl=1\",\"contentUrl\":\"https:\/\/i0.wp.com\/ciudadyregion.com.co\/wp-content\/uploads\/2025\/12\/Pag-2025-12-01T082717.684.jpg?fit=800%2C445&ssl=1\",\"width\":800,\"height\":445},{\"@type\":\"BreadcrumbList\",\"@id\":\"https:\/\/ciudadyregion.com.co\/index.php\/gobernacion-del-tolima-anuncia-inversion-de-3-310-millones-para-el-proceso-de-reasentamiento-en-villarrica\/regional\/#breadcrumb\",\"itemListElement\":[{\"@type\":\"ListItem\",\"position\":1,\"name\":\"Portada\",\"item\":\"https:\/\/ciudadyregion.com.co\/\"},{\"@type\":\"ListItem\",\"position\":2,\"name\":\"Gobernaci\u00f3n del Tolima anuncia inversi\u00f3n de $3.310 millones para el proceso de reasentamiento en Villarrica\"}]},{\"@type\":\"WebSite\",\"@id\":\"https:\/\/ciudadyregion.com.co\/#website\",\"url\":\"https:\/\/ciudadyregion.com.co\/\",\"name\":\"Ciudad y Region\",\"description\":\"\",\"potentialAction\":[{\"@type\":\"SearchAction\",\"target\":{\"@type\":\"EntryPoint\",\"urlTemplate\":\"https:\/\/ciudadyregion.com.co\/?s={search_term_string}\"},\"query-input\":{\"@type\":\"PropertyValueSpecification\",\"valueRequired\":true,\"valueName\":\"search_term_string\"}}],\"inLanguage\":\"es\"},{\"@type\":\"Person\",\"@id\":\"https:\/\/ciudadyregion.com.co\/#\/schema\/person\/04a4954373ebc4051f46e8c65ff78622\",\"name\":\"David Andr\u00e9s Aguirre\",\"image\":{\"@type\":\"ImageObject\",\"inLanguage\":\"es\",\"@id\":\"https:\/\/ciudadyregion.com.co\/#\/schema\/person\/image\/\",\"url\":\"https:\/\/secure.gravatar.com\/avatar\/bc3c655860202182ee6d1b5edd042dbe?s=96&d=mm&r=g\",\"contentUrl\":\"https:\/\/secure.gravatar.com\/avatar\/bc3c655860202182ee6d1b5edd042dbe?s=96&d=mm&r=g\",\"caption\":\"David Andr\u00e9s Aguirre\"},\"url\":\"https:\/\/ciudadyregion.com.co\/index.php\/author\/diegoaguirre\/\"}]}<\/script>\n<!-- \/ Yoast SEO plugin. -->","yoast_head_json":{"title":"Gobernaci\u00f3n del Tolima anuncia inversi\u00f3n de $3.310 millones para el proceso de reasentamiento en Villarrica - Ciudad y Region","robots":{"index":"index","follow":"follow","max-snippet":"max-snippet:-1","max-image-preview":"max-image-preview:large","max-video-preview":"max-video-preview:-1"},"canonical":"https:\/\/ciudadyregion.com.co\/index.php\/gobernacion-del-tolima-anuncia-inversion-de-3-310-millones-para-el-proceso-de-reasentamiento-en-villarrica\/regional\/","og_locale":"es_ES","og_type":"article","og_title":"Gobernaci\u00f3n del Tolima anuncia inversi\u00f3n de $3.310 millones para el proceso de reasentamiento en Villarrica - Ciudad y Region","og_description":"La Gobernaci\u00f3n del Tolima, en articulaci\u00f3n con la Unidad Nacional para la Gesti\u00f3n del Riesgo de Desastres (UNGRD) y la Alcald\u00eda de Villarrica, confirm\u00f3 la asignaci\u00f3n de $3.310 millones destinados a avanzar en el proceso de reasentamiento de las familias que permanecen en zonas de riesgo en el municipio. LaContinuar Leyendo","og_url":"https:\/\/ciudadyregion.com.co\/index.php\/gobernacion-del-tolima-anuncia-inversion-de-3-310-millones-para-el-proceso-de-reasentamiento-en-villarrica\/regional\/","og_site_name":"Ciudad y Region","article_published_time":"2025-12-01T13:27:42+00:00","og_image":[{"width":800,"height":445,"url":"https:\/\/ciudadyregion.com.co\/wp-content\/uploads\/2025\/12\/Pag-2025-12-01T082717.684.jpg","type":"image\/jpeg"}],"author":"David Andr\u00e9s Aguirre","twitter_card":"summary_large_image","twitter_misc":{"Escrito por":"David Andr\u00e9s Aguirre","Tiempo de lectura":"2 minutos"},"schema":{"@context":"https:\/\/schema.org","@graph":[{"@type":"WebPage","@id":"https:\/\/ciudadyregion.com.co\/index.php\/gobernacion-del-tolima-anuncia-inversion-de-3-310-millones-para-el-proceso-de-reasentamiento-en-villarrica\/regional\/","url":"https:\/\/ciudadyregion.com.co\/index.php\/gobernacion-del-tolima-anuncia-inversion-de-3-310-millones-para-el-proceso-de-reasentamiento-en-villarrica\/regional\/","name":"Gobernaci\u00f3n del Tolima anuncia inversi\u00f3n de $3.310 millones para el proceso de reasentamiento en Villarrica - Ciudad y Region","isPartOf":{"@id":"https:\/\/ciudadyregion.com.co\/#website"},"primaryImageOfPage":{"@id":"https:\/\/ciudadyregion.com.co\/index.php\/gobernacion-del-tolima-anuncia-inversion-de-3-310-millones-para-el-proceso-de-reasentamiento-en-villarrica\/regional\/#primaryimage"},"image":{"@id":"https:\/\/ciudadyregion.com.co\/index.php\/gobernacion-del-tolima-anuncia-inversion-de-3-310-millones-para-el-proceso-de-reasentamiento-en-villarrica\/regional\/#primaryimage"},"thumbnailUrl":"https:\/\/i0.wp.com\/ciudadyregion.com.co\/wp-content\/uploads\/2025\/12\/Pag-2025-12-01T082717.684.jpg?fit=800%2C445&ssl=1","datePublished":"2025-12-01T13:27:42+00:00","dateModified":"2025-12-01T13:27:42+00:00","author":{"@id":"https:\/\/ciudadyregion.com.co\/#\/schema\/person\/04a4954373ebc4051f46e8c65ff78622"},"breadcrumb":{"@id":"https:\/\/ciudadyregion.com.co\/index.php\/gobernacion-del-tolima-anuncia-inversion-de-3-310-millones-para-el-proceso-de-reasentamiento-en-villarrica\/regional\/#breadcrumb"},"inLanguage":"es","potentialAction":[{"@type":"ReadAction","target":["https:\/\/ciudadyregion.com.co\/index.php\/gobernacion-del-tolima-anuncia-inversion-de-3-310-millones-para-el-proceso-de-reasentamiento-en-villarrica\/regional\/"]}]},{"@type":"ImageObject","inLanguage":"es","@id":"https:\/\/ciudadyregion.com.co\/index.php\/gobernacion-del-tolima-anuncia-inversion-de-3-310-millones-para-el-proceso-de-reasentamiento-en-villarrica\/regional\/#primaryimage","url":"https:\/\/i0.wp.com\/ciudadyregion.com.co\/wp-content\/uploads\/2025\/12\/Pag-2025-12-01T082717.684.jpg?fit=800%2C445&ssl=1","contentUrl":"https:\/\/i0.wp.com\/ciudadyregion.com.co\/wp-content\/uploads\/2025\/12\/Pag-2025-12-01T082717.684.jpg?fit=800%2C445&ssl=1","width":800,"height":445},{"@type":"BreadcrumbList","@id":"https:\/\/ciudadyregion.com.co\/index.php\/gobernacion-del-tolima-anuncia-inversion-de-3-310-millones-para-el-proceso-de-reasentamiento-en-villarrica\/regional\/#breadcrumb","itemListElement":[{"@type":"ListItem","position":1,"name":"Portada","item":"https:\/\/ciudadyregion.com.co\/"},{"@type":"ListItem","position":2,"name":"Gobernaci\u00f3n del Tolima anuncia inversi\u00f3n de $3.310 millones para el proceso de reasentamiento en Villarrica"}]},{"@type":"WebSite","@id":"https:\/\/ciudadyregion.com.co\/#website","url":"https:\/\/ciudadyregion.com.co\/","name":"Ciudad y Region","description":"","potentialAction":[{"@type":"SearchAction","target":{"@type":"EntryPoint","urlTemplate":"https:\/\/ciudadyregion.com.co\/?s={search_term_string}"},"query-input":{"@type":"PropertyValueSpecification","valueRequired":true,"valueName":"search_term_string"}}],"inLanguage":"es"},{"@type":"Person","@id":"https:\/\/ciudadyregion.com.co\/#\/schema\/person\/04a4954373ebc4051f46e8c65ff78622","name":"David Andr\u00e9s Aguirre","image":{"@type":"ImageObject","inLanguage":"es","@id":"https:\/\/ciudadyregion.com.co\/#\/schema\/person\/image\/","url":"https:\/\/secure.gravatar.com\/avatar\/bc3c655860202182ee6d1b5edd042dbe?s=96&d=mm&r=g","contentUrl":"https:\/\/secure.gravatar.com\/avatar\/bc3c655860202182ee6d1b5edd042dbe?s=96&d=mm&r=g","caption":"David Andr\u00e9s Aguirre"},"url":"https:\/\/ciudadyregion.com.co\/index.php\/author\/diegoaguirre\/"}]}},"jetpack_featured_media_url":"https:\/\/i0.wp.com\/ciudadyregion.com.co\/wp-content\/uploads\/2025\/12\/Pag-2025-12-01T082717.684.jpg?fit=800%2C445&ssl=1","jetpack_sharing_enabled":true,"jetpack_shortlink":"https:\/\/wp.me\/pbS7hh-d76","jetpack-related-posts":[],"_links":{"self":[{"href":"https:\/\/ciudadyregion.com.co\/index.php\/wp-json\/wp\/v2\/posts\/50412"}],"collection":[{"href":"https:\/\/ciudadyregion.com.co\/index.php\/wp-json\/wp\/v2\/posts"}],"about":[{"href":"https:\/\/ciudadyregion.com.co\/index.php\/wp-json\/wp\/v2\/types\/post"}],"author":[{"embeddable":true,"href":"https:\/\/ciudadyregion.com.co\/index.php\/wp-json\/wp\/v2\/users\/2"}],"replies":[{"embeddable":true,"href":"https:\/\/ciudadyregion.com.co\/index.php\/wp-json\/wp\/v2\/comments?post=50412"}],"version-history":[{"count":2,"href":"https:\/\/ciudadyregion.com.co\/index.php\/wp-json\/wp\/v2\/posts\/50412\/revisions"}],"predecessor-version":[{"id":50415,"href":"https:\/\/ciudadyregion.com.co\/index.php\/wp-json\/wp\/v2\/posts\/50412\/revisions\/50415"}],"wp:featuredmedia":[{"embeddable":true,"href":"https:\/\/ciudadyregion.com.co\/index.php\/wp-json\/wp\/v2\/media\/50413"}],"wp:attachment":[{"href":"https:\/\/ciudadyregion.com.co\/index.php\/wp-json\/wp\/v2\/media?parent=50412"}],"wp:term":[{"taxonomy":"category","embeddable":true,"href":"https:\/\/ciudadyregion.com.co\/index.php\/wp-json\/wp\/v2\/categories?post=50412"},{"taxonomy":"post_tag","embeddable":true,"href":"https:\/\/ciudadyregion.com.co\/index.php\/wp-json\/wp\/v2\/tags?post=50412"}],"curies":[{"name":"wp","href":"https:\/\/api.w.org\/{rel}","templated":true}]}}