{"id":50408,"date":"2025-12-01T08:16:02","date_gmt":"2025-12-01T13:16:02","guid":{"rendered":"https:\/\/ciudadyregion.com.co\/?p=50408"},"modified":"2025-12-01T08:16:02","modified_gmt":"2025-12-01T13:16:02","slug":"eln-deja-en-libertad-a-once-personas-que-llevaban-meses-secuestradas-en-el-catatumbo","status":"publish","type":"post","link":"https:\/\/ciudadyregion.com.co\/index.php\/eln-deja-en-libertad-a-once-personas-que-llevaban-meses-secuestradas-en-el-catatumbo\/judicial\/","title":{"rendered":"ELN deja en libertad a once personas que llevaban meses secuestradas en el Catatumbo"},"content":{"rendered":"<p>Once personas que hab\u00edan sido arrancadas de su vida cotidiana a comienzos de este a\u00f1o finalmente volvieron a ver la luz de la libertad en el Catatumbo. Nueve hombres y dos mujeres \u2014una de ellas venezolana\u2014 fueron entregados a una comisi\u00f3n humanitaria que logr\u00f3 llegar hasta la zona, una regi\u00f3n donde el miedo y la incertidumbre se han vuelto parte del d\u00eda a d\u00eda.<\/p>\n<p>La misi\u00f3n estuvo integrada por la Defensor\u00eda del Pueblo, la Iglesia Cat\u00f3lica, la ONU y el Comit\u00e9 Internacional de la Cruz Roja. Para muchos de los liberados, la presencia de estos equipos signific\u00f3 el primer rostro amable que ve\u00edan tras meses de cautiverio. Un equipo m\u00e9dico los recibi\u00f3 tan pronto como estuvieron a salvo, confirmando que todos se encontraban en condiciones estables, aunque marcados por la experiencia vivida.<\/p>\n<p>Las familias, que durante meses sostuvieron la esperanza con llamadas truncadas, rumores y silencios, fueron notificadas poco despu\u00e9s. Para ellas, la noticia signific\u00f3 el fin de un periodo de angustia que no deja f\u00e1cilmente cicatrices invisibles.<\/p>\n<p>Estos secuestros ocurrieron en Tib\u00fa y El Tarra, dos municipios profundamente afectados por la presencia simult\u00e1nea de varios grupos armados. La guerra que all\u00ed se libra a puertas cerradas ha convertido a la poblaci\u00f3n civil en blanco recurrente, oblig\u00e1ndolos a vivir entre desplazamientos, amenazas y un temor constante.<\/p>\n<p>La liberaci\u00f3n de estas once personas es una bocanada de alivio, pero tambi\u00e9n un recordatorio del drama que persiste en el Catatumbo. Organizaciones humanitarias pidieron que este caso impulse acciones m\u00e1s firmes para proteger a quienes viven en la regi\u00f3n, donde la violencia se ha normalizado tanto que cada libertad se siente casi como un milagro.<\/p>\n","protected":false},"excerpt":{"rendered":"<p>Once personas que hab\u00edan sido arrancadas de su vida cotidiana a comienzos de este a\u00f1o finalmente volvieron a ver la luz de la libertad en el Catatumbo. Nueve hombres y dos mujeres \u2014una de ellas venezolana\u2014 fueron entregados a una comisi\u00f3n humanitaria que logr\u00f3 llegar hasta la zona, una regi\u00f3n<span class=\"more-link\"><a href=\"https:\/\/ciudadyregion.com.co\/index.php\/eln-deja-en-libertad-a-once-personas-que-llevaban-meses-secuestradas-en-el-catatumbo\/judicial\/\">Continuar Leyendo<\/a><\/span><\/p>\n","protected":false},"author":2,"featured_media":50409,"comment_status":"open","ping_status":"open","sticky":false,"template":"","format":"standard","meta":{"_uf_show_specific_survey":0,"_uf_disable_surveys":false,"_jetpack_memberships_contains_paid_content":false,"footnotes":"","jetpack_publicize_message":"","jetpack_publicize_feature_enabled":true,"jetpack_social_post_already_shared":true,"jetpack_social_options":{"image_generator_settings":{"template":"highway","enabled":false},"version":2}},"categories":[18],"tags":[],"class_list":["entry","author-diegoaguirre","post-50408","post","type-post","status-publish","format-standard","has-post-thumbnail","category-judicial"],"jetpack_publicize_connections":[],"yoast_head":"<!-- This site is optimized with the Yoast SEO plugin v24.3 - https:\/\/yoast.com\/wordpress\/plugins\/seo\/ -->\n<title>ELN deja en libertad a once personas que llevaban meses secuestradas en el Catatumbo - Ciudad y Region<\/title>\n<meta name=\"robots\" content=\"index, follow, max-snippet:-1, max-image-preview:large, max-video-preview:-1\" \/>\n<link rel=\"canonical\" href=\"https:\/\/ciudadyregion.com.co\/index.php\/eln-deja-en-libertad-a-once-personas-que-llevaban-meses-secuestradas-en-el-catatumbo\/judicial\/\" \/>\n<meta property=\"og:locale\" content=\"es_ES\" \/>\n<meta property=\"og:type\" content=\"article\" \/>\n<meta property=\"og:title\" content=\"ELN deja en libertad a once personas que llevaban meses secuestradas en el Catatumbo - Ciudad y Region\" \/>\n<meta property=\"og:description\" content=\"Once personas que hab\u00edan sido arrancadas de su vida cotidiana a comienzos de este a\u00f1o finalmente volvieron a ver la luz de la libertad en el Catatumbo. Nueve hombres y dos mujeres \u2014una de ellas venezolana\u2014 fueron entregados a una comisi\u00f3n humanitaria que logr\u00f3 llegar hasta la zona, una regi\u00f3nContinuar Leyendo\" \/>\n<meta property=\"og:url\" content=\"https:\/\/ciudadyregion.com.co\/index.php\/eln-deja-en-libertad-a-once-personas-que-llevaban-meses-secuestradas-en-el-catatumbo\/judicial\/\" \/>\n<meta property=\"og:site_name\" content=\"Ciudad y Region\" \/>\n<meta property=\"article:published_time\" content=\"2025-12-01T13:16:02+00:00\" \/>\n<meta property=\"og:image\" content=\"https:\/\/ciudadyregion.com.co\/wp-content\/uploads\/2025\/12\/Pag-2025-12-01T081433.037.jpg\" \/>\n\t<meta property=\"og:image:width\" content=\"800\" \/>\n\t<meta property=\"og:image:height\" content=\"445\" \/>\n\t<meta property=\"og:image:type\" content=\"image\/jpeg\" \/>\n<meta name=\"author\" content=\"David Andr\u00e9s Aguirre\" \/>\n<meta name=\"twitter:card\" content=\"summary_large_image\" \/>\n<meta name=\"twitter:label1\" content=\"Escrito por\" \/>\n\t<meta name=\"twitter:data1\" content=\"David Andr\u00e9s Aguirre\" \/>\n\t<meta name=\"twitter:label2\" content=\"Tiempo de lectura\" \/>\n\t<meta name=\"twitter:data2\" content=\"2 minutos\" \/>\n<script type=\"application\/ld+json\" class=\"yoast-schema-graph\">{\"@context\":\"https:\/\/schema.org\",\"@graph\":[{\"@type\":\"WebPage\",\"@id\":\"https:\/\/ciudadyregion.com.co\/index.php\/eln-deja-en-libertad-a-once-personas-que-llevaban-meses-secuestradas-en-el-catatumbo\/judicial\/\",\"url\":\"https:\/\/ciudadyregion.com.co\/index.php\/eln-deja-en-libertad-a-once-personas-que-llevaban-meses-secuestradas-en-el-catatumbo\/judicial\/\",\"name\":\"ELN deja en libertad a once personas que llevaban meses secuestradas en el Catatumbo - Ciudad y Region\",\"isPartOf\":{\"@id\":\"https:\/\/ciudadyregion.com.co\/#website\"},\"primaryImageOfPage\":{\"@id\":\"https:\/\/ciudadyregion.com.co\/index.php\/eln-deja-en-libertad-a-once-personas-que-llevaban-meses-secuestradas-en-el-catatumbo\/judicial\/#primaryimage\"},\"image\":{\"@id\":\"https:\/\/ciudadyregion.com.co\/index.php\/eln-deja-en-libertad-a-once-personas-que-llevaban-meses-secuestradas-en-el-catatumbo\/judicial\/#primaryimage\"},\"thumbnailUrl\":\"https:\/\/i0.wp.com\/ciudadyregion.com.co\/wp-content\/uploads\/2025\/12\/Pag-2025-12-01T081433.037.jpg?fit=800%2C445&ssl=1\",\"datePublished\":\"2025-12-01T13:16:02+00:00\",\"dateModified\":\"2025-12-01T13:16:02+00:00\",\"author\":{\"@id\":\"https:\/\/ciudadyregion.com.co\/#\/schema\/person\/04a4954373ebc4051f46e8c65ff78622\"},\"breadcrumb\":{\"@id\":\"https:\/\/ciudadyregion.com.co\/index.php\/eln-deja-en-libertad-a-once-personas-que-llevaban-meses-secuestradas-en-el-catatumbo\/judicial\/#breadcrumb\"},\"inLanguage\":\"es\",\"potentialAction\":[{\"@type\":\"ReadAction\",\"target\":[\"https:\/\/ciudadyregion.com.co\/index.php\/eln-deja-en-libertad-a-once-personas-que-llevaban-meses-secuestradas-en-el-catatumbo\/judicial\/\"]}]},{\"@type\":\"ImageObject\",\"inLanguage\":\"es\",\"@id\":\"https:\/\/ciudadyregion.com.co\/index.php\/eln-deja-en-libertad-a-once-personas-que-llevaban-meses-secuestradas-en-el-catatumbo\/judicial\/#primaryimage\",\"url\":\"https:\/\/i0.wp.com\/ciudadyregion.com.co\/wp-content\/uploads\/2025\/12\/Pag-2025-12-01T081433.037.jpg?fit=800%2C445&ssl=1\",\"contentUrl\":\"https:\/\/i0.wp.com\/ciudadyregion.com.co\/wp-content\/uploads\/2025\/12\/Pag-2025-12-01T081433.037.jpg?fit=800%2C445&ssl=1\",\"width\":800,\"height\":445},{\"@type\":\"BreadcrumbList\",\"@id\":\"https:\/\/ciudadyregion.com.co\/index.php\/eln-deja-en-libertad-a-once-personas-que-llevaban-meses-secuestradas-en-el-catatumbo\/judicial\/#breadcrumb\",\"itemListElement\":[{\"@type\":\"ListItem\",\"position\":1,\"name\":\"Portada\",\"item\":\"https:\/\/ciudadyregion.com.co\/\"},{\"@type\":\"ListItem\",\"position\":2,\"name\":\"ELN deja en libertad a once personas que llevaban meses secuestradas en el Catatumbo\"}]},{\"@type\":\"WebSite\",\"@id\":\"https:\/\/ciudadyregion.com.co\/#website\",\"url\":\"https:\/\/ciudadyregion.com.co\/\",\"name\":\"Ciudad y Region\",\"description\":\"\",\"potentialAction\":[{\"@type\":\"SearchAction\",\"target\":{\"@type\":\"EntryPoint\",\"urlTemplate\":\"https:\/\/ciudadyregion.com.co\/?s={search_term_string}\"},\"query-input\":{\"@type\":\"PropertyValueSpecification\",\"valueRequired\":true,\"valueName\":\"search_term_string\"}}],\"inLanguage\":\"es\"},{\"@type\":\"Person\",\"@id\":\"https:\/\/ciudadyregion.com.co\/#\/schema\/person\/04a4954373ebc4051f46e8c65ff78622\",\"name\":\"David Andr\u00e9s Aguirre\",\"image\":{\"@type\":\"ImageObject\",\"inLanguage\":\"es\",\"@id\":\"https:\/\/ciudadyregion.com.co\/#\/schema\/person\/image\/\",\"url\":\"https:\/\/secure.gravatar.com\/avatar\/bc3c655860202182ee6d1b5edd042dbe?s=96&d=mm&r=g\",\"contentUrl\":\"https:\/\/secure.gravatar.com\/avatar\/bc3c655860202182ee6d1b5edd042dbe?s=96&d=mm&r=g\",\"caption\":\"David Andr\u00e9s Aguirre\"},\"url\":\"https:\/\/ciudadyregion.com.co\/index.php\/author\/diegoaguirre\/\"}]}<\/script>\n<!-- \/ Yoast SEO plugin. -->","yoast_head_json":{"title":"ELN deja en libertad a once personas que llevaban meses secuestradas en el Catatumbo - Ciudad y Region","robots":{"index":"index","follow":"follow","max-snippet":"max-snippet:-1","max-image-preview":"max-image-preview:large","max-video-preview":"max-video-preview:-1"},"canonical":"https:\/\/ciudadyregion.com.co\/index.php\/eln-deja-en-libertad-a-once-personas-que-llevaban-meses-secuestradas-en-el-catatumbo\/judicial\/","og_locale":"es_ES","og_type":"article","og_title":"ELN deja en libertad a once personas que llevaban meses secuestradas en el Catatumbo - Ciudad y Region","og_description":"Once personas que hab\u00edan sido arrancadas de su vida cotidiana a comienzos de este a\u00f1o finalmente volvieron a ver la luz de la libertad en el Catatumbo. Nueve hombres y dos mujeres \u2014una de ellas venezolana\u2014 fueron entregados a una comisi\u00f3n humanitaria que logr\u00f3 llegar hasta la zona, una regi\u00f3nContinuar Leyendo","og_url":"https:\/\/ciudadyregion.com.co\/index.php\/eln-deja-en-libertad-a-once-personas-que-llevaban-meses-secuestradas-en-el-catatumbo\/judicial\/","og_site_name":"Ciudad y Region","article_published_time":"2025-12-01T13:16:02+00:00","og_image":[{"width":800,"height":445,"url":"https:\/\/ciudadyregion.com.co\/wp-content\/uploads\/2025\/12\/Pag-2025-12-01T081433.037.jpg","type":"image\/jpeg"}],"author":"David Andr\u00e9s Aguirre","twitter_card":"summary_large_image","twitter_misc":{"Escrito por":"David Andr\u00e9s Aguirre","Tiempo de lectura":"2 minutos"},"schema":{"@context":"https:\/\/schema.org","@graph":[{"@type":"WebPage","@id":"https:\/\/ciudadyregion.com.co\/index.php\/eln-deja-en-libertad-a-once-personas-que-llevaban-meses-secuestradas-en-el-catatumbo\/judicial\/","url":"https:\/\/ciudadyregion.com.co\/index.php\/eln-deja-en-libertad-a-once-personas-que-llevaban-meses-secuestradas-en-el-catatumbo\/judicial\/","name":"ELN deja en libertad a once personas que llevaban meses secuestradas en el Catatumbo - Ciudad y Region","isPartOf":{"@id":"https:\/\/ciudadyregion.com.co\/#website"},"primaryImageOfPage":{"@id":"https:\/\/ciudadyregion.com.co\/index.php\/eln-deja-en-libertad-a-once-personas-que-llevaban-meses-secuestradas-en-el-catatumbo\/judicial\/#primaryimage"},"image":{"@id":"https:\/\/ciudadyregion.com.co\/index.php\/eln-deja-en-libertad-a-once-personas-que-llevaban-meses-secuestradas-en-el-catatumbo\/judicial\/#primaryimage"},"thumbnailUrl":"https:\/\/i0.wp.com\/ciudadyregion.com.co\/wp-content\/uploads\/2025\/12\/Pag-2025-12-01T081433.037.jpg?fit=800%2C445&ssl=1","datePublished":"2025-12-01T13:16:02+00:00","dateModified":"2025-12-01T13:16:02+00:00","author":{"@id":"https:\/\/ciudadyregion.com.co\/#\/schema\/person\/04a4954373ebc4051f46e8c65ff78622"},"breadcrumb":{"@id":"https:\/\/ciudadyregion.com.co\/index.php\/eln-deja-en-libertad-a-once-personas-que-llevaban-meses-secuestradas-en-el-catatumbo\/judicial\/#breadcrumb"},"inLanguage":"es","potentialAction":[{"@type":"ReadAction","target":["https:\/\/ciudadyregion.com.co\/index.php\/eln-deja-en-libertad-a-once-personas-que-llevaban-meses-secuestradas-en-el-catatumbo\/judicial\/"]}]},{"@type":"ImageObject","inLanguage":"es","@id":"https:\/\/ciudadyregion.com.co\/index.php\/eln-deja-en-libertad-a-once-personas-que-llevaban-meses-secuestradas-en-el-catatumbo\/judicial\/#primaryimage","url":"https:\/\/i0.wp.com\/ciudadyregion.com.co\/wp-content\/uploads\/2025\/12\/Pag-2025-12-01T081433.037.jpg?fit=800%2C445&ssl=1","contentUrl":"https:\/\/i0.wp.com\/ciudadyregion.com.co\/wp-content\/uploads\/2025\/12\/Pag-2025-12-01T081433.037.jpg?fit=800%2C445&ssl=1","width":800,"height":445},{"@type":"BreadcrumbList","@id":"https:\/\/ciudadyregion.com.co\/index.php\/eln-deja-en-libertad-a-once-personas-que-llevaban-meses-secuestradas-en-el-catatumbo\/judicial\/#breadcrumb","itemListElement":[{"@type":"ListItem","position":1,"name":"Portada","item":"https:\/\/ciudadyregion.com.co\/"},{"@type":"ListItem","position":2,"name":"ELN deja en libertad a once personas que llevaban meses secuestradas en el Catatumbo"}]},{"@type":"WebSite","@id":"https:\/\/ciudadyregion.com.co\/#website","url":"https:\/\/ciudadyregion.com.co\/","name":"Ciudad y Region","description":"","potentialAction":[{"@type":"SearchAction","target":{"@type":"EntryPoint","urlTemplate":"https:\/\/ciudadyregion.com.co\/?s={search_term_string}"},"query-input":{"@type":"PropertyValueSpecification","valueRequired":true,"valueName":"search_term_string"}}],"inLanguage":"es"},{"@type":"Person","@id":"https:\/\/ciudadyregion.com.co\/#\/schema\/person\/04a4954373ebc4051f46e8c65ff78622","name":"David Andr\u00e9s Aguirre","image":{"@type":"ImageObject","inLanguage":"es","@id":"https:\/\/ciudadyregion.com.co\/#\/schema\/person\/image\/","url":"https:\/\/secure.gravatar.com\/avatar\/bc3c655860202182ee6d1b5edd042dbe?s=96&d=mm&r=g","contentUrl":"https:\/\/secure.gravatar.com\/avatar\/bc3c655860202182ee6d1b5edd042dbe?s=96&d=mm&r=g","caption":"David Andr\u00e9s Aguirre"},"url":"https:\/\/ciudadyregion.com.co\/index.php\/author\/diegoaguirre\/"}]}},"jetpack_featured_media_url":"https:\/\/i0.wp.com\/ciudadyregion.com.co\/wp-content\/uploads\/2025\/12\/Pag-2025-12-01T081433.037.jpg?fit=800%2C445&ssl=1","jetpack_sharing_enabled":true,"jetpack_shortlink":"https:\/\/wp.me\/pbS7hh-d72","jetpack-related-posts":[],"_links":{"self":[{"href":"https:\/\/ciudadyregion.com.co\/index.php\/wp-json\/wp\/v2\/posts\/50408"}],"collection":[{"href":"https:\/\/ciudadyregion.com.co\/index.php\/wp-json\/wp\/v2\/posts"}],"about":[{"href":"https:\/\/ciudadyregion.com.co\/index.php\/wp-json\/wp\/v2\/types\/post"}],"author":[{"embeddable":true,"href":"https:\/\/ciudadyregion.com.co\/index.php\/wp-json\/wp\/v2\/users\/2"}],"replies":[{"embeddable":true,"href":"https:\/\/ciudadyregion.com.co\/index.php\/wp-json\/wp\/v2\/comments?post=50408"}],"version-history":[{"count":1,"href":"https:\/\/ciudadyregion.com.co\/index.php\/wp-json\/wp\/v2\/posts\/50408\/revisions"}],"predecessor-version":[{"id":50410,"href":"https:\/\/ciudadyregion.com.co\/index.php\/wp-json\/wp\/v2\/posts\/50408\/revisions\/50410"}],"wp:featuredmedia":[{"embeddable":true,"href":"https:\/\/ciudadyregion.com.co\/index.php\/wp-json\/wp\/v2\/media\/50409"}],"wp:attachment":[{"href":"https:\/\/ciudadyregion.com.co\/index.php\/wp-json\/wp\/v2\/media?parent=50408"}],"wp:term":[{"taxonomy":"category","embeddable":true,"href":"https:\/\/ciudadyregion.com.co\/index.php\/wp-json\/wp\/v2\/categories?post=50408"},{"taxonomy":"post_tag","embeddable":true,"href":"https:\/\/ciudadyregion.com.co\/index.php\/wp-json\/wp\/v2\/tags?post=50408"}],"curies":[{"name":"wp","href":"https:\/\/api.w.org\/{rel}","templated":true}]}}