{"id":50401,"date":"2025-12-01T08:11:50","date_gmt":"2025-12-01T13:11:50","guid":{"rendered":"https:\/\/ciudadyregion.com.co\/?p=50401"},"modified":"2025-12-01T08:11:50","modified_gmt":"2025-12-01T13:11:50","slug":"ejercito-reporta-enfrentamiento-armado-en-vista-hermosa-meta-y-asegura-que-investiga-posible-herido-civil","status":"publish","type":"post","link":"https:\/\/ciudadyregion.com.co\/index.php\/ejercito-reporta-enfrentamiento-armado-en-vista-hermosa-meta-y-asegura-que-investiga-posible-herido-civil\/judicial\/","title":{"rendered":"Ej\u00e9rcito reporta enfrentamiento armado en Vista Hermosa, Meta, y asegura que investiga posible herido civil"},"content":{"rendered":"<p>En la ma\u00f1ana del 29 de noviembre, en la vereda Guayamaral de Vista Hermosa (Meta), se vivi\u00f3 un nuevo episodio de tensi\u00f3n en medio de operaciones militares adelantadas por la Fuerza de Despliegue R\u00e1pido N.\u00ba 11. Seg\u00fan inform\u00f3 el Ej\u00e9rcito Nacional, sus tropas se enfrentaron a integrantes de la estructura Marco Aurelio Buend\u00eda, un grupo armado que opera en la zona.<\/p>\n<p>El choque dej\u00f3 a un miembro de esa organizaci\u00f3n muerto y a dos m\u00e1s capturados. Uno de ellos, herido, fue atendido en el lugar por los soldados que realizaron los primeros auxilios antes de evacuarlo en helic\u00f3ptero hacia Puerto Rico, Meta, donde recibi\u00f3 atenci\u00f3n m\u00e9dica.<\/p>\n<p>Minutos despu\u00e9s del combate, un helic\u00f3ptero del Ej\u00e9rcito aterriz\u00f3 cerca del \u00e1rea para apoyar la extracci\u00f3n del detenido y del material incautado. En redes sociales comenz\u00f3 a circular un video que mostraba el momento de la maniobra a\u00e9rea y que gener\u00f3 inquietud entre la comunidad. Quien grab\u00f3 las im\u00e1genes afirm\u00f3 haber sentido disparos cerca.<\/p>\n<p>El Ej\u00e9rcito respondi\u00f3 se\u00f1alando que sus tropas se encontraban justo al lado de la persona que grab\u00f3 el video y que, seg\u00fan su versi\u00f3n, desde la aeronave no se estaba disparando hacia el sitio donde se encontraban ni hacia la persona que registr\u00f3 las im\u00e1genes.<\/p>\n<p>Otro punto que gener\u00f3 preocupaci\u00f3n fue la versi\u00f3n de que un habitante de la zona habr\u00eda resultado herido. Frente a esto, el Ej\u00e9rcito asegur\u00f3 haber verificado la situaci\u00f3n con las unidades en terreno y afirm\u00f3 que el \u00fanico herido identificado en el \u00e1rea era el integrante del grupo armado, a quien ya se le hab\u00edan prestado los auxilios.<\/p>\n<p>La instituci\u00f3n se\u00f1al\u00f3 que estos hechos ser\u00e1n materia de investigaci\u00f3n por parte de las autoridades competentes y reiter\u00f3 que sus tropas act\u00faan bajo estrictos protocolos del Derecho Internacional Humanitario. Tambi\u00e9n asegur\u00f3 que colaborar\u00e1 plenamente con las pesquisas para esclarecer lo ocurrido.<\/p>\n<p>Mientras avanzan las investigaciones, la comunidad de Vista Hermosa espera claridad sobre lo que realmente sucedi\u00f3 en medio de esta operaci\u00f3n militar que, una vez m\u00e1s, evidencia la fragilidad y complejidad de la vida en los territorios m\u00e1s golpeados por el conflicto armado.<\/p>\n<p>&nbsp;<\/p>\n<p><a href=\"https:\/\/i0.wp.com\/ciudadyregion.com.co\/wp-content\/uploads\/2025\/12\/WhatsApp-Image-2025-11-30-at-1.52.58-PM.jpeg?ssl=1\"><img data-recalc-dims=\"1\" loading=\"lazy\" decoding=\"async\" class=\"alignnone wp-image-50403 size-full\" src=\"https:\/\/i0.wp.com\/ciudadyregion.com.co\/wp-content\/uploads\/2025\/12\/WhatsApp-Image-2025-11-30-at-1.52.58-PM.jpeg?resize=1125%2C1459&#038;ssl=1\" alt=\"\" width=\"1125\" height=\"1459\" srcset=\"https:\/\/i0.wp.com\/ciudadyregion.com.co\/wp-content\/uploads\/2025\/12\/WhatsApp-Image-2025-11-30-at-1.52.58-PM.jpeg?w=1125&amp;ssl=1 1125w, https:\/\/i0.wp.com\/ciudadyregion.com.co\/wp-content\/uploads\/2025\/12\/WhatsApp-Image-2025-11-30-at-1.52.58-PM.jpeg?resize=231%2C300&amp;ssl=1 231w, https:\/\/i0.wp.com\/ciudadyregion.com.co\/wp-content\/uploads\/2025\/12\/WhatsApp-Image-2025-11-30-at-1.52.58-PM.jpeg?resize=790%2C1024&amp;ssl=1 790w, https:\/\/i0.wp.com\/ciudadyregion.com.co\/wp-content\/uploads\/2025\/12\/WhatsApp-Image-2025-11-30-at-1.52.58-PM.jpeg?resize=768%2C996&amp;ssl=1 768w, https:\/\/i0.wp.com\/ciudadyregion.com.co\/wp-content\/uploads\/2025\/12\/WhatsApp-Image-2025-11-30-at-1.52.58-PM.jpeg?resize=424%2C550&amp;ssl=1 424w, https:\/\/i0.wp.com\/ciudadyregion.com.co\/wp-content\/uploads\/2025\/12\/WhatsApp-Image-2025-11-30-at-1.52.58-PM.jpeg?resize=386%2C500&amp;ssl=1 386w\" sizes=\"(max-width: 1125px) 100vw, 1125px\" \/><\/a><\/p>\n","protected":false},"excerpt":{"rendered":"<p>En la ma\u00f1ana del 29 de noviembre, en la vereda Guayamaral de Vista Hermosa (Meta), se vivi\u00f3 un nuevo episodio de tensi\u00f3n en medio de operaciones militares adelantadas por la Fuerza de Despliegue R\u00e1pido N.\u00ba 11. Seg\u00fan inform\u00f3 el Ej\u00e9rcito Nacional, sus tropas se enfrentaron a integrantes de la estructura<span class=\"more-link\"><a href=\"https:\/\/ciudadyregion.com.co\/index.php\/ejercito-reporta-enfrentamiento-armado-en-vista-hermosa-meta-y-asegura-que-investiga-posible-herido-civil\/judicial\/\">Continuar Leyendo<\/a><\/span><\/p>\n","protected":false},"author":2,"featured_media":50402,"comment_status":"open","ping_status":"open","sticky":false,"template":"","format":"standard","meta":{"_uf_show_specific_survey":0,"_uf_disable_surveys":false,"_jetpack_memberships_contains_paid_content":false,"footnotes":"","jetpack_publicize_message":"","jetpack_publicize_feature_enabled":true,"jetpack_social_post_already_shared":true,"jetpack_social_options":{"image_generator_settings":{"template":"highway","enabled":false},"version":2}},"categories":[18],"tags":[],"class_list":["entry","author-diegoaguirre","post-50401","post","type-post","status-publish","format-standard","has-post-thumbnail","category-judicial"],"jetpack_publicize_connections":[],"yoast_head":"<!-- This site is optimized with the Yoast SEO plugin v24.3 - https:\/\/yoast.com\/wordpress\/plugins\/seo\/ -->\n<title>Ej\u00e9rcito reporta enfrentamiento armado en Vista Hermosa, Meta, y asegura que investiga posible herido civil - Ciudad y Region<\/title>\n<meta name=\"robots\" content=\"index, follow, max-snippet:-1, max-image-preview:large, max-video-preview:-1\" \/>\n<link rel=\"canonical\" href=\"https:\/\/ciudadyregion.com.co\/index.php\/ejercito-reporta-enfrentamiento-armado-en-vista-hermosa-meta-y-asegura-que-investiga-posible-herido-civil\/judicial\/\" \/>\n<meta property=\"og:locale\" content=\"es_ES\" \/>\n<meta property=\"og:type\" content=\"article\" \/>\n<meta property=\"og:title\" content=\"Ej\u00e9rcito reporta enfrentamiento armado en Vista Hermosa, Meta, y asegura que investiga posible herido civil - Ciudad y Region\" \/>\n<meta property=\"og:description\" content=\"En la ma\u00f1ana del 29 de noviembre, en la vereda Guayamaral de Vista Hermosa (Meta), se vivi\u00f3 un nuevo episodio de tensi\u00f3n en medio de operaciones militares adelantadas por la Fuerza de Despliegue R\u00e1pido N.\u00ba 11. Seg\u00fan inform\u00f3 el Ej\u00e9rcito Nacional, sus tropas se enfrentaron a integrantes de la estructuraContinuar Leyendo\" \/>\n<meta property=\"og:url\" content=\"https:\/\/ciudadyregion.com.co\/index.php\/ejercito-reporta-enfrentamiento-armado-en-vista-hermosa-meta-y-asegura-que-investiga-posible-herido-civil\/judicial\/\" \/>\n<meta property=\"og:site_name\" content=\"Ciudad y Region\" \/>\n<meta property=\"article:published_time\" content=\"2025-12-01T13:11:50+00:00\" \/>\n<meta property=\"og:image\" content=\"https:\/\/ciudadyregion.com.co\/wp-content\/uploads\/2025\/12\/Pag-2025-12-01T081040.074.jpg\" \/>\n\t<meta property=\"og:image:width\" content=\"800\" \/>\n\t<meta property=\"og:image:height\" content=\"445\" \/>\n\t<meta property=\"og:image:type\" content=\"image\/jpeg\" \/>\n<meta name=\"author\" content=\"David Andr\u00e9s Aguirre\" \/>\n<meta name=\"twitter:card\" content=\"summary_large_image\" \/>\n<meta name=\"twitter:label1\" content=\"Escrito por\" \/>\n\t<meta name=\"twitter:data1\" content=\"David Andr\u00e9s Aguirre\" \/>\n\t<meta name=\"twitter:label2\" content=\"Tiempo de lectura\" \/>\n\t<meta name=\"twitter:data2\" content=\"2 minutos\" \/>\n<script type=\"application\/ld+json\" class=\"yoast-schema-graph\">{\"@context\":\"https:\/\/schema.org\",\"@graph\":[{\"@type\":\"WebPage\",\"@id\":\"https:\/\/ciudadyregion.com.co\/index.php\/ejercito-reporta-enfrentamiento-armado-en-vista-hermosa-meta-y-asegura-que-investiga-posible-herido-civil\/judicial\/\",\"url\":\"https:\/\/ciudadyregion.com.co\/index.php\/ejercito-reporta-enfrentamiento-armado-en-vista-hermosa-meta-y-asegura-que-investiga-posible-herido-civil\/judicial\/\",\"name\":\"Ej\u00e9rcito reporta enfrentamiento armado en Vista Hermosa, Meta, y asegura que investiga posible herido civil - Ciudad y Region\",\"isPartOf\":{\"@id\":\"https:\/\/ciudadyregion.com.co\/#website\"},\"primaryImageOfPage\":{\"@id\":\"https:\/\/ciudadyregion.com.co\/index.php\/ejercito-reporta-enfrentamiento-armado-en-vista-hermosa-meta-y-asegura-que-investiga-posible-herido-civil\/judicial\/#primaryimage\"},\"image\":{\"@id\":\"https:\/\/ciudadyregion.com.co\/index.php\/ejercito-reporta-enfrentamiento-armado-en-vista-hermosa-meta-y-asegura-que-investiga-posible-herido-civil\/judicial\/#primaryimage\"},\"thumbnailUrl\":\"https:\/\/i0.wp.com\/ciudadyregion.com.co\/wp-content\/uploads\/2025\/12\/Pag-2025-12-01T081040.074.jpg?fit=800%2C445&ssl=1\",\"datePublished\":\"2025-12-01T13:11:50+00:00\",\"dateModified\":\"2025-12-01T13:11:50+00:00\",\"author\":{\"@id\":\"https:\/\/ciudadyregion.com.co\/#\/schema\/person\/04a4954373ebc4051f46e8c65ff78622\"},\"breadcrumb\":{\"@id\":\"https:\/\/ciudadyregion.com.co\/index.php\/ejercito-reporta-enfrentamiento-armado-en-vista-hermosa-meta-y-asegura-que-investiga-posible-herido-civil\/judicial\/#breadcrumb\"},\"inLanguage\":\"es\",\"potentialAction\":[{\"@type\":\"ReadAction\",\"target\":[\"https:\/\/ciudadyregion.com.co\/index.php\/ejercito-reporta-enfrentamiento-armado-en-vista-hermosa-meta-y-asegura-que-investiga-posible-herido-civil\/judicial\/\"]}]},{\"@type\":\"ImageObject\",\"inLanguage\":\"es\",\"@id\":\"https:\/\/ciudadyregion.com.co\/index.php\/ejercito-reporta-enfrentamiento-armado-en-vista-hermosa-meta-y-asegura-que-investiga-posible-herido-civil\/judicial\/#primaryimage\",\"url\":\"https:\/\/i0.wp.com\/ciudadyregion.com.co\/wp-content\/uploads\/2025\/12\/Pag-2025-12-01T081040.074.jpg?fit=800%2C445&ssl=1\",\"contentUrl\":\"https:\/\/i0.wp.com\/ciudadyregion.com.co\/wp-content\/uploads\/2025\/12\/Pag-2025-12-01T081040.074.jpg?fit=800%2C445&ssl=1\",\"width\":800,\"height\":445},{\"@type\":\"BreadcrumbList\",\"@id\":\"https:\/\/ciudadyregion.com.co\/index.php\/ejercito-reporta-enfrentamiento-armado-en-vista-hermosa-meta-y-asegura-que-investiga-posible-herido-civil\/judicial\/#breadcrumb\",\"itemListElement\":[{\"@type\":\"ListItem\",\"position\":1,\"name\":\"Portada\",\"item\":\"https:\/\/ciudadyregion.com.co\/\"},{\"@type\":\"ListItem\",\"position\":2,\"name\":\"Ej\u00e9rcito reporta enfrentamiento armado en Vista Hermosa, Meta, y asegura que investiga posible herido civil\"}]},{\"@type\":\"WebSite\",\"@id\":\"https:\/\/ciudadyregion.com.co\/#website\",\"url\":\"https:\/\/ciudadyregion.com.co\/\",\"name\":\"Ciudad y Region\",\"description\":\"\",\"potentialAction\":[{\"@type\":\"SearchAction\",\"target\":{\"@type\":\"EntryPoint\",\"urlTemplate\":\"https:\/\/ciudadyregion.com.co\/?s={search_term_string}\"},\"query-input\":{\"@type\":\"PropertyValueSpecification\",\"valueRequired\":true,\"valueName\":\"search_term_string\"}}],\"inLanguage\":\"es\"},{\"@type\":\"Person\",\"@id\":\"https:\/\/ciudadyregion.com.co\/#\/schema\/person\/04a4954373ebc4051f46e8c65ff78622\",\"name\":\"David Andr\u00e9s Aguirre\",\"image\":{\"@type\":\"ImageObject\",\"inLanguage\":\"es\",\"@id\":\"https:\/\/ciudadyregion.com.co\/#\/schema\/person\/image\/\",\"url\":\"https:\/\/secure.gravatar.com\/avatar\/bc3c655860202182ee6d1b5edd042dbe?s=96&d=mm&r=g\",\"contentUrl\":\"https:\/\/secure.gravatar.com\/avatar\/bc3c655860202182ee6d1b5edd042dbe?s=96&d=mm&r=g\",\"caption\":\"David Andr\u00e9s Aguirre\"},\"url\":\"https:\/\/ciudadyregion.com.co\/index.php\/author\/diegoaguirre\/\"}]}<\/script>\n<!-- \/ Yoast SEO plugin. -->","yoast_head_json":{"title":"Ej\u00e9rcito reporta enfrentamiento armado en Vista Hermosa, Meta, y asegura que investiga posible herido civil - Ciudad y Region","robots":{"index":"index","follow":"follow","max-snippet":"max-snippet:-1","max-image-preview":"max-image-preview:large","max-video-preview":"max-video-preview:-1"},"canonical":"https:\/\/ciudadyregion.com.co\/index.php\/ejercito-reporta-enfrentamiento-armado-en-vista-hermosa-meta-y-asegura-que-investiga-posible-herido-civil\/judicial\/","og_locale":"es_ES","og_type":"article","og_title":"Ej\u00e9rcito reporta enfrentamiento armado en Vista Hermosa, Meta, y asegura que investiga posible herido civil - Ciudad y Region","og_description":"En la ma\u00f1ana del 29 de noviembre, en la vereda Guayamaral de Vista Hermosa (Meta), se vivi\u00f3 un nuevo episodio de tensi\u00f3n en medio de operaciones militares adelantadas por la Fuerza de Despliegue R\u00e1pido N.\u00ba 11. Seg\u00fan inform\u00f3 el Ej\u00e9rcito Nacional, sus tropas se enfrentaron a integrantes de la estructuraContinuar Leyendo","og_url":"https:\/\/ciudadyregion.com.co\/index.php\/ejercito-reporta-enfrentamiento-armado-en-vista-hermosa-meta-y-asegura-que-investiga-posible-herido-civil\/judicial\/","og_site_name":"Ciudad y Region","article_published_time":"2025-12-01T13:11:50+00:00","og_image":[{"width":800,"height":445,"url":"https:\/\/ciudadyregion.com.co\/wp-content\/uploads\/2025\/12\/Pag-2025-12-01T081040.074.jpg","type":"image\/jpeg"}],"author":"David Andr\u00e9s Aguirre","twitter_card":"summary_large_image","twitter_misc":{"Escrito por":"David Andr\u00e9s Aguirre","Tiempo de lectura":"2 minutos"},"schema":{"@context":"https:\/\/schema.org","@graph":[{"@type":"WebPage","@id":"https:\/\/ciudadyregion.com.co\/index.php\/ejercito-reporta-enfrentamiento-armado-en-vista-hermosa-meta-y-asegura-que-investiga-posible-herido-civil\/judicial\/","url":"https:\/\/ciudadyregion.com.co\/index.php\/ejercito-reporta-enfrentamiento-armado-en-vista-hermosa-meta-y-asegura-que-investiga-posible-herido-civil\/judicial\/","name":"Ej\u00e9rcito reporta enfrentamiento armado en Vista Hermosa, Meta, y asegura que investiga posible herido civil - Ciudad y Region","isPartOf":{"@id":"https:\/\/ciudadyregion.com.co\/#website"},"primaryImageOfPage":{"@id":"https:\/\/ciudadyregion.com.co\/index.php\/ejercito-reporta-enfrentamiento-armado-en-vista-hermosa-meta-y-asegura-que-investiga-posible-herido-civil\/judicial\/#primaryimage"},"image":{"@id":"https:\/\/ciudadyregion.com.co\/index.php\/ejercito-reporta-enfrentamiento-armado-en-vista-hermosa-meta-y-asegura-que-investiga-posible-herido-civil\/judicial\/#primaryimage"},"thumbnailUrl":"https:\/\/i0.wp.com\/ciudadyregion.com.co\/wp-content\/uploads\/2025\/12\/Pag-2025-12-01T081040.074.jpg?fit=800%2C445&ssl=1","datePublished":"2025-12-01T13:11:50+00:00","dateModified":"2025-12-01T13:11:50+00:00","author":{"@id":"https:\/\/ciudadyregion.com.co\/#\/schema\/person\/04a4954373ebc4051f46e8c65ff78622"},"breadcrumb":{"@id":"https:\/\/ciudadyregion.com.co\/index.php\/ejercito-reporta-enfrentamiento-armado-en-vista-hermosa-meta-y-asegura-que-investiga-posible-herido-civil\/judicial\/#breadcrumb"},"inLanguage":"es","potentialAction":[{"@type":"ReadAction","target":["https:\/\/ciudadyregion.com.co\/index.php\/ejercito-reporta-enfrentamiento-armado-en-vista-hermosa-meta-y-asegura-que-investiga-posible-herido-civil\/judicial\/"]}]},{"@type":"ImageObject","inLanguage":"es","@id":"https:\/\/ciudadyregion.com.co\/index.php\/ejercito-reporta-enfrentamiento-armado-en-vista-hermosa-meta-y-asegura-que-investiga-posible-herido-civil\/judicial\/#primaryimage","url":"https:\/\/i0.wp.com\/ciudadyregion.com.co\/wp-content\/uploads\/2025\/12\/Pag-2025-12-01T081040.074.jpg?fit=800%2C445&ssl=1","contentUrl":"https:\/\/i0.wp.com\/ciudadyregion.com.co\/wp-content\/uploads\/2025\/12\/Pag-2025-12-01T081040.074.jpg?fit=800%2C445&ssl=1","width":800,"height":445},{"@type":"BreadcrumbList","@id":"https:\/\/ciudadyregion.com.co\/index.php\/ejercito-reporta-enfrentamiento-armado-en-vista-hermosa-meta-y-asegura-que-investiga-posible-herido-civil\/judicial\/#breadcrumb","itemListElement":[{"@type":"ListItem","position":1,"name":"Portada","item":"https:\/\/ciudadyregion.com.co\/"},{"@type":"ListItem","position":2,"name":"Ej\u00e9rcito reporta enfrentamiento armado en Vista Hermosa, Meta, y asegura que investiga posible herido civil"}]},{"@type":"WebSite","@id":"https:\/\/ciudadyregion.com.co\/#website","url":"https:\/\/ciudadyregion.com.co\/","name":"Ciudad y Region","description":"","potentialAction":[{"@type":"SearchAction","target":{"@type":"EntryPoint","urlTemplate":"https:\/\/ciudadyregion.com.co\/?s={search_term_string}"},"query-input":{"@type":"PropertyValueSpecification","valueRequired":true,"valueName":"search_term_string"}}],"inLanguage":"es"},{"@type":"Person","@id":"https:\/\/ciudadyregion.com.co\/#\/schema\/person\/04a4954373ebc4051f46e8c65ff78622","name":"David Andr\u00e9s Aguirre","image":{"@type":"ImageObject","inLanguage":"es","@id":"https:\/\/ciudadyregion.com.co\/#\/schema\/person\/image\/","url":"https:\/\/secure.gravatar.com\/avatar\/bc3c655860202182ee6d1b5edd042dbe?s=96&d=mm&r=g","contentUrl":"https:\/\/secure.gravatar.com\/avatar\/bc3c655860202182ee6d1b5edd042dbe?s=96&d=mm&r=g","caption":"David Andr\u00e9s Aguirre"},"url":"https:\/\/ciudadyregion.com.co\/index.php\/author\/diegoaguirre\/"}]}},"jetpack_featured_media_url":"https:\/\/i0.wp.com\/ciudadyregion.com.co\/wp-content\/uploads\/2025\/12\/Pag-2025-12-01T081040.074.jpg?fit=800%2C445&ssl=1","jetpack_sharing_enabled":true,"jetpack_shortlink":"https:\/\/wp.me\/pbS7hh-d6V","jetpack-related-posts":[],"_links":{"self":[{"href":"https:\/\/ciudadyregion.com.co\/index.php\/wp-json\/wp\/v2\/posts\/50401"}],"collection":[{"href":"https:\/\/ciudadyregion.com.co\/index.php\/wp-json\/wp\/v2\/posts"}],"about":[{"href":"https:\/\/ciudadyregion.com.co\/index.php\/wp-json\/wp\/v2\/types\/post"}],"author":[{"embeddable":true,"href":"https:\/\/ciudadyregion.com.co\/index.php\/wp-json\/wp\/v2\/users\/2"}],"replies":[{"embeddable":true,"href":"https:\/\/ciudadyregion.com.co\/index.php\/wp-json\/wp\/v2\/comments?post=50401"}],"version-history":[{"count":1,"href":"https:\/\/ciudadyregion.com.co\/index.php\/wp-json\/wp\/v2\/posts\/50401\/revisions"}],"predecessor-version":[{"id":50404,"href":"https:\/\/ciudadyregion.com.co\/index.php\/wp-json\/wp\/v2\/posts\/50401\/revisions\/50404"}],"wp:featuredmedia":[{"embeddable":true,"href":"https:\/\/ciudadyregion.com.co\/index.php\/wp-json\/wp\/v2\/media\/50402"}],"wp:attachment":[{"href":"https:\/\/ciudadyregion.com.co\/index.php\/wp-json\/wp\/v2\/media?parent=50401"}],"wp:term":[{"taxonomy":"category","embeddable":true,"href":"https:\/\/ciudadyregion.com.co\/index.php\/wp-json\/wp\/v2\/categories?post=50401"},{"taxonomy":"post_tag","embeddable":true,"href":"https:\/\/ciudadyregion.com.co\/index.php\/wp-json\/wp\/v2\/tags?post=50401"}],"curies":[{"name":"wp","href":"https:\/\/api.w.org\/{rel}","templated":true}]}}