{"id":50398,"date":"2025-12-01T08:09:10","date_gmt":"2025-12-01T13:09:10","guid":{"rendered":"https:\/\/ciudadyregion.com.co\/?p=50398"},"modified":"2025-12-01T08:09:10","modified_gmt":"2025-12-01T13:09:10","slug":"fiscalia-imputara-a-alvaro-leyva-duran-por-presunto-prevaricato-en-licitacion-de-pasaportes","status":"publish","type":"post","link":"https:\/\/ciudadyregion.com.co\/index.php\/fiscalia-imputara-a-alvaro-leyva-duran-por-presunto-prevaricato-en-licitacion-de-pasaportes\/nacional\/","title":{"rendered":"Fiscal\u00eda imputar\u00e1 a \u00c1lvaro Leyva Dur\u00e1n por presunto prevaricato en licitaci\u00f3n de pasaportes"},"content":{"rendered":"<p>La Fiscal\u00eda General de la Naci\u00f3n anunci\u00f3 que imputar\u00e1 el delito de prevaricato por acci\u00f3n al excanciller \u00c1lvaro Leyva Dur\u00e1n, en relaci\u00f3n con el esc\u00e1ndalo de la licitaci\u00f3n para la adquisici\u00f3n de pasaportes.<br \/>\nEl ente acusador ya radic\u00f3 la solicitud formal de imputaci\u00f3n de cargos ante el Tribunal Superior de Bogot\u00e1, dando inicio al proceso judicial que determinar\u00e1 la responsabilidad del exfuncionario en los hechos investigados.<\/p>\n<p>La imputaci\u00f3n por prevaricato por acci\u00f3n implica que el funcionario habr\u00eda tomado decisiones contrarias a la ley o al inter\u00e9s p\u00fablico durante su gesti\u00f3n en el Ministerio de Relaciones Exteriores, afectando la transparencia y legalidad del proceso de licitaci\u00f3n de pasaportes.<\/p>\n<p>El caso ha generado atenci\u00f3n nacional por la magnitud del contrato y la supuesta irregularidad en la selecci\u00f3n del proveedor, situaci\u00f3n que motiv\u00f3 la apertura de la investigaci\u00f3n y la acci\u00f3n legal por parte de la Fiscal\u00eda.<\/p>\n<p>Con esta medida, la Fiscal\u00eda reafirma su compromiso con la investigaci\u00f3n de posibles irregularidades en la contrataci\u00f3n p\u00fablica, asegurando que los funcionarios que incumplan la ley respondan ante la justicia.<\/p>\n","protected":false},"excerpt":{"rendered":"<p>La Fiscal\u00eda General de la Naci\u00f3n anunci\u00f3 que imputar\u00e1 el delito de prevaricato por acci\u00f3n al excanciller \u00c1lvaro Leyva Dur\u00e1n, en relaci\u00f3n con el esc\u00e1ndalo de la licitaci\u00f3n para la adquisici\u00f3n de pasaportes. El ente acusador ya radic\u00f3 la solicitud formal de imputaci\u00f3n de cargos ante el Tribunal Superior de<span class=\"more-link\"><a href=\"https:\/\/ciudadyregion.com.co\/index.php\/fiscalia-imputara-a-alvaro-leyva-duran-por-presunto-prevaricato-en-licitacion-de-pasaportes\/nacional\/\">Continuar Leyendo<\/a><\/span><\/p>\n","protected":false},"author":2,"featured_media":50399,"comment_status":"open","ping_status":"open","sticky":false,"template":"","format":"standard","meta":{"_uf_show_specific_survey":0,"_uf_disable_surveys":false,"_jetpack_memberships_contains_paid_content":false,"footnotes":"","jetpack_publicize_message":"","jetpack_publicize_feature_enabled":true,"jetpack_social_post_already_shared":true,"jetpack_social_options":{"image_generator_settings":{"template":"highway","enabled":false},"version":2}},"categories":[23],"tags":[],"class_list":["entry","author-diegoaguirre","post-50398","post","type-post","status-publish","format-standard","has-post-thumbnail","category-nacional"],"jetpack_publicize_connections":[],"yoast_head":"<!-- This site is optimized with the Yoast SEO plugin v24.3 - https:\/\/yoast.com\/wordpress\/plugins\/seo\/ -->\n<title>Fiscal\u00eda imputar\u00e1 a \u00c1lvaro Leyva Dur\u00e1n por presunto prevaricato en licitaci\u00f3n de pasaportes - Ciudad y Region<\/title>\n<meta name=\"robots\" content=\"index, follow, max-snippet:-1, max-image-preview:large, max-video-preview:-1\" \/>\n<link rel=\"canonical\" href=\"https:\/\/ciudadyregion.com.co\/index.php\/fiscalia-imputara-a-alvaro-leyva-duran-por-presunto-prevaricato-en-licitacion-de-pasaportes\/nacional\/\" \/>\n<meta property=\"og:locale\" content=\"es_ES\" \/>\n<meta property=\"og:type\" content=\"article\" \/>\n<meta property=\"og:title\" content=\"Fiscal\u00eda imputar\u00e1 a \u00c1lvaro Leyva Dur\u00e1n por presunto prevaricato en licitaci\u00f3n de pasaportes - Ciudad y Region\" \/>\n<meta property=\"og:description\" content=\"La Fiscal\u00eda General de la Naci\u00f3n anunci\u00f3 que imputar\u00e1 el delito de prevaricato por acci\u00f3n al excanciller \u00c1lvaro Leyva Dur\u00e1n, en relaci\u00f3n con el esc\u00e1ndalo de la licitaci\u00f3n para la adquisici\u00f3n de pasaportes. El ente acusador ya radic\u00f3 la solicitud formal de imputaci\u00f3n de cargos ante el Tribunal Superior deContinuar Leyendo\" \/>\n<meta property=\"og:url\" content=\"https:\/\/ciudadyregion.com.co\/index.php\/fiscalia-imputara-a-alvaro-leyva-duran-por-presunto-prevaricato-en-licitacion-de-pasaportes\/nacional\/\" \/>\n<meta property=\"og:site_name\" content=\"Ciudad y Region\" \/>\n<meta property=\"article:published_time\" content=\"2025-12-01T13:09:10+00:00\" \/>\n<meta property=\"og:image\" content=\"https:\/\/ciudadyregion.com.co\/wp-content\/uploads\/2025\/12\/Pag-2025-12-01T080848.133.jpg\" \/>\n\t<meta property=\"og:image:width\" content=\"800\" \/>\n\t<meta property=\"og:image:height\" content=\"445\" \/>\n\t<meta property=\"og:image:type\" content=\"image\/jpeg\" \/>\n<meta name=\"author\" content=\"David Andr\u00e9s Aguirre\" \/>\n<meta name=\"twitter:card\" content=\"summary_large_image\" \/>\n<meta name=\"twitter:label1\" content=\"Escrito por\" \/>\n\t<meta name=\"twitter:data1\" content=\"David Andr\u00e9s Aguirre\" \/>\n\t<meta name=\"twitter:label2\" content=\"Tiempo de lectura\" \/>\n\t<meta name=\"twitter:data2\" content=\"1 minuto\" \/>\n<script type=\"application\/ld+json\" class=\"yoast-schema-graph\">{\"@context\":\"https:\/\/schema.org\",\"@graph\":[{\"@type\":\"WebPage\",\"@id\":\"https:\/\/ciudadyregion.com.co\/index.php\/fiscalia-imputara-a-alvaro-leyva-duran-por-presunto-prevaricato-en-licitacion-de-pasaportes\/nacional\/\",\"url\":\"https:\/\/ciudadyregion.com.co\/index.php\/fiscalia-imputara-a-alvaro-leyva-duran-por-presunto-prevaricato-en-licitacion-de-pasaportes\/nacional\/\",\"name\":\"Fiscal\u00eda imputar\u00e1 a \u00c1lvaro Leyva Dur\u00e1n por presunto prevaricato en licitaci\u00f3n de pasaportes - Ciudad y Region\",\"isPartOf\":{\"@id\":\"https:\/\/ciudadyregion.com.co\/#website\"},\"primaryImageOfPage\":{\"@id\":\"https:\/\/ciudadyregion.com.co\/index.php\/fiscalia-imputara-a-alvaro-leyva-duran-por-presunto-prevaricato-en-licitacion-de-pasaportes\/nacional\/#primaryimage\"},\"image\":{\"@id\":\"https:\/\/ciudadyregion.com.co\/index.php\/fiscalia-imputara-a-alvaro-leyva-duran-por-presunto-prevaricato-en-licitacion-de-pasaportes\/nacional\/#primaryimage\"},\"thumbnailUrl\":\"https:\/\/i0.wp.com\/ciudadyregion.com.co\/wp-content\/uploads\/2025\/12\/Pag-2025-12-01T080848.133.jpg?fit=800%2C445&ssl=1\",\"datePublished\":\"2025-12-01T13:09:10+00:00\",\"dateModified\":\"2025-12-01T13:09:10+00:00\",\"author\":{\"@id\":\"https:\/\/ciudadyregion.com.co\/#\/schema\/person\/04a4954373ebc4051f46e8c65ff78622\"},\"breadcrumb\":{\"@id\":\"https:\/\/ciudadyregion.com.co\/index.php\/fiscalia-imputara-a-alvaro-leyva-duran-por-presunto-prevaricato-en-licitacion-de-pasaportes\/nacional\/#breadcrumb\"},\"inLanguage\":\"es\",\"potentialAction\":[{\"@type\":\"ReadAction\",\"target\":[\"https:\/\/ciudadyregion.com.co\/index.php\/fiscalia-imputara-a-alvaro-leyva-duran-por-presunto-prevaricato-en-licitacion-de-pasaportes\/nacional\/\"]}]},{\"@type\":\"ImageObject\",\"inLanguage\":\"es\",\"@id\":\"https:\/\/ciudadyregion.com.co\/index.php\/fiscalia-imputara-a-alvaro-leyva-duran-por-presunto-prevaricato-en-licitacion-de-pasaportes\/nacional\/#primaryimage\",\"url\":\"https:\/\/i0.wp.com\/ciudadyregion.com.co\/wp-content\/uploads\/2025\/12\/Pag-2025-12-01T080848.133.jpg?fit=800%2C445&ssl=1\",\"contentUrl\":\"https:\/\/i0.wp.com\/ciudadyregion.com.co\/wp-content\/uploads\/2025\/12\/Pag-2025-12-01T080848.133.jpg?fit=800%2C445&ssl=1\",\"width\":800,\"height\":445},{\"@type\":\"BreadcrumbList\",\"@id\":\"https:\/\/ciudadyregion.com.co\/index.php\/fiscalia-imputara-a-alvaro-leyva-duran-por-presunto-prevaricato-en-licitacion-de-pasaportes\/nacional\/#breadcrumb\",\"itemListElement\":[{\"@type\":\"ListItem\",\"position\":1,\"name\":\"Portada\",\"item\":\"https:\/\/ciudadyregion.com.co\/\"},{\"@type\":\"ListItem\",\"position\":2,\"name\":\"Fiscal\u00eda imputar\u00e1 a \u00c1lvaro Leyva Dur\u00e1n por presunto prevaricato en licitaci\u00f3n de pasaportes\"}]},{\"@type\":\"WebSite\",\"@id\":\"https:\/\/ciudadyregion.com.co\/#website\",\"url\":\"https:\/\/ciudadyregion.com.co\/\",\"name\":\"Ciudad y Region\",\"description\":\"\",\"potentialAction\":[{\"@type\":\"SearchAction\",\"target\":{\"@type\":\"EntryPoint\",\"urlTemplate\":\"https:\/\/ciudadyregion.com.co\/?s={search_term_string}\"},\"query-input\":{\"@type\":\"PropertyValueSpecification\",\"valueRequired\":true,\"valueName\":\"search_term_string\"}}],\"inLanguage\":\"es\"},{\"@type\":\"Person\",\"@id\":\"https:\/\/ciudadyregion.com.co\/#\/schema\/person\/04a4954373ebc4051f46e8c65ff78622\",\"name\":\"David Andr\u00e9s Aguirre\",\"image\":{\"@type\":\"ImageObject\",\"inLanguage\":\"es\",\"@id\":\"https:\/\/ciudadyregion.com.co\/#\/schema\/person\/image\/\",\"url\":\"https:\/\/secure.gravatar.com\/avatar\/bc3c655860202182ee6d1b5edd042dbe?s=96&d=mm&r=g\",\"contentUrl\":\"https:\/\/secure.gravatar.com\/avatar\/bc3c655860202182ee6d1b5edd042dbe?s=96&d=mm&r=g\",\"caption\":\"David Andr\u00e9s Aguirre\"},\"url\":\"https:\/\/ciudadyregion.com.co\/index.php\/author\/diegoaguirre\/\"}]}<\/script>\n<!-- \/ Yoast SEO plugin. -->","yoast_head_json":{"title":"Fiscal\u00eda imputar\u00e1 a \u00c1lvaro Leyva Dur\u00e1n por presunto prevaricato en licitaci\u00f3n de pasaportes - Ciudad y Region","robots":{"index":"index","follow":"follow","max-snippet":"max-snippet:-1","max-image-preview":"max-image-preview:large","max-video-preview":"max-video-preview:-1"},"canonical":"https:\/\/ciudadyregion.com.co\/index.php\/fiscalia-imputara-a-alvaro-leyva-duran-por-presunto-prevaricato-en-licitacion-de-pasaportes\/nacional\/","og_locale":"es_ES","og_type":"article","og_title":"Fiscal\u00eda imputar\u00e1 a \u00c1lvaro Leyva Dur\u00e1n por presunto prevaricato en licitaci\u00f3n de pasaportes - Ciudad y Region","og_description":"La Fiscal\u00eda General de la Naci\u00f3n anunci\u00f3 que imputar\u00e1 el delito de prevaricato por acci\u00f3n al excanciller \u00c1lvaro Leyva Dur\u00e1n, en relaci\u00f3n con el esc\u00e1ndalo de la licitaci\u00f3n para la adquisici\u00f3n de pasaportes. El ente acusador ya radic\u00f3 la solicitud formal de imputaci\u00f3n de cargos ante el Tribunal Superior deContinuar Leyendo","og_url":"https:\/\/ciudadyregion.com.co\/index.php\/fiscalia-imputara-a-alvaro-leyva-duran-por-presunto-prevaricato-en-licitacion-de-pasaportes\/nacional\/","og_site_name":"Ciudad y Region","article_published_time":"2025-12-01T13:09:10+00:00","og_image":[{"width":800,"height":445,"url":"https:\/\/ciudadyregion.com.co\/wp-content\/uploads\/2025\/12\/Pag-2025-12-01T080848.133.jpg","type":"image\/jpeg"}],"author":"David Andr\u00e9s Aguirre","twitter_card":"summary_large_image","twitter_misc":{"Escrito por":"David Andr\u00e9s Aguirre","Tiempo de lectura":"1 minuto"},"schema":{"@context":"https:\/\/schema.org","@graph":[{"@type":"WebPage","@id":"https:\/\/ciudadyregion.com.co\/index.php\/fiscalia-imputara-a-alvaro-leyva-duran-por-presunto-prevaricato-en-licitacion-de-pasaportes\/nacional\/","url":"https:\/\/ciudadyregion.com.co\/index.php\/fiscalia-imputara-a-alvaro-leyva-duran-por-presunto-prevaricato-en-licitacion-de-pasaportes\/nacional\/","name":"Fiscal\u00eda imputar\u00e1 a \u00c1lvaro Leyva Dur\u00e1n por presunto prevaricato en licitaci\u00f3n de pasaportes - Ciudad y Region","isPartOf":{"@id":"https:\/\/ciudadyregion.com.co\/#website"},"primaryImageOfPage":{"@id":"https:\/\/ciudadyregion.com.co\/index.php\/fiscalia-imputara-a-alvaro-leyva-duran-por-presunto-prevaricato-en-licitacion-de-pasaportes\/nacional\/#primaryimage"},"image":{"@id":"https:\/\/ciudadyregion.com.co\/index.php\/fiscalia-imputara-a-alvaro-leyva-duran-por-presunto-prevaricato-en-licitacion-de-pasaportes\/nacional\/#primaryimage"},"thumbnailUrl":"https:\/\/i0.wp.com\/ciudadyregion.com.co\/wp-content\/uploads\/2025\/12\/Pag-2025-12-01T080848.133.jpg?fit=800%2C445&ssl=1","datePublished":"2025-12-01T13:09:10+00:00","dateModified":"2025-12-01T13:09:10+00:00","author":{"@id":"https:\/\/ciudadyregion.com.co\/#\/schema\/person\/04a4954373ebc4051f46e8c65ff78622"},"breadcrumb":{"@id":"https:\/\/ciudadyregion.com.co\/index.php\/fiscalia-imputara-a-alvaro-leyva-duran-por-presunto-prevaricato-en-licitacion-de-pasaportes\/nacional\/#breadcrumb"},"inLanguage":"es","potentialAction":[{"@type":"ReadAction","target":["https:\/\/ciudadyregion.com.co\/index.php\/fiscalia-imputara-a-alvaro-leyva-duran-por-presunto-prevaricato-en-licitacion-de-pasaportes\/nacional\/"]}]},{"@type":"ImageObject","inLanguage":"es","@id":"https:\/\/ciudadyregion.com.co\/index.php\/fiscalia-imputara-a-alvaro-leyva-duran-por-presunto-prevaricato-en-licitacion-de-pasaportes\/nacional\/#primaryimage","url":"https:\/\/i0.wp.com\/ciudadyregion.com.co\/wp-content\/uploads\/2025\/12\/Pag-2025-12-01T080848.133.jpg?fit=800%2C445&ssl=1","contentUrl":"https:\/\/i0.wp.com\/ciudadyregion.com.co\/wp-content\/uploads\/2025\/12\/Pag-2025-12-01T080848.133.jpg?fit=800%2C445&ssl=1","width":800,"height":445},{"@type":"BreadcrumbList","@id":"https:\/\/ciudadyregion.com.co\/index.php\/fiscalia-imputara-a-alvaro-leyva-duran-por-presunto-prevaricato-en-licitacion-de-pasaportes\/nacional\/#breadcrumb","itemListElement":[{"@type":"ListItem","position":1,"name":"Portada","item":"https:\/\/ciudadyregion.com.co\/"},{"@type":"ListItem","position":2,"name":"Fiscal\u00eda imputar\u00e1 a \u00c1lvaro Leyva Dur\u00e1n por presunto prevaricato en licitaci\u00f3n de pasaportes"}]},{"@type":"WebSite","@id":"https:\/\/ciudadyregion.com.co\/#website","url":"https:\/\/ciudadyregion.com.co\/","name":"Ciudad y Region","description":"","potentialAction":[{"@type":"SearchAction","target":{"@type":"EntryPoint","urlTemplate":"https:\/\/ciudadyregion.com.co\/?s={search_term_string}"},"query-input":{"@type":"PropertyValueSpecification","valueRequired":true,"valueName":"search_term_string"}}],"inLanguage":"es"},{"@type":"Person","@id":"https:\/\/ciudadyregion.com.co\/#\/schema\/person\/04a4954373ebc4051f46e8c65ff78622","name":"David Andr\u00e9s Aguirre","image":{"@type":"ImageObject","inLanguage":"es","@id":"https:\/\/ciudadyregion.com.co\/#\/schema\/person\/image\/","url":"https:\/\/secure.gravatar.com\/avatar\/bc3c655860202182ee6d1b5edd042dbe?s=96&d=mm&r=g","contentUrl":"https:\/\/secure.gravatar.com\/avatar\/bc3c655860202182ee6d1b5edd042dbe?s=96&d=mm&r=g","caption":"David Andr\u00e9s Aguirre"},"url":"https:\/\/ciudadyregion.com.co\/index.php\/author\/diegoaguirre\/"}]}},"jetpack_featured_media_url":"https:\/\/i0.wp.com\/ciudadyregion.com.co\/wp-content\/uploads\/2025\/12\/Pag-2025-12-01T080848.133.jpg?fit=800%2C445&ssl=1","jetpack_sharing_enabled":true,"jetpack_shortlink":"https:\/\/wp.me\/pbS7hh-d6S","jetpack-related-posts":[],"_links":{"self":[{"href":"https:\/\/ciudadyregion.com.co\/index.php\/wp-json\/wp\/v2\/posts\/50398"}],"collection":[{"href":"https:\/\/ciudadyregion.com.co\/index.php\/wp-json\/wp\/v2\/posts"}],"about":[{"href":"https:\/\/ciudadyregion.com.co\/index.php\/wp-json\/wp\/v2\/types\/post"}],"author":[{"embeddable":true,"href":"https:\/\/ciudadyregion.com.co\/index.php\/wp-json\/wp\/v2\/users\/2"}],"replies":[{"embeddable":true,"href":"https:\/\/ciudadyregion.com.co\/index.php\/wp-json\/wp\/v2\/comments?post=50398"}],"version-history":[{"count":1,"href":"https:\/\/ciudadyregion.com.co\/index.php\/wp-json\/wp\/v2\/posts\/50398\/revisions"}],"predecessor-version":[{"id":50400,"href":"https:\/\/ciudadyregion.com.co\/index.php\/wp-json\/wp\/v2\/posts\/50398\/revisions\/50400"}],"wp:featuredmedia":[{"embeddable":true,"href":"https:\/\/ciudadyregion.com.co\/index.php\/wp-json\/wp\/v2\/media\/50399"}],"wp:attachment":[{"href":"https:\/\/ciudadyregion.com.co\/index.php\/wp-json\/wp\/v2\/media?parent=50398"}],"wp:term":[{"taxonomy":"category","embeddable":true,"href":"https:\/\/ciudadyregion.com.co\/index.php\/wp-json\/wp\/v2\/categories?post=50398"},{"taxonomy":"post_tag","embeddable":true,"href":"https:\/\/ciudadyregion.com.co\/index.php\/wp-json\/wp\/v2\/tags?post=50398"}],"curies":[{"name":"wp","href":"https:\/\/api.w.org\/{rel}","templated":true}]}}