{"id":50394,"date":"2025-12-01T08:05:37","date_gmt":"2025-12-01T13:05:37","guid":{"rendered":"https:\/\/ciudadyregion.com.co\/?p=50394"},"modified":"2025-12-01T08:05:37","modified_gmt":"2025-12-01T13:05:37","slug":"corte-constitucional-protege-los-derechos-de-una-mujer-transgenero-en-caso-de-violencia-intrafamiliar","status":"publish","type":"post","link":"https:\/\/ciudadyregion.com.co\/index.php\/corte-constitucional-protege-los-derechos-de-una-mujer-transgenero-en-caso-de-violencia-intrafamiliar\/judicial\/","title":{"rendered":"Corte Constitucional protege los derechos de una mujer transg\u00e9nero en caso de violencia intrafamiliar"},"content":{"rendered":"<p>La Corte Constitucional fall\u00f3 a favor de una mujer transg\u00e9nero al determinar que una comisar\u00eda de familia vulner\u00f3 sus derechos fundamentales al no aplicar un enfoque de g\u00e9nero en un proceso de violencia intrafamiliar iniciado por su madre y hermanos.<\/p>\n<p>El magistrado ponente, Vladimir Fern\u00e1ndez, destac\u00f3 que \u201cla omisi\u00f3n de este enfoque constituye vulneraci\u00f3n de derechos esenciales como la dignidad humana, la igualdad, la identidad de g\u00e9nero y el derecho a una vivienda digna\u201d.<\/p>\n<p>La decisi\u00f3n subraya la obligaci\u00f3n de las autoridades de garantizar un trato igualitario y con perspectiva de g\u00e9nero, especialmente en casos de violencia intrafamiliar donde la identidad de g\u00e9nero de la v\u00edctima puede generar riesgos adicionales de discriminaci\u00f3n y vulneraci\u00f3n de derechos.<\/p>\n<p>Con este fallo, la Corte Constitucional reafirma su compromiso con la protecci\u00f3n de los derechos de las personas transg\u00e9nero, promoviendo la inclusi\u00f3n de enfoques sensibles a la diversidad de g\u00e9nero en los procedimientos judiciales y administrativos del pa\u00eds, y estableciendo un precedente para la correcta atenci\u00f3n de v\u00edctimas en situaciones similares.<\/p>\n","protected":false},"excerpt":{"rendered":"<p>La Corte Constitucional fall\u00f3 a favor de una mujer transg\u00e9nero al determinar que una comisar\u00eda de familia vulner\u00f3 sus derechos fundamentales al no aplicar un enfoque de g\u00e9nero en un proceso de violencia intrafamiliar iniciado por su madre y hermanos. El magistrado ponente, Vladimir Fern\u00e1ndez, destac\u00f3 que \u201cla omisi\u00f3n de<span class=\"more-link\"><a href=\"https:\/\/ciudadyregion.com.co\/index.php\/corte-constitucional-protege-los-derechos-de-una-mujer-transgenero-en-caso-de-violencia-intrafamiliar\/judicial\/\">Continuar Leyendo<\/a><\/span><\/p>\n","protected":false},"author":2,"featured_media":50395,"comment_status":"open","ping_status":"open","sticky":false,"template":"","format":"standard","meta":{"_uf_show_specific_survey":0,"_uf_disable_surveys":false,"_jetpack_memberships_contains_paid_content":false,"footnotes":"","jetpack_publicize_message":"","jetpack_publicize_feature_enabled":true,"jetpack_social_post_already_shared":true,"jetpack_social_options":{"image_generator_settings":{"template":"highway","enabled":false},"version":2}},"categories":[18],"tags":[],"class_list":["entry","author-diegoaguirre","post-50394","post","type-post","status-publish","format-standard","has-post-thumbnail","category-judicial"],"jetpack_publicize_connections":[],"yoast_head":"<!-- This site is optimized with the Yoast SEO plugin v24.3 - https:\/\/yoast.com\/wordpress\/plugins\/seo\/ -->\n<title>Corte Constitucional protege los derechos de una mujer transg\u00e9nero en caso de violencia intrafamiliar - Ciudad y Region<\/title>\n<meta name=\"robots\" content=\"index, follow, max-snippet:-1, max-image-preview:large, max-video-preview:-1\" \/>\n<link rel=\"canonical\" href=\"https:\/\/ciudadyregion.com.co\/index.php\/corte-constitucional-protege-los-derechos-de-una-mujer-transgenero-en-caso-de-violencia-intrafamiliar\/judicial\/\" \/>\n<meta property=\"og:locale\" content=\"es_ES\" \/>\n<meta property=\"og:type\" content=\"article\" \/>\n<meta property=\"og:title\" content=\"Corte Constitucional protege los derechos de una mujer transg\u00e9nero en caso de violencia intrafamiliar - Ciudad y Region\" \/>\n<meta property=\"og:description\" content=\"La Corte Constitucional fall\u00f3 a favor de una mujer transg\u00e9nero al determinar que una comisar\u00eda de familia vulner\u00f3 sus derechos fundamentales al no aplicar un enfoque de g\u00e9nero en un proceso de violencia intrafamiliar iniciado por su madre y hermanos. El magistrado ponente, Vladimir Fern\u00e1ndez, destac\u00f3 que \u201cla omisi\u00f3n deContinuar Leyendo\" \/>\n<meta property=\"og:url\" content=\"https:\/\/ciudadyregion.com.co\/index.php\/corte-constitucional-protege-los-derechos-de-una-mujer-transgenero-en-caso-de-violencia-intrafamiliar\/judicial\/\" \/>\n<meta property=\"og:site_name\" content=\"Ciudad y Region\" \/>\n<meta property=\"article:published_time\" content=\"2025-12-01T13:05:37+00:00\" \/>\n<meta property=\"og:image\" content=\"https:\/\/ciudadyregion.com.co\/wp-content\/uploads\/2025\/12\/Pag-2025-12-01T080427.203.jpg\" \/>\n\t<meta property=\"og:image:width\" content=\"800\" \/>\n\t<meta property=\"og:image:height\" content=\"445\" \/>\n\t<meta property=\"og:image:type\" content=\"image\/jpeg\" \/>\n<meta name=\"author\" content=\"David Andr\u00e9s Aguirre\" \/>\n<meta name=\"twitter:card\" content=\"summary_large_image\" \/>\n<meta name=\"twitter:label1\" content=\"Escrito por\" \/>\n\t<meta name=\"twitter:data1\" content=\"David Andr\u00e9s Aguirre\" \/>\n\t<meta name=\"twitter:label2\" content=\"Tiempo de lectura\" \/>\n\t<meta name=\"twitter:data2\" content=\"1 minuto\" \/>\n<script type=\"application\/ld+json\" class=\"yoast-schema-graph\">{\"@context\":\"https:\/\/schema.org\",\"@graph\":[{\"@type\":\"WebPage\",\"@id\":\"https:\/\/ciudadyregion.com.co\/index.php\/corte-constitucional-protege-los-derechos-de-una-mujer-transgenero-en-caso-de-violencia-intrafamiliar\/judicial\/\",\"url\":\"https:\/\/ciudadyregion.com.co\/index.php\/corte-constitucional-protege-los-derechos-de-una-mujer-transgenero-en-caso-de-violencia-intrafamiliar\/judicial\/\",\"name\":\"Corte Constitucional protege los derechos de una mujer transg\u00e9nero en caso de violencia intrafamiliar - Ciudad y Region\",\"isPartOf\":{\"@id\":\"https:\/\/ciudadyregion.com.co\/#website\"},\"primaryImageOfPage\":{\"@id\":\"https:\/\/ciudadyregion.com.co\/index.php\/corte-constitucional-protege-los-derechos-de-una-mujer-transgenero-en-caso-de-violencia-intrafamiliar\/judicial\/#primaryimage\"},\"image\":{\"@id\":\"https:\/\/ciudadyregion.com.co\/index.php\/corte-constitucional-protege-los-derechos-de-una-mujer-transgenero-en-caso-de-violencia-intrafamiliar\/judicial\/#primaryimage\"},\"thumbnailUrl\":\"https:\/\/i0.wp.com\/ciudadyregion.com.co\/wp-content\/uploads\/2025\/12\/Pag-2025-12-01T080427.203.jpg?fit=800%2C445&ssl=1\",\"datePublished\":\"2025-12-01T13:05:37+00:00\",\"dateModified\":\"2025-12-01T13:05:37+00:00\",\"author\":{\"@id\":\"https:\/\/ciudadyregion.com.co\/#\/schema\/person\/04a4954373ebc4051f46e8c65ff78622\"},\"breadcrumb\":{\"@id\":\"https:\/\/ciudadyregion.com.co\/index.php\/corte-constitucional-protege-los-derechos-de-una-mujer-transgenero-en-caso-de-violencia-intrafamiliar\/judicial\/#breadcrumb\"},\"inLanguage\":\"es\",\"potentialAction\":[{\"@type\":\"ReadAction\",\"target\":[\"https:\/\/ciudadyregion.com.co\/index.php\/corte-constitucional-protege-los-derechos-de-una-mujer-transgenero-en-caso-de-violencia-intrafamiliar\/judicial\/\"]}]},{\"@type\":\"ImageObject\",\"inLanguage\":\"es\",\"@id\":\"https:\/\/ciudadyregion.com.co\/index.php\/corte-constitucional-protege-los-derechos-de-una-mujer-transgenero-en-caso-de-violencia-intrafamiliar\/judicial\/#primaryimage\",\"url\":\"https:\/\/i0.wp.com\/ciudadyregion.com.co\/wp-content\/uploads\/2025\/12\/Pag-2025-12-01T080427.203.jpg?fit=800%2C445&ssl=1\",\"contentUrl\":\"https:\/\/i0.wp.com\/ciudadyregion.com.co\/wp-content\/uploads\/2025\/12\/Pag-2025-12-01T080427.203.jpg?fit=800%2C445&ssl=1\",\"width\":800,\"height\":445},{\"@type\":\"BreadcrumbList\",\"@id\":\"https:\/\/ciudadyregion.com.co\/index.php\/corte-constitucional-protege-los-derechos-de-una-mujer-transgenero-en-caso-de-violencia-intrafamiliar\/judicial\/#breadcrumb\",\"itemListElement\":[{\"@type\":\"ListItem\",\"position\":1,\"name\":\"Portada\",\"item\":\"https:\/\/ciudadyregion.com.co\/\"},{\"@type\":\"ListItem\",\"position\":2,\"name\":\"Corte Constitucional protege los derechos de una mujer transg\u00e9nero en caso de violencia intrafamiliar\"}]},{\"@type\":\"WebSite\",\"@id\":\"https:\/\/ciudadyregion.com.co\/#website\",\"url\":\"https:\/\/ciudadyregion.com.co\/\",\"name\":\"Ciudad y Region\",\"description\":\"\",\"potentialAction\":[{\"@type\":\"SearchAction\",\"target\":{\"@type\":\"EntryPoint\",\"urlTemplate\":\"https:\/\/ciudadyregion.com.co\/?s={search_term_string}\"},\"query-input\":{\"@type\":\"PropertyValueSpecification\",\"valueRequired\":true,\"valueName\":\"search_term_string\"}}],\"inLanguage\":\"es\"},{\"@type\":\"Person\",\"@id\":\"https:\/\/ciudadyregion.com.co\/#\/schema\/person\/04a4954373ebc4051f46e8c65ff78622\",\"name\":\"David Andr\u00e9s Aguirre\",\"image\":{\"@type\":\"ImageObject\",\"inLanguage\":\"es\",\"@id\":\"https:\/\/ciudadyregion.com.co\/#\/schema\/person\/image\/\",\"url\":\"https:\/\/secure.gravatar.com\/avatar\/bc3c655860202182ee6d1b5edd042dbe?s=96&d=mm&r=g\",\"contentUrl\":\"https:\/\/secure.gravatar.com\/avatar\/bc3c655860202182ee6d1b5edd042dbe?s=96&d=mm&r=g\",\"caption\":\"David Andr\u00e9s Aguirre\"},\"url\":\"https:\/\/ciudadyregion.com.co\/index.php\/author\/diegoaguirre\/\"}]}<\/script>\n<!-- \/ Yoast SEO plugin. -->","yoast_head_json":{"title":"Corte Constitucional protege los derechos de una mujer transg\u00e9nero en caso de violencia intrafamiliar - Ciudad y Region","robots":{"index":"index","follow":"follow","max-snippet":"max-snippet:-1","max-image-preview":"max-image-preview:large","max-video-preview":"max-video-preview:-1"},"canonical":"https:\/\/ciudadyregion.com.co\/index.php\/corte-constitucional-protege-los-derechos-de-una-mujer-transgenero-en-caso-de-violencia-intrafamiliar\/judicial\/","og_locale":"es_ES","og_type":"article","og_title":"Corte Constitucional protege los derechos de una mujer transg\u00e9nero en caso de violencia intrafamiliar - Ciudad y Region","og_description":"La Corte Constitucional fall\u00f3 a favor de una mujer transg\u00e9nero al determinar que una comisar\u00eda de familia vulner\u00f3 sus derechos fundamentales al no aplicar un enfoque de g\u00e9nero en un proceso de violencia intrafamiliar iniciado por su madre y hermanos. El magistrado ponente, Vladimir Fern\u00e1ndez, destac\u00f3 que \u201cla omisi\u00f3n deContinuar Leyendo","og_url":"https:\/\/ciudadyregion.com.co\/index.php\/corte-constitucional-protege-los-derechos-de-una-mujer-transgenero-en-caso-de-violencia-intrafamiliar\/judicial\/","og_site_name":"Ciudad y Region","article_published_time":"2025-12-01T13:05:37+00:00","og_image":[{"width":800,"height":445,"url":"https:\/\/ciudadyregion.com.co\/wp-content\/uploads\/2025\/12\/Pag-2025-12-01T080427.203.jpg","type":"image\/jpeg"}],"author":"David Andr\u00e9s Aguirre","twitter_card":"summary_large_image","twitter_misc":{"Escrito por":"David Andr\u00e9s Aguirre","Tiempo de lectura":"1 minuto"},"schema":{"@context":"https:\/\/schema.org","@graph":[{"@type":"WebPage","@id":"https:\/\/ciudadyregion.com.co\/index.php\/corte-constitucional-protege-los-derechos-de-una-mujer-transgenero-en-caso-de-violencia-intrafamiliar\/judicial\/","url":"https:\/\/ciudadyregion.com.co\/index.php\/corte-constitucional-protege-los-derechos-de-una-mujer-transgenero-en-caso-de-violencia-intrafamiliar\/judicial\/","name":"Corte Constitucional protege los derechos de una mujer transg\u00e9nero en caso de violencia intrafamiliar - Ciudad y Region","isPartOf":{"@id":"https:\/\/ciudadyregion.com.co\/#website"},"primaryImageOfPage":{"@id":"https:\/\/ciudadyregion.com.co\/index.php\/corte-constitucional-protege-los-derechos-de-una-mujer-transgenero-en-caso-de-violencia-intrafamiliar\/judicial\/#primaryimage"},"image":{"@id":"https:\/\/ciudadyregion.com.co\/index.php\/corte-constitucional-protege-los-derechos-de-una-mujer-transgenero-en-caso-de-violencia-intrafamiliar\/judicial\/#primaryimage"},"thumbnailUrl":"https:\/\/i0.wp.com\/ciudadyregion.com.co\/wp-content\/uploads\/2025\/12\/Pag-2025-12-01T080427.203.jpg?fit=800%2C445&ssl=1","datePublished":"2025-12-01T13:05:37+00:00","dateModified":"2025-12-01T13:05:37+00:00","author":{"@id":"https:\/\/ciudadyregion.com.co\/#\/schema\/person\/04a4954373ebc4051f46e8c65ff78622"},"breadcrumb":{"@id":"https:\/\/ciudadyregion.com.co\/index.php\/corte-constitucional-protege-los-derechos-de-una-mujer-transgenero-en-caso-de-violencia-intrafamiliar\/judicial\/#breadcrumb"},"inLanguage":"es","potentialAction":[{"@type":"ReadAction","target":["https:\/\/ciudadyregion.com.co\/index.php\/corte-constitucional-protege-los-derechos-de-una-mujer-transgenero-en-caso-de-violencia-intrafamiliar\/judicial\/"]}]},{"@type":"ImageObject","inLanguage":"es","@id":"https:\/\/ciudadyregion.com.co\/index.php\/corte-constitucional-protege-los-derechos-de-una-mujer-transgenero-en-caso-de-violencia-intrafamiliar\/judicial\/#primaryimage","url":"https:\/\/i0.wp.com\/ciudadyregion.com.co\/wp-content\/uploads\/2025\/12\/Pag-2025-12-01T080427.203.jpg?fit=800%2C445&ssl=1","contentUrl":"https:\/\/i0.wp.com\/ciudadyregion.com.co\/wp-content\/uploads\/2025\/12\/Pag-2025-12-01T080427.203.jpg?fit=800%2C445&ssl=1","width":800,"height":445},{"@type":"BreadcrumbList","@id":"https:\/\/ciudadyregion.com.co\/index.php\/corte-constitucional-protege-los-derechos-de-una-mujer-transgenero-en-caso-de-violencia-intrafamiliar\/judicial\/#breadcrumb","itemListElement":[{"@type":"ListItem","position":1,"name":"Portada","item":"https:\/\/ciudadyregion.com.co\/"},{"@type":"ListItem","position":2,"name":"Corte Constitucional protege los derechos de una mujer transg\u00e9nero en caso de violencia intrafamiliar"}]},{"@type":"WebSite","@id":"https:\/\/ciudadyregion.com.co\/#website","url":"https:\/\/ciudadyregion.com.co\/","name":"Ciudad y Region","description":"","potentialAction":[{"@type":"SearchAction","target":{"@type":"EntryPoint","urlTemplate":"https:\/\/ciudadyregion.com.co\/?s={search_term_string}"},"query-input":{"@type":"PropertyValueSpecification","valueRequired":true,"valueName":"search_term_string"}}],"inLanguage":"es"},{"@type":"Person","@id":"https:\/\/ciudadyregion.com.co\/#\/schema\/person\/04a4954373ebc4051f46e8c65ff78622","name":"David Andr\u00e9s Aguirre","image":{"@type":"ImageObject","inLanguage":"es","@id":"https:\/\/ciudadyregion.com.co\/#\/schema\/person\/image\/","url":"https:\/\/secure.gravatar.com\/avatar\/bc3c655860202182ee6d1b5edd042dbe?s=96&d=mm&r=g","contentUrl":"https:\/\/secure.gravatar.com\/avatar\/bc3c655860202182ee6d1b5edd042dbe?s=96&d=mm&r=g","caption":"David Andr\u00e9s Aguirre"},"url":"https:\/\/ciudadyregion.com.co\/index.php\/author\/diegoaguirre\/"}]}},"jetpack_featured_media_url":"https:\/\/i0.wp.com\/ciudadyregion.com.co\/wp-content\/uploads\/2025\/12\/Pag-2025-12-01T080427.203.jpg?fit=800%2C445&ssl=1","jetpack_sharing_enabled":true,"jetpack_shortlink":"https:\/\/wp.me\/pbS7hh-d6O","jetpack-related-posts":[],"_links":{"self":[{"href":"https:\/\/ciudadyregion.com.co\/index.php\/wp-json\/wp\/v2\/posts\/50394"}],"collection":[{"href":"https:\/\/ciudadyregion.com.co\/index.php\/wp-json\/wp\/v2\/posts"}],"about":[{"href":"https:\/\/ciudadyregion.com.co\/index.php\/wp-json\/wp\/v2\/types\/post"}],"author":[{"embeddable":true,"href":"https:\/\/ciudadyregion.com.co\/index.php\/wp-json\/wp\/v2\/users\/2"}],"replies":[{"embeddable":true,"href":"https:\/\/ciudadyregion.com.co\/index.php\/wp-json\/wp\/v2\/comments?post=50394"}],"version-history":[{"count":2,"href":"https:\/\/ciudadyregion.com.co\/index.php\/wp-json\/wp\/v2\/posts\/50394\/revisions"}],"predecessor-version":[{"id":50397,"href":"https:\/\/ciudadyregion.com.co\/index.php\/wp-json\/wp\/v2\/posts\/50394\/revisions\/50397"}],"wp:featuredmedia":[{"embeddable":true,"href":"https:\/\/ciudadyregion.com.co\/index.php\/wp-json\/wp\/v2\/media\/50395"}],"wp:attachment":[{"href":"https:\/\/ciudadyregion.com.co\/index.php\/wp-json\/wp\/v2\/media?parent=50394"}],"wp:term":[{"taxonomy":"category","embeddable":true,"href":"https:\/\/ciudadyregion.com.co\/index.php\/wp-json\/wp\/v2\/categories?post=50394"},{"taxonomy":"post_tag","embeddable":true,"href":"https:\/\/ciudadyregion.com.co\/index.php\/wp-json\/wp\/v2\/tags?post=50394"}],"curies":[{"name":"wp","href":"https:\/\/api.w.org\/{rel}","templated":true}]}}