{"id":50375,"date":"2025-12-01T07:39:06","date_gmt":"2025-12-01T12:39:06","guid":{"rendered":"https:\/\/ciudadyregion.com.co\/?p=50375"},"modified":"2025-12-01T07:39:06","modified_gmt":"2025-12-01T12:39:06","slug":"gustavo-petro-califica-como-falsas-las-conversaciones-de-las-disidencias-de-alias-calarca","status":"publish","type":"post","link":"https:\/\/ciudadyregion.com.co\/index.php\/gustavo-petro-califica-como-falsas-las-conversaciones-de-las-disidencias-de-alias-calarca\/nacional\/","title":{"rendered":"Gustavo Petro califica como falsas las conversaciones de las disidencias de alias &#8216;Calarc\u00e1&#8217;"},"content":{"rendered":"<p>El presidente de la Rep\u00fablica, Gustavo Petro, se pronunci\u00f3 sobre los chats incautados a las disidencias delictivas lideradas por alias &#8216;Calarc\u00e1&#8217;, en los que supuestamente se evidenciaban planes e intenciones del grupo armado.<br \/>\nDurante su intervenci\u00f3n, Petro afirm\u00f3 que \u201ctodas las conversaciones son con inteligencia artificial\u201d, indicando que el material analizado no corresponde a intercambios reales entre integrantes de las disidencias.<\/p>\n<p>El mandatario explic\u00f3 que el Gobierno realiz\u00f3 un estudio t\u00e9cnico y concluy\u00f3 que \u201ctodo es mentira\u201d, por lo que solicit\u00f3 que se rectifiquen los hechos publicados en diversos medios y reportes.<\/p>\n<p>El presidente enfatiz\u00f3 que la difusi\u00f3n de informaci\u00f3n falsa genera confusi\u00f3n entre la ciudadan\u00eda y afecta los esfuerzos del Estado en la lucha contra los grupos armados ilegales. Asimismo, reiter\u00f3 la importancia de contrastar la informaci\u00f3n con las autoridades competentes antes de emitir juicios sobre operaciones de seguridad y resultados de investigaciones.<\/p>\n<p>Con estas declaraciones, la Presidencia busca aclarar la naturaleza de los chats y subrayar que los procesos de inteligencia y an\u00e1lisis en curso se realizan bajo protocolos rigurosos, evitando la circulaci\u00f3n de informaci\u00f3n err\u00f3nea que pueda afectar la percepci\u00f3n p\u00fablica sobre la seguridad y la acci\u00f3n del Gobierno frente a las disidencias.<\/p>\n","protected":false},"excerpt":{"rendered":"<p>El presidente de la Rep\u00fablica, Gustavo Petro, se pronunci\u00f3 sobre los chats incautados a las disidencias delictivas lideradas por alias &#8216;Calarc\u00e1&#8217;, en los que supuestamente se evidenciaban planes e intenciones del grupo armado. Durante su intervenci\u00f3n, Petro afirm\u00f3 que \u201ctodas las conversaciones son con inteligencia artificial\u201d, indicando que el material<span class=\"more-link\"><a href=\"https:\/\/ciudadyregion.com.co\/index.php\/gustavo-petro-califica-como-falsas-las-conversaciones-de-las-disidencias-de-alias-calarca\/nacional\/\">Continuar Leyendo<\/a><\/span><\/p>\n","protected":false},"author":2,"featured_media":50376,"comment_status":"open","ping_status":"open","sticky":false,"template":"","format":"standard","meta":{"_uf_show_specific_survey":0,"_uf_disable_surveys":false,"_jetpack_memberships_contains_paid_content":false,"footnotes":"","jetpack_publicize_message":"","jetpack_publicize_feature_enabled":true,"jetpack_social_post_already_shared":true,"jetpack_social_options":{"image_generator_settings":{"template":"highway","enabled":false},"version":2}},"categories":[23],"tags":[],"class_list":["entry","author-diegoaguirre","post-50375","post","type-post","status-publish","format-standard","has-post-thumbnail","category-nacional"],"jetpack_publicize_connections":[],"yoast_head":"<!-- This site is optimized with the Yoast SEO plugin v24.3 - https:\/\/yoast.com\/wordpress\/plugins\/seo\/ -->\n<title>Gustavo Petro califica como falsas las conversaciones de las disidencias de alias &#039;Calarc\u00e1&#039; - Ciudad y Region<\/title>\n<meta name=\"robots\" content=\"index, follow, max-snippet:-1, max-image-preview:large, max-video-preview:-1\" \/>\n<link rel=\"canonical\" href=\"https:\/\/ciudadyregion.com.co\/index.php\/gustavo-petro-califica-como-falsas-las-conversaciones-de-las-disidencias-de-alias-calarca\/nacional\/\" \/>\n<meta property=\"og:locale\" content=\"es_ES\" \/>\n<meta property=\"og:type\" content=\"article\" \/>\n<meta property=\"og:title\" content=\"Gustavo Petro califica como falsas las conversaciones de las disidencias de alias &#039;Calarc\u00e1&#039; - Ciudad y Region\" \/>\n<meta property=\"og:description\" content=\"El presidente de la Rep\u00fablica, Gustavo Petro, se pronunci\u00f3 sobre los chats incautados a las disidencias delictivas lideradas por alias &#8216;Calarc\u00e1&#8217;, en los que supuestamente se evidenciaban planes e intenciones del grupo armado. Durante su intervenci\u00f3n, Petro afirm\u00f3 que \u201ctodas las conversaciones son con inteligencia artificial\u201d, indicando que el materialContinuar Leyendo\" \/>\n<meta property=\"og:url\" content=\"https:\/\/ciudadyregion.com.co\/index.php\/gustavo-petro-califica-como-falsas-las-conversaciones-de-las-disidencias-de-alias-calarca\/nacional\/\" \/>\n<meta property=\"og:site_name\" content=\"Ciudad y Region\" \/>\n<meta property=\"article:published_time\" content=\"2025-12-01T12:39:06+00:00\" \/>\n<meta property=\"og:image\" content=\"https:\/\/ciudadyregion.com.co\/wp-content\/uploads\/2025\/12\/Pag-3.webp\" \/>\n\t<meta property=\"og:image:width\" content=\"800\" \/>\n\t<meta property=\"og:image:height\" content=\"445\" \/>\n\t<meta property=\"og:image:type\" content=\"image\/webp\" \/>\n<meta name=\"author\" content=\"David Andr\u00e9s Aguirre\" \/>\n<meta name=\"twitter:card\" content=\"summary_large_image\" \/>\n<meta name=\"twitter:label1\" content=\"Escrito por\" \/>\n\t<meta name=\"twitter:data1\" content=\"David Andr\u00e9s Aguirre\" \/>\n\t<meta name=\"twitter:label2\" content=\"Tiempo de lectura\" \/>\n\t<meta name=\"twitter:data2\" content=\"1 minuto\" \/>\n<script type=\"application\/ld+json\" class=\"yoast-schema-graph\">{\"@context\":\"https:\/\/schema.org\",\"@graph\":[{\"@type\":\"WebPage\",\"@id\":\"https:\/\/ciudadyregion.com.co\/index.php\/gustavo-petro-califica-como-falsas-las-conversaciones-de-las-disidencias-de-alias-calarca\/nacional\/\",\"url\":\"https:\/\/ciudadyregion.com.co\/index.php\/gustavo-petro-califica-como-falsas-las-conversaciones-de-las-disidencias-de-alias-calarca\/nacional\/\",\"name\":\"Gustavo Petro califica como falsas las conversaciones de las disidencias de alias 'Calarc\u00e1' - Ciudad y Region\",\"isPartOf\":{\"@id\":\"https:\/\/ciudadyregion.com.co\/#website\"},\"primaryImageOfPage\":{\"@id\":\"https:\/\/ciudadyregion.com.co\/index.php\/gustavo-petro-califica-como-falsas-las-conversaciones-de-las-disidencias-de-alias-calarca\/nacional\/#primaryimage\"},\"image\":{\"@id\":\"https:\/\/ciudadyregion.com.co\/index.php\/gustavo-petro-califica-como-falsas-las-conversaciones-de-las-disidencias-de-alias-calarca\/nacional\/#primaryimage\"},\"thumbnailUrl\":\"https:\/\/i0.wp.com\/ciudadyregion.com.co\/wp-content\/uploads\/2025\/12\/Pag-3.webp?fit=800%2C445&ssl=1\",\"datePublished\":\"2025-12-01T12:39:06+00:00\",\"dateModified\":\"2025-12-01T12:39:06+00:00\",\"author\":{\"@id\":\"https:\/\/ciudadyregion.com.co\/#\/schema\/person\/04a4954373ebc4051f46e8c65ff78622\"},\"breadcrumb\":{\"@id\":\"https:\/\/ciudadyregion.com.co\/index.php\/gustavo-petro-califica-como-falsas-las-conversaciones-de-las-disidencias-de-alias-calarca\/nacional\/#breadcrumb\"},\"inLanguage\":\"es\",\"potentialAction\":[{\"@type\":\"ReadAction\",\"target\":[\"https:\/\/ciudadyregion.com.co\/index.php\/gustavo-petro-califica-como-falsas-las-conversaciones-de-las-disidencias-de-alias-calarca\/nacional\/\"]}]},{\"@type\":\"ImageObject\",\"inLanguage\":\"es\",\"@id\":\"https:\/\/ciudadyregion.com.co\/index.php\/gustavo-petro-califica-como-falsas-las-conversaciones-de-las-disidencias-de-alias-calarca\/nacional\/#primaryimage\",\"url\":\"https:\/\/i0.wp.com\/ciudadyregion.com.co\/wp-content\/uploads\/2025\/12\/Pag-3.webp?fit=800%2C445&ssl=1\",\"contentUrl\":\"https:\/\/i0.wp.com\/ciudadyregion.com.co\/wp-content\/uploads\/2025\/12\/Pag-3.webp?fit=800%2C445&ssl=1\",\"width\":800,\"height\":445},{\"@type\":\"BreadcrumbList\",\"@id\":\"https:\/\/ciudadyregion.com.co\/index.php\/gustavo-petro-califica-como-falsas-las-conversaciones-de-las-disidencias-de-alias-calarca\/nacional\/#breadcrumb\",\"itemListElement\":[{\"@type\":\"ListItem\",\"position\":1,\"name\":\"Portada\",\"item\":\"https:\/\/ciudadyregion.com.co\/\"},{\"@type\":\"ListItem\",\"position\":2,\"name\":\"Gustavo Petro califica como falsas las conversaciones de las disidencias de alias &#8216;Calarc\u00e1&#8217;\"}]},{\"@type\":\"WebSite\",\"@id\":\"https:\/\/ciudadyregion.com.co\/#website\",\"url\":\"https:\/\/ciudadyregion.com.co\/\",\"name\":\"Ciudad y Region\",\"description\":\"\",\"potentialAction\":[{\"@type\":\"SearchAction\",\"target\":{\"@type\":\"EntryPoint\",\"urlTemplate\":\"https:\/\/ciudadyregion.com.co\/?s={search_term_string}\"},\"query-input\":{\"@type\":\"PropertyValueSpecification\",\"valueRequired\":true,\"valueName\":\"search_term_string\"}}],\"inLanguage\":\"es\"},{\"@type\":\"Person\",\"@id\":\"https:\/\/ciudadyregion.com.co\/#\/schema\/person\/04a4954373ebc4051f46e8c65ff78622\",\"name\":\"David Andr\u00e9s Aguirre\",\"image\":{\"@type\":\"ImageObject\",\"inLanguage\":\"es\",\"@id\":\"https:\/\/ciudadyregion.com.co\/#\/schema\/person\/image\/\",\"url\":\"https:\/\/secure.gravatar.com\/avatar\/bc3c655860202182ee6d1b5edd042dbe?s=96&d=mm&r=g\",\"contentUrl\":\"https:\/\/secure.gravatar.com\/avatar\/bc3c655860202182ee6d1b5edd042dbe?s=96&d=mm&r=g\",\"caption\":\"David Andr\u00e9s Aguirre\"},\"url\":\"https:\/\/ciudadyregion.com.co\/index.php\/author\/diegoaguirre\/\"}]}<\/script>\n<!-- \/ Yoast SEO plugin. -->","yoast_head_json":{"title":"Gustavo Petro califica como falsas las conversaciones de las disidencias de alias 'Calarc\u00e1' - Ciudad y Region","robots":{"index":"index","follow":"follow","max-snippet":"max-snippet:-1","max-image-preview":"max-image-preview:large","max-video-preview":"max-video-preview:-1"},"canonical":"https:\/\/ciudadyregion.com.co\/index.php\/gustavo-petro-califica-como-falsas-las-conversaciones-de-las-disidencias-de-alias-calarca\/nacional\/","og_locale":"es_ES","og_type":"article","og_title":"Gustavo Petro califica como falsas las conversaciones de las disidencias de alias 'Calarc\u00e1' - Ciudad y Region","og_description":"El presidente de la Rep\u00fablica, Gustavo Petro, se pronunci\u00f3 sobre los chats incautados a las disidencias delictivas lideradas por alias &#8216;Calarc\u00e1&#8217;, en los que supuestamente se evidenciaban planes e intenciones del grupo armado. Durante su intervenci\u00f3n, Petro afirm\u00f3 que \u201ctodas las conversaciones son con inteligencia artificial\u201d, indicando que el materialContinuar Leyendo","og_url":"https:\/\/ciudadyregion.com.co\/index.php\/gustavo-petro-califica-como-falsas-las-conversaciones-de-las-disidencias-de-alias-calarca\/nacional\/","og_site_name":"Ciudad y Region","article_published_time":"2025-12-01T12:39:06+00:00","og_image":[{"width":800,"height":445,"url":"https:\/\/ciudadyregion.com.co\/wp-content\/uploads\/2025\/12\/Pag-3.webp","type":"image\/webp"}],"author":"David Andr\u00e9s Aguirre","twitter_card":"summary_large_image","twitter_misc":{"Escrito por":"David Andr\u00e9s Aguirre","Tiempo de lectura":"1 minuto"},"schema":{"@context":"https:\/\/schema.org","@graph":[{"@type":"WebPage","@id":"https:\/\/ciudadyregion.com.co\/index.php\/gustavo-petro-califica-como-falsas-las-conversaciones-de-las-disidencias-de-alias-calarca\/nacional\/","url":"https:\/\/ciudadyregion.com.co\/index.php\/gustavo-petro-califica-como-falsas-las-conversaciones-de-las-disidencias-de-alias-calarca\/nacional\/","name":"Gustavo Petro califica como falsas las conversaciones de las disidencias de alias 'Calarc\u00e1' - Ciudad y Region","isPartOf":{"@id":"https:\/\/ciudadyregion.com.co\/#website"},"primaryImageOfPage":{"@id":"https:\/\/ciudadyregion.com.co\/index.php\/gustavo-petro-califica-como-falsas-las-conversaciones-de-las-disidencias-de-alias-calarca\/nacional\/#primaryimage"},"image":{"@id":"https:\/\/ciudadyregion.com.co\/index.php\/gustavo-petro-califica-como-falsas-las-conversaciones-de-las-disidencias-de-alias-calarca\/nacional\/#primaryimage"},"thumbnailUrl":"https:\/\/i0.wp.com\/ciudadyregion.com.co\/wp-content\/uploads\/2025\/12\/Pag-3.webp?fit=800%2C445&ssl=1","datePublished":"2025-12-01T12:39:06+00:00","dateModified":"2025-12-01T12:39:06+00:00","author":{"@id":"https:\/\/ciudadyregion.com.co\/#\/schema\/person\/04a4954373ebc4051f46e8c65ff78622"},"breadcrumb":{"@id":"https:\/\/ciudadyregion.com.co\/index.php\/gustavo-petro-califica-como-falsas-las-conversaciones-de-las-disidencias-de-alias-calarca\/nacional\/#breadcrumb"},"inLanguage":"es","potentialAction":[{"@type":"ReadAction","target":["https:\/\/ciudadyregion.com.co\/index.php\/gustavo-petro-califica-como-falsas-las-conversaciones-de-las-disidencias-de-alias-calarca\/nacional\/"]}]},{"@type":"ImageObject","inLanguage":"es","@id":"https:\/\/ciudadyregion.com.co\/index.php\/gustavo-petro-califica-como-falsas-las-conversaciones-de-las-disidencias-de-alias-calarca\/nacional\/#primaryimage","url":"https:\/\/i0.wp.com\/ciudadyregion.com.co\/wp-content\/uploads\/2025\/12\/Pag-3.webp?fit=800%2C445&ssl=1","contentUrl":"https:\/\/i0.wp.com\/ciudadyregion.com.co\/wp-content\/uploads\/2025\/12\/Pag-3.webp?fit=800%2C445&ssl=1","width":800,"height":445},{"@type":"BreadcrumbList","@id":"https:\/\/ciudadyregion.com.co\/index.php\/gustavo-petro-califica-como-falsas-las-conversaciones-de-las-disidencias-de-alias-calarca\/nacional\/#breadcrumb","itemListElement":[{"@type":"ListItem","position":1,"name":"Portada","item":"https:\/\/ciudadyregion.com.co\/"},{"@type":"ListItem","position":2,"name":"Gustavo Petro califica como falsas las conversaciones de las disidencias de alias &#8216;Calarc\u00e1&#8217;"}]},{"@type":"WebSite","@id":"https:\/\/ciudadyregion.com.co\/#website","url":"https:\/\/ciudadyregion.com.co\/","name":"Ciudad y Region","description":"","potentialAction":[{"@type":"SearchAction","target":{"@type":"EntryPoint","urlTemplate":"https:\/\/ciudadyregion.com.co\/?s={search_term_string}"},"query-input":{"@type":"PropertyValueSpecification","valueRequired":true,"valueName":"search_term_string"}}],"inLanguage":"es"},{"@type":"Person","@id":"https:\/\/ciudadyregion.com.co\/#\/schema\/person\/04a4954373ebc4051f46e8c65ff78622","name":"David Andr\u00e9s Aguirre","image":{"@type":"ImageObject","inLanguage":"es","@id":"https:\/\/ciudadyregion.com.co\/#\/schema\/person\/image\/","url":"https:\/\/secure.gravatar.com\/avatar\/bc3c655860202182ee6d1b5edd042dbe?s=96&d=mm&r=g","contentUrl":"https:\/\/secure.gravatar.com\/avatar\/bc3c655860202182ee6d1b5edd042dbe?s=96&d=mm&r=g","caption":"David Andr\u00e9s Aguirre"},"url":"https:\/\/ciudadyregion.com.co\/index.php\/author\/diegoaguirre\/"}]}},"jetpack_featured_media_url":"https:\/\/i0.wp.com\/ciudadyregion.com.co\/wp-content\/uploads\/2025\/12\/Pag-3.webp?fit=800%2C445&ssl=1","jetpack_sharing_enabled":true,"jetpack_shortlink":"https:\/\/wp.me\/pbS7hh-d6v","jetpack-related-posts":[],"_links":{"self":[{"href":"https:\/\/ciudadyregion.com.co\/index.php\/wp-json\/wp\/v2\/posts\/50375"}],"collection":[{"href":"https:\/\/ciudadyregion.com.co\/index.php\/wp-json\/wp\/v2\/posts"}],"about":[{"href":"https:\/\/ciudadyregion.com.co\/index.php\/wp-json\/wp\/v2\/types\/post"}],"author":[{"embeddable":true,"href":"https:\/\/ciudadyregion.com.co\/index.php\/wp-json\/wp\/v2\/users\/2"}],"replies":[{"embeddable":true,"href":"https:\/\/ciudadyregion.com.co\/index.php\/wp-json\/wp\/v2\/comments?post=50375"}],"version-history":[{"count":1,"href":"https:\/\/ciudadyregion.com.co\/index.php\/wp-json\/wp\/v2\/posts\/50375\/revisions"}],"predecessor-version":[{"id":50377,"href":"https:\/\/ciudadyregion.com.co\/index.php\/wp-json\/wp\/v2\/posts\/50375\/revisions\/50377"}],"wp:featuredmedia":[{"embeddable":true,"href":"https:\/\/ciudadyregion.com.co\/index.php\/wp-json\/wp\/v2\/media\/50376"}],"wp:attachment":[{"href":"https:\/\/ciudadyregion.com.co\/index.php\/wp-json\/wp\/v2\/media?parent=50375"}],"wp:term":[{"taxonomy":"category","embeddable":true,"href":"https:\/\/ciudadyregion.com.co\/index.php\/wp-json\/wp\/v2\/categories?post=50375"},{"taxonomy":"post_tag","embeddable":true,"href":"https:\/\/ciudadyregion.com.co\/index.php\/wp-json\/wp\/v2\/tags?post=50375"}],"curies":[{"name":"wp","href":"https:\/\/api.w.org\/{rel}","templated":true}]}}