{"id":50365,"date":"2025-12-01T07:29:23","date_gmt":"2025-12-01T12:29:23","guid":{"rendered":"https:\/\/ciudadyregion.com.co\/?p=50365"},"modified":"2025-12-01T07:29:23","modified_gmt":"2025-12-01T12:29:23","slug":"combates-en-vista-hermosa-meta-dejan-un-muerto-y-dos-capturados-de-las-disidencias-de-calarca","status":"publish","type":"post","link":"https:\/\/ciudadyregion.com.co\/index.php\/combates-en-vista-hermosa-meta-dejan-un-muerto-y-dos-capturados-de-las-disidencias-de-calarca\/judicial\/","title":{"rendered":"Combates en Vista Hermosa, Meta, dejan un muerto y dos capturados de las disidencias de \u2018Calarc\u00e1\u2019"},"content":{"rendered":"<p>En la vereda Guaymaral, municipio de Vista Hermosa (Meta), tropas del Ej\u00e9rcito Nacional sostuvieron un enfrentamiento armado contra integrantes de las disidencias de alias \u2018Calarc\u00e1\u2019, en una operaci\u00f3n que dej\u00f3 como resultado un muerto y dos personas capturadas, una de ellas herida.<\/p>\n<p>Seg\u00fan informaci\u00f3n preliminar, en medio del combate uno de los capturados result\u00f3 lesionado y recibi\u00f3 primeros auxilios por parte de los enfermeros de combate, quienes estabilizaron su estado antes de su traslado a un centro asistencial. Las autoridades destacaron que, pese a la intensidad del choque armado, la asistencia humanitaria al herido se prest\u00f3 bajo los protocolos establecidos, garantizando su vida e integridad.<\/p>\n<p>Durante la operaci\u00f3n, las tropas incautaron material de guerra e intendencia, entre ellos armas, municiones y equipos utilizados por el grupo armado ilegal para sus actividades en la regi\u00f3n. Seg\u00fan fuentes militares, esta acci\u00f3n hace parte de los esfuerzos para contener la expansi\u00f3n y las operaciones de esta estructura disidente en el Meta, una zona hist\u00f3ricamente afectada por la presencia de actores armados.<\/p>\n<p>El Ej\u00e9rcito mantiene presencia en el \u00e1rea y contin\u00faa con labores de verificaci\u00f3n para establecer si hubo m\u00e1s integrantes involucrados que hayan logrado huir del lugar.<\/p>\n","protected":false},"excerpt":{"rendered":"<p>En la vereda Guaymaral, municipio de Vista Hermosa (Meta), tropas del Ej\u00e9rcito Nacional sostuvieron un enfrentamiento armado contra integrantes de las disidencias de alias \u2018Calarc\u00e1\u2019, en una operaci\u00f3n que dej\u00f3 como resultado un muerto y dos personas capturadas, una de ellas herida. Seg\u00fan informaci\u00f3n preliminar, en medio del combate uno<span class=\"more-link\"><a href=\"https:\/\/ciudadyregion.com.co\/index.php\/combates-en-vista-hermosa-meta-dejan-un-muerto-y-dos-capturados-de-las-disidencias-de-calarca\/judicial\/\">Continuar Leyendo<\/a><\/span><\/p>\n","protected":false},"author":2,"featured_media":50366,"comment_status":"open","ping_status":"open","sticky":false,"template":"","format":"standard","meta":{"_uf_show_specific_survey":0,"_uf_disable_surveys":false,"_jetpack_memberships_contains_paid_content":false,"footnotes":"","jetpack_publicize_message":"","jetpack_publicize_feature_enabled":true,"jetpack_social_post_already_shared":true,"jetpack_social_options":{"image_generator_settings":{"template":"highway","enabled":false},"version":2}},"categories":[18],"tags":[],"class_list":["entry","author-diegoaguirre","post-50365","post","type-post","status-publish","format-standard","has-post-thumbnail","category-judicial"],"jetpack_publicize_connections":[],"yoast_head":"<!-- This site is optimized with the Yoast SEO plugin v24.3 - https:\/\/yoast.com\/wordpress\/plugins\/seo\/ -->\n<title>Combates en Vista Hermosa, Meta, dejan un muerto y dos capturados de las disidencias de \u2018Calarc\u00e1\u2019 - Ciudad y Region<\/title>\n<meta name=\"robots\" content=\"index, follow, max-snippet:-1, max-image-preview:large, max-video-preview:-1\" \/>\n<link rel=\"canonical\" href=\"https:\/\/ciudadyregion.com.co\/index.php\/combates-en-vista-hermosa-meta-dejan-un-muerto-y-dos-capturados-de-las-disidencias-de-calarca\/judicial\/\" \/>\n<meta property=\"og:locale\" content=\"es_ES\" \/>\n<meta property=\"og:type\" content=\"article\" \/>\n<meta property=\"og:title\" content=\"Combates en Vista Hermosa, Meta, dejan un muerto y dos capturados de las disidencias de \u2018Calarc\u00e1\u2019 - Ciudad y Region\" \/>\n<meta property=\"og:description\" content=\"En la vereda Guaymaral, municipio de Vista Hermosa (Meta), tropas del Ej\u00e9rcito Nacional sostuvieron un enfrentamiento armado contra integrantes de las disidencias de alias \u2018Calarc\u00e1\u2019, en una operaci\u00f3n que dej\u00f3 como resultado un muerto y dos personas capturadas, una de ellas herida. Seg\u00fan informaci\u00f3n preliminar, en medio del combate unoContinuar Leyendo\" \/>\n<meta property=\"og:url\" content=\"https:\/\/ciudadyregion.com.co\/index.php\/combates-en-vista-hermosa-meta-dejan-un-muerto-y-dos-capturados-de-las-disidencias-de-calarca\/judicial\/\" \/>\n<meta property=\"og:site_name\" content=\"Ciudad y Region\" \/>\n<meta property=\"article:published_time\" content=\"2025-12-01T12:29:23+00:00\" \/>\n<meta property=\"og:image\" content=\"https:\/\/ciudadyregion.com.co\/wp-content\/uploads\/2025\/12\/Pag-2025-12-01T072827.718.jpg\" \/>\n\t<meta property=\"og:image:width\" content=\"800\" \/>\n\t<meta property=\"og:image:height\" content=\"445\" \/>\n\t<meta property=\"og:image:type\" content=\"image\/jpeg\" \/>\n<meta name=\"author\" content=\"David Andr\u00e9s Aguirre\" \/>\n<meta name=\"twitter:card\" content=\"summary_large_image\" \/>\n<meta name=\"twitter:label1\" content=\"Escrito por\" \/>\n\t<meta name=\"twitter:data1\" content=\"David Andr\u00e9s Aguirre\" \/>\n\t<meta name=\"twitter:label2\" content=\"Tiempo de lectura\" \/>\n\t<meta name=\"twitter:data2\" content=\"2 minutos\" \/>\n<script type=\"application\/ld+json\" class=\"yoast-schema-graph\">{\"@context\":\"https:\/\/schema.org\",\"@graph\":[{\"@type\":\"WebPage\",\"@id\":\"https:\/\/ciudadyregion.com.co\/index.php\/combates-en-vista-hermosa-meta-dejan-un-muerto-y-dos-capturados-de-las-disidencias-de-calarca\/judicial\/\",\"url\":\"https:\/\/ciudadyregion.com.co\/index.php\/combates-en-vista-hermosa-meta-dejan-un-muerto-y-dos-capturados-de-las-disidencias-de-calarca\/judicial\/\",\"name\":\"Combates en Vista Hermosa, Meta, dejan un muerto y dos capturados de las disidencias de \u2018Calarc\u00e1\u2019 - Ciudad y Region\",\"isPartOf\":{\"@id\":\"https:\/\/ciudadyregion.com.co\/#website\"},\"primaryImageOfPage\":{\"@id\":\"https:\/\/ciudadyregion.com.co\/index.php\/combates-en-vista-hermosa-meta-dejan-un-muerto-y-dos-capturados-de-las-disidencias-de-calarca\/judicial\/#primaryimage\"},\"image\":{\"@id\":\"https:\/\/ciudadyregion.com.co\/index.php\/combates-en-vista-hermosa-meta-dejan-un-muerto-y-dos-capturados-de-las-disidencias-de-calarca\/judicial\/#primaryimage\"},\"thumbnailUrl\":\"https:\/\/i0.wp.com\/ciudadyregion.com.co\/wp-content\/uploads\/2025\/12\/Pag-2025-12-01T072827.718.jpg?fit=800%2C445&ssl=1\",\"datePublished\":\"2025-12-01T12:29:23+00:00\",\"dateModified\":\"2025-12-01T12:29:23+00:00\",\"author\":{\"@id\":\"https:\/\/ciudadyregion.com.co\/#\/schema\/person\/04a4954373ebc4051f46e8c65ff78622\"},\"breadcrumb\":{\"@id\":\"https:\/\/ciudadyregion.com.co\/index.php\/combates-en-vista-hermosa-meta-dejan-un-muerto-y-dos-capturados-de-las-disidencias-de-calarca\/judicial\/#breadcrumb\"},\"inLanguage\":\"es\",\"potentialAction\":[{\"@type\":\"ReadAction\",\"target\":[\"https:\/\/ciudadyregion.com.co\/index.php\/combates-en-vista-hermosa-meta-dejan-un-muerto-y-dos-capturados-de-las-disidencias-de-calarca\/judicial\/\"]}]},{\"@type\":\"ImageObject\",\"inLanguage\":\"es\",\"@id\":\"https:\/\/ciudadyregion.com.co\/index.php\/combates-en-vista-hermosa-meta-dejan-un-muerto-y-dos-capturados-de-las-disidencias-de-calarca\/judicial\/#primaryimage\",\"url\":\"https:\/\/i0.wp.com\/ciudadyregion.com.co\/wp-content\/uploads\/2025\/12\/Pag-2025-12-01T072827.718.jpg?fit=800%2C445&ssl=1\",\"contentUrl\":\"https:\/\/i0.wp.com\/ciudadyregion.com.co\/wp-content\/uploads\/2025\/12\/Pag-2025-12-01T072827.718.jpg?fit=800%2C445&ssl=1\",\"width\":800,\"height\":445},{\"@type\":\"BreadcrumbList\",\"@id\":\"https:\/\/ciudadyregion.com.co\/index.php\/combates-en-vista-hermosa-meta-dejan-un-muerto-y-dos-capturados-de-las-disidencias-de-calarca\/judicial\/#breadcrumb\",\"itemListElement\":[{\"@type\":\"ListItem\",\"position\":1,\"name\":\"Portada\",\"item\":\"https:\/\/ciudadyregion.com.co\/\"},{\"@type\":\"ListItem\",\"position\":2,\"name\":\"Combates en Vista Hermosa, Meta, dejan un muerto y dos capturados de las disidencias de \u2018Calarc\u00e1\u2019\"}]},{\"@type\":\"WebSite\",\"@id\":\"https:\/\/ciudadyregion.com.co\/#website\",\"url\":\"https:\/\/ciudadyregion.com.co\/\",\"name\":\"Ciudad y Region\",\"description\":\"\",\"potentialAction\":[{\"@type\":\"SearchAction\",\"target\":{\"@type\":\"EntryPoint\",\"urlTemplate\":\"https:\/\/ciudadyregion.com.co\/?s={search_term_string}\"},\"query-input\":{\"@type\":\"PropertyValueSpecification\",\"valueRequired\":true,\"valueName\":\"search_term_string\"}}],\"inLanguage\":\"es\"},{\"@type\":\"Person\",\"@id\":\"https:\/\/ciudadyregion.com.co\/#\/schema\/person\/04a4954373ebc4051f46e8c65ff78622\",\"name\":\"David Andr\u00e9s Aguirre\",\"image\":{\"@type\":\"ImageObject\",\"inLanguage\":\"es\",\"@id\":\"https:\/\/ciudadyregion.com.co\/#\/schema\/person\/image\/\",\"url\":\"https:\/\/secure.gravatar.com\/avatar\/bc3c655860202182ee6d1b5edd042dbe?s=96&d=mm&r=g\",\"contentUrl\":\"https:\/\/secure.gravatar.com\/avatar\/bc3c655860202182ee6d1b5edd042dbe?s=96&d=mm&r=g\",\"caption\":\"David Andr\u00e9s Aguirre\"},\"url\":\"https:\/\/ciudadyregion.com.co\/index.php\/author\/diegoaguirre\/\"}]}<\/script>\n<!-- \/ Yoast SEO plugin. -->","yoast_head_json":{"title":"Combates en Vista Hermosa, Meta, dejan un muerto y dos capturados de las disidencias de \u2018Calarc\u00e1\u2019 - Ciudad y Region","robots":{"index":"index","follow":"follow","max-snippet":"max-snippet:-1","max-image-preview":"max-image-preview:large","max-video-preview":"max-video-preview:-1"},"canonical":"https:\/\/ciudadyregion.com.co\/index.php\/combates-en-vista-hermosa-meta-dejan-un-muerto-y-dos-capturados-de-las-disidencias-de-calarca\/judicial\/","og_locale":"es_ES","og_type":"article","og_title":"Combates en Vista Hermosa, Meta, dejan un muerto y dos capturados de las disidencias de \u2018Calarc\u00e1\u2019 - Ciudad y Region","og_description":"En la vereda Guaymaral, municipio de Vista Hermosa (Meta), tropas del Ej\u00e9rcito Nacional sostuvieron un enfrentamiento armado contra integrantes de las disidencias de alias \u2018Calarc\u00e1\u2019, en una operaci\u00f3n que dej\u00f3 como resultado un muerto y dos personas capturadas, una de ellas herida. Seg\u00fan informaci\u00f3n preliminar, en medio del combate unoContinuar Leyendo","og_url":"https:\/\/ciudadyregion.com.co\/index.php\/combates-en-vista-hermosa-meta-dejan-un-muerto-y-dos-capturados-de-las-disidencias-de-calarca\/judicial\/","og_site_name":"Ciudad y Region","article_published_time":"2025-12-01T12:29:23+00:00","og_image":[{"width":800,"height":445,"url":"https:\/\/ciudadyregion.com.co\/wp-content\/uploads\/2025\/12\/Pag-2025-12-01T072827.718.jpg","type":"image\/jpeg"}],"author":"David Andr\u00e9s Aguirre","twitter_card":"summary_large_image","twitter_misc":{"Escrito por":"David Andr\u00e9s Aguirre","Tiempo de lectura":"2 minutos"},"schema":{"@context":"https:\/\/schema.org","@graph":[{"@type":"WebPage","@id":"https:\/\/ciudadyregion.com.co\/index.php\/combates-en-vista-hermosa-meta-dejan-un-muerto-y-dos-capturados-de-las-disidencias-de-calarca\/judicial\/","url":"https:\/\/ciudadyregion.com.co\/index.php\/combates-en-vista-hermosa-meta-dejan-un-muerto-y-dos-capturados-de-las-disidencias-de-calarca\/judicial\/","name":"Combates en Vista Hermosa, Meta, dejan un muerto y dos capturados de las disidencias de \u2018Calarc\u00e1\u2019 - Ciudad y Region","isPartOf":{"@id":"https:\/\/ciudadyregion.com.co\/#website"},"primaryImageOfPage":{"@id":"https:\/\/ciudadyregion.com.co\/index.php\/combates-en-vista-hermosa-meta-dejan-un-muerto-y-dos-capturados-de-las-disidencias-de-calarca\/judicial\/#primaryimage"},"image":{"@id":"https:\/\/ciudadyregion.com.co\/index.php\/combates-en-vista-hermosa-meta-dejan-un-muerto-y-dos-capturados-de-las-disidencias-de-calarca\/judicial\/#primaryimage"},"thumbnailUrl":"https:\/\/i0.wp.com\/ciudadyregion.com.co\/wp-content\/uploads\/2025\/12\/Pag-2025-12-01T072827.718.jpg?fit=800%2C445&ssl=1","datePublished":"2025-12-01T12:29:23+00:00","dateModified":"2025-12-01T12:29:23+00:00","author":{"@id":"https:\/\/ciudadyregion.com.co\/#\/schema\/person\/04a4954373ebc4051f46e8c65ff78622"},"breadcrumb":{"@id":"https:\/\/ciudadyregion.com.co\/index.php\/combates-en-vista-hermosa-meta-dejan-un-muerto-y-dos-capturados-de-las-disidencias-de-calarca\/judicial\/#breadcrumb"},"inLanguage":"es","potentialAction":[{"@type":"ReadAction","target":["https:\/\/ciudadyregion.com.co\/index.php\/combates-en-vista-hermosa-meta-dejan-un-muerto-y-dos-capturados-de-las-disidencias-de-calarca\/judicial\/"]}]},{"@type":"ImageObject","inLanguage":"es","@id":"https:\/\/ciudadyregion.com.co\/index.php\/combates-en-vista-hermosa-meta-dejan-un-muerto-y-dos-capturados-de-las-disidencias-de-calarca\/judicial\/#primaryimage","url":"https:\/\/i0.wp.com\/ciudadyregion.com.co\/wp-content\/uploads\/2025\/12\/Pag-2025-12-01T072827.718.jpg?fit=800%2C445&ssl=1","contentUrl":"https:\/\/i0.wp.com\/ciudadyregion.com.co\/wp-content\/uploads\/2025\/12\/Pag-2025-12-01T072827.718.jpg?fit=800%2C445&ssl=1","width":800,"height":445},{"@type":"BreadcrumbList","@id":"https:\/\/ciudadyregion.com.co\/index.php\/combates-en-vista-hermosa-meta-dejan-un-muerto-y-dos-capturados-de-las-disidencias-de-calarca\/judicial\/#breadcrumb","itemListElement":[{"@type":"ListItem","position":1,"name":"Portada","item":"https:\/\/ciudadyregion.com.co\/"},{"@type":"ListItem","position":2,"name":"Combates en Vista Hermosa, Meta, dejan un muerto y dos capturados de las disidencias de \u2018Calarc\u00e1\u2019"}]},{"@type":"WebSite","@id":"https:\/\/ciudadyregion.com.co\/#website","url":"https:\/\/ciudadyregion.com.co\/","name":"Ciudad y Region","description":"","potentialAction":[{"@type":"SearchAction","target":{"@type":"EntryPoint","urlTemplate":"https:\/\/ciudadyregion.com.co\/?s={search_term_string}"},"query-input":{"@type":"PropertyValueSpecification","valueRequired":true,"valueName":"search_term_string"}}],"inLanguage":"es"},{"@type":"Person","@id":"https:\/\/ciudadyregion.com.co\/#\/schema\/person\/04a4954373ebc4051f46e8c65ff78622","name":"David Andr\u00e9s Aguirre","image":{"@type":"ImageObject","inLanguage":"es","@id":"https:\/\/ciudadyregion.com.co\/#\/schema\/person\/image\/","url":"https:\/\/secure.gravatar.com\/avatar\/bc3c655860202182ee6d1b5edd042dbe?s=96&d=mm&r=g","contentUrl":"https:\/\/secure.gravatar.com\/avatar\/bc3c655860202182ee6d1b5edd042dbe?s=96&d=mm&r=g","caption":"David Andr\u00e9s Aguirre"},"url":"https:\/\/ciudadyregion.com.co\/index.php\/author\/diegoaguirre\/"}]}},"jetpack_featured_media_url":"https:\/\/i0.wp.com\/ciudadyregion.com.co\/wp-content\/uploads\/2025\/12\/Pag-2025-12-01T072827.718.jpg?fit=800%2C445&ssl=1","jetpack_sharing_enabled":true,"jetpack_shortlink":"https:\/\/wp.me\/pbS7hh-d6l","jetpack-related-posts":[],"_links":{"self":[{"href":"https:\/\/ciudadyregion.com.co\/index.php\/wp-json\/wp\/v2\/posts\/50365"}],"collection":[{"href":"https:\/\/ciudadyregion.com.co\/index.php\/wp-json\/wp\/v2\/posts"}],"about":[{"href":"https:\/\/ciudadyregion.com.co\/index.php\/wp-json\/wp\/v2\/types\/post"}],"author":[{"embeddable":true,"href":"https:\/\/ciudadyregion.com.co\/index.php\/wp-json\/wp\/v2\/users\/2"}],"replies":[{"embeddable":true,"href":"https:\/\/ciudadyregion.com.co\/index.php\/wp-json\/wp\/v2\/comments?post=50365"}],"version-history":[{"count":1,"href":"https:\/\/ciudadyregion.com.co\/index.php\/wp-json\/wp\/v2\/posts\/50365\/revisions"}],"predecessor-version":[{"id":50367,"href":"https:\/\/ciudadyregion.com.co\/index.php\/wp-json\/wp\/v2\/posts\/50365\/revisions\/50367"}],"wp:featuredmedia":[{"embeddable":true,"href":"https:\/\/ciudadyregion.com.co\/index.php\/wp-json\/wp\/v2\/media\/50366"}],"wp:attachment":[{"href":"https:\/\/ciudadyregion.com.co\/index.php\/wp-json\/wp\/v2\/media?parent=50365"}],"wp:term":[{"taxonomy":"category","embeddable":true,"href":"https:\/\/ciudadyregion.com.co\/index.php\/wp-json\/wp\/v2\/categories?post=50365"},{"taxonomy":"post_tag","embeddable":true,"href":"https:\/\/ciudadyregion.com.co\/index.php\/wp-json\/wp\/v2\/tags?post=50365"}],"curies":[{"name":"wp","href":"https:\/\/api.w.org\/{rel}","templated":true}]}}