{"id":50362,"date":"2025-12-01T07:27:33","date_gmt":"2025-12-01T12:27:33","guid":{"rendered":"https:\/\/ciudadyregion.com.co\/?p=50362"},"modified":"2025-12-01T07:27:33","modified_gmt":"2025-12-01T12:27:33","slug":"defensa-de-santiago-uribe-velez-radica-impugnacion-contra-la-condena-de-28-anos","status":"publish","type":"post","link":"https:\/\/ciudadyregion.com.co\/index.php\/defensa-de-santiago-uribe-velez-radica-impugnacion-contra-la-condena-de-28-anos\/politica\/","title":{"rendered":"Defensa de Santiago Uribe V\u00e9lez radica impugnaci\u00f3n contra la condena de 28 a\u00f1os"},"content":{"rendered":"<p>El abogado Jaime Granados, defensor de Santiago Uribe V\u00e9lez, present\u00f3 ante la Sala de Decisi\u00f3n Penal del Tribunal Superior de Antioquia la solicitud de impugnaci\u00f3n contra la sentencia que conden\u00f3 al hermano del expresidente \u00c1lvaro Uribe a 28 a\u00f1os de prisi\u00f3n por homicidio y concierto para delinquir.<\/p>\n<p>Seg\u00fan trascendi\u00f3, la defensa sostiene que la decisi\u00f3n judicial contiene vac\u00edos que, a su juicio, afectan garant\u00edas fundamentales como el debido proceso y la valoraci\u00f3n equilibrada de las pruebas. Granados insiste en que el fallo \u201cno refleja de manera precisa\u201d los elementos que, desde su perspectiva, permitir\u00edan demostrar la inocencia de su defendido.<\/p>\n<p>La radicaci\u00f3n del recurso marca una nueva etapa en un caso que ha generado fuertes reacciones en el pa\u00eds, no solo por la gravedad de los delitos imputados, sino por la relevancia pol\u00edtica y familiar de su protagonista. Para Granados, este paso constituye un esfuerzo por abrir una segunda revisi\u00f3n, en la que espera que el Tribunal considere los argumentos t\u00e9cnicos y jur\u00eddicos que presentar\u00e1 en los pr\u00f3ximos d\u00edas.<\/p>\n<p>Mientras la solicitud es estudiada, la defensa recalca que Santiago Uribe contin\u00faa en libertad, pues no existe medida de aseguramiento vigente. Sin embargo, el ambiente jur\u00eddico sigue cargado de expectativa: la decisi\u00f3n sobre la admisi\u00f3n del recurso ser\u00e1 determinante para definir si el proceso avanza hacia una nueva instancia o si se mantiene la condena impuesta.<\/p>\n<p>Este cap\u00edtulo agrega otra pieza a un expediente que, m\u00e1s all\u00e1 de su dimensi\u00f3n legal, sigue teniendo un impacto profundo en la conversaci\u00f3n p\u00fablica del pa\u00eds, en especial sobre los l\u00edmites del poder, la responsabilidad individual y la confianza en las instituciones judiciales.<\/p>\n","protected":false},"excerpt":{"rendered":"<p>El abogado Jaime Granados, defensor de Santiago Uribe V\u00e9lez, present\u00f3 ante la Sala de Decisi\u00f3n Penal del Tribunal Superior de Antioquia la solicitud de impugnaci\u00f3n contra la sentencia que conden\u00f3 al hermano del expresidente \u00c1lvaro Uribe a 28 a\u00f1os de prisi\u00f3n por homicidio y concierto para delinquir. Seg\u00fan trascendi\u00f3, la<span class=\"more-link\"><a href=\"https:\/\/ciudadyregion.com.co\/index.php\/defensa-de-santiago-uribe-velez-radica-impugnacion-contra-la-condena-de-28-anos\/politica\/\">Continuar Leyendo<\/a><\/span><\/p>\n","protected":false},"author":2,"featured_media":50363,"comment_status":"open","ping_status":"open","sticky":false,"template":"","format":"standard","meta":{"_uf_show_specific_survey":0,"_uf_disable_surveys":false,"_jetpack_memberships_contains_paid_content":false,"footnotes":"","jetpack_publicize_message":"","jetpack_publicize_feature_enabled":true,"jetpack_social_post_already_shared":true,"jetpack_social_options":{"image_generator_settings":{"template":"highway","enabled":false},"version":2}},"categories":[17],"tags":[],"class_list":["entry","author-diegoaguirre","post-50362","post","type-post","status-publish","format-standard","has-post-thumbnail","category-politica"],"jetpack_publicize_connections":[],"yoast_head":"<!-- This site is optimized with the Yoast SEO plugin v24.3 - https:\/\/yoast.com\/wordpress\/plugins\/seo\/ -->\n<title>Defensa de Santiago Uribe V\u00e9lez radica impugnaci\u00f3n contra la condena de 28 a\u00f1os - Ciudad y Region<\/title>\n<meta name=\"robots\" content=\"index, follow, max-snippet:-1, max-image-preview:large, max-video-preview:-1\" \/>\n<link rel=\"canonical\" href=\"https:\/\/ciudadyregion.com.co\/index.php\/defensa-de-santiago-uribe-velez-radica-impugnacion-contra-la-condena-de-28-anos\/politica\/\" \/>\n<meta property=\"og:locale\" content=\"es_ES\" \/>\n<meta property=\"og:type\" content=\"article\" \/>\n<meta property=\"og:title\" content=\"Defensa de Santiago Uribe V\u00e9lez radica impugnaci\u00f3n contra la condena de 28 a\u00f1os - Ciudad y Region\" \/>\n<meta property=\"og:description\" content=\"El abogado Jaime Granados, defensor de Santiago Uribe V\u00e9lez, present\u00f3 ante la Sala de Decisi\u00f3n Penal del Tribunal Superior de Antioquia la solicitud de impugnaci\u00f3n contra la sentencia que conden\u00f3 al hermano del expresidente \u00c1lvaro Uribe a 28 a\u00f1os de prisi\u00f3n por homicidio y concierto para delinquir. Seg\u00fan trascendi\u00f3, laContinuar Leyendo\" \/>\n<meta property=\"og:url\" content=\"https:\/\/ciudadyregion.com.co\/index.php\/defensa-de-santiago-uribe-velez-radica-impugnacion-contra-la-condena-de-28-anos\/politica\/\" \/>\n<meta property=\"og:site_name\" content=\"Ciudad y Region\" \/>\n<meta property=\"article:published_time\" content=\"2025-12-01T12:27:33+00:00\" \/>\n<meta property=\"og:image\" content=\"https:\/\/ciudadyregion.com.co\/wp-content\/uploads\/2025\/12\/Pag-2025-12-01T072708.311.jpg\" \/>\n\t<meta property=\"og:image:width\" content=\"800\" \/>\n\t<meta property=\"og:image:height\" content=\"445\" \/>\n\t<meta property=\"og:image:type\" content=\"image\/jpeg\" \/>\n<meta name=\"author\" content=\"David Andr\u00e9s Aguirre\" \/>\n<meta name=\"twitter:card\" content=\"summary_large_image\" \/>\n<meta name=\"twitter:label1\" content=\"Escrito por\" \/>\n\t<meta name=\"twitter:data1\" content=\"David Andr\u00e9s Aguirre\" \/>\n\t<meta name=\"twitter:label2\" content=\"Tiempo de lectura\" \/>\n\t<meta name=\"twitter:data2\" content=\"2 minutos\" \/>\n<script type=\"application\/ld+json\" class=\"yoast-schema-graph\">{\"@context\":\"https:\/\/schema.org\",\"@graph\":[{\"@type\":\"WebPage\",\"@id\":\"https:\/\/ciudadyregion.com.co\/index.php\/defensa-de-santiago-uribe-velez-radica-impugnacion-contra-la-condena-de-28-anos\/politica\/\",\"url\":\"https:\/\/ciudadyregion.com.co\/index.php\/defensa-de-santiago-uribe-velez-radica-impugnacion-contra-la-condena-de-28-anos\/politica\/\",\"name\":\"Defensa de Santiago Uribe V\u00e9lez radica impugnaci\u00f3n contra la condena de 28 a\u00f1os - Ciudad y Region\",\"isPartOf\":{\"@id\":\"https:\/\/ciudadyregion.com.co\/#website\"},\"primaryImageOfPage\":{\"@id\":\"https:\/\/ciudadyregion.com.co\/index.php\/defensa-de-santiago-uribe-velez-radica-impugnacion-contra-la-condena-de-28-anos\/politica\/#primaryimage\"},\"image\":{\"@id\":\"https:\/\/ciudadyregion.com.co\/index.php\/defensa-de-santiago-uribe-velez-radica-impugnacion-contra-la-condena-de-28-anos\/politica\/#primaryimage\"},\"thumbnailUrl\":\"https:\/\/i0.wp.com\/ciudadyregion.com.co\/wp-content\/uploads\/2025\/12\/Pag-2025-12-01T072708.311.jpg?fit=800%2C445&ssl=1\",\"datePublished\":\"2025-12-01T12:27:33+00:00\",\"dateModified\":\"2025-12-01T12:27:33+00:00\",\"author\":{\"@id\":\"https:\/\/ciudadyregion.com.co\/#\/schema\/person\/04a4954373ebc4051f46e8c65ff78622\"},\"breadcrumb\":{\"@id\":\"https:\/\/ciudadyregion.com.co\/index.php\/defensa-de-santiago-uribe-velez-radica-impugnacion-contra-la-condena-de-28-anos\/politica\/#breadcrumb\"},\"inLanguage\":\"es\",\"potentialAction\":[{\"@type\":\"ReadAction\",\"target\":[\"https:\/\/ciudadyregion.com.co\/index.php\/defensa-de-santiago-uribe-velez-radica-impugnacion-contra-la-condena-de-28-anos\/politica\/\"]}]},{\"@type\":\"ImageObject\",\"inLanguage\":\"es\",\"@id\":\"https:\/\/ciudadyregion.com.co\/index.php\/defensa-de-santiago-uribe-velez-radica-impugnacion-contra-la-condena-de-28-anos\/politica\/#primaryimage\",\"url\":\"https:\/\/i0.wp.com\/ciudadyregion.com.co\/wp-content\/uploads\/2025\/12\/Pag-2025-12-01T072708.311.jpg?fit=800%2C445&ssl=1\",\"contentUrl\":\"https:\/\/i0.wp.com\/ciudadyregion.com.co\/wp-content\/uploads\/2025\/12\/Pag-2025-12-01T072708.311.jpg?fit=800%2C445&ssl=1\",\"width\":800,\"height\":445},{\"@type\":\"BreadcrumbList\",\"@id\":\"https:\/\/ciudadyregion.com.co\/index.php\/defensa-de-santiago-uribe-velez-radica-impugnacion-contra-la-condena-de-28-anos\/politica\/#breadcrumb\",\"itemListElement\":[{\"@type\":\"ListItem\",\"position\":1,\"name\":\"Portada\",\"item\":\"https:\/\/ciudadyregion.com.co\/\"},{\"@type\":\"ListItem\",\"position\":2,\"name\":\"Defensa de Santiago Uribe V\u00e9lez radica impugnaci\u00f3n contra la condena de 28 a\u00f1os\"}]},{\"@type\":\"WebSite\",\"@id\":\"https:\/\/ciudadyregion.com.co\/#website\",\"url\":\"https:\/\/ciudadyregion.com.co\/\",\"name\":\"Ciudad y Region\",\"description\":\"\",\"potentialAction\":[{\"@type\":\"SearchAction\",\"target\":{\"@type\":\"EntryPoint\",\"urlTemplate\":\"https:\/\/ciudadyregion.com.co\/?s={search_term_string}\"},\"query-input\":{\"@type\":\"PropertyValueSpecification\",\"valueRequired\":true,\"valueName\":\"search_term_string\"}}],\"inLanguage\":\"es\"},{\"@type\":\"Person\",\"@id\":\"https:\/\/ciudadyregion.com.co\/#\/schema\/person\/04a4954373ebc4051f46e8c65ff78622\",\"name\":\"David Andr\u00e9s Aguirre\",\"image\":{\"@type\":\"ImageObject\",\"inLanguage\":\"es\",\"@id\":\"https:\/\/ciudadyregion.com.co\/#\/schema\/person\/image\/\",\"url\":\"https:\/\/secure.gravatar.com\/avatar\/bc3c655860202182ee6d1b5edd042dbe?s=96&d=mm&r=g\",\"contentUrl\":\"https:\/\/secure.gravatar.com\/avatar\/bc3c655860202182ee6d1b5edd042dbe?s=96&d=mm&r=g\",\"caption\":\"David Andr\u00e9s Aguirre\"},\"url\":\"https:\/\/ciudadyregion.com.co\/index.php\/author\/diegoaguirre\/\"}]}<\/script>\n<!-- \/ Yoast SEO plugin. -->","yoast_head_json":{"title":"Defensa de Santiago Uribe V\u00e9lez radica impugnaci\u00f3n contra la condena de 28 a\u00f1os - Ciudad y Region","robots":{"index":"index","follow":"follow","max-snippet":"max-snippet:-1","max-image-preview":"max-image-preview:large","max-video-preview":"max-video-preview:-1"},"canonical":"https:\/\/ciudadyregion.com.co\/index.php\/defensa-de-santiago-uribe-velez-radica-impugnacion-contra-la-condena-de-28-anos\/politica\/","og_locale":"es_ES","og_type":"article","og_title":"Defensa de Santiago Uribe V\u00e9lez radica impugnaci\u00f3n contra la condena de 28 a\u00f1os - Ciudad y Region","og_description":"El abogado Jaime Granados, defensor de Santiago Uribe V\u00e9lez, present\u00f3 ante la Sala de Decisi\u00f3n Penal del Tribunal Superior de Antioquia la solicitud de impugnaci\u00f3n contra la sentencia que conden\u00f3 al hermano del expresidente \u00c1lvaro Uribe a 28 a\u00f1os de prisi\u00f3n por homicidio y concierto para delinquir. Seg\u00fan trascendi\u00f3, laContinuar Leyendo","og_url":"https:\/\/ciudadyregion.com.co\/index.php\/defensa-de-santiago-uribe-velez-radica-impugnacion-contra-la-condena-de-28-anos\/politica\/","og_site_name":"Ciudad y Region","article_published_time":"2025-12-01T12:27:33+00:00","og_image":[{"width":800,"height":445,"url":"https:\/\/ciudadyregion.com.co\/wp-content\/uploads\/2025\/12\/Pag-2025-12-01T072708.311.jpg","type":"image\/jpeg"}],"author":"David Andr\u00e9s Aguirre","twitter_card":"summary_large_image","twitter_misc":{"Escrito por":"David Andr\u00e9s Aguirre","Tiempo de lectura":"2 minutos"},"schema":{"@context":"https:\/\/schema.org","@graph":[{"@type":"WebPage","@id":"https:\/\/ciudadyregion.com.co\/index.php\/defensa-de-santiago-uribe-velez-radica-impugnacion-contra-la-condena-de-28-anos\/politica\/","url":"https:\/\/ciudadyregion.com.co\/index.php\/defensa-de-santiago-uribe-velez-radica-impugnacion-contra-la-condena-de-28-anos\/politica\/","name":"Defensa de Santiago Uribe V\u00e9lez radica impugnaci\u00f3n contra la condena de 28 a\u00f1os - Ciudad y Region","isPartOf":{"@id":"https:\/\/ciudadyregion.com.co\/#website"},"primaryImageOfPage":{"@id":"https:\/\/ciudadyregion.com.co\/index.php\/defensa-de-santiago-uribe-velez-radica-impugnacion-contra-la-condena-de-28-anos\/politica\/#primaryimage"},"image":{"@id":"https:\/\/ciudadyregion.com.co\/index.php\/defensa-de-santiago-uribe-velez-radica-impugnacion-contra-la-condena-de-28-anos\/politica\/#primaryimage"},"thumbnailUrl":"https:\/\/i0.wp.com\/ciudadyregion.com.co\/wp-content\/uploads\/2025\/12\/Pag-2025-12-01T072708.311.jpg?fit=800%2C445&ssl=1","datePublished":"2025-12-01T12:27:33+00:00","dateModified":"2025-12-01T12:27:33+00:00","author":{"@id":"https:\/\/ciudadyregion.com.co\/#\/schema\/person\/04a4954373ebc4051f46e8c65ff78622"},"breadcrumb":{"@id":"https:\/\/ciudadyregion.com.co\/index.php\/defensa-de-santiago-uribe-velez-radica-impugnacion-contra-la-condena-de-28-anos\/politica\/#breadcrumb"},"inLanguage":"es","potentialAction":[{"@type":"ReadAction","target":["https:\/\/ciudadyregion.com.co\/index.php\/defensa-de-santiago-uribe-velez-radica-impugnacion-contra-la-condena-de-28-anos\/politica\/"]}]},{"@type":"ImageObject","inLanguage":"es","@id":"https:\/\/ciudadyregion.com.co\/index.php\/defensa-de-santiago-uribe-velez-radica-impugnacion-contra-la-condena-de-28-anos\/politica\/#primaryimage","url":"https:\/\/i0.wp.com\/ciudadyregion.com.co\/wp-content\/uploads\/2025\/12\/Pag-2025-12-01T072708.311.jpg?fit=800%2C445&ssl=1","contentUrl":"https:\/\/i0.wp.com\/ciudadyregion.com.co\/wp-content\/uploads\/2025\/12\/Pag-2025-12-01T072708.311.jpg?fit=800%2C445&ssl=1","width":800,"height":445},{"@type":"BreadcrumbList","@id":"https:\/\/ciudadyregion.com.co\/index.php\/defensa-de-santiago-uribe-velez-radica-impugnacion-contra-la-condena-de-28-anos\/politica\/#breadcrumb","itemListElement":[{"@type":"ListItem","position":1,"name":"Portada","item":"https:\/\/ciudadyregion.com.co\/"},{"@type":"ListItem","position":2,"name":"Defensa de Santiago Uribe V\u00e9lez radica impugnaci\u00f3n contra la condena de 28 a\u00f1os"}]},{"@type":"WebSite","@id":"https:\/\/ciudadyregion.com.co\/#website","url":"https:\/\/ciudadyregion.com.co\/","name":"Ciudad y Region","description":"","potentialAction":[{"@type":"SearchAction","target":{"@type":"EntryPoint","urlTemplate":"https:\/\/ciudadyregion.com.co\/?s={search_term_string}"},"query-input":{"@type":"PropertyValueSpecification","valueRequired":true,"valueName":"search_term_string"}}],"inLanguage":"es"},{"@type":"Person","@id":"https:\/\/ciudadyregion.com.co\/#\/schema\/person\/04a4954373ebc4051f46e8c65ff78622","name":"David Andr\u00e9s Aguirre","image":{"@type":"ImageObject","inLanguage":"es","@id":"https:\/\/ciudadyregion.com.co\/#\/schema\/person\/image\/","url":"https:\/\/secure.gravatar.com\/avatar\/bc3c655860202182ee6d1b5edd042dbe?s=96&d=mm&r=g","contentUrl":"https:\/\/secure.gravatar.com\/avatar\/bc3c655860202182ee6d1b5edd042dbe?s=96&d=mm&r=g","caption":"David Andr\u00e9s Aguirre"},"url":"https:\/\/ciudadyregion.com.co\/index.php\/author\/diegoaguirre\/"}]}},"jetpack_featured_media_url":"https:\/\/i0.wp.com\/ciudadyregion.com.co\/wp-content\/uploads\/2025\/12\/Pag-2025-12-01T072708.311.jpg?fit=800%2C445&ssl=1","jetpack_sharing_enabled":true,"jetpack_shortlink":"https:\/\/wp.me\/pbS7hh-d6i","jetpack-related-posts":[],"_links":{"self":[{"href":"https:\/\/ciudadyregion.com.co\/index.php\/wp-json\/wp\/v2\/posts\/50362"}],"collection":[{"href":"https:\/\/ciudadyregion.com.co\/index.php\/wp-json\/wp\/v2\/posts"}],"about":[{"href":"https:\/\/ciudadyregion.com.co\/index.php\/wp-json\/wp\/v2\/types\/post"}],"author":[{"embeddable":true,"href":"https:\/\/ciudadyregion.com.co\/index.php\/wp-json\/wp\/v2\/users\/2"}],"replies":[{"embeddable":true,"href":"https:\/\/ciudadyregion.com.co\/index.php\/wp-json\/wp\/v2\/comments?post=50362"}],"version-history":[{"count":1,"href":"https:\/\/ciudadyregion.com.co\/index.php\/wp-json\/wp\/v2\/posts\/50362\/revisions"}],"predecessor-version":[{"id":50364,"href":"https:\/\/ciudadyregion.com.co\/index.php\/wp-json\/wp\/v2\/posts\/50362\/revisions\/50364"}],"wp:featuredmedia":[{"embeddable":true,"href":"https:\/\/ciudadyregion.com.co\/index.php\/wp-json\/wp\/v2\/media\/50363"}],"wp:attachment":[{"href":"https:\/\/ciudadyregion.com.co\/index.php\/wp-json\/wp\/v2\/media?parent=50362"}],"wp:term":[{"taxonomy":"category","embeddable":true,"href":"https:\/\/ciudadyregion.com.co\/index.php\/wp-json\/wp\/v2\/categories?post=50362"},{"taxonomy":"post_tag","embeddable":true,"href":"https:\/\/ciudadyregion.com.co\/index.php\/wp-json\/wp\/v2\/tags?post=50362"}],"curies":[{"name":"wp","href":"https:\/\/api.w.org\/{rel}","templated":true}]}}